{"id":201644,"date":"2017-01-30T15:21:00","date_gmt":"2017-01-30T14:21:00","guid":{"rendered":"http:\/\/hudo.com\/si\/2017\/01\/30\/ana-bucik-na-mestnem-spektaklu-v-stockholmu\/"},"modified":"2017-01-30T22:52:43","modified_gmt":"2017-01-30T21:52:43","slug":"ana-bucik-na-mestnem-spektaklu-v-stockholmu","status":"publish","type":"post","link":"https:\/\/hudo.com\/si\/aktualno\/ana-bucik-na-mestnem-spektaklu-v-stockholmu\/","title":{"rendered":"Ana Bucik na mestnem spektaklu v Stockholmu"},"content":{"rendered":"<p>Kategorija: Zimski Mon, 30 Jan 2017 16:21:00 +0100  Stockholm &#8211; Tik pred za\u010detkom vrhunska sezone tekem alpskih smu\u010darjev, svetovnega prvenstva, ki se v St. Moritzu za\u010denja v nedeljo, se bo izbrana elita jutri zbrala \u0161e v Stockholmu, na mestnem spektaklu, ki je \u017ee lani po\u017eel velik uspel. Ob 17. uri bo na sporedu tekma paralelnega slaloma, na njej pa bo kot edina slovenska predstavnica nastopila Ana Bucik. Najbolj\u0161a slovenska slalomistka je sicer novico o nastopu dobila tik pred zdajci, potem ko se za nastop ni odlo\u010dila \u010detrta v skupni razvrstitvi svetovnega pokala Ilka \u0160tuhec. Slednja bi sicer lahko ulovila novih nekaj pomembnih to\u010dk, toda v njeni ekipi so se po superveleslalomski zmagi v Cortini odlo\u010dili, da se raje osredoto\u010di na St. Moritz, kamor se bo podala brez predaha v domovini. Na tekmi bosta tudi vodilna v svetovnem pokalu Avstrijec Marcel\u00a0&#8230;<\/p>\n","protected":false},"excerpt":{"rendered":"<p>Kategorija: Zimski Mon, 30 Jan 2017 16:21:00 +0100  Stockholm &#8211; Tik pred za\u010detkom vrhunska sezone tekem alpskih smu\u010darjev, svetovnega prvenstva, ki se v St. Moritzu za\u010denja v nedeljo, se bo izbrana elita jutri zbrala \u0161e v Stockholmu, na mestnem spektaklu, ki je \u017ee lani po\u017eel velik uspel. Ob 17. uri bo na sporedu tekma paralelnega slaloma, na njej pa bo kot edina slovenska predstavnica nastopila Ana Bucik. Najbolj\u0161a slovenska slalomistka je sicer novico o nastopu dobila tik pred zdajci, potem ko se za nastop ni odlo\u010dila \u010detrta v skupni razvrstitvi svetovnega pokala Ilka \u0160tuhec. Slednja bi sicer lahko ulovila novih nekaj pomembnih to\u010dk, toda v njeni ekipi so se po superveleslalomski zmagi v Cortini odlo\u010dili, da se raje osredoto\u010di na St. Moritz, kamor se bo podala brez predaha v domovini. Na tekmi bosta tudi vodilna v svetovnem pokalu Avstrijec Marcel\u00a0&#8230;<\/p>\n","protected":false},"author":1,"featured_media":0,"comment_status":"closed","ping_status":"closed","sticky":false,"template":"","format":"standard","meta":{"footnotes":""},"categories":[1179],"tags":[],"source":[1703],"supertag":[],"acf":[],"yoast_head":"<!-- This site is optimized with the Yoast SEO plugin v21.3 - https:\/\/yoast.com\/wordpress\/plugins\/seo\/ -->\n<title>Ana Bucik na mestnem spektaklu v Stockholmu - Hudo Slovenija<\/title>\n<meta name=\"robots\" content=\"index, follow, max-snippet:-1, max-image-preview:large, max-video-preview:-1\" \/>\n<link rel=\"canonical\" href=\"https:\/\/hudo.com\/si\/aktualno\/ana-bucik-na-mestnem-spektaklu-v-stockholmu\/\" \/>\n<meta property=\"og:locale\" content=\"sl_SI\" \/>\n<meta property=\"og:type\" content=\"article\" \/>\n<meta property=\"og:title\" content=\"Ana Bucik na mestnem spektaklu v Stockholmu - Hudo Slovenija\" \/>\n<meta property=\"og:description\" content=\"Kategorija: Zimski Mon, 30 Jan 2017 16:21:00 +0100 Stockholm - Tik pred za\u010detkom vrhunska sezone tekem alpskih smu\u010darjev, svetovnega prvenstva, ki se v St. Moritzu za\u010denja v nedeljo, se bo izbrana elita jutri zbrala \u0161e v Stockholmu, na mestnem spektaklu, ki je \u017ee lani po\u017eel velik uspel. Ob 17. uri bo na sporedu tekma paralelnega slaloma, na njej pa bo kot edina slovenska predstavnica nastopila Ana Bucik. Najbolj\u0161a slovenska slalomistka je sicer novico o nastopu dobila tik pred zdajci, potem ko se za nastop ni odlo\u010dila \u010detrta v skupni razvrstitvi svetovnega pokala Ilka \u0160tuhec. Slednja bi sicer lahko ulovila novih nekaj pomembnih to\u010dk, toda v njeni ekipi so se po superveleslalomski zmagi v Cortini odlo\u010dili, da se raje osredoto\u010di na St. Moritz, kamor se bo podala brez predaha v domovini. Na tekmi bosta tudi vodilna v svetovnem pokalu Avstrijec Marcel\u00a0...\" \/>\n<meta property=\"og:url\" content=\"https:\/\/hudo.com\/si\/aktualno\/ana-bucik-na-mestnem-spektaklu-v-stockholmu\/\" \/>\n<meta property=\"og:site_name\" content=\"Hudo Slovenija\" \/>\n<meta property=\"article:publisher\" content=\"https:\/\/www.facebook.com\/hudo.si\" \/>\n<meta property=\"article:published_time\" content=\"2017-01-30T14:21:00+00:00\" \/>\n<meta property=\"article:modified_time\" content=\"2017-01-30T21:52:43+00:00\" \/>\n<meta property=\"og:image\" content=\"https:\/\/hudo.com\/si\/wp-content\/uploads\/sites\/2\/2017\/01\/480x290_AFP_Photo-20170110224702-43751700.jpeg\" \/>\n\t<meta property=\"og:image:width\" content=\"480\" \/>\n\t<meta property=\"og:image:height\" content=\"290\" \/>\n\t<meta property=\"og:image:type\" content=\"image\/jpeg\" \/>\n<meta name=\"author\" content=\"hudo\" \/>\n<meta name=\"twitter:card\" content=\"summary_large_image\" \/>\n<meta name=\"twitter:creator\" content=\"@hudo_si\" \/>\n<meta name=\"twitter:site\" content=\"@hudo_si\" \/>\n<meta name=\"twitter:label1\" content=\"Written by\" \/>\n\t<meta name=\"twitter:data1\" content=\"hudo\" \/>\n\t<meta name=\"twitter:label2\" content=\"Est. reading time\" \/>\n\t<meta name=\"twitter:data2\" content=\"1 minuta\" \/>\n<script type=\"application\/ld+json\" class=\"yoast-schema-graph\">{\"@context\":\"https:\/\/schema.org\",\"@graph\":[{\"@type\":\"Article\",\"@id\":\"https:\/\/hudo.com\/si\/aktualno\/ana-bucik-na-mestnem-spektaklu-v-stockholmu\/#article\",\"isPartOf\":{\"@id\":\"https:\/\/hudo.com\/si\/aktualno\/ana-bucik-na-mestnem-spektaklu-v-stockholmu\/\"},\"author\":{\"name\":\"hudo\",\"@id\":\"https:\/\/hudo.com\/si\/#\/schema\/person\/601cf3379633985b20f7e50f2bb47707\"},\"headline\":\"Ana Bucik na mestnem spektaklu v Stockholmu\",\"datePublished\":\"2017-01-30T14:21:00+00:00\",\"dateModified\":\"2017-01-30T21:52:43+00:00\",\"mainEntityOfPage\":{\"@id\":\"https:\/\/hudo.com\/si\/aktualno\/ana-bucik-na-mestnem-spektaklu-v-stockholmu\/\"},\"wordCount\":151,\"publisher\":{\"@id\":\"https:\/\/hudo.com\/si\/#organization\"},\"articleSection\":[\"Aktualno\"],\"inLanguage\":\"sl-SI\"},{\"@type\":\"WebPage\",\"@id\":\"https:\/\/hudo.com\/si\/aktualno\/ana-bucik-na-mestnem-spektaklu-v-stockholmu\/\",\"url\":\"https:\/\/hudo.com\/si\/aktualno\/ana-bucik-na-mestnem-spektaklu-v-stockholmu\/\",\"name\":\"Ana Bucik na mestnem spektaklu v Stockholmu - Hudo Slovenija\",\"isPartOf\":{\"@id\":\"https:\/\/hudo.com\/si\/#website\"},\"datePublished\":\"2017-01-30T14:21:00+00:00\",\"dateModified\":\"2017-01-30T21:52:43+00:00\",\"breadcrumb\":{\"@id\":\"https:\/\/hudo.com\/si\/aktualno\/ana-bucik-na-mestnem-spektaklu-v-stockholmu\/#breadcrumb\"},\"inLanguage\":\"sl-SI\",\"potentialAction\":[{\"@type\":\"ReadAction\",\"target\":[\"https:\/\/hudo.com\/si\/aktualno\/ana-bucik-na-mestnem-spektaklu-v-stockholmu\/\"]}]},{\"@type\":\"BreadcrumbList\",\"@id\":\"https:\/\/hudo.com\/si\/aktualno\/ana-bucik-na-mestnem-spektaklu-v-stockholmu\/#breadcrumb\",\"itemListElement\":[{\"@type\":\"ListItem\",\"position\":1,\"name\":\"Home\",\"item\":\"https:\/\/hudo.com\/si\/\"},{\"@type\":\"ListItem\",\"position\":2,\"name\":\"Ana Bucik na mestnem spektaklu v Stockholmu\"}]},{\"@type\":\"WebSite\",\"@id\":\"https:\/\/hudo.com\/si\/#website\",\"url\":\"https:\/\/hudo.com\/si\/\",\"name\":\"Hudo Slovenija\",\"description\":\"Vse novice iz Slovenije in sveta\",\"publisher\":{\"@id\":\"https:\/\/hudo.com\/si\/#organization\"},\"potentialAction\":[{\"@type\":\"SearchAction\",\"target\":{\"@type\":\"EntryPoint\",\"urlTemplate\":\"https:\/\/hudo.com\/si\/?s={search_term_string}\"},\"query-input\":\"required name=search_term_string\"}],\"inLanguage\":\"sl-SI\"},{\"@type\":\"Organization\",\"@id\":\"https:\/\/hudo.com\/si\/#organization\",\"name\":\"VSN Media\",\"url\":\"https:\/\/hudo.com\/si\/\",\"logo\":{\"@type\":\"ImageObject\",\"inLanguage\":\"sl-SI\",\"@id\":\"https:\/\/hudo.com\/si\/#\/schema\/logo\/image\/\",\"url\":\"https:\/\/hudo.com\/si\/wp-content\/uploads\/sites\/2\/2021\/03\/hudo-app-2.png\",\"contentUrl\":\"https:\/\/hudo.com\/si\/wp-content\/uploads\/sites\/2\/2021\/03\/hudo-app-2.png\",\"width\":2185,\"height\":2167,\"caption\":\"VSN Media\"},\"image\":{\"@id\":\"https:\/\/hudo.com\/si\/#\/schema\/logo\/image\/\"},\"sameAs\":[\"https:\/\/www.facebook.com\/hudo.si\",\"https:\/\/twitter.com\/hudo_si\"]},{\"@type\":\"Person\",\"@id\":\"https:\/\/hudo.com\/si\/#\/schema\/person\/601cf3379633985b20f7e50f2bb47707\",\"name\":\"hudo\",\"image\":{\"@type\":\"ImageObject\",\"inLanguage\":\"sl-SI\",\"@id\":\"https:\/\/hudo.com\/si\/#\/schema\/person\/image\/\",\"url\":\"https:\/\/secure.gravatar.com\/avatar\/c4ca25fa72cace7a696b52ff5db9e095?s=96&d=mm&r=g\",\"contentUrl\":\"https:\/\/secure.gravatar.com\/avatar\/c4ca25fa72cace7a696b52ff5db9e095?s=96&d=mm&r=g\",\"caption\":\"hudo\"},\"url\":\"https:\/\/hudo.com\/si\/author\/hudo\/\"}]}<\/script>\n<!-- \/ Yoast SEO plugin. -->","yoast_head_json":{"title":"Ana Bucik na mestnem spektaklu v Stockholmu - Hudo Slovenija","robots":{"index":"index","follow":"follow","max-snippet":"max-snippet:-1","max-image-preview":"max-image-preview:large","max-video-preview":"max-video-preview:-1"},"canonical":"https:\/\/hudo.com\/si\/aktualno\/ana-bucik-na-mestnem-spektaklu-v-stockholmu\/","og_locale":"sl_SI","og_type":"article","og_title":"Ana Bucik na mestnem spektaklu v Stockholmu - Hudo Slovenija","og_description":"Kategorija: Zimski Mon, 30 Jan 2017 16:21:00 +0100 Stockholm - Tik pred za\u010detkom vrhunska sezone tekem alpskih smu\u010darjev, svetovnega prvenstva, ki se v St. Moritzu za\u010denja v nedeljo, se bo izbrana elita jutri zbrala \u0161e v Stockholmu, na mestnem spektaklu, ki je \u017ee lani po\u017eel velik uspel. Ob 17. uri bo na sporedu tekma paralelnega slaloma, na njej pa bo kot edina slovenska predstavnica nastopila Ana Bucik. Najbolj\u0161a slovenska slalomistka je sicer novico o nastopu dobila tik pred zdajci, potem ko se za nastop ni odlo\u010dila \u010detrta v skupni razvrstitvi svetovnega pokala Ilka \u0160tuhec. Slednja bi sicer lahko ulovila novih nekaj pomembnih to\u010dk, toda v njeni ekipi so se po superveleslalomski zmagi v Cortini odlo\u010dili, da se raje osredoto\u010di na St. Moritz, kamor se bo podala brez predaha v domovini. Na tekmi bosta tudi vodilna v svetovnem pokalu Avstrijec Marcel\u00a0...","og_url":"https:\/\/hudo.com\/si\/aktualno\/ana-bucik-na-mestnem-spektaklu-v-stockholmu\/","og_site_name":"Hudo Slovenija","article_publisher":"https:\/\/www.facebook.com\/hudo.si","article_published_time":"2017-01-30T14:21:00+00:00","article_modified_time":"2017-01-30T21:52:43+00:00","og_image":[{"width":480,"height":290,"url":"https:\/\/hudo.com\/si\/wp-content\/uploads\/sites\/2\/2017\/01\/480x290_AFP_Photo-20170110224702-43751700.jpeg","type":"image\/jpeg"}],"author":"hudo","twitter_card":"summary_large_image","twitter_creator":"@hudo_si","twitter_site":"@hudo_si","twitter_misc":{"Written by":"hudo","Est. reading time":"1 minuta"},"schema":{"@context":"https:\/\/schema.org","@graph":[{"@type":"Article","@id":"https:\/\/hudo.com\/si\/aktualno\/ana-bucik-na-mestnem-spektaklu-v-stockholmu\/#article","isPartOf":{"@id":"https:\/\/hudo.com\/si\/aktualno\/ana-bucik-na-mestnem-spektaklu-v-stockholmu\/"},"author":{"name":"hudo","@id":"https:\/\/hudo.com\/si\/#\/schema\/person\/601cf3379633985b20f7e50f2bb47707"},"headline":"Ana Bucik na mestnem spektaklu v Stockholmu","datePublished":"2017-01-30T14:21:00+00:00","dateModified":"2017-01-30T21:52:43+00:00","mainEntityOfPage":{"@id":"https:\/\/hudo.com\/si\/aktualno\/ana-bucik-na-mestnem-spektaklu-v-stockholmu\/"},"wordCount":151,"publisher":{"@id":"https:\/\/hudo.com\/si\/#organization"},"articleSection":["Aktualno"],"inLanguage":"sl-SI"},{"@type":"WebPage","@id":"https:\/\/hudo.com\/si\/aktualno\/ana-bucik-na-mestnem-spektaklu-v-stockholmu\/","url":"https:\/\/hudo.com\/si\/aktualno\/ana-bucik-na-mestnem-spektaklu-v-stockholmu\/","name":"Ana Bucik na mestnem spektaklu v Stockholmu - Hudo Slovenija","isPartOf":{"@id":"https:\/\/hudo.com\/si\/#website"},"datePublished":"2017-01-30T14:21:00+00:00","dateModified":"2017-01-30T21:52:43+00:00","breadcrumb":{"@id":"https:\/\/hudo.com\/si\/aktualno\/ana-bucik-na-mestnem-spektaklu-v-stockholmu\/#breadcrumb"},"inLanguage":"sl-SI","potentialAction":[{"@type":"ReadAction","target":["https:\/\/hudo.com\/si\/aktualno\/ana-bucik-na-mestnem-spektaklu-v-stockholmu\/"]}]},{"@type":"BreadcrumbList","@id":"https:\/\/hudo.com\/si\/aktualno\/ana-bucik-na-mestnem-spektaklu-v-stockholmu\/#breadcrumb","itemListElement":[{"@type":"ListItem","position":1,"name":"Home","item":"https:\/\/hudo.com\/si\/"},{"@type":"ListItem","position":2,"name":"Ana Bucik na mestnem spektaklu v Stockholmu"}]},{"@type":"WebSite","@id":"https:\/\/hudo.com\/si\/#website","url":"https:\/\/hudo.com\/si\/","name":"Hudo Slovenija","description":"Vse novice iz Slovenije in sveta","publisher":{"@id":"https:\/\/hudo.com\/si\/#organization"},"potentialAction":[{"@type":"SearchAction","target":{"@type":"EntryPoint","urlTemplate":"https:\/\/hudo.com\/si\/?s={search_term_string}"},"query-input":"required name=search_term_string"}],"inLanguage":"sl-SI"},{"@type":"Organization","@id":"https:\/\/hudo.com\/si\/#organization","name":"VSN Media","url":"https:\/\/hudo.com\/si\/","logo":{"@type":"ImageObject","inLanguage":"sl-SI","@id":"https:\/\/hudo.com\/si\/#\/schema\/logo\/image\/","url":"https:\/\/hudo.com\/si\/wp-content\/uploads\/sites\/2\/2021\/03\/hudo-app-2.png","contentUrl":"https:\/\/hudo.com\/si\/wp-content\/uploads\/sites\/2\/2021\/03\/hudo-app-2.png","width":2185,"height":2167,"caption":"VSN Media"},"image":{"@id":"https:\/\/hudo.com\/si\/#\/schema\/logo\/image\/"},"sameAs":["https:\/\/www.facebook.com\/hudo.si","https:\/\/twitter.com\/hudo_si"]},{"@type":"Person","@id":"https:\/\/hudo.com\/si\/#\/schema\/person\/601cf3379633985b20f7e50f2bb47707","name":"hudo","image":{"@type":"ImageObject","inLanguage":"sl-SI","@id":"https:\/\/hudo.com\/si\/#\/schema\/person\/image\/","url":"https:\/\/secure.gravatar.com\/avatar\/c4ca25fa72cace7a696b52ff5db9e095?s=96&d=mm&r=g","contentUrl":"https:\/\/secure.gravatar.com\/avatar\/c4ca25fa72cace7a696b52ff5db9e095?s=96&d=mm&r=g","caption":"hudo"},"url":"https:\/\/hudo.com\/si\/author\/hudo\/"}]}},"amp_enabled":true,"_links":{"self":[{"href":"https:\/\/hudo.com\/si\/wp-json\/wp\/v2\/posts\/201644"}],"collection":[{"href":"https:\/\/hudo.com\/si\/wp-json\/wp\/v2\/posts"}],"about":[{"href":"https:\/\/hudo.com\/si\/wp-json\/wp\/v2\/types\/post"}],"author":[{"embeddable":true,"href":"https:\/\/hudo.com\/si\/wp-json\/wp\/v2\/users\/1"}],"replies":[{"embeddable":true,"href":"https:\/\/hudo.com\/si\/wp-json\/wp\/v2\/comments?post=201644"}],"version-history":[{"count":1,"href":"https:\/\/hudo.com\/si\/wp-json\/wp\/v2\/posts\/201644\/revisions"}],"predecessor-version":[{"id":201758,"href":"https:\/\/hudo.com\/si\/wp-json\/wp\/v2\/posts\/201644\/revisions\/201758"}],"wp:attachment":[{"href":"https:\/\/hudo.com\/si\/wp-json\/wp\/v2\/media?parent=201644"}],"wp:term":[{"taxonomy":"category","embeddable":true,"href":"https:\/\/hudo.com\/si\/wp-json\/wp\/v2\/categories?post=201644"},{"taxonomy":"post_tag","embeddable":true,"href":"https:\/\/hudo.com\/si\/wp-json\/wp\/v2\/tags?post=201644"},{"taxonomy":"source","embeddable":true,"href":"https:\/\/hudo.com\/si\/wp-json\/wp\/v2\/source?post=201644"},{"taxonomy":"supertag","embeddable":true,"href":"https:\/\/hudo.com\/si\/wp-json\/wp\/v2\/supertag?post=201644"}],"curies":[{"name":"wp","href":"https:\/\/api.w.org\/{rel}","templated":true}]}}