{"id":201646,"date":"2017-01-30T15:17:00","date_gmt":"2017-01-30T14:17:00","guid":{"rendered":"http:\/\/hudo.com\/si\/2017\/01\/30\/prvi-moz-cimosa-poziva-hrvasko-in-slovenijo-k-dogovoru\/"},"modified":"2017-01-30T19:51:43","modified_gmt":"2017-01-30T18:51:43","slug":"prvi-moz-cimosa-poziva-hrvasko-in-slovenijo-k-dogovoru","status":"publish","type":"post","link":"https:\/\/hudo.com\/si\/aktualno\/prvi-moz-cimosa-poziva-hrvasko-in-slovenijo-k-dogovoru\/","title":{"rendered":"Prvi mo\u017e Cimosa poziva Hrva\u0161ko in Slovenijo k dogovoru"},"content":{"rendered":"<p>Kategorija: Podjetja Mon, 30 Jan 2017 16:17:00 +0100  Koper \u2212 Uprava Cimosa je skupaj z vodstvom hrva\u0161kega dela skupine in predstavniki zaposlenih danes v Kopru pozvala vladi Slovenije in Hrva\u0161ke k dogovoru za re\u0161itev podjetja. Prvi mo\u017e Cimosa Gerd Rosendahl je poudaril, da so uspeli prestrukturitati dru\u017ebo in dobiti nova naro\u010dila, da pa bodo vsa dosedanja prizadevanja brez vrednosti, \u010de ne pride do dogovora. Predsednik uprave koprske dru\u017ebe Rosendahl je na dana\u0161nji novinarski konferenci najprej opozoril na uspe\u0161no opravljeno prestrukturiranje dru\u017ebe ter dodal, da je po podpisu pogodbe o prodaji pri\u0161lo tudi veliko novih naro\u010dil. Tako so naredili vse, kar je bilo v njihovih rokah, da bi Cimosu zagotovili uspe\u0161no prihodnost. \u010ce ne bo pri\u0161lo do kon\u010dnega sporazuma o prodaji, rok za sklenitev katerega se izte\u010de v torek, \u00bbpotem bi ogrozili na\u0161e nove posle, na\u0161a nova naro\u010dila ter delovna mesta\u00a0&#8230;<\/p>\n","protected":false},"excerpt":{"rendered":"<p>Kategorija: Podjetja Mon, 30 Jan 2017 16:17:00 +0100  Koper \u2212 Uprava Cimosa je skupaj z vodstvom hrva\u0161kega dela skupine in predstavniki zaposlenih danes v Kopru pozvala vladi Slovenije in Hrva\u0161ke k dogovoru za re\u0161itev podjetja. Prvi mo\u017e Cimosa Gerd Rosendahl je poudaril, da so uspeli prestrukturitati dru\u017ebo in dobiti nova naro\u010dila, da pa bodo vsa dosedanja prizadevanja brez vrednosti, \u010de ne pride do dogovora. Predsednik uprave koprske dru\u017ebe Rosendahl je na dana\u0161nji novinarski konferenci najprej opozoril na uspe\u0161no opravljeno prestrukturiranje dru\u017ebe ter dodal, da je po podpisu pogodbe o prodaji pri\u0161lo tudi veliko novih naro\u010dil. Tako so naredili vse, kar je bilo v njihovih rokah, da bi Cimosu zagotovili uspe\u0161no prihodnost. \u010ce ne bo pri\u0161lo do kon\u010dnega sporazuma o prodaji, rok za sklenitev katerega se izte\u010de v torek, \u00bbpotem bi ogrozili na\u0161e nove posle, na\u0161a nova naro\u010dila ter delovna mesta\u00a0&#8230;<\/p>\n","protected":false},"author":1,"featured_media":0,"comment_status":"closed","ping_status":"closed","sticky":false,"template":"","format":"standard","meta":{"footnotes":""},"categories":[1179],"tags":[],"source":[1703],"supertag":[],"acf":[],"yoast_head":"<!-- This site is optimized with the Yoast SEO plugin v21.3 - https:\/\/yoast.com\/wordpress\/plugins\/seo\/ -->\n<title>Prvi mo\u017e Cimosa poziva Hrva\u0161ko in Slovenijo k dogovoru - Hudo Slovenija<\/title>\n<meta name=\"robots\" content=\"index, follow, max-snippet:-1, max-image-preview:large, max-video-preview:-1\" \/>\n<link rel=\"canonical\" href=\"https:\/\/hudo.com\/si\/aktualno\/prvi-moz-cimosa-poziva-hrvasko-in-slovenijo-k-dogovoru\/\" \/>\n<meta property=\"og:locale\" content=\"sl_SI\" \/>\n<meta property=\"og:type\" content=\"article\" \/>\n<meta property=\"og:title\" content=\"Prvi mo\u017e Cimosa poziva Hrva\u0161ko in Slovenijo k dogovoru - Hudo Slovenija\" \/>\n<meta property=\"og:description\" content=\"Kategorija: Podjetja Mon, 30 Jan 2017 16:17:00 +0100 Koper \u2212 Uprava Cimosa je skupaj z vodstvom hrva\u0161kega dela skupine in predstavniki zaposlenih danes v Kopru pozvala vladi Slovenije in Hrva\u0161ke k dogovoru za re\u0161itev podjetja. Prvi mo\u017e Cimosa Gerd Rosendahl je poudaril, da so uspeli prestrukturitati dru\u017ebo in dobiti nova naro\u010dila, da pa bodo vsa dosedanja prizadevanja brez vrednosti, \u010de ne pride do dogovora. Predsednik uprave koprske dru\u017ebe Rosendahl je na dana\u0161nji novinarski konferenci najprej opozoril na uspe\u0161no opravljeno prestrukturiranje dru\u017ebe ter dodal, da je po podpisu pogodbe o prodaji pri\u0161lo tudi veliko novih naro\u010dil. Tako so naredili vse, kar je bilo v njihovih rokah, da bi Cimosu zagotovili uspe\u0161no prihodnost. \u010ce ne bo pri\u0161lo do kon\u010dnega sporazuma o prodaji, rok za sklenitev katerega se izte\u010de v torek, \u00bbpotem bi ogrozili na\u0161e nove posle, na\u0161a nova naro\u010dila ter delovna mesta\u00a0...\" \/>\n<meta property=\"og:url\" content=\"https:\/\/hudo.com\/si\/aktualno\/prvi-moz-cimosa-poziva-hrvasko-in-slovenijo-k-dogovoru\/\" \/>\n<meta property=\"og:site_name\" content=\"Hudo Slovenija\" \/>\n<meta property=\"article:publisher\" content=\"https:\/\/www.facebook.com\/hudo.si\" \/>\n<meta property=\"article:published_time\" content=\"2017-01-30T14:17:00+00:00\" \/>\n<meta property=\"article:modified_time\" content=\"2017-01-30T18:51:43+00:00\" \/>\n<meta property=\"og:image\" content=\"https:\/\/hudo.com\/si\/wp-content\/uploads\/sites\/2\/2017\/01\/480x290_Delo_Foto-20170130154337-73946700.jpeg\" \/>\n\t<meta property=\"og:image:width\" content=\"480\" \/>\n\t<meta property=\"og:image:height\" content=\"290\" \/>\n\t<meta property=\"og:image:type\" content=\"image\/jpeg\" \/>\n<meta name=\"author\" content=\"hudo\" \/>\n<meta name=\"twitter:card\" content=\"summary_large_image\" \/>\n<meta name=\"twitter:creator\" content=\"@hudo_si\" \/>\n<meta name=\"twitter:site\" content=\"@hudo_si\" \/>\n<meta name=\"twitter:label1\" content=\"Written by\" \/>\n\t<meta name=\"twitter:data1\" content=\"hudo\" \/>\n\t<meta name=\"twitter:label2\" content=\"Est. reading time\" \/>\n\t<meta name=\"twitter:data2\" content=\"1 minuta\" \/>\n<script type=\"application\/ld+json\" class=\"yoast-schema-graph\">{\"@context\":\"https:\/\/schema.org\",\"@graph\":[{\"@type\":\"Article\",\"@id\":\"https:\/\/hudo.com\/si\/aktualno\/prvi-moz-cimosa-poziva-hrvasko-in-slovenijo-k-dogovoru\/#article\",\"isPartOf\":{\"@id\":\"https:\/\/hudo.com\/si\/aktualno\/prvi-moz-cimosa-poziva-hrvasko-in-slovenijo-k-dogovoru\/\"},\"author\":{\"name\":\"hudo\",\"@id\":\"https:\/\/hudo.com\/si\/#\/schema\/person\/601cf3379633985b20f7e50f2bb47707\"},\"headline\":\"Prvi mo\u017e Cimosa poziva Hrva\u0161ko in Slovenijo k dogovoru\",\"datePublished\":\"2017-01-30T14:17:00+00:00\",\"dateModified\":\"2017-01-30T18:51:43+00:00\",\"mainEntityOfPage\":{\"@id\":\"https:\/\/hudo.com\/si\/aktualno\/prvi-moz-cimosa-poziva-hrvasko-in-slovenijo-k-dogovoru\/\"},\"wordCount\":163,\"publisher\":{\"@id\":\"https:\/\/hudo.com\/si\/#organization\"},\"articleSection\":[\"Aktualno\"],\"inLanguage\":\"sl-SI\"},{\"@type\":\"WebPage\",\"@id\":\"https:\/\/hudo.com\/si\/aktualno\/prvi-moz-cimosa-poziva-hrvasko-in-slovenijo-k-dogovoru\/\",\"url\":\"https:\/\/hudo.com\/si\/aktualno\/prvi-moz-cimosa-poziva-hrvasko-in-slovenijo-k-dogovoru\/\",\"name\":\"Prvi mo\u017e Cimosa poziva Hrva\u0161ko in Slovenijo k dogovoru - Hudo Slovenija\",\"isPartOf\":{\"@id\":\"https:\/\/hudo.com\/si\/#website\"},\"datePublished\":\"2017-01-30T14:17:00+00:00\",\"dateModified\":\"2017-01-30T18:51:43+00:00\",\"breadcrumb\":{\"@id\":\"https:\/\/hudo.com\/si\/aktualno\/prvi-moz-cimosa-poziva-hrvasko-in-slovenijo-k-dogovoru\/#breadcrumb\"},\"inLanguage\":\"sl-SI\",\"potentialAction\":[{\"@type\":\"ReadAction\",\"target\":[\"https:\/\/hudo.com\/si\/aktualno\/prvi-moz-cimosa-poziva-hrvasko-in-slovenijo-k-dogovoru\/\"]}]},{\"@type\":\"BreadcrumbList\",\"@id\":\"https:\/\/hudo.com\/si\/aktualno\/prvi-moz-cimosa-poziva-hrvasko-in-slovenijo-k-dogovoru\/#breadcrumb\",\"itemListElement\":[{\"@type\":\"ListItem\",\"position\":1,\"name\":\"Home\",\"item\":\"https:\/\/hudo.com\/si\/\"},{\"@type\":\"ListItem\",\"position\":2,\"name\":\"Prvi mo\u017e Cimosa poziva Hrva\u0161ko in Slovenijo k dogovoru\"}]},{\"@type\":\"WebSite\",\"@id\":\"https:\/\/hudo.com\/si\/#website\",\"url\":\"https:\/\/hudo.com\/si\/\",\"name\":\"Hudo Slovenija\",\"description\":\"Vse novice iz Slovenije in sveta\",\"publisher\":{\"@id\":\"https:\/\/hudo.com\/si\/#organization\"},\"potentialAction\":[{\"@type\":\"SearchAction\",\"target\":{\"@type\":\"EntryPoint\",\"urlTemplate\":\"https:\/\/hudo.com\/si\/?s={search_term_string}\"},\"query-input\":\"required name=search_term_string\"}],\"inLanguage\":\"sl-SI\"},{\"@type\":\"Organization\",\"@id\":\"https:\/\/hudo.com\/si\/#organization\",\"name\":\"VSN Media\",\"url\":\"https:\/\/hudo.com\/si\/\",\"logo\":{\"@type\":\"ImageObject\",\"inLanguage\":\"sl-SI\",\"@id\":\"https:\/\/hudo.com\/si\/#\/schema\/logo\/image\/\",\"url\":\"https:\/\/hudo.com\/si\/wp-content\/uploads\/sites\/2\/2021\/03\/hudo-app-2.png\",\"contentUrl\":\"https:\/\/hudo.com\/si\/wp-content\/uploads\/sites\/2\/2021\/03\/hudo-app-2.png\",\"width\":2185,\"height\":2167,\"caption\":\"VSN Media\"},\"image\":{\"@id\":\"https:\/\/hudo.com\/si\/#\/schema\/logo\/image\/\"},\"sameAs\":[\"https:\/\/www.facebook.com\/hudo.si\",\"https:\/\/twitter.com\/hudo_si\"]},{\"@type\":\"Person\",\"@id\":\"https:\/\/hudo.com\/si\/#\/schema\/person\/601cf3379633985b20f7e50f2bb47707\",\"name\":\"hudo\",\"image\":{\"@type\":\"ImageObject\",\"inLanguage\":\"sl-SI\",\"@id\":\"https:\/\/hudo.com\/si\/#\/schema\/person\/image\/\",\"url\":\"https:\/\/secure.gravatar.com\/avatar\/c4ca25fa72cace7a696b52ff5db9e095?s=96&d=mm&r=g\",\"contentUrl\":\"https:\/\/secure.gravatar.com\/avatar\/c4ca25fa72cace7a696b52ff5db9e095?s=96&d=mm&r=g\",\"caption\":\"hudo\"},\"url\":\"https:\/\/hudo.com\/si\/author\/hudo\/\"}]}<\/script>\n<!-- \/ Yoast SEO plugin. -->","yoast_head_json":{"title":"Prvi mo\u017e Cimosa poziva Hrva\u0161ko in Slovenijo k dogovoru - Hudo Slovenija","robots":{"index":"index","follow":"follow","max-snippet":"max-snippet:-1","max-image-preview":"max-image-preview:large","max-video-preview":"max-video-preview:-1"},"canonical":"https:\/\/hudo.com\/si\/aktualno\/prvi-moz-cimosa-poziva-hrvasko-in-slovenijo-k-dogovoru\/","og_locale":"sl_SI","og_type":"article","og_title":"Prvi mo\u017e Cimosa poziva Hrva\u0161ko in Slovenijo k dogovoru - Hudo Slovenija","og_description":"Kategorija: Podjetja Mon, 30 Jan 2017 16:17:00 +0100 Koper \u2212 Uprava Cimosa je skupaj z vodstvom hrva\u0161kega dela skupine in predstavniki zaposlenih danes v Kopru pozvala vladi Slovenije in Hrva\u0161ke k dogovoru za re\u0161itev podjetja. Prvi mo\u017e Cimosa Gerd Rosendahl je poudaril, da so uspeli prestrukturitati dru\u017ebo in dobiti nova naro\u010dila, da pa bodo vsa dosedanja prizadevanja brez vrednosti, \u010de ne pride do dogovora. Predsednik uprave koprske dru\u017ebe Rosendahl je na dana\u0161nji novinarski konferenci najprej opozoril na uspe\u0161no opravljeno prestrukturiranje dru\u017ebe ter dodal, da je po podpisu pogodbe o prodaji pri\u0161lo tudi veliko novih naro\u010dil. Tako so naredili vse, kar je bilo v njihovih rokah, da bi Cimosu zagotovili uspe\u0161no prihodnost. \u010ce ne bo pri\u0161lo do kon\u010dnega sporazuma o prodaji, rok za sklenitev katerega se izte\u010de v torek, \u00bbpotem bi ogrozili na\u0161e nove posle, na\u0161a nova naro\u010dila ter delovna mesta\u00a0...","og_url":"https:\/\/hudo.com\/si\/aktualno\/prvi-moz-cimosa-poziva-hrvasko-in-slovenijo-k-dogovoru\/","og_site_name":"Hudo Slovenija","article_publisher":"https:\/\/www.facebook.com\/hudo.si","article_published_time":"2017-01-30T14:17:00+00:00","article_modified_time":"2017-01-30T18:51:43+00:00","og_image":[{"width":480,"height":290,"url":"https:\/\/hudo.com\/si\/wp-content\/uploads\/sites\/2\/2017\/01\/480x290_Delo_Foto-20170130154337-73946700.jpeg","type":"image\/jpeg"}],"author":"hudo","twitter_card":"summary_large_image","twitter_creator":"@hudo_si","twitter_site":"@hudo_si","twitter_misc":{"Written by":"hudo","Est. reading time":"1 minuta"},"schema":{"@context":"https:\/\/schema.org","@graph":[{"@type":"Article","@id":"https:\/\/hudo.com\/si\/aktualno\/prvi-moz-cimosa-poziva-hrvasko-in-slovenijo-k-dogovoru\/#article","isPartOf":{"@id":"https:\/\/hudo.com\/si\/aktualno\/prvi-moz-cimosa-poziva-hrvasko-in-slovenijo-k-dogovoru\/"},"author":{"name":"hudo","@id":"https:\/\/hudo.com\/si\/#\/schema\/person\/601cf3379633985b20f7e50f2bb47707"},"headline":"Prvi mo\u017e Cimosa poziva Hrva\u0161ko in Slovenijo k dogovoru","datePublished":"2017-01-30T14:17:00+00:00","dateModified":"2017-01-30T18:51:43+00:00","mainEntityOfPage":{"@id":"https:\/\/hudo.com\/si\/aktualno\/prvi-moz-cimosa-poziva-hrvasko-in-slovenijo-k-dogovoru\/"},"wordCount":163,"publisher":{"@id":"https:\/\/hudo.com\/si\/#organization"},"articleSection":["Aktualno"],"inLanguage":"sl-SI"},{"@type":"WebPage","@id":"https:\/\/hudo.com\/si\/aktualno\/prvi-moz-cimosa-poziva-hrvasko-in-slovenijo-k-dogovoru\/","url":"https:\/\/hudo.com\/si\/aktualno\/prvi-moz-cimosa-poziva-hrvasko-in-slovenijo-k-dogovoru\/","name":"Prvi mo\u017e Cimosa poziva Hrva\u0161ko in Slovenijo k dogovoru - Hudo Slovenija","isPartOf":{"@id":"https:\/\/hudo.com\/si\/#website"},"datePublished":"2017-01-30T14:17:00+00:00","dateModified":"2017-01-30T18:51:43+00:00","breadcrumb":{"@id":"https:\/\/hudo.com\/si\/aktualno\/prvi-moz-cimosa-poziva-hrvasko-in-slovenijo-k-dogovoru\/#breadcrumb"},"inLanguage":"sl-SI","potentialAction":[{"@type":"ReadAction","target":["https:\/\/hudo.com\/si\/aktualno\/prvi-moz-cimosa-poziva-hrvasko-in-slovenijo-k-dogovoru\/"]}]},{"@type":"BreadcrumbList","@id":"https:\/\/hudo.com\/si\/aktualno\/prvi-moz-cimosa-poziva-hrvasko-in-slovenijo-k-dogovoru\/#breadcrumb","itemListElement":[{"@type":"ListItem","position":1,"name":"Home","item":"https:\/\/hudo.com\/si\/"},{"@type":"ListItem","position":2,"name":"Prvi mo\u017e Cimosa poziva Hrva\u0161ko in Slovenijo k dogovoru"}]},{"@type":"WebSite","@id":"https:\/\/hudo.com\/si\/#website","url":"https:\/\/hudo.com\/si\/","name":"Hudo Slovenija","description":"Vse novice iz Slovenije in sveta","publisher":{"@id":"https:\/\/hudo.com\/si\/#organization"},"potentialAction":[{"@type":"SearchAction","target":{"@type":"EntryPoint","urlTemplate":"https:\/\/hudo.com\/si\/?s={search_term_string}"},"query-input":"required name=search_term_string"}],"inLanguage":"sl-SI"},{"@type":"Organization","@id":"https:\/\/hudo.com\/si\/#organization","name":"VSN Media","url":"https:\/\/hudo.com\/si\/","logo":{"@type":"ImageObject","inLanguage":"sl-SI","@id":"https:\/\/hudo.com\/si\/#\/schema\/logo\/image\/","url":"https:\/\/hudo.com\/si\/wp-content\/uploads\/sites\/2\/2021\/03\/hudo-app-2.png","contentUrl":"https:\/\/hudo.com\/si\/wp-content\/uploads\/sites\/2\/2021\/03\/hudo-app-2.png","width":2185,"height":2167,"caption":"VSN Media"},"image":{"@id":"https:\/\/hudo.com\/si\/#\/schema\/logo\/image\/"},"sameAs":["https:\/\/www.facebook.com\/hudo.si","https:\/\/twitter.com\/hudo_si"]},{"@type":"Person","@id":"https:\/\/hudo.com\/si\/#\/schema\/person\/601cf3379633985b20f7e50f2bb47707","name":"hudo","image":{"@type":"ImageObject","inLanguage":"sl-SI","@id":"https:\/\/hudo.com\/si\/#\/schema\/person\/image\/","url":"https:\/\/secure.gravatar.com\/avatar\/c4ca25fa72cace7a696b52ff5db9e095?s=96&d=mm&r=g","contentUrl":"https:\/\/secure.gravatar.com\/avatar\/c4ca25fa72cace7a696b52ff5db9e095?s=96&d=mm&r=g","caption":"hudo"},"url":"https:\/\/hudo.com\/si\/author\/hudo\/"}]}},"amp_enabled":true,"_links":{"self":[{"href":"https:\/\/hudo.com\/si\/wp-json\/wp\/v2\/posts\/201646"}],"collection":[{"href":"https:\/\/hudo.com\/si\/wp-json\/wp\/v2\/posts"}],"about":[{"href":"https:\/\/hudo.com\/si\/wp-json\/wp\/v2\/types\/post"}],"author":[{"embeddable":true,"href":"https:\/\/hudo.com\/si\/wp-json\/wp\/v2\/users\/1"}],"replies":[{"embeddable":true,"href":"https:\/\/hudo.com\/si\/wp-json\/wp\/v2\/comments?post=201646"}],"version-history":[{"count":1,"href":"https:\/\/hudo.com\/si\/wp-json\/wp\/v2\/posts\/201646\/revisions"}],"predecessor-version":[{"id":201759,"href":"https:\/\/hudo.com\/si\/wp-json\/wp\/v2\/posts\/201646\/revisions\/201759"}],"wp:attachment":[{"href":"https:\/\/hudo.com\/si\/wp-json\/wp\/v2\/media?parent=201646"}],"wp:term":[{"taxonomy":"category","embeddable":true,"href":"https:\/\/hudo.com\/si\/wp-json\/wp\/v2\/categories?post=201646"},{"taxonomy":"post_tag","embeddable":true,"href":"https:\/\/hudo.com\/si\/wp-json\/wp\/v2\/tags?post=201646"},{"taxonomy":"source","embeddable":true,"href":"https:\/\/hudo.com\/si\/wp-json\/wp\/v2\/source?post=201646"},{"taxonomy":"supertag","embeddable":true,"href":"https:\/\/hudo.com\/si\/wp-json\/wp\/v2\/supertag?post=201646"}],"curies":[{"name":"wp","href":"https:\/\/api.w.org\/{rel}","templated":true}]}}