{"id":201708,"date":"2017-01-30T17:35:00","date_gmt":"2017-01-30T16:35:00","guid":{"rendered":"http:\/\/hudo.com\/si\/2017\/01\/30\/simobil-po-umiku-pop-tv-z-anten-prvi-v-podrazitev\/"},"modified":"2017-01-31T05:42:43","modified_gmt":"2017-01-31T04:42:43","slug":"simobil-po-umiku-pop-tv-z-anten-prvi-v-podrazitev","status":"publish","type":"post","link":"https:\/\/hudo.com\/si\/aktualno\/simobil-po-umiku-pop-tv-z-anten-prvi-v-podrazitev\/","title":{"rendered":"Simobil po umiku Pop TV z anten prvi v podra\u017eitev"},"content":{"rendered":"<p>Telekomunikacijski operater Simobil je prvi, ki je po prenehanju oddajanja programov Pop TV in Kanal A prek omre\u017eja prizemnih oddajnikov napovedal podra\u017eitev svojih paketov s televizijskimi programi. Mese\u010dne naro\u010dnine na te pakete se bodo zvi\u0161ale s 1. marcem, za tri evre z davkom na dodano vrednost, &#8220;predvsem zaradi spremembe poslovnih modelov nekaterih izdajateljev televizijskih programov&#8221;.  Programa Pop TV in Kanal A od 16. januarja nista ve\u010d dosegljiva gledalcem, ki televizijo spremljajo le prek navadnih stre\u0161nih oziroma sobnih anten. Medijska hi\u0161a Pro plus se je odlo\u010dila, da ju ne bo ve\u010d oddajala prek prizemne mre\u017ee oddajnikov, tako da sta zdaj dosegljiva le prek ponudnikov kabelske oziroma satelitske televizije. Pro plus je ob tej potezi od operaterjev, ki ponujajo pla\u010dljive platforme za spremljanje TV-programov, izpogajal nadomestilo za prikazovanje obeh programov. Operaterji naj bi namre\u010d doslej ne bili pripravljeni pla\u010devati nadomestil za ta programa, ker so ju gledalci lahko spremljali brezpla\u010dno prek sobnih in stre\u0161nih anten. Simobil je zdaj prvi uradno napovedal podra\u017eitev. Obenem so napovedali, da se bo vsem paketom za zasebne naro\u010dnike v omre\u017eju Simobil ter Telekom Slovenije, ki ne vsebujejo storitev Televizija ali storitev TM TV, cena zvi\u0161ala za en evro z DDV. Izjema so paketi v kabelskih omre\u017ejih, pri katerih cene ostajajo nespremenjene. Po mnenju nekaterih poznavalcev je samo vpra\u0161anje \u010dasa, kdaj in v kak\u0161ni obliki bodo Simobilu s podra\u017eitvami sledili tudi drugi najve\u010dji ponudniki s pla\u010dljivimi paketi za televizijske programe, kot so Telekom Slovenije, Telemach in T-2. Po poro\u010danju portala Tehnozvezdje.si sicer ni presenetljivo, da se je za dvig cen kot prvi odlo\u010dil prav Simobil. Ta operater ima najmanj lastnega omre\u017eja. Zaradi najemanja omre\u017eja, ve\u010dinoma pri Telekomu, nekaj pa tudi pri dolo\u010denih manj\u0161ih ponudnikih, ima precej malo manevrskega prostora pri stro\u0161kih.Slovenija<\/p>\n","protected":false},"excerpt":{"rendered":"<p>Telekomunikacijski operater Simobil je prvi, ki je po prenehanju oddajanja programov Pop TV in Kanal A prek omre\u017eja prizemnih oddajnikov napovedal podra\u017eitev svojih paketov s televizijskimi programi. Mese\u010dne naro\u010dnine na te pakete se bodo zvi\u0161ale s 1. marcem, za tri evre z davkom na dodano vrednost, &#8220;predvsem zaradi spremembe poslovnih modelov nekaterih izdajateljev televizijskih programov&#8221;.  Programa Pop TV in Kanal A od 16. januarja nista ve\u010d dosegljiva gledalcem, ki televizijo spremljajo le prek navadnih stre\u0161nih oziroma sobnih anten. Medijska hi\u0161a Pro plus se je odlo\u010dila, da ju ne bo ve\u010d oddajala prek prizemne mre\u017ee oddajnikov, tako da sta zdaj dosegljiva le prek ponudnikov kabelske oziroma satelitske televizije. Pro plus je ob tej potezi od operaterjev, ki ponujajo pla\u010dljive platforme za spremljanje TV-programov, izpogajal nadomestilo za prikazovanje obeh programov. Operaterji naj bi namre\u010d doslej ne bili pripravljeni pla\u010devati nadomestil za ta programa, ker so ju gledalci lahko spremljali brezpla\u010dno prek sobnih in stre\u0161nih anten. Simobil je zdaj prvi uradno napovedal podra\u017eitev. Obenem so napovedali, da se bo vsem paketom za zasebne naro\u010dnike v omre\u017eju Simobil ter Telekom Slovenije, ki ne vsebujejo storitev Televizija ali storitev TM TV, cena zvi\u0161ala za en evro z DDV. Izjema so paketi v kabelskih omre\u017ejih, pri katerih cene ostajajo nespremenjene. Po mnenju nekaterih poznavalcev je samo vpra\u0161anje \u010dasa, kdaj in v kak\u0161ni obliki bodo Simobilu s podra\u017eitvami sledili tudi drugi najve\u010dji ponudniki s pla\u010dljivimi paketi za televizijske programe, kot so Telekom Slovenije, Telemach in T-2. Po poro\u010danju portala Tehnozvezdje.si sicer ni presenetljivo, da se je za dvig cen kot prvi odlo\u010dil prav Simobil. Ta operater ima najmanj lastnega omre\u017eja. Zaradi najemanja omre\u017eja, ve\u010dinoma pri Telekomu, nekaj pa tudi pri dolo\u010denih manj\u0161ih ponudnikih, ima precej malo manevrskega prostora pri stro\u0161kih.Slovenija<\/p>\n","protected":false},"author":1,"featured_media":0,"comment_status":"closed","ping_status":"closed","sticky":false,"template":"","format":"standard","meta":{"footnotes":""},"categories":[1179],"tags":[],"source":[1711],"supertag":[],"acf":[],"yoast_head":"<!-- This site is optimized with the Yoast SEO plugin v21.3 - https:\/\/yoast.com\/wordpress\/plugins\/seo\/ -->\n<title>Simobil po umiku Pop TV z anten prvi v podra\u017eitev - Hudo Slovenija<\/title>\n<meta name=\"robots\" content=\"index, follow, max-snippet:-1, max-image-preview:large, max-video-preview:-1\" \/>\n<link rel=\"canonical\" href=\"https:\/\/hudo.com\/si\/aktualno\/simobil-po-umiku-pop-tv-z-anten-prvi-v-podrazitev\/\" \/>\n<meta property=\"og:locale\" content=\"sl_SI\" \/>\n<meta property=\"og:type\" content=\"article\" \/>\n<meta property=\"og:title\" content=\"Simobil po umiku Pop TV z anten prvi v podra\u017eitev - Hudo Slovenija\" \/>\n<meta property=\"og:description\" content=\"Telekomunikacijski operater Simobil je prvi, ki je po prenehanju oddajanja programov Pop TV in Kanal A prek omre\u017eja prizemnih oddajnikov napovedal podra\u017eitev svojih paketov s televizijskimi programi. Mese\u010dne naro\u010dnine na te pakete se bodo zvi\u0161ale s 1. marcem, za tri evre z davkom na dodano vrednost, &quot;predvsem zaradi spremembe poslovnih modelov nekaterih izdajateljev televizijskih programov&quot;. Programa Pop TV in Kanal A od 16. januarja nista ve\u010d dosegljiva gledalcem, ki televizijo spremljajo le prek navadnih stre\u0161nih oziroma sobnih anten. Medijska hi\u0161a Pro plus se je odlo\u010dila, da ju ne bo ve\u010d oddajala prek prizemne mre\u017ee oddajnikov, tako da sta zdaj dosegljiva le prek ponudnikov kabelske oziroma satelitske televizije. Pro plus je ob tej potezi od operaterjev, ki ponujajo pla\u010dljive platforme za spremljanje TV-programov, izpogajal nadomestilo za prikazovanje obeh programov. Operaterji naj bi namre\u010d doslej ne bili pripravljeni pla\u010devati nadomestil za ta programa, ker so ju gledalci lahko spremljali brezpla\u010dno prek sobnih in stre\u0161nih anten. Simobil je zdaj prvi uradno napovedal podra\u017eitev. Obenem so napovedali, da se bo vsem paketom za zasebne naro\u010dnike v omre\u017eju Simobil ter Telekom Slovenije, ki ne vsebujejo storitev Televizija ali storitev TM TV, cena zvi\u0161ala za en evro z DDV. Izjema so paketi v kabelskih omre\u017ejih, pri katerih cene ostajajo nespremenjene. Po mnenju nekaterih poznavalcev je samo vpra\u0161anje \u010dasa, kdaj in v kak\u0161ni obliki bodo Simobilu s podra\u017eitvami sledili tudi drugi najve\u010dji ponudniki s pla\u010dljivimi paketi za televizijske programe, kot so Telekom Slovenije, Telemach in T-2. Po poro\u010danju portala Tehnozvezdje.si sicer ni presenetljivo, da se je za dvig cen kot prvi odlo\u010dil prav Simobil. Ta operater ima najmanj lastnega omre\u017eja. Zaradi najemanja omre\u017eja, ve\u010dinoma pri Telekomu, nekaj pa tudi pri dolo\u010denih manj\u0161ih ponudnikih, ima precej malo manevrskega prostora pri stro\u0161kih.Slovenija\" \/>\n<meta property=\"og:url\" content=\"https:\/\/hudo.com\/si\/aktualno\/simobil-po-umiku-pop-tv-z-anten-prvi-v-podrazitev\/\" \/>\n<meta property=\"og:site_name\" content=\"Hudo Slovenija\" \/>\n<meta property=\"article:publisher\" content=\"https:\/\/www.facebook.com\/hudo.si\" \/>\n<meta property=\"article:published_time\" content=\"2017-01-30T16:35:00+00:00\" \/>\n<meta property=\"article:modified_time\" content=\"2017-01-31T04:42:43+00:00\" \/>\n<meta property=\"og:image\" content=\"https:\/\/hudo.com\/si\/wp-content\/uploads\/sites\/2\/2017\/01\/01450400F-300.jpg\" \/>\n\t<meta property=\"og:image:width\" content=\"450\" \/>\n\t<meta property=\"og:image:height\" content=\"295\" \/>\n\t<meta property=\"og:image:type\" content=\"image\/jpeg\" \/>\n<meta name=\"author\" content=\"hudo\" \/>\n<meta name=\"twitter:card\" content=\"summary_large_image\" \/>\n<meta name=\"twitter:creator\" content=\"@hudo_si\" \/>\n<meta name=\"twitter:site\" content=\"@hudo_si\" \/>\n<meta name=\"twitter:label1\" content=\"Written by\" \/>\n\t<meta name=\"twitter:data1\" content=\"hudo\" \/>\n\t<meta name=\"twitter:label2\" content=\"Est. reading time\" \/>\n\t<meta name=\"twitter:data2\" content=\"2 minuti\" \/>\n<script type=\"application\/ld+json\" class=\"yoast-schema-graph\">{\"@context\":\"https:\/\/schema.org\",\"@graph\":[{\"@type\":\"Article\",\"@id\":\"https:\/\/hudo.com\/si\/aktualno\/simobil-po-umiku-pop-tv-z-anten-prvi-v-podrazitev\/#article\",\"isPartOf\":{\"@id\":\"https:\/\/hudo.com\/si\/aktualno\/simobil-po-umiku-pop-tv-z-anten-prvi-v-podrazitev\/\"},\"author\":{\"name\":\"hudo\",\"@id\":\"https:\/\/hudo.com\/si\/#\/schema\/person\/601cf3379633985b20f7e50f2bb47707\"},\"headline\":\"Simobil po umiku Pop TV z anten prvi v podra\u017eitev\",\"datePublished\":\"2017-01-30T16:35:00+00:00\",\"dateModified\":\"2017-01-31T04:42:43+00:00\",\"mainEntityOfPage\":{\"@id\":\"https:\/\/hudo.com\/si\/aktualno\/simobil-po-umiku-pop-tv-z-anten-prvi-v-podrazitev\/\"},\"wordCount\":325,\"publisher\":{\"@id\":\"https:\/\/hudo.com\/si\/#organization\"},\"articleSection\":[\"Aktualno\"],\"inLanguage\":\"sl-SI\"},{\"@type\":\"WebPage\",\"@id\":\"https:\/\/hudo.com\/si\/aktualno\/simobil-po-umiku-pop-tv-z-anten-prvi-v-podrazitev\/\",\"url\":\"https:\/\/hudo.com\/si\/aktualno\/simobil-po-umiku-pop-tv-z-anten-prvi-v-podrazitev\/\",\"name\":\"Simobil po umiku Pop TV z anten prvi v podra\u017eitev - Hudo Slovenija\",\"isPartOf\":{\"@id\":\"https:\/\/hudo.com\/si\/#website\"},\"datePublished\":\"2017-01-30T16:35:00+00:00\",\"dateModified\":\"2017-01-31T04:42:43+00:00\",\"breadcrumb\":{\"@id\":\"https:\/\/hudo.com\/si\/aktualno\/simobil-po-umiku-pop-tv-z-anten-prvi-v-podrazitev\/#breadcrumb\"},\"inLanguage\":\"sl-SI\",\"potentialAction\":[{\"@type\":\"ReadAction\",\"target\":[\"https:\/\/hudo.com\/si\/aktualno\/simobil-po-umiku-pop-tv-z-anten-prvi-v-podrazitev\/\"]}]},{\"@type\":\"BreadcrumbList\",\"@id\":\"https:\/\/hudo.com\/si\/aktualno\/simobil-po-umiku-pop-tv-z-anten-prvi-v-podrazitev\/#breadcrumb\",\"itemListElement\":[{\"@type\":\"ListItem\",\"position\":1,\"name\":\"Home\",\"item\":\"https:\/\/hudo.com\/si\/\"},{\"@type\":\"ListItem\",\"position\":2,\"name\":\"Simobil po umiku Pop TV z anten prvi v podra\u017eitev\"}]},{\"@type\":\"WebSite\",\"@id\":\"https:\/\/hudo.com\/si\/#website\",\"url\":\"https:\/\/hudo.com\/si\/\",\"name\":\"Hudo Slovenija\",\"description\":\"Vse novice iz Slovenije in sveta\",\"publisher\":{\"@id\":\"https:\/\/hudo.com\/si\/#organization\"},\"potentialAction\":[{\"@type\":\"SearchAction\",\"target\":{\"@type\":\"EntryPoint\",\"urlTemplate\":\"https:\/\/hudo.com\/si\/?s={search_term_string}\"},\"query-input\":\"required name=search_term_string\"}],\"inLanguage\":\"sl-SI\"},{\"@type\":\"Organization\",\"@id\":\"https:\/\/hudo.com\/si\/#organization\",\"name\":\"VSN Media\",\"url\":\"https:\/\/hudo.com\/si\/\",\"logo\":{\"@type\":\"ImageObject\",\"inLanguage\":\"sl-SI\",\"@id\":\"https:\/\/hudo.com\/si\/#\/schema\/logo\/image\/\",\"url\":\"https:\/\/hudo.com\/si\/wp-content\/uploads\/sites\/2\/2021\/03\/hudo-app-2.png\",\"contentUrl\":\"https:\/\/hudo.com\/si\/wp-content\/uploads\/sites\/2\/2021\/03\/hudo-app-2.png\",\"width\":2185,\"height\":2167,\"caption\":\"VSN Media\"},\"image\":{\"@id\":\"https:\/\/hudo.com\/si\/#\/schema\/logo\/image\/\"},\"sameAs\":[\"https:\/\/www.facebook.com\/hudo.si\",\"https:\/\/twitter.com\/hudo_si\"]},{\"@type\":\"Person\",\"@id\":\"https:\/\/hudo.com\/si\/#\/schema\/person\/601cf3379633985b20f7e50f2bb47707\",\"name\":\"hudo\",\"image\":{\"@type\":\"ImageObject\",\"inLanguage\":\"sl-SI\",\"@id\":\"https:\/\/hudo.com\/si\/#\/schema\/person\/image\/\",\"url\":\"https:\/\/secure.gravatar.com\/avatar\/c4ca25fa72cace7a696b52ff5db9e095?s=96&d=mm&r=g\",\"contentUrl\":\"https:\/\/secure.gravatar.com\/avatar\/c4ca25fa72cace7a696b52ff5db9e095?s=96&d=mm&r=g\",\"caption\":\"hudo\"},\"url\":\"https:\/\/hudo.com\/si\/author\/hudo\/\"}]}<\/script>\n<!-- \/ Yoast SEO plugin. -->","yoast_head_json":{"title":"Simobil po umiku Pop TV z anten prvi v podra\u017eitev - Hudo Slovenija","robots":{"index":"index","follow":"follow","max-snippet":"max-snippet:-1","max-image-preview":"max-image-preview:large","max-video-preview":"max-video-preview:-1"},"canonical":"https:\/\/hudo.com\/si\/aktualno\/simobil-po-umiku-pop-tv-z-anten-prvi-v-podrazitev\/","og_locale":"sl_SI","og_type":"article","og_title":"Simobil po umiku Pop TV z anten prvi v podra\u017eitev - Hudo Slovenija","og_description":"Telekomunikacijski operater Simobil je prvi, ki je po prenehanju oddajanja programov Pop TV in Kanal A prek omre\u017eja prizemnih oddajnikov napovedal podra\u017eitev svojih paketov s televizijskimi programi. Mese\u010dne naro\u010dnine na te pakete se bodo zvi\u0161ale s 1. marcem, za tri evre z davkom na dodano vrednost, \"predvsem zaradi spremembe poslovnih modelov nekaterih izdajateljev televizijskih programov\". Programa Pop TV in Kanal A od 16. januarja nista ve\u010d dosegljiva gledalcem, ki televizijo spremljajo le prek navadnih stre\u0161nih oziroma sobnih anten. Medijska hi\u0161a Pro plus se je odlo\u010dila, da ju ne bo ve\u010d oddajala prek prizemne mre\u017ee oddajnikov, tako da sta zdaj dosegljiva le prek ponudnikov kabelske oziroma satelitske televizije. Pro plus je ob tej potezi od operaterjev, ki ponujajo pla\u010dljive platforme za spremljanje TV-programov, izpogajal nadomestilo za prikazovanje obeh programov. Operaterji naj bi namre\u010d doslej ne bili pripravljeni pla\u010devati nadomestil za ta programa, ker so ju gledalci lahko spremljali brezpla\u010dno prek sobnih in stre\u0161nih anten. Simobil je zdaj prvi uradno napovedal podra\u017eitev. Obenem so napovedali, da se bo vsem paketom za zasebne naro\u010dnike v omre\u017eju Simobil ter Telekom Slovenije, ki ne vsebujejo storitev Televizija ali storitev TM TV, cena zvi\u0161ala za en evro z DDV. Izjema so paketi v kabelskih omre\u017ejih, pri katerih cene ostajajo nespremenjene. Po mnenju nekaterih poznavalcev je samo vpra\u0161anje \u010dasa, kdaj in v kak\u0161ni obliki bodo Simobilu s podra\u017eitvami sledili tudi drugi najve\u010dji ponudniki s pla\u010dljivimi paketi za televizijske programe, kot so Telekom Slovenije, Telemach in T-2. Po poro\u010danju portala Tehnozvezdje.si sicer ni presenetljivo, da se je za dvig cen kot prvi odlo\u010dil prav Simobil. Ta operater ima najmanj lastnega omre\u017eja. Zaradi najemanja omre\u017eja, ve\u010dinoma pri Telekomu, nekaj pa tudi pri dolo\u010denih manj\u0161ih ponudnikih, ima precej malo manevrskega prostora pri stro\u0161kih.Slovenija","og_url":"https:\/\/hudo.com\/si\/aktualno\/simobil-po-umiku-pop-tv-z-anten-prvi-v-podrazitev\/","og_site_name":"Hudo Slovenija","article_publisher":"https:\/\/www.facebook.com\/hudo.si","article_published_time":"2017-01-30T16:35:00+00:00","article_modified_time":"2017-01-31T04:42:43+00:00","og_image":[{"width":450,"height":295,"url":"https:\/\/hudo.com\/si\/wp-content\/uploads\/sites\/2\/2017\/01\/01450400F-300.jpg","type":"image\/jpeg"}],"author":"hudo","twitter_card":"summary_large_image","twitter_creator":"@hudo_si","twitter_site":"@hudo_si","twitter_misc":{"Written by":"hudo","Est. reading time":"2 minuti"},"schema":{"@context":"https:\/\/schema.org","@graph":[{"@type":"Article","@id":"https:\/\/hudo.com\/si\/aktualno\/simobil-po-umiku-pop-tv-z-anten-prvi-v-podrazitev\/#article","isPartOf":{"@id":"https:\/\/hudo.com\/si\/aktualno\/simobil-po-umiku-pop-tv-z-anten-prvi-v-podrazitev\/"},"author":{"name":"hudo","@id":"https:\/\/hudo.com\/si\/#\/schema\/person\/601cf3379633985b20f7e50f2bb47707"},"headline":"Simobil po umiku Pop TV z anten prvi v podra\u017eitev","datePublished":"2017-01-30T16:35:00+00:00","dateModified":"2017-01-31T04:42:43+00:00","mainEntityOfPage":{"@id":"https:\/\/hudo.com\/si\/aktualno\/simobil-po-umiku-pop-tv-z-anten-prvi-v-podrazitev\/"},"wordCount":325,"publisher":{"@id":"https:\/\/hudo.com\/si\/#organization"},"articleSection":["Aktualno"],"inLanguage":"sl-SI"},{"@type":"WebPage","@id":"https:\/\/hudo.com\/si\/aktualno\/simobil-po-umiku-pop-tv-z-anten-prvi-v-podrazitev\/","url":"https:\/\/hudo.com\/si\/aktualno\/simobil-po-umiku-pop-tv-z-anten-prvi-v-podrazitev\/","name":"Simobil po umiku Pop TV z anten prvi v podra\u017eitev - Hudo Slovenija","isPartOf":{"@id":"https:\/\/hudo.com\/si\/#website"},"datePublished":"2017-01-30T16:35:00+00:00","dateModified":"2017-01-31T04:42:43+00:00","breadcrumb":{"@id":"https:\/\/hudo.com\/si\/aktualno\/simobil-po-umiku-pop-tv-z-anten-prvi-v-podrazitev\/#breadcrumb"},"inLanguage":"sl-SI","potentialAction":[{"@type":"ReadAction","target":["https:\/\/hudo.com\/si\/aktualno\/simobil-po-umiku-pop-tv-z-anten-prvi-v-podrazitev\/"]}]},{"@type":"BreadcrumbList","@id":"https:\/\/hudo.com\/si\/aktualno\/simobil-po-umiku-pop-tv-z-anten-prvi-v-podrazitev\/#breadcrumb","itemListElement":[{"@type":"ListItem","position":1,"name":"Home","item":"https:\/\/hudo.com\/si\/"},{"@type":"ListItem","position":2,"name":"Simobil po umiku Pop TV z anten prvi v podra\u017eitev"}]},{"@type":"WebSite","@id":"https:\/\/hudo.com\/si\/#website","url":"https:\/\/hudo.com\/si\/","name":"Hudo Slovenija","description":"Vse novice iz Slovenije in sveta","publisher":{"@id":"https:\/\/hudo.com\/si\/#organization"},"potentialAction":[{"@type":"SearchAction","target":{"@type":"EntryPoint","urlTemplate":"https:\/\/hudo.com\/si\/?s={search_term_string}"},"query-input":"required name=search_term_string"}],"inLanguage":"sl-SI"},{"@type":"Organization","@id":"https:\/\/hudo.com\/si\/#organization","name":"VSN Media","url":"https:\/\/hudo.com\/si\/","logo":{"@type":"ImageObject","inLanguage":"sl-SI","@id":"https:\/\/hudo.com\/si\/#\/schema\/logo\/image\/","url":"https:\/\/hudo.com\/si\/wp-content\/uploads\/sites\/2\/2021\/03\/hudo-app-2.png","contentUrl":"https:\/\/hudo.com\/si\/wp-content\/uploads\/sites\/2\/2021\/03\/hudo-app-2.png","width":2185,"height":2167,"caption":"VSN Media"},"image":{"@id":"https:\/\/hudo.com\/si\/#\/schema\/logo\/image\/"},"sameAs":["https:\/\/www.facebook.com\/hudo.si","https:\/\/twitter.com\/hudo_si"]},{"@type":"Person","@id":"https:\/\/hudo.com\/si\/#\/schema\/person\/601cf3379633985b20f7e50f2bb47707","name":"hudo","image":{"@type":"ImageObject","inLanguage":"sl-SI","@id":"https:\/\/hudo.com\/si\/#\/schema\/person\/image\/","url":"https:\/\/secure.gravatar.com\/avatar\/c4ca25fa72cace7a696b52ff5db9e095?s=96&d=mm&r=g","contentUrl":"https:\/\/secure.gravatar.com\/avatar\/c4ca25fa72cace7a696b52ff5db9e095?s=96&d=mm&r=g","caption":"hudo"},"url":"https:\/\/hudo.com\/si\/author\/hudo\/"}]}},"amp_enabled":true,"_links":{"self":[{"href":"https:\/\/hudo.com\/si\/wp-json\/wp\/v2\/posts\/201708"}],"collection":[{"href":"https:\/\/hudo.com\/si\/wp-json\/wp\/v2\/posts"}],"about":[{"href":"https:\/\/hudo.com\/si\/wp-json\/wp\/v2\/types\/post"}],"author":[{"embeddable":true,"href":"https:\/\/hudo.com\/si\/wp-json\/wp\/v2\/users\/1"}],"replies":[{"embeddable":true,"href":"https:\/\/hudo.com\/si\/wp-json\/wp\/v2\/comments?post=201708"}],"version-history":[{"count":1,"href":"https:\/\/hudo.com\/si\/wp-json\/wp\/v2\/posts\/201708\/revisions"}],"predecessor-version":[{"id":201801,"href":"https:\/\/hudo.com\/si\/wp-json\/wp\/v2\/posts\/201708\/revisions\/201801"}],"wp:attachment":[{"href":"https:\/\/hudo.com\/si\/wp-json\/wp\/v2\/media?parent=201708"}],"wp:term":[{"taxonomy":"category","embeddable":true,"href":"https:\/\/hudo.com\/si\/wp-json\/wp\/v2\/categories?post=201708"},{"taxonomy":"post_tag","embeddable":true,"href":"https:\/\/hudo.com\/si\/wp-json\/wp\/v2\/tags?post=201708"},{"taxonomy":"source","embeddable":true,"href":"https:\/\/hudo.com\/si\/wp-json\/wp\/v2\/source?post=201708"},{"taxonomy":"supertag","embeddable":true,"href":"https:\/\/hudo.com\/si\/wp-json\/wp\/v2\/supertag?post=201708"}],"curies":[{"name":"wp","href":"https:\/\/api.w.org\/{rel}","templated":true}]}}