{"id":201732,"date":"2017-01-30T16:25:00","date_gmt":"2017-01-30T15:25:00","guid":{"rendered":"http:\/\/hudo.com\/si\/2017\/01\/30\/k-ministrici-konec-tedna\/"},"modified":"2017-01-30T22:51:23","modified_gmt":"2017-01-30T21:51:23","slug":"k-ministrici-konec-tedna","status":"publish","type":"post","link":"https:\/\/hudo.com\/si\/aktualno\/k-ministrici-konec-tedna\/","title":{"rendered":"K ministrici konec tedna"},"content":{"rendered":"<p>Ve\u010d mesecev \u010dakanja je bilo treba, da so Ptuj\u010dani dobili termin za sre\u010danje z ministrico za zdravje, a kaj, ko je bil te\u017eko pri\u010dakovani sestanek zadnji delovni dan v preteklem tednu preklican zaradi drugih neodlo\u017eljivih obveznosti Milojke Kolar Celarc. Ministrica naj bi se s ptujskim \u017eupanom Miranom Sen\u010darjem, Andrejem Levani\u010dem, direktorjem bolni\u0161nice, in Sonjo \u017dibrat, predsednico sveta zavoda, sre\u010dala konec tega tedna, kar se zdi Ptuj\u010danom skrajni rok za pogovor o za\u010detku gradnje urgentnega centra na Ptuju. Da ga spodnje Podravje potrebuje in je \u0161koda vsakega izgubljenega dne, ko bolniki \u0161e niso dele\u017eni obravnave v sodobno urejenih prostorih, opozarja Borut Kostanjevec, predstojnik kirurgije. \u017dupan Sen\u010dar pa, da je bilo ve\u010d mesece \u010dakanja dovolj in zdaj pri\u010dakujejo, da bo ministrstvo potegnilo konkretne poteze in se bo gradnja naposled za\u010dela. \u010ce ne, se zdi vse bolj verjetna napoved Antona Leskovarja, \u017eupana Kidri\u010devega, ki je \u017ee preteklo jesen napovedoval &#8220;ljudski upor&#8221; pred ministrstvom, \u010de to kon\u010dno ne bo prepoznalo nujnosti gradnje. Da morajo Ptuj\u010dani za to zagotoviti dobrih 600 tiso\u010d evrov, smo poro\u010dali \u017ee ve\u010dkrat, zdaj je sli\u0161ati, da je treba dogovor o prodaji bolni\u0161ni\u010dnega zemlji\u0161\u010da domu upokojencev samo \u0161e podpisati. To pa tudi pomeni, da ovir za za\u010detek gradnje urgentnega centra na Ptuju ni ve\u010d. Vsaj ne na lokalni ravni. (ps)Podravje<\/p>\n","protected":false},"excerpt":{"rendered":"<p>Ve\u010d mesecev \u010dakanja je bilo treba, da so Ptuj\u010dani dobili termin za sre\u010danje z ministrico za zdravje, a kaj, ko je bil te\u017eko pri\u010dakovani sestanek zadnji delovni dan v preteklem tednu preklican zaradi drugih neodlo\u017eljivih obveznosti Milojke Kolar Celarc. Ministrica naj bi se s ptujskim \u017eupanom Miranom Sen\u010darjem, Andrejem Levani\u010dem, direktorjem bolni\u0161nice, in Sonjo \u017dibrat, predsednico sveta zavoda, sre\u010dala konec tega tedna, kar se zdi Ptuj\u010danom skrajni rok za pogovor o za\u010detku gradnje urgentnega centra na Ptuju. Da ga spodnje Podravje potrebuje in je \u0161koda vsakega izgubljenega dne, ko bolniki \u0161e niso dele\u017eni obravnave v sodobno urejenih prostorih, opozarja Borut Kostanjevec, predstojnik kirurgije. \u017dupan Sen\u010dar pa, da je bilo ve\u010d mesece \u010dakanja dovolj in zdaj pri\u010dakujejo, da bo ministrstvo potegnilo konkretne poteze in se bo gradnja naposled za\u010dela. \u010ce ne, se zdi vse bolj verjetna napoved Antona Leskovarja, \u017eupana Kidri\u010devega, ki je \u017ee preteklo jesen napovedoval &#8220;ljudski upor&#8221; pred ministrstvom, \u010de to kon\u010dno ne bo prepoznalo nujnosti gradnje. Da morajo Ptuj\u010dani za to zagotoviti dobrih 600 tiso\u010d evrov, smo poro\u010dali \u017ee ve\u010dkrat, zdaj je sli\u0161ati, da je treba dogovor o prodaji bolni\u0161ni\u010dnega zemlji\u0161\u010da domu upokojencev samo \u0161e podpisati. To pa tudi pomeni, da ovir za za\u010detek gradnje urgentnega centra na Ptuju ni ve\u010d. Vsaj ne na lokalni ravni. (ps)Podravje<\/p>\n","protected":false},"author":1,"featured_media":0,"comment_status":"closed","ping_status":"closed","sticky":false,"template":"","format":"standard","meta":{"footnotes":""},"categories":[1179],"tags":[],"source":[1711],"supertag":[],"acf":[],"yoast_head":"<!-- This site is optimized with the Yoast SEO plugin v21.3 - https:\/\/yoast.com\/wordpress\/plugins\/seo\/ -->\n<title>K ministrici konec tedna - Hudo Slovenija<\/title>\n<meta name=\"robots\" content=\"index, follow, max-snippet:-1, max-image-preview:large, max-video-preview:-1\" \/>\n<link rel=\"canonical\" href=\"https:\/\/hudo.com\/si\/aktualno\/k-ministrici-konec-tedna\/\" \/>\n<meta property=\"og:locale\" content=\"sl_SI\" \/>\n<meta property=\"og:type\" content=\"article\" \/>\n<meta property=\"og:title\" content=\"K ministrici konec tedna - Hudo Slovenija\" \/>\n<meta property=\"og:description\" content=\"Ve\u010d mesecev \u010dakanja je bilo treba, da so Ptuj\u010dani dobili termin za sre\u010danje z ministrico za zdravje, a kaj, ko je bil te\u017eko pri\u010dakovani sestanek zadnji delovni dan v preteklem tednu preklican zaradi drugih neodlo\u017eljivih obveznosti Milojke Kolar Celarc. Ministrica naj bi se s ptujskim \u017eupanom Miranom Sen\u010darjem, Andrejem Levani\u010dem, direktorjem bolni\u0161nice, in Sonjo \u017dibrat, predsednico sveta zavoda, sre\u010dala konec tega tedna, kar se zdi Ptuj\u010danom skrajni rok za pogovor o za\u010detku gradnje urgentnega centra na Ptuju. Da ga spodnje Podravje potrebuje in je \u0161koda vsakega izgubljenega dne, ko bolniki \u0161e niso dele\u017eni obravnave v sodobno urejenih prostorih, opozarja Borut Kostanjevec, predstojnik kirurgije. \u017dupan Sen\u010dar pa, da je bilo ve\u010d mesece \u010dakanja dovolj in zdaj pri\u010dakujejo, da bo ministrstvo potegnilo konkretne poteze in se bo gradnja naposled za\u010dela. \u010ce ne, se zdi vse bolj verjetna napoved Antona Leskovarja, \u017eupana Kidri\u010devega, ki je \u017ee preteklo jesen napovedoval &quot;ljudski upor&quot; pred ministrstvom, \u010de to kon\u010dno ne bo prepoznalo nujnosti gradnje. Da morajo Ptuj\u010dani za to zagotoviti dobrih 600 tiso\u010d evrov, smo poro\u010dali \u017ee ve\u010dkrat, zdaj je sli\u0161ati, da je treba dogovor o prodaji bolni\u0161ni\u010dnega zemlji\u0161\u010da domu upokojencev samo \u0161e podpisati. To pa tudi pomeni, da ovir za za\u010detek gradnje urgentnega centra na Ptuju ni ve\u010d. Vsaj ne na lokalni ravni. (ps)Podravje\" \/>\n<meta property=\"og:url\" content=\"https:\/\/hudo.com\/si\/aktualno\/k-ministrici-konec-tedna\/\" \/>\n<meta property=\"og:site_name\" content=\"Hudo Slovenija\" \/>\n<meta property=\"article:publisher\" content=\"https:\/\/www.facebook.com\/hudo.si\" \/>\n<meta property=\"article:published_time\" content=\"2017-01-30T15:25:00+00:00\" \/>\n<meta property=\"article:modified_time\" content=\"2017-01-30T21:51:23+00:00\" \/>\n<meta property=\"og:image\" content=\"https:\/\/hudo.com\/si\/wp-content\/uploads\/sites\/2\/2017\/01\/PTUJ04-300-1.jpg\" \/>\n\t<meta property=\"og:image:width\" content=\"450\" \/>\n\t<meta property=\"og:image:height\" content=\"337\" \/>\n\t<meta property=\"og:image:type\" content=\"image\/jpeg\" \/>\n<meta name=\"author\" content=\"hudo\" \/>\n<meta name=\"twitter:card\" content=\"summary_large_image\" \/>\n<meta name=\"twitter:creator\" content=\"@hudo_si\" \/>\n<meta name=\"twitter:site\" content=\"@hudo_si\" \/>\n<meta name=\"twitter:label1\" content=\"Written by\" \/>\n\t<meta name=\"twitter:data1\" content=\"hudo\" \/>\n\t<meta name=\"twitter:label2\" content=\"Est. reading time\" \/>\n\t<meta name=\"twitter:data2\" content=\"1 minuta\" \/>\n<script type=\"application\/ld+json\" class=\"yoast-schema-graph\">{\"@context\":\"https:\/\/schema.org\",\"@graph\":[{\"@type\":\"Article\",\"@id\":\"https:\/\/hudo.com\/si\/aktualno\/k-ministrici-konec-tedna\/#article\",\"isPartOf\":{\"@id\":\"https:\/\/hudo.com\/si\/aktualno\/k-ministrici-konec-tedna\/\"},\"author\":{\"name\":\"hudo\",\"@id\":\"https:\/\/hudo.com\/si\/#\/schema\/person\/601cf3379633985b20f7e50f2bb47707\"},\"headline\":\"K ministrici konec tedna\",\"datePublished\":\"2017-01-30T15:25:00+00:00\",\"dateModified\":\"2017-01-30T21:51:23+00:00\",\"mainEntityOfPage\":{\"@id\":\"https:\/\/hudo.com\/si\/aktualno\/k-ministrici-konec-tedna\/\"},\"wordCount\":238,\"publisher\":{\"@id\":\"https:\/\/hudo.com\/si\/#organization\"},\"articleSection\":[\"Aktualno\"],\"inLanguage\":\"sl-SI\"},{\"@type\":\"WebPage\",\"@id\":\"https:\/\/hudo.com\/si\/aktualno\/k-ministrici-konec-tedna\/\",\"url\":\"https:\/\/hudo.com\/si\/aktualno\/k-ministrici-konec-tedna\/\",\"name\":\"K ministrici konec tedna - Hudo Slovenija\",\"isPartOf\":{\"@id\":\"https:\/\/hudo.com\/si\/#website\"},\"datePublished\":\"2017-01-30T15:25:00+00:00\",\"dateModified\":\"2017-01-30T21:51:23+00:00\",\"breadcrumb\":{\"@id\":\"https:\/\/hudo.com\/si\/aktualno\/k-ministrici-konec-tedna\/#breadcrumb\"},\"inLanguage\":\"sl-SI\",\"potentialAction\":[{\"@type\":\"ReadAction\",\"target\":[\"https:\/\/hudo.com\/si\/aktualno\/k-ministrici-konec-tedna\/\"]}]},{\"@type\":\"BreadcrumbList\",\"@id\":\"https:\/\/hudo.com\/si\/aktualno\/k-ministrici-konec-tedna\/#breadcrumb\",\"itemListElement\":[{\"@type\":\"ListItem\",\"position\":1,\"name\":\"Home\",\"item\":\"https:\/\/hudo.com\/si\/\"},{\"@type\":\"ListItem\",\"position\":2,\"name\":\"K ministrici konec tedna\"}]},{\"@type\":\"WebSite\",\"@id\":\"https:\/\/hudo.com\/si\/#website\",\"url\":\"https:\/\/hudo.com\/si\/\",\"name\":\"Hudo Slovenija\",\"description\":\"Vse novice iz Slovenije in sveta\",\"publisher\":{\"@id\":\"https:\/\/hudo.com\/si\/#organization\"},\"potentialAction\":[{\"@type\":\"SearchAction\",\"target\":{\"@type\":\"EntryPoint\",\"urlTemplate\":\"https:\/\/hudo.com\/si\/?s={search_term_string}\"},\"query-input\":\"required name=search_term_string\"}],\"inLanguage\":\"sl-SI\"},{\"@type\":\"Organization\",\"@id\":\"https:\/\/hudo.com\/si\/#organization\",\"name\":\"VSN Media\",\"url\":\"https:\/\/hudo.com\/si\/\",\"logo\":{\"@type\":\"ImageObject\",\"inLanguage\":\"sl-SI\",\"@id\":\"https:\/\/hudo.com\/si\/#\/schema\/logo\/image\/\",\"url\":\"https:\/\/hudo.com\/si\/wp-content\/uploads\/sites\/2\/2021\/03\/hudo-app-2.png\",\"contentUrl\":\"https:\/\/hudo.com\/si\/wp-content\/uploads\/sites\/2\/2021\/03\/hudo-app-2.png\",\"width\":2185,\"height\":2167,\"caption\":\"VSN Media\"},\"image\":{\"@id\":\"https:\/\/hudo.com\/si\/#\/schema\/logo\/image\/\"},\"sameAs\":[\"https:\/\/www.facebook.com\/hudo.si\",\"https:\/\/twitter.com\/hudo_si\"]},{\"@type\":\"Person\",\"@id\":\"https:\/\/hudo.com\/si\/#\/schema\/person\/601cf3379633985b20f7e50f2bb47707\",\"name\":\"hudo\",\"image\":{\"@type\":\"ImageObject\",\"inLanguage\":\"sl-SI\",\"@id\":\"https:\/\/hudo.com\/si\/#\/schema\/person\/image\/\",\"url\":\"https:\/\/secure.gravatar.com\/avatar\/c4ca25fa72cace7a696b52ff5db9e095?s=96&d=mm&r=g\",\"contentUrl\":\"https:\/\/secure.gravatar.com\/avatar\/c4ca25fa72cace7a696b52ff5db9e095?s=96&d=mm&r=g\",\"caption\":\"hudo\"},\"url\":\"https:\/\/hudo.com\/si\/author\/hudo\/\"}]}<\/script>\n<!-- \/ Yoast SEO plugin. -->","yoast_head_json":{"title":"K ministrici konec tedna - Hudo Slovenija","robots":{"index":"index","follow":"follow","max-snippet":"max-snippet:-1","max-image-preview":"max-image-preview:large","max-video-preview":"max-video-preview:-1"},"canonical":"https:\/\/hudo.com\/si\/aktualno\/k-ministrici-konec-tedna\/","og_locale":"sl_SI","og_type":"article","og_title":"K ministrici konec tedna - Hudo Slovenija","og_description":"Ve\u010d mesecev \u010dakanja je bilo treba, da so Ptuj\u010dani dobili termin za sre\u010danje z ministrico za zdravje, a kaj, ko je bil te\u017eko pri\u010dakovani sestanek zadnji delovni dan v preteklem tednu preklican zaradi drugih neodlo\u017eljivih obveznosti Milojke Kolar Celarc. Ministrica naj bi se s ptujskim \u017eupanom Miranom Sen\u010darjem, Andrejem Levani\u010dem, direktorjem bolni\u0161nice, in Sonjo \u017dibrat, predsednico sveta zavoda, sre\u010dala konec tega tedna, kar se zdi Ptuj\u010danom skrajni rok za pogovor o za\u010detku gradnje urgentnega centra na Ptuju. Da ga spodnje Podravje potrebuje in je \u0161koda vsakega izgubljenega dne, ko bolniki \u0161e niso dele\u017eni obravnave v sodobno urejenih prostorih, opozarja Borut Kostanjevec, predstojnik kirurgije. \u017dupan Sen\u010dar pa, da je bilo ve\u010d mesece \u010dakanja dovolj in zdaj pri\u010dakujejo, da bo ministrstvo potegnilo konkretne poteze in se bo gradnja naposled za\u010dela. \u010ce ne, se zdi vse bolj verjetna napoved Antona Leskovarja, \u017eupana Kidri\u010devega, ki je \u017ee preteklo jesen napovedoval \"ljudski upor\" pred ministrstvom, \u010de to kon\u010dno ne bo prepoznalo nujnosti gradnje. Da morajo Ptuj\u010dani za to zagotoviti dobrih 600 tiso\u010d evrov, smo poro\u010dali \u017ee ve\u010dkrat, zdaj je sli\u0161ati, da je treba dogovor o prodaji bolni\u0161ni\u010dnega zemlji\u0161\u010da domu upokojencev samo \u0161e podpisati. To pa tudi pomeni, da ovir za za\u010detek gradnje urgentnega centra na Ptuju ni ve\u010d. Vsaj ne na lokalni ravni. (ps)Podravje","og_url":"https:\/\/hudo.com\/si\/aktualno\/k-ministrici-konec-tedna\/","og_site_name":"Hudo Slovenija","article_publisher":"https:\/\/www.facebook.com\/hudo.si","article_published_time":"2017-01-30T15:25:00+00:00","article_modified_time":"2017-01-30T21:51:23+00:00","og_image":[{"width":450,"height":337,"url":"https:\/\/hudo.com\/si\/wp-content\/uploads\/sites\/2\/2017\/01\/PTUJ04-300-1.jpg","type":"image\/jpeg"}],"author":"hudo","twitter_card":"summary_large_image","twitter_creator":"@hudo_si","twitter_site":"@hudo_si","twitter_misc":{"Written by":"hudo","Est. reading time":"1 minuta"},"schema":{"@context":"https:\/\/schema.org","@graph":[{"@type":"Article","@id":"https:\/\/hudo.com\/si\/aktualno\/k-ministrici-konec-tedna\/#article","isPartOf":{"@id":"https:\/\/hudo.com\/si\/aktualno\/k-ministrici-konec-tedna\/"},"author":{"name":"hudo","@id":"https:\/\/hudo.com\/si\/#\/schema\/person\/601cf3379633985b20f7e50f2bb47707"},"headline":"K ministrici konec tedna","datePublished":"2017-01-30T15:25:00+00:00","dateModified":"2017-01-30T21:51:23+00:00","mainEntityOfPage":{"@id":"https:\/\/hudo.com\/si\/aktualno\/k-ministrici-konec-tedna\/"},"wordCount":238,"publisher":{"@id":"https:\/\/hudo.com\/si\/#organization"},"articleSection":["Aktualno"],"inLanguage":"sl-SI"},{"@type":"WebPage","@id":"https:\/\/hudo.com\/si\/aktualno\/k-ministrici-konec-tedna\/","url":"https:\/\/hudo.com\/si\/aktualno\/k-ministrici-konec-tedna\/","name":"K ministrici konec tedna - Hudo Slovenija","isPartOf":{"@id":"https:\/\/hudo.com\/si\/#website"},"datePublished":"2017-01-30T15:25:00+00:00","dateModified":"2017-01-30T21:51:23+00:00","breadcrumb":{"@id":"https:\/\/hudo.com\/si\/aktualno\/k-ministrici-konec-tedna\/#breadcrumb"},"inLanguage":"sl-SI","potentialAction":[{"@type":"ReadAction","target":["https:\/\/hudo.com\/si\/aktualno\/k-ministrici-konec-tedna\/"]}]},{"@type":"BreadcrumbList","@id":"https:\/\/hudo.com\/si\/aktualno\/k-ministrici-konec-tedna\/#breadcrumb","itemListElement":[{"@type":"ListItem","position":1,"name":"Home","item":"https:\/\/hudo.com\/si\/"},{"@type":"ListItem","position":2,"name":"K ministrici konec tedna"}]},{"@type":"WebSite","@id":"https:\/\/hudo.com\/si\/#website","url":"https:\/\/hudo.com\/si\/","name":"Hudo Slovenija","description":"Vse novice iz Slovenije in sveta","publisher":{"@id":"https:\/\/hudo.com\/si\/#organization"},"potentialAction":[{"@type":"SearchAction","target":{"@type":"EntryPoint","urlTemplate":"https:\/\/hudo.com\/si\/?s={search_term_string}"},"query-input":"required name=search_term_string"}],"inLanguage":"sl-SI"},{"@type":"Organization","@id":"https:\/\/hudo.com\/si\/#organization","name":"VSN Media","url":"https:\/\/hudo.com\/si\/","logo":{"@type":"ImageObject","inLanguage":"sl-SI","@id":"https:\/\/hudo.com\/si\/#\/schema\/logo\/image\/","url":"https:\/\/hudo.com\/si\/wp-content\/uploads\/sites\/2\/2021\/03\/hudo-app-2.png","contentUrl":"https:\/\/hudo.com\/si\/wp-content\/uploads\/sites\/2\/2021\/03\/hudo-app-2.png","width":2185,"height":2167,"caption":"VSN Media"},"image":{"@id":"https:\/\/hudo.com\/si\/#\/schema\/logo\/image\/"},"sameAs":["https:\/\/www.facebook.com\/hudo.si","https:\/\/twitter.com\/hudo_si"]},{"@type":"Person","@id":"https:\/\/hudo.com\/si\/#\/schema\/person\/601cf3379633985b20f7e50f2bb47707","name":"hudo","image":{"@type":"ImageObject","inLanguage":"sl-SI","@id":"https:\/\/hudo.com\/si\/#\/schema\/person\/image\/","url":"https:\/\/secure.gravatar.com\/avatar\/c4ca25fa72cace7a696b52ff5db9e095?s=96&d=mm&r=g","contentUrl":"https:\/\/secure.gravatar.com\/avatar\/c4ca25fa72cace7a696b52ff5db9e095?s=96&d=mm&r=g","caption":"hudo"},"url":"https:\/\/hudo.com\/si\/author\/hudo\/"}]}},"amp_enabled":true,"_links":{"self":[{"href":"https:\/\/hudo.com\/si\/wp-json\/wp\/v2\/posts\/201732"}],"collection":[{"href":"https:\/\/hudo.com\/si\/wp-json\/wp\/v2\/posts"}],"about":[{"href":"https:\/\/hudo.com\/si\/wp-json\/wp\/v2\/types\/post"}],"author":[{"embeddable":true,"href":"https:\/\/hudo.com\/si\/wp-json\/wp\/v2\/users\/1"}],"replies":[{"embeddable":true,"href":"https:\/\/hudo.com\/si\/wp-json\/wp\/v2\/comments?post=201732"}],"version-history":[{"count":1,"href":"https:\/\/hudo.com\/si\/wp-json\/wp\/v2\/posts\/201732\/revisions"}],"predecessor-version":[{"id":201815,"href":"https:\/\/hudo.com\/si\/wp-json\/wp\/v2\/posts\/201732\/revisions\/201815"}],"wp:attachment":[{"href":"https:\/\/hudo.com\/si\/wp-json\/wp\/v2\/media?parent=201732"}],"wp:term":[{"taxonomy":"category","embeddable":true,"href":"https:\/\/hudo.com\/si\/wp-json\/wp\/v2\/categories?post=201732"},{"taxonomy":"post_tag","embeddable":true,"href":"https:\/\/hudo.com\/si\/wp-json\/wp\/v2\/tags?post=201732"},{"taxonomy":"source","embeddable":true,"href":"https:\/\/hudo.com\/si\/wp-json\/wp\/v2\/source?post=201732"},{"taxonomy":"supertag","embeddable":true,"href":"https:\/\/hudo.com\/si\/wp-json\/wp\/v2\/supertag?post=201732"}],"curies":[{"name":"wp","href":"https:\/\/api.w.org\/{rel}","templated":true}]}}