{"id":201741,"date":"2017-01-30T15:57:00","date_gmt":"2017-01-30T14:57:00","guid":{"rendered":"http:\/\/hudo.com\/si\/2017\/01\/30\/v-turciji-se-je-zacel-najvecji-sodni-proces-v-zgodovini\/"},"modified":"2017-01-30T15:57:00","modified_gmt":"2017-01-30T14:57:00","slug":"v-turciji-se-je-zacel-najvecji-sodni-proces-v-zgodovini","status":"publish","type":"post","link":"https:\/\/hudo.com\/si\/aktualno\/v-turciji-se-je-zacel-najvecji-sodni-proces-v-zgodovini\/","title":{"rendered":"V Tur\u010diji se je za\u010del najve\u010dji sodni proces v zgodovini"},"content":{"rendered":"<p>Kategorija: Evropa Mon, 30 Jan 2017 16:57:00 +0100  V Tur\u010diji se je danes za\u010del najve\u010dji sodni proces v zgodovini. Povezan je s spodletelim voja\u0161kim udarom lani poleti. Sojenje poteka proti 270 obto\u017eenim, med njimi nekaj najve\u010djih voja\u0161kih \u010dastnikov, pa tudi vplivnega klerika Fethullaha G\u00fclena, ki naj bi po trditvah oblasti stal za voja\u0161kim udarom. Tako kot \u0161tevilnim drugim bodo tudi G\u00fclenu \u2013 Tur\u010dija od ZDA \u0161e vedno pri\u010dakuje njegovo izro\u010ditev \u2013 sodili v odsotnosti. Po podatkih francoske tiskovne agencije AFP je v priporu 152 od 270 obto\u017eenih. Bremeni jih ve\u010d to\u010dk obto\u017enice, med drugim tudi domnevno \u010dlanstvo v oboro\u017eeni teroristi\u010dni skupini, onemogo\u010danje dela parlamentu in pa poskusa ru\u0161enja ustavnega reda. \u00a0 Grozi jim dosmrtna zaporna kazen, sojenje pa naj bi trajalo okoli dva meseca. Poteka v mestu Izmir, ki je bilo, kot trdi Ankara, glavna logisti\u010dna baza pu\u010distov. Za potrebe\u00a0&#8230;<\/p>\n","protected":false},"excerpt":{"rendered":"<p>Kategorija: Evropa Mon, 30 Jan 2017 16:57:00 +0100  V Tur\u010diji se je danes za\u010del najve\u010dji sodni proces v zgodovini. Povezan je s spodletelim voja\u0161kim udarom lani poleti. Sojenje poteka proti 270 obto\u017eenim, med njimi nekaj najve\u010djih voja\u0161kih \u010dastnikov, pa tudi vplivnega klerika Fethullaha G\u00fclena, ki naj bi po trditvah oblasti stal za voja\u0161kim udarom. Tako kot \u0161tevilnim drugim bodo tudi G\u00fclenu \u2013 Tur\u010dija od ZDA \u0161e vedno pri\u010dakuje njegovo izro\u010ditev \u2013 sodili v odsotnosti. Po podatkih francoske tiskovne agencije AFP je v priporu 152 od 270 obto\u017eenih. Bremeni jih ve\u010d to\u010dk obto\u017enice, med drugim tudi domnevno \u010dlanstvo v oboro\u017eeni teroristi\u010dni skupini, onemogo\u010danje dela parlamentu in pa poskusa ru\u0161enja ustavnega reda. \u00a0 Grozi jim dosmrtna zaporna kazen, sojenje pa naj bi trajalo okoli dva meseca. Poteka v mestu Izmir, ki je bilo, kot trdi Ankara, glavna logisti\u010dna baza pu\u010distov. Za potrebe\u00a0&#8230;<\/p>\n","protected":false},"author":1,"featured_media":0,"comment_status":"closed","ping_status":"closed","sticky":false,"template":"","format":"standard","meta":{"footnotes":""},"categories":[1179],"tags":[],"source":[1703],"supertag":[],"acf":[],"yoast_head":"<!-- This site is optimized with the Yoast SEO plugin v21.3 - https:\/\/yoast.com\/wordpress\/plugins\/seo\/ -->\n<title>V Tur\u010diji se je za\u010del najve\u010dji sodni proces v zgodovini - Hudo Slovenija<\/title>\n<meta name=\"robots\" content=\"index, follow, max-snippet:-1, max-image-preview:large, max-video-preview:-1\" \/>\n<link rel=\"canonical\" href=\"https:\/\/hudo.com\/si\/aktualno\/v-turciji-se-je-zacel-najvecji-sodni-proces-v-zgodovini\/\" \/>\n<meta property=\"og:locale\" content=\"sl_SI\" \/>\n<meta property=\"og:type\" content=\"article\" \/>\n<meta property=\"og:title\" content=\"V Tur\u010diji se je za\u010del najve\u010dji sodni proces v zgodovini - Hudo Slovenija\" \/>\n<meta property=\"og:description\" content=\"Kategorija: Evropa Mon, 30 Jan 2017 16:57:00 +0100 V Tur\u010diji se je danes za\u010del najve\u010dji sodni proces v zgodovini. Povezan je s spodletelim voja\u0161kim udarom lani poleti. Sojenje poteka proti 270 obto\u017eenim, med njimi nekaj najve\u010djih voja\u0161kih \u010dastnikov, pa tudi vplivnega klerika Fethullaha G\u00fclena, ki naj bi po trditvah oblasti stal za voja\u0161kim udarom. Tako kot \u0161tevilnim drugim bodo tudi G\u00fclenu \u2013 Tur\u010dija od ZDA \u0161e vedno pri\u010dakuje njegovo izro\u010ditev \u2013 sodili v odsotnosti. Po podatkih francoske tiskovne agencije AFP je v priporu 152 od 270 obto\u017eenih. Bremeni jih ve\u010d to\u010dk obto\u017enice, med drugim tudi domnevno \u010dlanstvo v oboro\u017eeni teroristi\u010dni skupini, onemogo\u010danje dela parlamentu in pa poskusa ru\u0161enja ustavnega reda. \u00a0 Grozi jim dosmrtna zaporna kazen, sojenje pa naj bi trajalo okoli dva meseca. Poteka v mestu Izmir, ki je bilo, kot trdi Ankara, glavna logisti\u010dna baza pu\u010distov. Za potrebe\u00a0...\" \/>\n<meta property=\"og:url\" content=\"https:\/\/hudo.com\/si\/aktualno\/v-turciji-se-je-zacel-najvecji-sodni-proces-v-zgodovini\/\" \/>\n<meta property=\"og:site_name\" content=\"Hudo Slovenija\" \/>\n<meta property=\"article:publisher\" content=\"https:\/\/www.facebook.com\/hudo.si\" \/>\n<meta property=\"article:published_time\" content=\"2017-01-30T14:57:00+00:00\" \/>\n<meta property=\"og:image\" content=\"https:\/\/hudo.com\/si\/wp-content\/uploads\/sites\/2\/2017\/01\/480x290_Reuters_Pictures-20170127175520-11475400.jpeg\" \/>\n\t<meta property=\"og:image:width\" content=\"480\" \/>\n\t<meta property=\"og:image:height\" content=\"290\" \/>\n\t<meta property=\"og:image:type\" content=\"image\/jpeg\" \/>\n<meta name=\"author\" content=\"hudo\" \/>\n<meta name=\"twitter:card\" content=\"summary_large_image\" \/>\n<meta name=\"twitter:creator\" content=\"@hudo_si\" \/>\n<meta name=\"twitter:site\" content=\"@hudo_si\" \/>\n<meta name=\"twitter:label1\" content=\"Written by\" \/>\n\t<meta name=\"twitter:data1\" content=\"hudo\" \/>\n\t<meta name=\"twitter:label2\" content=\"Est. reading time\" \/>\n\t<meta name=\"twitter:data2\" content=\"1 minuta\" \/>\n<script type=\"application\/ld+json\" class=\"yoast-schema-graph\">{\"@context\":\"https:\/\/schema.org\",\"@graph\":[{\"@type\":\"Article\",\"@id\":\"https:\/\/hudo.com\/si\/aktualno\/v-turciji-se-je-zacel-najvecji-sodni-proces-v-zgodovini\/#article\",\"isPartOf\":{\"@id\":\"https:\/\/hudo.com\/si\/aktualno\/v-turciji-se-je-zacel-najvecji-sodni-proces-v-zgodovini\/\"},\"author\":{\"name\":\"hudo\",\"@id\":\"https:\/\/hudo.com\/si\/#\/schema\/person\/601cf3379633985b20f7e50f2bb47707\"},\"headline\":\"V Tur\u010diji se je za\u010del najve\u010dji sodni proces v zgodovini\",\"datePublished\":\"2017-01-30T14:57:00+00:00\",\"dateModified\":\"2017-01-30T14:57:00+00:00\",\"mainEntityOfPage\":{\"@id\":\"https:\/\/hudo.com\/si\/aktualno\/v-turciji-se-je-zacel-najvecji-sodni-proces-v-zgodovini\/\"},\"wordCount\":165,\"publisher\":{\"@id\":\"https:\/\/hudo.com\/si\/#organization\"},\"articleSection\":[\"Aktualno\"],\"inLanguage\":\"sl-SI\"},{\"@type\":\"WebPage\",\"@id\":\"https:\/\/hudo.com\/si\/aktualno\/v-turciji-se-je-zacel-najvecji-sodni-proces-v-zgodovini\/\",\"url\":\"https:\/\/hudo.com\/si\/aktualno\/v-turciji-se-je-zacel-najvecji-sodni-proces-v-zgodovini\/\",\"name\":\"V Tur\u010diji se je za\u010del najve\u010dji sodni proces v zgodovini - Hudo Slovenija\",\"isPartOf\":{\"@id\":\"https:\/\/hudo.com\/si\/#website\"},\"datePublished\":\"2017-01-30T14:57:00+00:00\",\"dateModified\":\"2017-01-30T14:57:00+00:00\",\"breadcrumb\":{\"@id\":\"https:\/\/hudo.com\/si\/aktualno\/v-turciji-se-je-zacel-najvecji-sodni-proces-v-zgodovini\/#breadcrumb\"},\"inLanguage\":\"sl-SI\",\"potentialAction\":[{\"@type\":\"ReadAction\",\"target\":[\"https:\/\/hudo.com\/si\/aktualno\/v-turciji-se-je-zacel-najvecji-sodni-proces-v-zgodovini\/\"]}]},{\"@type\":\"BreadcrumbList\",\"@id\":\"https:\/\/hudo.com\/si\/aktualno\/v-turciji-se-je-zacel-najvecji-sodni-proces-v-zgodovini\/#breadcrumb\",\"itemListElement\":[{\"@type\":\"ListItem\",\"position\":1,\"name\":\"Home\",\"item\":\"https:\/\/hudo.com\/si\/\"},{\"@type\":\"ListItem\",\"position\":2,\"name\":\"V Tur\u010diji se je za\u010del najve\u010dji sodni proces v zgodovini\"}]},{\"@type\":\"WebSite\",\"@id\":\"https:\/\/hudo.com\/si\/#website\",\"url\":\"https:\/\/hudo.com\/si\/\",\"name\":\"Hudo Slovenija\",\"description\":\"Vse novice iz Slovenije in sveta\",\"publisher\":{\"@id\":\"https:\/\/hudo.com\/si\/#organization\"},\"potentialAction\":[{\"@type\":\"SearchAction\",\"target\":{\"@type\":\"EntryPoint\",\"urlTemplate\":\"https:\/\/hudo.com\/si\/?s={search_term_string}\"},\"query-input\":\"required name=search_term_string\"}],\"inLanguage\":\"sl-SI\"},{\"@type\":\"Organization\",\"@id\":\"https:\/\/hudo.com\/si\/#organization\",\"name\":\"VSN Media\",\"url\":\"https:\/\/hudo.com\/si\/\",\"logo\":{\"@type\":\"ImageObject\",\"inLanguage\":\"sl-SI\",\"@id\":\"https:\/\/hudo.com\/si\/#\/schema\/logo\/image\/\",\"url\":\"https:\/\/hudo.com\/si\/wp-content\/uploads\/sites\/2\/2021\/03\/hudo-app-2.png\",\"contentUrl\":\"https:\/\/hudo.com\/si\/wp-content\/uploads\/sites\/2\/2021\/03\/hudo-app-2.png\",\"width\":2185,\"height\":2167,\"caption\":\"VSN Media\"},\"image\":{\"@id\":\"https:\/\/hudo.com\/si\/#\/schema\/logo\/image\/\"},\"sameAs\":[\"https:\/\/www.facebook.com\/hudo.si\",\"https:\/\/twitter.com\/hudo_si\"]},{\"@type\":\"Person\",\"@id\":\"https:\/\/hudo.com\/si\/#\/schema\/person\/601cf3379633985b20f7e50f2bb47707\",\"name\":\"hudo\",\"image\":{\"@type\":\"ImageObject\",\"inLanguage\":\"sl-SI\",\"@id\":\"https:\/\/hudo.com\/si\/#\/schema\/person\/image\/\",\"url\":\"https:\/\/secure.gravatar.com\/avatar\/c4ca25fa72cace7a696b52ff5db9e095?s=96&d=mm&r=g\",\"contentUrl\":\"https:\/\/secure.gravatar.com\/avatar\/c4ca25fa72cace7a696b52ff5db9e095?s=96&d=mm&r=g\",\"caption\":\"hudo\"},\"url\":\"https:\/\/hudo.com\/si\/author\/hudo\/\"}]}<\/script>\n<!-- \/ Yoast SEO plugin. -->","yoast_head_json":{"title":"V Tur\u010diji se je za\u010del najve\u010dji sodni proces v zgodovini - Hudo Slovenija","robots":{"index":"index","follow":"follow","max-snippet":"max-snippet:-1","max-image-preview":"max-image-preview:large","max-video-preview":"max-video-preview:-1"},"canonical":"https:\/\/hudo.com\/si\/aktualno\/v-turciji-se-je-zacel-najvecji-sodni-proces-v-zgodovini\/","og_locale":"sl_SI","og_type":"article","og_title":"V Tur\u010diji se je za\u010del najve\u010dji sodni proces v zgodovini - Hudo Slovenija","og_description":"Kategorija: Evropa Mon, 30 Jan 2017 16:57:00 +0100 V Tur\u010diji se je danes za\u010del najve\u010dji sodni proces v zgodovini. Povezan je s spodletelim voja\u0161kim udarom lani poleti. Sojenje poteka proti 270 obto\u017eenim, med njimi nekaj najve\u010djih voja\u0161kih \u010dastnikov, pa tudi vplivnega klerika Fethullaha G\u00fclena, ki naj bi po trditvah oblasti stal za voja\u0161kim udarom. Tako kot \u0161tevilnim drugim bodo tudi G\u00fclenu \u2013 Tur\u010dija od ZDA \u0161e vedno pri\u010dakuje njegovo izro\u010ditev \u2013 sodili v odsotnosti. Po podatkih francoske tiskovne agencije AFP je v priporu 152 od 270 obto\u017eenih. Bremeni jih ve\u010d to\u010dk obto\u017enice, med drugim tudi domnevno \u010dlanstvo v oboro\u017eeni teroristi\u010dni skupini, onemogo\u010danje dela parlamentu in pa poskusa ru\u0161enja ustavnega reda. \u00a0 Grozi jim dosmrtna zaporna kazen, sojenje pa naj bi trajalo okoli dva meseca. Poteka v mestu Izmir, ki je bilo, kot trdi Ankara, glavna logisti\u010dna baza pu\u010distov. Za potrebe\u00a0...","og_url":"https:\/\/hudo.com\/si\/aktualno\/v-turciji-se-je-zacel-najvecji-sodni-proces-v-zgodovini\/","og_site_name":"Hudo Slovenija","article_publisher":"https:\/\/www.facebook.com\/hudo.si","article_published_time":"2017-01-30T14:57:00+00:00","og_image":[{"width":480,"height":290,"url":"https:\/\/hudo.com\/si\/wp-content\/uploads\/sites\/2\/2017\/01\/480x290_Reuters_Pictures-20170127175520-11475400.jpeg","type":"image\/jpeg"}],"author":"hudo","twitter_card":"summary_large_image","twitter_creator":"@hudo_si","twitter_site":"@hudo_si","twitter_misc":{"Written by":"hudo","Est. reading time":"1 minuta"},"schema":{"@context":"https:\/\/schema.org","@graph":[{"@type":"Article","@id":"https:\/\/hudo.com\/si\/aktualno\/v-turciji-se-je-zacel-najvecji-sodni-proces-v-zgodovini\/#article","isPartOf":{"@id":"https:\/\/hudo.com\/si\/aktualno\/v-turciji-se-je-zacel-najvecji-sodni-proces-v-zgodovini\/"},"author":{"name":"hudo","@id":"https:\/\/hudo.com\/si\/#\/schema\/person\/601cf3379633985b20f7e50f2bb47707"},"headline":"V Tur\u010diji se je za\u010del najve\u010dji sodni proces v zgodovini","datePublished":"2017-01-30T14:57:00+00:00","dateModified":"2017-01-30T14:57:00+00:00","mainEntityOfPage":{"@id":"https:\/\/hudo.com\/si\/aktualno\/v-turciji-se-je-zacel-najvecji-sodni-proces-v-zgodovini\/"},"wordCount":165,"publisher":{"@id":"https:\/\/hudo.com\/si\/#organization"},"articleSection":["Aktualno"],"inLanguage":"sl-SI"},{"@type":"WebPage","@id":"https:\/\/hudo.com\/si\/aktualno\/v-turciji-se-je-zacel-najvecji-sodni-proces-v-zgodovini\/","url":"https:\/\/hudo.com\/si\/aktualno\/v-turciji-se-je-zacel-najvecji-sodni-proces-v-zgodovini\/","name":"V Tur\u010diji se je za\u010del najve\u010dji sodni proces v zgodovini - Hudo Slovenija","isPartOf":{"@id":"https:\/\/hudo.com\/si\/#website"},"datePublished":"2017-01-30T14:57:00+00:00","dateModified":"2017-01-30T14:57:00+00:00","breadcrumb":{"@id":"https:\/\/hudo.com\/si\/aktualno\/v-turciji-se-je-zacel-najvecji-sodni-proces-v-zgodovini\/#breadcrumb"},"inLanguage":"sl-SI","potentialAction":[{"@type":"ReadAction","target":["https:\/\/hudo.com\/si\/aktualno\/v-turciji-se-je-zacel-najvecji-sodni-proces-v-zgodovini\/"]}]},{"@type":"BreadcrumbList","@id":"https:\/\/hudo.com\/si\/aktualno\/v-turciji-se-je-zacel-najvecji-sodni-proces-v-zgodovini\/#breadcrumb","itemListElement":[{"@type":"ListItem","position":1,"name":"Home","item":"https:\/\/hudo.com\/si\/"},{"@type":"ListItem","position":2,"name":"V Tur\u010diji se je za\u010del najve\u010dji sodni proces v zgodovini"}]},{"@type":"WebSite","@id":"https:\/\/hudo.com\/si\/#website","url":"https:\/\/hudo.com\/si\/","name":"Hudo Slovenija","description":"Vse novice iz Slovenije in sveta","publisher":{"@id":"https:\/\/hudo.com\/si\/#organization"},"potentialAction":[{"@type":"SearchAction","target":{"@type":"EntryPoint","urlTemplate":"https:\/\/hudo.com\/si\/?s={search_term_string}"},"query-input":"required name=search_term_string"}],"inLanguage":"sl-SI"},{"@type":"Organization","@id":"https:\/\/hudo.com\/si\/#organization","name":"VSN Media","url":"https:\/\/hudo.com\/si\/","logo":{"@type":"ImageObject","inLanguage":"sl-SI","@id":"https:\/\/hudo.com\/si\/#\/schema\/logo\/image\/","url":"https:\/\/hudo.com\/si\/wp-content\/uploads\/sites\/2\/2021\/03\/hudo-app-2.png","contentUrl":"https:\/\/hudo.com\/si\/wp-content\/uploads\/sites\/2\/2021\/03\/hudo-app-2.png","width":2185,"height":2167,"caption":"VSN Media"},"image":{"@id":"https:\/\/hudo.com\/si\/#\/schema\/logo\/image\/"},"sameAs":["https:\/\/www.facebook.com\/hudo.si","https:\/\/twitter.com\/hudo_si"]},{"@type":"Person","@id":"https:\/\/hudo.com\/si\/#\/schema\/person\/601cf3379633985b20f7e50f2bb47707","name":"hudo","image":{"@type":"ImageObject","inLanguage":"sl-SI","@id":"https:\/\/hudo.com\/si\/#\/schema\/person\/image\/","url":"https:\/\/secure.gravatar.com\/avatar\/c4ca25fa72cace7a696b52ff5db9e095?s=96&d=mm&r=g","contentUrl":"https:\/\/secure.gravatar.com\/avatar\/c4ca25fa72cace7a696b52ff5db9e095?s=96&d=mm&r=g","caption":"hudo"},"url":"https:\/\/hudo.com\/si\/author\/hudo\/"}]}},"amp_enabled":true,"_links":{"self":[{"href":"https:\/\/hudo.com\/si\/wp-json\/wp\/v2\/posts\/201741"}],"collection":[{"href":"https:\/\/hudo.com\/si\/wp-json\/wp\/v2\/posts"}],"about":[{"href":"https:\/\/hudo.com\/si\/wp-json\/wp\/v2\/types\/post"}],"author":[{"embeddable":true,"href":"https:\/\/hudo.com\/si\/wp-json\/wp\/v2\/users\/1"}],"replies":[{"embeddable":true,"href":"https:\/\/hudo.com\/si\/wp-json\/wp\/v2\/comments?post=201741"}],"version-history":[{"count":0,"href":"https:\/\/hudo.com\/si\/wp-json\/wp\/v2\/posts\/201741\/revisions"}],"wp:attachment":[{"href":"https:\/\/hudo.com\/si\/wp-json\/wp\/v2\/media?parent=201741"}],"wp:term":[{"taxonomy":"category","embeddable":true,"href":"https:\/\/hudo.com\/si\/wp-json\/wp\/v2\/categories?post=201741"},{"taxonomy":"post_tag","embeddable":true,"href":"https:\/\/hudo.com\/si\/wp-json\/wp\/v2\/tags?post=201741"},{"taxonomy":"source","embeddable":true,"href":"https:\/\/hudo.com\/si\/wp-json\/wp\/v2\/source?post=201741"},{"taxonomy":"supertag","embeddable":true,"href":"https:\/\/hudo.com\/si\/wp-json\/wp\/v2\/supertag?post=201741"}],"curies":[{"name":"wp","href":"https:\/\/api.w.org\/{rel}","templated":true}]}}