{"id":201824,"date":"2017-01-30T20:00:00","date_gmt":"2017-01-30T19:00:00","guid":{"rendered":"http:\/\/hudo.com\/si\/2017\/01\/30\/luka-doncic-ce-bom-le-zdrav-bom-letos-zaigral-za-slovenijo-na-evropskem-prvenstvu\/"},"modified":"2017-01-31T07:42:02","modified_gmt":"2017-01-31T06:42:02","slug":"luka-doncic-ce-bom-le-zdrav-bom-letos-zaigral-za-slovenijo-na-evropskem-prvenstvu","status":"publish","type":"post","link":"https:\/\/hudo.com\/si\/aktualno\/luka-doncic-ce-bom-le-zdrav-bom-letos-zaigral-za-slovenijo-na-evropskem-prvenstvu\/","title":{"rendered":"Luka Don\u010di\u0107: \u010ce bom le zdrav, bom letos zaigral za Slovenijo na evropskem prvenstvu"},"content":{"rendered":"<p>Kategorija: Ko\u0161arka Mon, 30 Jan 2017 21:00:00 +0100  Ljubljana &#8211; Dolgo so pri Realu iz Madrida \u010duvali Luko Don\u010di\u0107a pred novinarskimi mikrofoni in kamerami. Vedno znova so poudarjali, da slovenski mladeni\u010d za medije ne bo spregovoril dokler ne bo polnoleten, toda Don\u010di\u0107 igra v zadnjih tednih tako dobro, da so v Madridu vendarle malce popustili. Za izbrane slovenske medije je prvi\u010d spregovoril v\u010deraj popoldan. Za \u010dasopis Delo si je vzel \u010das v telefonskem pogovoru. Prvi vtis je, da gre za spro\u0161\u010denega fanta, ki kljub rani mladosti dobro ve, kaj ho\u010de. Slovenijo so v zadnjih dneh razveselili rokometa\u0161i, ste za njih navijali tudi v Madridu? Seveda, saj spremljam tudi ostale slovenske \u0161portnike, v zadnjih dneh pa sem najbolj navijal za na\u0161e rokometa\u0161e. Res je super, da so osvojili bronasto kolajno in pri\u0161li do neverjetnega in zgodovinskega dose\u017eka. Tudi vi ste \u017ee velik\u00a0&#8230;<\/p>\n","protected":false},"excerpt":{"rendered":"<p>Kategorija: Ko\u0161arka Mon, 30 Jan 2017 21:00:00 +0100  Ljubljana &#8211; Dolgo so pri Realu iz Madrida \u010duvali Luko Don\u010di\u0107a pred novinarskimi mikrofoni in kamerami. Vedno znova so poudarjali, da slovenski mladeni\u010d za medije ne bo spregovoril dokler ne bo polnoleten, toda Don\u010di\u0107 igra v zadnjih tednih tako dobro, da so v Madridu vendarle malce popustili. Za izbrane slovenske medije je prvi\u010d spregovoril v\u010deraj popoldan. Za \u010dasopis Delo si je vzel \u010das v telefonskem pogovoru. Prvi vtis je, da gre za spro\u0161\u010denega fanta, ki kljub rani mladosti dobro ve, kaj ho\u010de. Slovenijo so v zadnjih dneh razveselili rokometa\u0161i, ste za njih navijali tudi v Madridu? Seveda, saj spremljam tudi ostale slovenske \u0161portnike, v zadnjih dneh pa sem najbolj navijal za na\u0161e rokometa\u0161e. Res je super, da so osvojili bronasto kolajno in pri\u0161li do neverjetnega in zgodovinskega dose\u017eka. Tudi vi ste \u017ee velik\u00a0&#8230;<\/p>\n","protected":false},"author":1,"featured_media":0,"comment_status":"closed","ping_status":"closed","sticky":false,"template":"","format":"standard","meta":{"footnotes":""},"categories":[1179],"tags":[],"source":[1703],"supertag":[],"acf":[],"yoast_head":"<!-- This site is optimized with the Yoast SEO plugin v21.3 - https:\/\/yoast.com\/wordpress\/plugins\/seo\/ -->\n<title>Luka Don\u010di\u0107: \u010ce bom le zdrav, bom letos zaigral za Slovenijo na evropskem prvenstvu - Hudo Slovenija<\/title>\n<meta name=\"robots\" content=\"index, follow, max-snippet:-1, max-image-preview:large, max-video-preview:-1\" \/>\n<link rel=\"canonical\" href=\"https:\/\/hudo.com\/si\/aktualno\/luka-doncic-ce-bom-le-zdrav-bom-letos-zaigral-za-slovenijo-na-evropskem-prvenstvu\/\" \/>\n<meta property=\"og:locale\" content=\"sl_SI\" \/>\n<meta property=\"og:type\" content=\"article\" \/>\n<meta property=\"og:title\" content=\"Luka Don\u010di\u0107: \u010ce bom le zdrav, bom letos zaigral za Slovenijo na evropskem prvenstvu - Hudo Slovenija\" \/>\n<meta property=\"og:description\" content=\"Kategorija: Ko\u0161arka Mon, 30 Jan 2017 21:00:00 +0100 Ljubljana - Dolgo so pri Realu iz Madrida \u010duvali Luko Don\u010di\u0107a pred novinarskimi mikrofoni in kamerami. Vedno znova so poudarjali, da slovenski mladeni\u010d za medije ne bo spregovoril dokler ne bo polnoleten, toda Don\u010di\u0107 igra v zadnjih tednih tako dobro, da so v Madridu vendarle malce popustili. Za izbrane slovenske medije je prvi\u010d spregovoril v\u010deraj popoldan. Za \u010dasopis Delo si je vzel \u010das v telefonskem pogovoru. Prvi vtis je, da gre za spro\u0161\u010denega fanta, ki kljub rani mladosti dobro ve, kaj ho\u010de. Slovenijo so v zadnjih dneh razveselili rokometa\u0161i, ste za njih navijali tudi v Madridu? Seveda, saj spremljam tudi ostale slovenske \u0161portnike, v zadnjih dneh pa sem najbolj navijal za na\u0161e rokometa\u0161e. Res je super, da so osvojili bronasto kolajno in pri\u0161li do neverjetnega in zgodovinskega dose\u017eka. Tudi vi ste \u017ee velik\u00a0...\" \/>\n<meta property=\"og:url\" content=\"https:\/\/hudo.com\/si\/aktualno\/luka-doncic-ce-bom-le-zdrav-bom-letos-zaigral-za-slovenijo-na-evropskem-prvenstvu\/\" \/>\n<meta property=\"og:site_name\" content=\"Hudo Slovenija\" \/>\n<meta property=\"article:publisher\" content=\"https:\/\/www.facebook.com\/hudo.si\" \/>\n<meta property=\"article:published_time\" content=\"2017-01-30T19:00:00+00:00\" \/>\n<meta property=\"article:modified_time\" content=\"2017-01-31T06:42:02+00:00\" \/>\n<meta property=\"og:image\" content=\"https:\/\/hudo.com\/si\/wp-content\/uploads\/sites\/2\/2017\/01\/480x290_Nedelo__J05_EST_MAD_Edu_Can_hires0.jpeg\" \/>\n\t<meta property=\"og:image:width\" content=\"480\" \/>\n\t<meta property=\"og:image:height\" content=\"290\" \/>\n\t<meta property=\"og:image:type\" content=\"image\/jpeg\" \/>\n<meta name=\"author\" content=\"hudo\" \/>\n<meta name=\"twitter:card\" content=\"summary_large_image\" \/>\n<meta name=\"twitter:creator\" content=\"@hudo_si\" \/>\n<meta name=\"twitter:site\" content=\"@hudo_si\" \/>\n<meta name=\"twitter:label1\" content=\"Written by\" \/>\n\t<meta name=\"twitter:data1\" content=\"hudo\" \/>\n\t<meta name=\"twitter:label2\" content=\"Est. reading time\" \/>\n\t<meta name=\"twitter:data2\" content=\"1 minuta\" \/>\n<script type=\"application\/ld+json\" class=\"yoast-schema-graph\">{\"@context\":\"https:\/\/schema.org\",\"@graph\":[{\"@type\":\"Article\",\"@id\":\"https:\/\/hudo.com\/si\/aktualno\/luka-doncic-ce-bom-le-zdrav-bom-letos-zaigral-za-slovenijo-na-evropskem-prvenstvu\/#article\",\"isPartOf\":{\"@id\":\"https:\/\/hudo.com\/si\/aktualno\/luka-doncic-ce-bom-le-zdrav-bom-letos-zaigral-za-slovenijo-na-evropskem-prvenstvu\/\"},\"author\":{\"name\":\"hudo\",\"@id\":\"https:\/\/hudo.com\/si\/#\/schema\/person\/601cf3379633985b20f7e50f2bb47707\"},\"headline\":\"Luka Don\u010di\u0107: \u010ce bom le zdrav, bom letos zaigral za Slovenijo na evropskem prvenstvu\",\"datePublished\":\"2017-01-30T19:00:00+00:00\",\"dateModified\":\"2017-01-31T06:42:02+00:00\",\"mainEntityOfPage\":{\"@id\":\"https:\/\/hudo.com\/si\/aktualno\/luka-doncic-ce-bom-le-zdrav-bom-letos-zaigral-za-slovenijo-na-evropskem-prvenstvu\/\"},\"wordCount\":164,\"publisher\":{\"@id\":\"https:\/\/hudo.com\/si\/#organization\"},\"articleSection\":[\"Aktualno\"],\"inLanguage\":\"sl-SI\"},{\"@type\":\"WebPage\",\"@id\":\"https:\/\/hudo.com\/si\/aktualno\/luka-doncic-ce-bom-le-zdrav-bom-letos-zaigral-za-slovenijo-na-evropskem-prvenstvu\/\",\"url\":\"https:\/\/hudo.com\/si\/aktualno\/luka-doncic-ce-bom-le-zdrav-bom-letos-zaigral-za-slovenijo-na-evropskem-prvenstvu\/\",\"name\":\"Luka Don\u010di\u0107: \u010ce bom le zdrav, bom letos zaigral za Slovenijo na evropskem prvenstvu - Hudo Slovenija\",\"isPartOf\":{\"@id\":\"https:\/\/hudo.com\/si\/#website\"},\"datePublished\":\"2017-01-30T19:00:00+00:00\",\"dateModified\":\"2017-01-31T06:42:02+00:00\",\"breadcrumb\":{\"@id\":\"https:\/\/hudo.com\/si\/aktualno\/luka-doncic-ce-bom-le-zdrav-bom-letos-zaigral-za-slovenijo-na-evropskem-prvenstvu\/#breadcrumb\"},\"inLanguage\":\"sl-SI\",\"potentialAction\":[{\"@type\":\"ReadAction\",\"target\":[\"https:\/\/hudo.com\/si\/aktualno\/luka-doncic-ce-bom-le-zdrav-bom-letos-zaigral-za-slovenijo-na-evropskem-prvenstvu\/\"]}]},{\"@type\":\"BreadcrumbList\",\"@id\":\"https:\/\/hudo.com\/si\/aktualno\/luka-doncic-ce-bom-le-zdrav-bom-letos-zaigral-za-slovenijo-na-evropskem-prvenstvu\/#breadcrumb\",\"itemListElement\":[{\"@type\":\"ListItem\",\"position\":1,\"name\":\"Home\",\"item\":\"https:\/\/hudo.com\/si\/\"},{\"@type\":\"ListItem\",\"position\":2,\"name\":\"Luka Don\u010di\u0107: \u010ce bom le zdrav, bom letos zaigral za Slovenijo na evropskem prvenstvu\"}]},{\"@type\":\"WebSite\",\"@id\":\"https:\/\/hudo.com\/si\/#website\",\"url\":\"https:\/\/hudo.com\/si\/\",\"name\":\"Hudo Slovenija\",\"description\":\"Vse novice iz Slovenije in sveta\",\"publisher\":{\"@id\":\"https:\/\/hudo.com\/si\/#organization\"},\"potentialAction\":[{\"@type\":\"SearchAction\",\"target\":{\"@type\":\"EntryPoint\",\"urlTemplate\":\"https:\/\/hudo.com\/si\/?s={search_term_string}\"},\"query-input\":\"required name=search_term_string\"}],\"inLanguage\":\"sl-SI\"},{\"@type\":\"Organization\",\"@id\":\"https:\/\/hudo.com\/si\/#organization\",\"name\":\"VSN Media\",\"url\":\"https:\/\/hudo.com\/si\/\",\"logo\":{\"@type\":\"ImageObject\",\"inLanguage\":\"sl-SI\",\"@id\":\"https:\/\/hudo.com\/si\/#\/schema\/logo\/image\/\",\"url\":\"https:\/\/hudo.com\/si\/wp-content\/uploads\/sites\/2\/2021\/03\/hudo-app-2.png\",\"contentUrl\":\"https:\/\/hudo.com\/si\/wp-content\/uploads\/sites\/2\/2021\/03\/hudo-app-2.png\",\"width\":2185,\"height\":2167,\"caption\":\"VSN Media\"},\"image\":{\"@id\":\"https:\/\/hudo.com\/si\/#\/schema\/logo\/image\/\"},\"sameAs\":[\"https:\/\/www.facebook.com\/hudo.si\",\"https:\/\/twitter.com\/hudo_si\"]},{\"@type\":\"Person\",\"@id\":\"https:\/\/hudo.com\/si\/#\/schema\/person\/601cf3379633985b20f7e50f2bb47707\",\"name\":\"hudo\",\"image\":{\"@type\":\"ImageObject\",\"inLanguage\":\"sl-SI\",\"@id\":\"https:\/\/hudo.com\/si\/#\/schema\/person\/image\/\",\"url\":\"https:\/\/secure.gravatar.com\/avatar\/c4ca25fa72cace7a696b52ff5db9e095?s=96&d=mm&r=g\",\"contentUrl\":\"https:\/\/secure.gravatar.com\/avatar\/c4ca25fa72cace7a696b52ff5db9e095?s=96&d=mm&r=g\",\"caption\":\"hudo\"},\"url\":\"https:\/\/hudo.com\/si\/author\/hudo\/\"}]}<\/script>\n<!-- \/ Yoast SEO plugin. -->","yoast_head_json":{"title":"Luka Don\u010di\u0107: \u010ce bom le zdrav, bom letos zaigral za Slovenijo na evropskem prvenstvu - Hudo Slovenija","robots":{"index":"index","follow":"follow","max-snippet":"max-snippet:-1","max-image-preview":"max-image-preview:large","max-video-preview":"max-video-preview:-1"},"canonical":"https:\/\/hudo.com\/si\/aktualno\/luka-doncic-ce-bom-le-zdrav-bom-letos-zaigral-za-slovenijo-na-evropskem-prvenstvu\/","og_locale":"sl_SI","og_type":"article","og_title":"Luka Don\u010di\u0107: \u010ce bom le zdrav, bom letos zaigral za Slovenijo na evropskem prvenstvu - Hudo Slovenija","og_description":"Kategorija: Ko\u0161arka Mon, 30 Jan 2017 21:00:00 +0100 Ljubljana - Dolgo so pri Realu iz Madrida \u010duvali Luko Don\u010di\u0107a pred novinarskimi mikrofoni in kamerami. Vedno znova so poudarjali, da slovenski mladeni\u010d za medije ne bo spregovoril dokler ne bo polnoleten, toda Don\u010di\u0107 igra v zadnjih tednih tako dobro, da so v Madridu vendarle malce popustili. Za izbrane slovenske medije je prvi\u010d spregovoril v\u010deraj popoldan. Za \u010dasopis Delo si je vzel \u010das v telefonskem pogovoru. Prvi vtis je, da gre za spro\u0161\u010denega fanta, ki kljub rani mladosti dobro ve, kaj ho\u010de. Slovenijo so v zadnjih dneh razveselili rokometa\u0161i, ste za njih navijali tudi v Madridu? Seveda, saj spremljam tudi ostale slovenske \u0161portnike, v zadnjih dneh pa sem najbolj navijal za na\u0161e rokometa\u0161e. Res je super, da so osvojili bronasto kolajno in pri\u0161li do neverjetnega in zgodovinskega dose\u017eka. Tudi vi ste \u017ee velik\u00a0...","og_url":"https:\/\/hudo.com\/si\/aktualno\/luka-doncic-ce-bom-le-zdrav-bom-letos-zaigral-za-slovenijo-na-evropskem-prvenstvu\/","og_site_name":"Hudo Slovenija","article_publisher":"https:\/\/www.facebook.com\/hudo.si","article_published_time":"2017-01-30T19:00:00+00:00","article_modified_time":"2017-01-31T06:42:02+00:00","og_image":[{"width":480,"height":290,"url":"https:\/\/hudo.com\/si\/wp-content\/uploads\/sites\/2\/2017\/01\/480x290_Nedelo__J05_EST_MAD_Edu_Can_hires0.jpeg","type":"image\/jpeg"}],"author":"hudo","twitter_card":"summary_large_image","twitter_creator":"@hudo_si","twitter_site":"@hudo_si","twitter_misc":{"Written by":"hudo","Est. reading time":"1 minuta"},"schema":{"@context":"https:\/\/schema.org","@graph":[{"@type":"Article","@id":"https:\/\/hudo.com\/si\/aktualno\/luka-doncic-ce-bom-le-zdrav-bom-letos-zaigral-za-slovenijo-na-evropskem-prvenstvu\/#article","isPartOf":{"@id":"https:\/\/hudo.com\/si\/aktualno\/luka-doncic-ce-bom-le-zdrav-bom-letos-zaigral-za-slovenijo-na-evropskem-prvenstvu\/"},"author":{"name":"hudo","@id":"https:\/\/hudo.com\/si\/#\/schema\/person\/601cf3379633985b20f7e50f2bb47707"},"headline":"Luka Don\u010di\u0107: \u010ce bom le zdrav, bom letos zaigral za Slovenijo na evropskem prvenstvu","datePublished":"2017-01-30T19:00:00+00:00","dateModified":"2017-01-31T06:42:02+00:00","mainEntityOfPage":{"@id":"https:\/\/hudo.com\/si\/aktualno\/luka-doncic-ce-bom-le-zdrav-bom-letos-zaigral-za-slovenijo-na-evropskem-prvenstvu\/"},"wordCount":164,"publisher":{"@id":"https:\/\/hudo.com\/si\/#organization"},"articleSection":["Aktualno"],"inLanguage":"sl-SI"},{"@type":"WebPage","@id":"https:\/\/hudo.com\/si\/aktualno\/luka-doncic-ce-bom-le-zdrav-bom-letos-zaigral-za-slovenijo-na-evropskem-prvenstvu\/","url":"https:\/\/hudo.com\/si\/aktualno\/luka-doncic-ce-bom-le-zdrav-bom-letos-zaigral-za-slovenijo-na-evropskem-prvenstvu\/","name":"Luka Don\u010di\u0107: \u010ce bom le zdrav, bom letos zaigral za Slovenijo na evropskem prvenstvu - Hudo Slovenija","isPartOf":{"@id":"https:\/\/hudo.com\/si\/#website"},"datePublished":"2017-01-30T19:00:00+00:00","dateModified":"2017-01-31T06:42:02+00:00","breadcrumb":{"@id":"https:\/\/hudo.com\/si\/aktualno\/luka-doncic-ce-bom-le-zdrav-bom-letos-zaigral-za-slovenijo-na-evropskem-prvenstvu\/#breadcrumb"},"inLanguage":"sl-SI","potentialAction":[{"@type":"ReadAction","target":["https:\/\/hudo.com\/si\/aktualno\/luka-doncic-ce-bom-le-zdrav-bom-letos-zaigral-za-slovenijo-na-evropskem-prvenstvu\/"]}]},{"@type":"BreadcrumbList","@id":"https:\/\/hudo.com\/si\/aktualno\/luka-doncic-ce-bom-le-zdrav-bom-letos-zaigral-za-slovenijo-na-evropskem-prvenstvu\/#breadcrumb","itemListElement":[{"@type":"ListItem","position":1,"name":"Home","item":"https:\/\/hudo.com\/si\/"},{"@type":"ListItem","position":2,"name":"Luka Don\u010di\u0107: \u010ce bom le zdrav, bom letos zaigral za Slovenijo na evropskem prvenstvu"}]},{"@type":"WebSite","@id":"https:\/\/hudo.com\/si\/#website","url":"https:\/\/hudo.com\/si\/","name":"Hudo Slovenija","description":"Vse novice iz Slovenije in sveta","publisher":{"@id":"https:\/\/hudo.com\/si\/#organization"},"potentialAction":[{"@type":"SearchAction","target":{"@type":"EntryPoint","urlTemplate":"https:\/\/hudo.com\/si\/?s={search_term_string}"},"query-input":"required name=search_term_string"}],"inLanguage":"sl-SI"},{"@type":"Organization","@id":"https:\/\/hudo.com\/si\/#organization","name":"VSN Media","url":"https:\/\/hudo.com\/si\/","logo":{"@type":"ImageObject","inLanguage":"sl-SI","@id":"https:\/\/hudo.com\/si\/#\/schema\/logo\/image\/","url":"https:\/\/hudo.com\/si\/wp-content\/uploads\/sites\/2\/2021\/03\/hudo-app-2.png","contentUrl":"https:\/\/hudo.com\/si\/wp-content\/uploads\/sites\/2\/2021\/03\/hudo-app-2.png","width":2185,"height":2167,"caption":"VSN Media"},"image":{"@id":"https:\/\/hudo.com\/si\/#\/schema\/logo\/image\/"},"sameAs":["https:\/\/www.facebook.com\/hudo.si","https:\/\/twitter.com\/hudo_si"]},{"@type":"Person","@id":"https:\/\/hudo.com\/si\/#\/schema\/person\/601cf3379633985b20f7e50f2bb47707","name":"hudo","image":{"@type":"ImageObject","inLanguage":"sl-SI","@id":"https:\/\/hudo.com\/si\/#\/schema\/person\/image\/","url":"https:\/\/secure.gravatar.com\/avatar\/c4ca25fa72cace7a696b52ff5db9e095?s=96&d=mm&r=g","contentUrl":"https:\/\/secure.gravatar.com\/avatar\/c4ca25fa72cace7a696b52ff5db9e095?s=96&d=mm&r=g","caption":"hudo"},"url":"https:\/\/hudo.com\/si\/author\/hudo\/"}]}},"amp_enabled":true,"_links":{"self":[{"href":"https:\/\/hudo.com\/si\/wp-json\/wp\/v2\/posts\/201824"}],"collection":[{"href":"https:\/\/hudo.com\/si\/wp-json\/wp\/v2\/posts"}],"about":[{"href":"https:\/\/hudo.com\/si\/wp-json\/wp\/v2\/types\/post"}],"author":[{"embeddable":true,"href":"https:\/\/hudo.com\/si\/wp-json\/wp\/v2\/users\/1"}],"replies":[{"embeddable":true,"href":"https:\/\/hudo.com\/si\/wp-json\/wp\/v2\/comments?post=201824"}],"version-history":[{"count":1,"href":"https:\/\/hudo.com\/si\/wp-json\/wp\/v2\/posts\/201824\/revisions"}],"predecessor-version":[{"id":201905,"href":"https:\/\/hudo.com\/si\/wp-json\/wp\/v2\/posts\/201824\/revisions\/201905"}],"wp:attachment":[{"href":"https:\/\/hudo.com\/si\/wp-json\/wp\/v2\/media?parent=201824"}],"wp:term":[{"taxonomy":"category","embeddable":true,"href":"https:\/\/hudo.com\/si\/wp-json\/wp\/v2\/categories?post=201824"},{"taxonomy":"post_tag","embeddable":true,"href":"https:\/\/hudo.com\/si\/wp-json\/wp\/v2\/tags?post=201824"},{"taxonomy":"source","embeddable":true,"href":"https:\/\/hudo.com\/si\/wp-json\/wp\/v2\/source?post=201824"},{"taxonomy":"supertag","embeddable":true,"href":"https:\/\/hudo.com\/si\/wp-json\/wp\/v2\/supertag?post=201824"}],"curies":[{"name":"wp","href":"https:\/\/api.w.org\/{rel}","templated":true}]}}