{"id":202101,"date":"2017-01-31T09:20:00","date_gmt":"2017-01-31T08:20:00","guid":{"rendered":"http:\/\/hudo.com\/si\/2017\/01\/31\/luka-doncic-igral-bom-za-slovenijo-in-hocem-medaljo-na-eurobasketu-2017\/"},"modified":"2017-01-31T15:42:01","modified_gmt":"2017-01-31T14:42:01","slug":"luka-doncic-igral-bom-za-slovenijo-in-hocem-medaljo-na-eurobasketu-2017","status":"publish","type":"post","link":"https:\/\/hudo.com\/si\/aktualno\/luka-doncic-igral-bom-za-slovenijo-in-hocem-medaljo-na-eurobasketu-2017\/","title":{"rendered":"Luka Don\u010di\u0107: Igral bom za Slovenijo in ho\u010dem medaljo na eurobasketu 2017"},"content":{"rendered":"<p>Eden najbolj nadarjenih ko\u0161arkarjev v Evropi, Ljubljan\u010dan Luka Don\u010di\u0107, je v pogovoru za Radio Slovenija dejal, da bo s ponosom oblekel dres Slovenije in da \u017eeli v dru\u017ebi z Goranom Dragi\u0107em na leto\u0161njem evropskem prvenstvu osvojiti medaljo. \u010ceprav pravila pri Realu Madridu velevajo, da igralec pred dopolnjenim osemnajstim letom starosti ne sme dajati intervjujev za medije, so pri \u0161panskem klubu naredili izjemo. Ko\u0161arkarski strokovnjak na Valu 202 Franci Pav\u0161er je dobil prilo\u017enost, da kot prvi slovenski medij opravi pogovor z Don\u010di\u0107em.  V pribli\u017eno desetminutnem intervjuju, ki je bil na Valu 202 objavljen v ponedeljek zve\u010der, je Don\u010di\u0107 med drugim povedal, da bo zagotovo igral za Slovenijo in da komaj \u010daka, da bo mo\u010di zdru\u017eil z zvezdnikom lige NBA Goran Dragi\u0107em. &#8220;Zame nikoli ni bilo vpra\u0161anje, za katero reprezentanco bom igral. Vedno sem \u017eelel igrati za Slovenijo in tako sem tudi obljubil Ko\u0161arkarski zvezi Slovenije. Komaj \u010dakam, da bom zaigral z bratoma Dragi\u0107 in ostalimi slovenskimi ko\u0161arkarji. Ho\u010dem osvojiti medaljo na evropskem prvenstvu,&#8221; je dejal Don\u010di\u0107.  V pogovoru je Don\u010di\u0107 govoril \u0161e o pravkar opravljenem izpitu za avto ter \u017eelji, da bi ga sam upravljal, o dobri prodaji dresov s \u0161tevilko 7 in njegovim imenom, o popolnem zaupanju, ki ga ima v trenerja Reala Madrida Pabla Laso ter o pogovorih za medije, ki jih doslej ni smel dajati.\u0160port<\/p>\n","protected":false},"excerpt":{"rendered":"<p>Eden najbolj nadarjenih ko\u0161arkarjev v Evropi, Ljubljan\u010dan Luka Don\u010di\u0107, je v pogovoru za Radio Slovenija dejal, da bo s ponosom oblekel dres Slovenije in da \u017eeli v dru\u017ebi z Goranom Dragi\u0107em na leto\u0161njem evropskem prvenstvu osvojiti medaljo. \u010ceprav pravila pri Realu Madridu velevajo, da igralec pred dopolnjenim osemnajstim letom starosti ne sme dajati intervjujev za medije, so pri \u0161panskem klubu naredili izjemo. Ko\u0161arkarski strokovnjak na Valu 202 Franci Pav\u0161er je dobil prilo\u017enost, da kot prvi slovenski medij opravi pogovor z Don\u010di\u0107em.  V pribli\u017eno desetminutnem intervjuju, ki je bil na Valu 202 objavljen v ponedeljek zve\u010der, je Don\u010di\u0107 med drugim povedal, da bo zagotovo igral za Slovenijo in da komaj \u010daka, da bo mo\u010di zdru\u017eil z zvezdnikom lige NBA Goran Dragi\u0107em. &#8220;Zame nikoli ni bilo vpra\u0161anje, za katero reprezentanco bom igral. Vedno sem \u017eelel igrati za Slovenijo in tako sem tudi obljubil Ko\u0161arkarski zvezi Slovenije. Komaj \u010dakam, da bom zaigral z bratoma Dragi\u0107 in ostalimi slovenskimi ko\u0161arkarji. Ho\u010dem osvojiti medaljo na evropskem prvenstvu,&#8221; je dejal Don\u010di\u0107.  V pogovoru je Don\u010di\u0107 govoril \u0161e o pravkar opravljenem izpitu za avto ter \u017eelji, da bi ga sam upravljal, o dobri prodaji dresov s \u0161tevilko 7 in njegovim imenom, o popolnem zaupanju, ki ga ima v trenerja Reala Madrida Pabla Laso ter o pogovorih za medije, ki jih doslej ni smel dajati.\u0160port<\/p>\n","protected":false},"author":1,"featured_media":0,"comment_status":"closed","ping_status":"closed","sticky":false,"template":"","format":"standard","meta":{"footnotes":""},"categories":[1179],"tags":[],"source":[1711],"supertag":[],"acf":[],"yoast_head":"<!-- This site is optimized with the Yoast SEO plugin v21.3 - https:\/\/yoast.com\/wordpress\/plugins\/seo\/ -->\n<title>Luka Don\u010di\u0107: Igral bom za Slovenijo in ho\u010dem medaljo na eurobasketu 2017 - Hudo Slovenija<\/title>\n<meta name=\"robots\" content=\"index, follow, max-snippet:-1, max-image-preview:large, max-video-preview:-1\" \/>\n<link rel=\"canonical\" href=\"https:\/\/hudo.com\/si\/aktualno\/luka-doncic-igral-bom-za-slovenijo-in-hocem-medaljo-na-eurobasketu-2017\/\" \/>\n<meta property=\"og:locale\" content=\"sl_SI\" \/>\n<meta property=\"og:type\" content=\"article\" \/>\n<meta property=\"og:title\" content=\"Luka Don\u010di\u0107: Igral bom za Slovenijo in ho\u010dem medaljo na eurobasketu 2017 - Hudo Slovenija\" \/>\n<meta property=\"og:description\" content=\"Eden najbolj nadarjenih ko\u0161arkarjev v Evropi, Ljubljan\u010dan Luka Don\u010di\u0107, je v pogovoru za Radio Slovenija dejal, da bo s ponosom oblekel dres Slovenije in da \u017eeli v dru\u017ebi z Goranom Dragi\u0107em na leto\u0161njem evropskem prvenstvu osvojiti medaljo. \u010ceprav pravila pri Realu Madridu velevajo, da igralec pred dopolnjenim osemnajstim letom starosti ne sme dajati intervjujev za medije, so pri \u0161panskem klubu naredili izjemo. Ko\u0161arkarski strokovnjak na Valu 202 Franci Pav\u0161er je dobil prilo\u017enost, da kot prvi slovenski medij opravi pogovor z Don\u010di\u0107em. V pribli\u017eno desetminutnem intervjuju, ki je bil na Valu 202 objavljen v ponedeljek zve\u010der, je Don\u010di\u0107 med drugim povedal, da bo zagotovo igral za Slovenijo in da komaj \u010daka, da bo mo\u010di zdru\u017eil z zvezdnikom lige NBA Goran Dragi\u0107em. &quot;Zame nikoli ni bilo vpra\u0161anje, za katero reprezentanco bom igral. Vedno sem \u017eelel igrati za Slovenijo in tako sem tudi obljubil Ko\u0161arkarski zvezi Slovenije. Komaj \u010dakam, da bom zaigral z bratoma Dragi\u0107 in ostalimi slovenskimi ko\u0161arkarji. Ho\u010dem osvojiti medaljo na evropskem prvenstvu,&quot; je dejal Don\u010di\u0107. V pogovoru je Don\u010di\u0107 govoril \u0161e o pravkar opravljenem izpitu za avto ter \u017eelji, da bi ga sam upravljal, o dobri prodaji dresov s \u0161tevilko 7 in njegovim imenom, o popolnem zaupanju, ki ga ima v trenerja Reala Madrida Pabla Laso ter o pogovorih za medije, ki jih doslej ni smel dajati.\u0160port\" \/>\n<meta property=\"og:url\" content=\"https:\/\/hudo.com\/si\/aktualno\/luka-doncic-igral-bom-za-slovenijo-in-hocem-medaljo-na-eurobasketu-2017\/\" \/>\n<meta property=\"og:site_name\" content=\"Hudo Slovenija\" \/>\n<meta property=\"article:publisher\" content=\"https:\/\/www.facebook.com\/hudo.si\" \/>\n<meta property=\"article:published_time\" content=\"2017-01-31T08:20:00+00:00\" \/>\n<meta property=\"article:modified_time\" content=\"2017-01-31T14:42:01+00:00\" \/>\n<meta property=\"og:image\" content=\"https:\/\/hudo.com\/si\/wp-content\/uploads\/sites\/2\/2017\/01\/01452726F-300.jpg\" \/>\n\t<meta property=\"og:image:width\" content=\"450\" \/>\n\t<meta property=\"og:image:height\" content=\"450\" \/>\n\t<meta property=\"og:image:type\" content=\"image\/jpeg\" \/>\n<meta name=\"author\" content=\"hudo\" \/>\n<meta name=\"twitter:card\" content=\"summary_large_image\" \/>\n<meta name=\"twitter:creator\" content=\"@hudo_si\" \/>\n<meta name=\"twitter:site\" content=\"@hudo_si\" \/>\n<meta name=\"twitter:label1\" content=\"Written by\" \/>\n\t<meta name=\"twitter:data1\" content=\"hudo\" \/>\n\t<meta name=\"twitter:label2\" content=\"Est. reading time\" \/>\n\t<meta name=\"twitter:data2\" content=\"1 minuta\" \/>\n<script type=\"application\/ld+json\" class=\"yoast-schema-graph\">{\"@context\":\"https:\/\/schema.org\",\"@graph\":[{\"@type\":\"Article\",\"@id\":\"https:\/\/hudo.com\/si\/aktualno\/luka-doncic-igral-bom-za-slovenijo-in-hocem-medaljo-na-eurobasketu-2017\/#article\",\"isPartOf\":{\"@id\":\"https:\/\/hudo.com\/si\/aktualno\/luka-doncic-igral-bom-za-slovenijo-in-hocem-medaljo-na-eurobasketu-2017\/\"},\"author\":{\"name\":\"hudo\",\"@id\":\"https:\/\/hudo.com\/si\/#\/schema\/person\/601cf3379633985b20f7e50f2bb47707\"},\"headline\":\"Luka Don\u010di\u0107: Igral bom za Slovenijo in ho\u010dem medaljo na eurobasketu 2017\",\"datePublished\":\"2017-01-31T08:20:00+00:00\",\"dateModified\":\"2017-01-31T14:42:01+00:00\",\"mainEntityOfPage\":{\"@id\":\"https:\/\/hudo.com\/si\/aktualno\/luka-doncic-igral-bom-za-slovenijo-in-hocem-medaljo-na-eurobasketu-2017\/\"},\"wordCount\":251,\"publisher\":{\"@id\":\"https:\/\/hudo.com\/si\/#organization\"},\"articleSection\":[\"Aktualno\"],\"inLanguage\":\"sl-SI\"},{\"@type\":\"WebPage\",\"@id\":\"https:\/\/hudo.com\/si\/aktualno\/luka-doncic-igral-bom-za-slovenijo-in-hocem-medaljo-na-eurobasketu-2017\/\",\"url\":\"https:\/\/hudo.com\/si\/aktualno\/luka-doncic-igral-bom-za-slovenijo-in-hocem-medaljo-na-eurobasketu-2017\/\",\"name\":\"Luka Don\u010di\u0107: Igral bom za Slovenijo in ho\u010dem medaljo na eurobasketu 2017 - Hudo Slovenija\",\"isPartOf\":{\"@id\":\"https:\/\/hudo.com\/si\/#website\"},\"datePublished\":\"2017-01-31T08:20:00+00:00\",\"dateModified\":\"2017-01-31T14:42:01+00:00\",\"breadcrumb\":{\"@id\":\"https:\/\/hudo.com\/si\/aktualno\/luka-doncic-igral-bom-za-slovenijo-in-hocem-medaljo-na-eurobasketu-2017\/#breadcrumb\"},\"inLanguage\":\"sl-SI\",\"potentialAction\":[{\"@type\":\"ReadAction\",\"target\":[\"https:\/\/hudo.com\/si\/aktualno\/luka-doncic-igral-bom-za-slovenijo-in-hocem-medaljo-na-eurobasketu-2017\/\"]}]},{\"@type\":\"BreadcrumbList\",\"@id\":\"https:\/\/hudo.com\/si\/aktualno\/luka-doncic-igral-bom-za-slovenijo-in-hocem-medaljo-na-eurobasketu-2017\/#breadcrumb\",\"itemListElement\":[{\"@type\":\"ListItem\",\"position\":1,\"name\":\"Home\",\"item\":\"https:\/\/hudo.com\/si\/\"},{\"@type\":\"ListItem\",\"position\":2,\"name\":\"Luka Don\u010di\u0107: Igral bom za Slovenijo in ho\u010dem medaljo na eurobasketu 2017\"}]},{\"@type\":\"WebSite\",\"@id\":\"https:\/\/hudo.com\/si\/#website\",\"url\":\"https:\/\/hudo.com\/si\/\",\"name\":\"Hudo Slovenija\",\"description\":\"Vse novice iz Slovenije in sveta\",\"publisher\":{\"@id\":\"https:\/\/hudo.com\/si\/#organization\"},\"potentialAction\":[{\"@type\":\"SearchAction\",\"target\":{\"@type\":\"EntryPoint\",\"urlTemplate\":\"https:\/\/hudo.com\/si\/?s={search_term_string}\"},\"query-input\":\"required name=search_term_string\"}],\"inLanguage\":\"sl-SI\"},{\"@type\":\"Organization\",\"@id\":\"https:\/\/hudo.com\/si\/#organization\",\"name\":\"VSN Media\",\"url\":\"https:\/\/hudo.com\/si\/\",\"logo\":{\"@type\":\"ImageObject\",\"inLanguage\":\"sl-SI\",\"@id\":\"https:\/\/hudo.com\/si\/#\/schema\/logo\/image\/\",\"url\":\"https:\/\/hudo.com\/si\/wp-content\/uploads\/sites\/2\/2021\/03\/hudo-app-2.png\",\"contentUrl\":\"https:\/\/hudo.com\/si\/wp-content\/uploads\/sites\/2\/2021\/03\/hudo-app-2.png\",\"width\":2185,\"height\":2167,\"caption\":\"VSN Media\"},\"image\":{\"@id\":\"https:\/\/hudo.com\/si\/#\/schema\/logo\/image\/\"},\"sameAs\":[\"https:\/\/www.facebook.com\/hudo.si\",\"https:\/\/twitter.com\/hudo_si\"]},{\"@type\":\"Person\",\"@id\":\"https:\/\/hudo.com\/si\/#\/schema\/person\/601cf3379633985b20f7e50f2bb47707\",\"name\":\"hudo\",\"image\":{\"@type\":\"ImageObject\",\"inLanguage\":\"sl-SI\",\"@id\":\"https:\/\/hudo.com\/si\/#\/schema\/person\/image\/\",\"url\":\"https:\/\/secure.gravatar.com\/avatar\/c4ca25fa72cace7a696b52ff5db9e095?s=96&d=mm&r=g\",\"contentUrl\":\"https:\/\/secure.gravatar.com\/avatar\/c4ca25fa72cace7a696b52ff5db9e095?s=96&d=mm&r=g\",\"caption\":\"hudo\"},\"url\":\"https:\/\/hudo.com\/si\/author\/hudo\/\"}]}<\/script>\n<!-- \/ Yoast SEO plugin. -->","yoast_head_json":{"title":"Luka Don\u010di\u0107: Igral bom za Slovenijo in ho\u010dem medaljo na eurobasketu 2017 - Hudo Slovenija","robots":{"index":"index","follow":"follow","max-snippet":"max-snippet:-1","max-image-preview":"max-image-preview:large","max-video-preview":"max-video-preview:-1"},"canonical":"https:\/\/hudo.com\/si\/aktualno\/luka-doncic-igral-bom-za-slovenijo-in-hocem-medaljo-na-eurobasketu-2017\/","og_locale":"sl_SI","og_type":"article","og_title":"Luka Don\u010di\u0107: Igral bom za Slovenijo in ho\u010dem medaljo na eurobasketu 2017 - Hudo Slovenija","og_description":"Eden najbolj nadarjenih ko\u0161arkarjev v Evropi, Ljubljan\u010dan Luka Don\u010di\u0107, je v pogovoru za Radio Slovenija dejal, da bo s ponosom oblekel dres Slovenije in da \u017eeli v dru\u017ebi z Goranom Dragi\u0107em na leto\u0161njem evropskem prvenstvu osvojiti medaljo. \u010ceprav pravila pri Realu Madridu velevajo, da igralec pred dopolnjenim osemnajstim letom starosti ne sme dajati intervjujev za medije, so pri \u0161panskem klubu naredili izjemo. Ko\u0161arkarski strokovnjak na Valu 202 Franci Pav\u0161er je dobil prilo\u017enost, da kot prvi slovenski medij opravi pogovor z Don\u010di\u0107em. V pribli\u017eno desetminutnem intervjuju, ki je bil na Valu 202 objavljen v ponedeljek zve\u010der, je Don\u010di\u0107 med drugim povedal, da bo zagotovo igral za Slovenijo in da komaj \u010daka, da bo mo\u010di zdru\u017eil z zvezdnikom lige NBA Goran Dragi\u0107em. \"Zame nikoli ni bilo vpra\u0161anje, za katero reprezentanco bom igral. Vedno sem \u017eelel igrati za Slovenijo in tako sem tudi obljubil Ko\u0161arkarski zvezi Slovenije. Komaj \u010dakam, da bom zaigral z bratoma Dragi\u0107 in ostalimi slovenskimi ko\u0161arkarji. Ho\u010dem osvojiti medaljo na evropskem prvenstvu,\" je dejal Don\u010di\u0107. V pogovoru je Don\u010di\u0107 govoril \u0161e o pravkar opravljenem izpitu za avto ter \u017eelji, da bi ga sam upravljal, o dobri prodaji dresov s \u0161tevilko 7 in njegovim imenom, o popolnem zaupanju, ki ga ima v trenerja Reala Madrida Pabla Laso ter o pogovorih za medije, ki jih doslej ni smel dajati.\u0160port","og_url":"https:\/\/hudo.com\/si\/aktualno\/luka-doncic-igral-bom-za-slovenijo-in-hocem-medaljo-na-eurobasketu-2017\/","og_site_name":"Hudo Slovenija","article_publisher":"https:\/\/www.facebook.com\/hudo.si","article_published_time":"2017-01-31T08:20:00+00:00","article_modified_time":"2017-01-31T14:42:01+00:00","og_image":[{"width":450,"height":450,"url":"https:\/\/hudo.com\/si\/wp-content\/uploads\/sites\/2\/2017\/01\/01452726F-300.jpg","type":"image\/jpeg"}],"author":"hudo","twitter_card":"summary_large_image","twitter_creator":"@hudo_si","twitter_site":"@hudo_si","twitter_misc":{"Written by":"hudo","Est. reading time":"1 minuta"},"schema":{"@context":"https:\/\/schema.org","@graph":[{"@type":"Article","@id":"https:\/\/hudo.com\/si\/aktualno\/luka-doncic-igral-bom-za-slovenijo-in-hocem-medaljo-na-eurobasketu-2017\/#article","isPartOf":{"@id":"https:\/\/hudo.com\/si\/aktualno\/luka-doncic-igral-bom-za-slovenijo-in-hocem-medaljo-na-eurobasketu-2017\/"},"author":{"name":"hudo","@id":"https:\/\/hudo.com\/si\/#\/schema\/person\/601cf3379633985b20f7e50f2bb47707"},"headline":"Luka Don\u010di\u0107: Igral bom za Slovenijo in ho\u010dem medaljo na eurobasketu 2017","datePublished":"2017-01-31T08:20:00+00:00","dateModified":"2017-01-31T14:42:01+00:00","mainEntityOfPage":{"@id":"https:\/\/hudo.com\/si\/aktualno\/luka-doncic-igral-bom-za-slovenijo-in-hocem-medaljo-na-eurobasketu-2017\/"},"wordCount":251,"publisher":{"@id":"https:\/\/hudo.com\/si\/#organization"},"articleSection":["Aktualno"],"inLanguage":"sl-SI"},{"@type":"WebPage","@id":"https:\/\/hudo.com\/si\/aktualno\/luka-doncic-igral-bom-za-slovenijo-in-hocem-medaljo-na-eurobasketu-2017\/","url":"https:\/\/hudo.com\/si\/aktualno\/luka-doncic-igral-bom-za-slovenijo-in-hocem-medaljo-na-eurobasketu-2017\/","name":"Luka Don\u010di\u0107: Igral bom za Slovenijo in ho\u010dem medaljo na eurobasketu 2017 - Hudo Slovenija","isPartOf":{"@id":"https:\/\/hudo.com\/si\/#website"},"datePublished":"2017-01-31T08:20:00+00:00","dateModified":"2017-01-31T14:42:01+00:00","breadcrumb":{"@id":"https:\/\/hudo.com\/si\/aktualno\/luka-doncic-igral-bom-za-slovenijo-in-hocem-medaljo-na-eurobasketu-2017\/#breadcrumb"},"inLanguage":"sl-SI","potentialAction":[{"@type":"ReadAction","target":["https:\/\/hudo.com\/si\/aktualno\/luka-doncic-igral-bom-za-slovenijo-in-hocem-medaljo-na-eurobasketu-2017\/"]}]},{"@type":"BreadcrumbList","@id":"https:\/\/hudo.com\/si\/aktualno\/luka-doncic-igral-bom-za-slovenijo-in-hocem-medaljo-na-eurobasketu-2017\/#breadcrumb","itemListElement":[{"@type":"ListItem","position":1,"name":"Home","item":"https:\/\/hudo.com\/si\/"},{"@type":"ListItem","position":2,"name":"Luka Don\u010di\u0107: Igral bom za Slovenijo in ho\u010dem medaljo na eurobasketu 2017"}]},{"@type":"WebSite","@id":"https:\/\/hudo.com\/si\/#website","url":"https:\/\/hudo.com\/si\/","name":"Hudo Slovenija","description":"Vse novice iz Slovenije in sveta","publisher":{"@id":"https:\/\/hudo.com\/si\/#organization"},"potentialAction":[{"@type":"SearchAction","target":{"@type":"EntryPoint","urlTemplate":"https:\/\/hudo.com\/si\/?s={search_term_string}"},"query-input":"required name=search_term_string"}],"inLanguage":"sl-SI"},{"@type":"Organization","@id":"https:\/\/hudo.com\/si\/#organization","name":"VSN Media","url":"https:\/\/hudo.com\/si\/","logo":{"@type":"ImageObject","inLanguage":"sl-SI","@id":"https:\/\/hudo.com\/si\/#\/schema\/logo\/image\/","url":"https:\/\/hudo.com\/si\/wp-content\/uploads\/sites\/2\/2021\/03\/hudo-app-2.png","contentUrl":"https:\/\/hudo.com\/si\/wp-content\/uploads\/sites\/2\/2021\/03\/hudo-app-2.png","width":2185,"height":2167,"caption":"VSN Media"},"image":{"@id":"https:\/\/hudo.com\/si\/#\/schema\/logo\/image\/"},"sameAs":["https:\/\/www.facebook.com\/hudo.si","https:\/\/twitter.com\/hudo_si"]},{"@type":"Person","@id":"https:\/\/hudo.com\/si\/#\/schema\/person\/601cf3379633985b20f7e50f2bb47707","name":"hudo","image":{"@type":"ImageObject","inLanguage":"sl-SI","@id":"https:\/\/hudo.com\/si\/#\/schema\/person\/image\/","url":"https:\/\/secure.gravatar.com\/avatar\/c4ca25fa72cace7a696b52ff5db9e095?s=96&d=mm&r=g","contentUrl":"https:\/\/secure.gravatar.com\/avatar\/c4ca25fa72cace7a696b52ff5db9e095?s=96&d=mm&r=g","caption":"hudo"},"url":"https:\/\/hudo.com\/si\/author\/hudo\/"}]}},"amp_enabled":true,"_links":{"self":[{"href":"https:\/\/hudo.com\/si\/wp-json\/wp\/v2\/posts\/202101"}],"collection":[{"href":"https:\/\/hudo.com\/si\/wp-json\/wp\/v2\/posts"}],"about":[{"href":"https:\/\/hudo.com\/si\/wp-json\/wp\/v2\/types\/post"}],"author":[{"embeddable":true,"href":"https:\/\/hudo.com\/si\/wp-json\/wp\/v2\/users\/1"}],"replies":[{"embeddable":true,"href":"https:\/\/hudo.com\/si\/wp-json\/wp\/v2\/comments?post=202101"}],"version-history":[{"count":1,"href":"https:\/\/hudo.com\/si\/wp-json\/wp\/v2\/posts\/202101\/revisions"}],"predecessor-version":[{"id":202107,"href":"https:\/\/hudo.com\/si\/wp-json\/wp\/v2\/posts\/202101\/revisions\/202107"}],"wp:attachment":[{"href":"https:\/\/hudo.com\/si\/wp-json\/wp\/v2\/media?parent=202101"}],"wp:term":[{"taxonomy":"category","embeddable":true,"href":"https:\/\/hudo.com\/si\/wp-json\/wp\/v2\/categories?post=202101"},{"taxonomy":"post_tag","embeddable":true,"href":"https:\/\/hudo.com\/si\/wp-json\/wp\/v2\/tags?post=202101"},{"taxonomy":"source","embeddable":true,"href":"https:\/\/hudo.com\/si\/wp-json\/wp\/v2\/source?post=202101"},{"taxonomy":"supertag","embeddable":true,"href":"https:\/\/hudo.com\/si\/wp-json\/wp\/v2\/supertag?post=202101"}],"curies":[{"name":"wp","href":"https:\/\/api.w.org\/{rel}","templated":true}]}}