{"id":202209,"date":"2017-01-31T11:01:00","date_gmt":"2017-01-31T10:01:00","guid":{"rendered":"http:\/\/hudo.com\/si\/2017\/01\/31\/z-nadgradnjo-vec-vlakov-na-progi-zidani-most%e2%88%92celje\/"},"modified":"2017-01-31T14:02:40","modified_gmt":"2017-01-31T13:02:40","slug":"z-nadgradnjo-vec-vlakov-na-progi-zidani-most%e2%88%92celje","status":"publish","type":"post","link":"https:\/\/hudo.com\/si\/aktualno\/z-nadgradnjo-vec-vlakov-na-progi-zidani-most%e2%88%92celje\/","title":{"rendered":"Z nadgradnjo ve\u010d vlakov na progi Zidani Most\u2212Celje"},"content":{"rendered":"<p>Kategorija: Infrastruktura Tue, 31 Jan 2017 12:01:00 +0100  Celje \u2212 Premier Miro Cerar se je danes v Celju udele\u017eil za\u010detka del nadgradnje \u017eelezni\u0161ke proge Zidani Most\u2212Celje. Pri tem je povedal, da Slovenija potrebuje nadgradnjo omenjene \u017eelezni\u0161ke proge, saj jo bo to vodilo v razvoj. Po Cerarjevi oceni pa mora vlada skrbeti za ustvarjanje in posodobitev infrastrukture. Kot je dejal premier, bo nadgradnja \u017eelezni\u0161ke proge Zidani Most\u2212Celje omogo\u010dila la\u017eje \u017eivljenje ljudi, ki \u017eivijo ob progi, slovensko gospodarstvo pa bo postalo \u0161e bolj povezano. Meni, da nadgradnja pomeni modernizacijo slovenskega \u017eelezni\u0161kega omre\u017eja, saj bo omogo\u010dila tudi odpravo ozkih grl, pove\u010dal se bo pretovor, hkrati pa se bodo zmanj\u0161ale emisije toplogrednih plinov. \u00bbPri\u0161li smo v fazo, ko lahko govorimo o prerodu \u017eelezni\u0161kega omre\u017eja. Posodabljanje \u017eelezni\u0161ke proge pomeni napredek in vlada bo spodbujala tak\u0161en napredek. V Sloveniji znamo graditi in si \u017eelimo modernizacije, da\u00a0&#8230;<\/p>\n","protected":false},"excerpt":{"rendered":"<p>Kategorija: Infrastruktura Tue, 31 Jan 2017 12:01:00 +0100  Celje \u2212 Premier Miro Cerar se je danes v Celju udele\u017eil za\u010detka del nadgradnje \u017eelezni\u0161ke proge Zidani Most\u2212Celje. Pri tem je povedal, da Slovenija potrebuje nadgradnjo omenjene \u017eelezni\u0161ke proge, saj jo bo to vodilo v razvoj. Po Cerarjevi oceni pa mora vlada skrbeti za ustvarjanje in posodobitev infrastrukture. Kot je dejal premier, bo nadgradnja \u017eelezni\u0161ke proge Zidani Most\u2212Celje omogo\u010dila la\u017eje \u017eivljenje ljudi, ki \u017eivijo ob progi, slovensko gospodarstvo pa bo postalo \u0161e bolj povezano. Meni, da nadgradnja pomeni modernizacijo slovenskega \u017eelezni\u0161kega omre\u017eja, saj bo omogo\u010dila tudi odpravo ozkih grl, pove\u010dal se bo pretovor, hkrati pa se bodo zmanj\u0161ale emisije toplogrednih plinov. \u00bbPri\u0161li smo v fazo, ko lahko govorimo o prerodu \u017eelezni\u0161kega omre\u017eja. Posodabljanje \u017eelezni\u0161ke proge pomeni napredek in vlada bo spodbujala tak\u0161en napredek. V Sloveniji znamo graditi in si \u017eelimo modernizacije, da\u00a0&#8230;<\/p>\n","protected":false},"author":1,"featured_media":0,"comment_status":"closed","ping_status":"closed","sticky":false,"template":"","format":"standard","meta":{"footnotes":""},"categories":[1179],"tags":[],"source":[1703],"supertag":[],"acf":[],"yoast_head":"<!-- This site is optimized with the Yoast SEO plugin v21.3 - https:\/\/yoast.com\/wordpress\/plugins\/seo\/ -->\n<title>Z nadgradnjo ve\u010d vlakov na progi Zidani Most\u2212Celje - Hudo Slovenija<\/title>\n<meta name=\"robots\" content=\"index, follow, max-snippet:-1, max-image-preview:large, max-video-preview:-1\" \/>\n<link rel=\"canonical\" href=\"https:\/\/hudo.com\/si\/aktualno\/z-nadgradnjo-vec-vlakov-na-progi-zidani-most\u2212celje\/\" \/>\n<meta property=\"og:locale\" content=\"sl_SI\" \/>\n<meta property=\"og:type\" content=\"article\" \/>\n<meta property=\"og:title\" content=\"Z nadgradnjo ve\u010d vlakov na progi Zidani Most\u2212Celje - Hudo Slovenija\" \/>\n<meta property=\"og:description\" content=\"Kategorija: Infrastruktura Tue, 31 Jan 2017 12:01:00 +0100 Celje \u2212 Premier Miro Cerar se je danes v Celju udele\u017eil za\u010detka del nadgradnje \u017eelezni\u0161ke proge Zidani Most\u2212Celje. Pri tem je povedal, da Slovenija potrebuje nadgradnjo omenjene \u017eelezni\u0161ke proge, saj jo bo to vodilo v razvoj. Po Cerarjevi oceni pa mora vlada skrbeti za ustvarjanje in posodobitev infrastrukture. Kot je dejal premier, bo nadgradnja \u017eelezni\u0161ke proge Zidani Most\u2212Celje omogo\u010dila la\u017eje \u017eivljenje ljudi, ki \u017eivijo ob progi, slovensko gospodarstvo pa bo postalo \u0161e bolj povezano. Meni, da nadgradnja pomeni modernizacijo slovenskega \u017eelezni\u0161kega omre\u017eja, saj bo omogo\u010dila tudi odpravo ozkih grl, pove\u010dal se bo pretovor, hkrati pa se bodo zmanj\u0161ale emisije toplogrednih plinov. \u00bbPri\u0161li smo v fazo, ko lahko govorimo o prerodu \u017eelezni\u0161kega omre\u017eja. Posodabljanje \u017eelezni\u0161ke proge pomeni napredek in vlada bo spodbujala tak\u0161en napredek. V Sloveniji znamo graditi in si \u017eelimo modernizacije, da\u00a0...\" \/>\n<meta property=\"og:url\" content=\"https:\/\/hudo.com\/si\/aktualno\/z-nadgradnjo-vec-vlakov-na-progi-zidani-most\u2212celje\/\" \/>\n<meta property=\"og:site_name\" content=\"Hudo Slovenija\" \/>\n<meta property=\"article:publisher\" content=\"https:\/\/www.facebook.com\/hudo.si\" \/>\n<meta property=\"article:published_time\" content=\"2017-01-31T10:01:00+00:00\" \/>\n<meta property=\"article:modified_time\" content=\"2017-01-31T13:02:40+00:00\" \/>\n<meta property=\"og:image\" content=\"https:\/\/hudo.com\/si\/wp-content\/uploads\/sites\/2\/2017\/01\/480x290_Delo_Foto-20170131123538-76165400.jpeg\" \/>\n\t<meta property=\"og:image:width\" content=\"480\" \/>\n\t<meta property=\"og:image:height\" content=\"290\" \/>\n\t<meta property=\"og:image:type\" content=\"image\/jpeg\" \/>\n<meta name=\"author\" content=\"hudo\" \/>\n<meta name=\"twitter:card\" content=\"summary_large_image\" \/>\n<meta name=\"twitter:creator\" content=\"@hudo_si\" \/>\n<meta name=\"twitter:site\" content=\"@hudo_si\" \/>\n<meta name=\"twitter:label1\" content=\"Written by\" \/>\n\t<meta name=\"twitter:data1\" content=\"hudo\" \/>\n\t<meta name=\"twitter:label2\" content=\"Est. reading time\" \/>\n\t<meta name=\"twitter:data2\" content=\"1 minuta\" \/>\n<script type=\"application\/ld+json\" class=\"yoast-schema-graph\">{\"@context\":\"https:\/\/schema.org\",\"@graph\":[{\"@type\":\"Article\",\"@id\":\"https:\/\/hudo.com\/si\/aktualno\/z-nadgradnjo-vec-vlakov-na-progi-zidani-most%e2%88%92celje\/#article\",\"isPartOf\":{\"@id\":\"https:\/\/hudo.com\/si\/aktualno\/z-nadgradnjo-vec-vlakov-na-progi-zidani-most%e2%88%92celje\/\"},\"author\":{\"name\":\"hudo\",\"@id\":\"https:\/\/hudo.com\/si\/#\/schema\/person\/601cf3379633985b20f7e50f2bb47707\"},\"headline\":\"Z nadgradnjo ve\u010d vlakov na progi Zidani Most\u2212Celje\",\"datePublished\":\"2017-01-31T10:01:00+00:00\",\"dateModified\":\"2017-01-31T13:02:40+00:00\",\"mainEntityOfPage\":{\"@id\":\"https:\/\/hudo.com\/si\/aktualno\/z-nadgradnjo-vec-vlakov-na-progi-zidani-most%e2%88%92celje\/\"},\"wordCount\":163,\"publisher\":{\"@id\":\"https:\/\/hudo.com\/si\/#organization\"},\"articleSection\":[\"Aktualno\"],\"inLanguage\":\"sl-SI\"},{\"@type\":\"WebPage\",\"@id\":\"https:\/\/hudo.com\/si\/aktualno\/z-nadgradnjo-vec-vlakov-na-progi-zidani-most%e2%88%92celje\/\",\"url\":\"https:\/\/hudo.com\/si\/aktualno\/z-nadgradnjo-vec-vlakov-na-progi-zidani-most%e2%88%92celje\/\",\"name\":\"Z nadgradnjo ve\u010d vlakov na progi Zidani Most\u2212Celje - Hudo Slovenija\",\"isPartOf\":{\"@id\":\"https:\/\/hudo.com\/si\/#website\"},\"datePublished\":\"2017-01-31T10:01:00+00:00\",\"dateModified\":\"2017-01-31T13:02:40+00:00\",\"breadcrumb\":{\"@id\":\"https:\/\/hudo.com\/si\/aktualno\/z-nadgradnjo-vec-vlakov-na-progi-zidani-most%e2%88%92celje\/#breadcrumb\"},\"inLanguage\":\"sl-SI\",\"potentialAction\":[{\"@type\":\"ReadAction\",\"target\":[\"https:\/\/hudo.com\/si\/aktualno\/z-nadgradnjo-vec-vlakov-na-progi-zidani-most%e2%88%92celje\/\"]}]},{\"@type\":\"BreadcrumbList\",\"@id\":\"https:\/\/hudo.com\/si\/aktualno\/z-nadgradnjo-vec-vlakov-na-progi-zidani-most%e2%88%92celje\/#breadcrumb\",\"itemListElement\":[{\"@type\":\"ListItem\",\"position\":1,\"name\":\"Home\",\"item\":\"https:\/\/hudo.com\/si\/\"},{\"@type\":\"ListItem\",\"position\":2,\"name\":\"Z nadgradnjo ve\u010d vlakov na progi Zidani Most\u2212Celje\"}]},{\"@type\":\"WebSite\",\"@id\":\"https:\/\/hudo.com\/si\/#website\",\"url\":\"https:\/\/hudo.com\/si\/\",\"name\":\"Hudo Slovenija\",\"description\":\"Vse novice iz Slovenije in sveta\",\"publisher\":{\"@id\":\"https:\/\/hudo.com\/si\/#organization\"},\"potentialAction\":[{\"@type\":\"SearchAction\",\"target\":{\"@type\":\"EntryPoint\",\"urlTemplate\":\"https:\/\/hudo.com\/si\/?s={search_term_string}\"},\"query-input\":\"required name=search_term_string\"}],\"inLanguage\":\"sl-SI\"},{\"@type\":\"Organization\",\"@id\":\"https:\/\/hudo.com\/si\/#organization\",\"name\":\"VSN Media\",\"url\":\"https:\/\/hudo.com\/si\/\",\"logo\":{\"@type\":\"ImageObject\",\"inLanguage\":\"sl-SI\",\"@id\":\"https:\/\/hudo.com\/si\/#\/schema\/logo\/image\/\",\"url\":\"https:\/\/hudo.com\/si\/wp-content\/uploads\/sites\/2\/2021\/03\/hudo-app-2.png\",\"contentUrl\":\"https:\/\/hudo.com\/si\/wp-content\/uploads\/sites\/2\/2021\/03\/hudo-app-2.png\",\"width\":2185,\"height\":2167,\"caption\":\"VSN Media\"},\"image\":{\"@id\":\"https:\/\/hudo.com\/si\/#\/schema\/logo\/image\/\"},\"sameAs\":[\"https:\/\/www.facebook.com\/hudo.si\",\"https:\/\/twitter.com\/hudo_si\"]},{\"@type\":\"Person\",\"@id\":\"https:\/\/hudo.com\/si\/#\/schema\/person\/601cf3379633985b20f7e50f2bb47707\",\"name\":\"hudo\",\"image\":{\"@type\":\"ImageObject\",\"inLanguage\":\"sl-SI\",\"@id\":\"https:\/\/hudo.com\/si\/#\/schema\/person\/image\/\",\"url\":\"https:\/\/secure.gravatar.com\/avatar\/c4ca25fa72cace7a696b52ff5db9e095?s=96&d=mm&r=g\",\"contentUrl\":\"https:\/\/secure.gravatar.com\/avatar\/c4ca25fa72cace7a696b52ff5db9e095?s=96&d=mm&r=g\",\"caption\":\"hudo\"},\"url\":\"https:\/\/hudo.com\/si\/author\/hudo\/\"}]}<\/script>\n<!-- \/ Yoast SEO plugin. -->","yoast_head_json":{"title":"Z nadgradnjo ve\u010d vlakov na progi Zidani Most\u2212Celje - Hudo Slovenija","robots":{"index":"index","follow":"follow","max-snippet":"max-snippet:-1","max-image-preview":"max-image-preview:large","max-video-preview":"max-video-preview:-1"},"canonical":"https:\/\/hudo.com\/si\/aktualno\/z-nadgradnjo-vec-vlakov-na-progi-zidani-most\u2212celje\/","og_locale":"sl_SI","og_type":"article","og_title":"Z nadgradnjo ve\u010d vlakov na progi Zidani Most\u2212Celje - Hudo Slovenija","og_description":"Kategorija: Infrastruktura Tue, 31 Jan 2017 12:01:00 +0100 Celje \u2212 Premier Miro Cerar se je danes v Celju udele\u017eil za\u010detka del nadgradnje \u017eelezni\u0161ke proge Zidani Most\u2212Celje. Pri tem je povedal, da Slovenija potrebuje nadgradnjo omenjene \u017eelezni\u0161ke proge, saj jo bo to vodilo v razvoj. Po Cerarjevi oceni pa mora vlada skrbeti za ustvarjanje in posodobitev infrastrukture. Kot je dejal premier, bo nadgradnja \u017eelezni\u0161ke proge Zidani Most\u2212Celje omogo\u010dila la\u017eje \u017eivljenje ljudi, ki \u017eivijo ob progi, slovensko gospodarstvo pa bo postalo \u0161e bolj povezano. Meni, da nadgradnja pomeni modernizacijo slovenskega \u017eelezni\u0161kega omre\u017eja, saj bo omogo\u010dila tudi odpravo ozkih grl, pove\u010dal se bo pretovor, hkrati pa se bodo zmanj\u0161ale emisije toplogrednih plinov. \u00bbPri\u0161li smo v fazo, ko lahko govorimo o prerodu \u017eelezni\u0161kega omre\u017eja. Posodabljanje \u017eelezni\u0161ke proge pomeni napredek in vlada bo spodbujala tak\u0161en napredek. V Sloveniji znamo graditi in si \u017eelimo modernizacije, da\u00a0...","og_url":"https:\/\/hudo.com\/si\/aktualno\/z-nadgradnjo-vec-vlakov-na-progi-zidani-most\u2212celje\/","og_site_name":"Hudo Slovenija","article_publisher":"https:\/\/www.facebook.com\/hudo.si","article_published_time":"2017-01-31T10:01:00+00:00","article_modified_time":"2017-01-31T13:02:40+00:00","og_image":[{"width":480,"height":290,"url":"https:\/\/hudo.com\/si\/wp-content\/uploads\/sites\/2\/2017\/01\/480x290_Delo_Foto-20170131123538-76165400.jpeg","type":"image\/jpeg"}],"author":"hudo","twitter_card":"summary_large_image","twitter_creator":"@hudo_si","twitter_site":"@hudo_si","twitter_misc":{"Written by":"hudo","Est. reading time":"1 minuta"},"schema":{"@context":"https:\/\/schema.org","@graph":[{"@type":"Article","@id":"https:\/\/hudo.com\/si\/aktualno\/z-nadgradnjo-vec-vlakov-na-progi-zidani-most%e2%88%92celje\/#article","isPartOf":{"@id":"https:\/\/hudo.com\/si\/aktualno\/z-nadgradnjo-vec-vlakov-na-progi-zidani-most%e2%88%92celje\/"},"author":{"name":"hudo","@id":"https:\/\/hudo.com\/si\/#\/schema\/person\/601cf3379633985b20f7e50f2bb47707"},"headline":"Z nadgradnjo ve\u010d vlakov na progi Zidani Most\u2212Celje","datePublished":"2017-01-31T10:01:00+00:00","dateModified":"2017-01-31T13:02:40+00:00","mainEntityOfPage":{"@id":"https:\/\/hudo.com\/si\/aktualno\/z-nadgradnjo-vec-vlakov-na-progi-zidani-most%e2%88%92celje\/"},"wordCount":163,"publisher":{"@id":"https:\/\/hudo.com\/si\/#organization"},"articleSection":["Aktualno"],"inLanguage":"sl-SI"},{"@type":"WebPage","@id":"https:\/\/hudo.com\/si\/aktualno\/z-nadgradnjo-vec-vlakov-na-progi-zidani-most%e2%88%92celje\/","url":"https:\/\/hudo.com\/si\/aktualno\/z-nadgradnjo-vec-vlakov-na-progi-zidani-most%e2%88%92celje\/","name":"Z nadgradnjo ve\u010d vlakov na progi Zidani Most\u2212Celje - Hudo Slovenija","isPartOf":{"@id":"https:\/\/hudo.com\/si\/#website"},"datePublished":"2017-01-31T10:01:00+00:00","dateModified":"2017-01-31T13:02:40+00:00","breadcrumb":{"@id":"https:\/\/hudo.com\/si\/aktualno\/z-nadgradnjo-vec-vlakov-na-progi-zidani-most%e2%88%92celje\/#breadcrumb"},"inLanguage":"sl-SI","potentialAction":[{"@type":"ReadAction","target":["https:\/\/hudo.com\/si\/aktualno\/z-nadgradnjo-vec-vlakov-na-progi-zidani-most%e2%88%92celje\/"]}]},{"@type":"BreadcrumbList","@id":"https:\/\/hudo.com\/si\/aktualno\/z-nadgradnjo-vec-vlakov-na-progi-zidani-most%e2%88%92celje\/#breadcrumb","itemListElement":[{"@type":"ListItem","position":1,"name":"Home","item":"https:\/\/hudo.com\/si\/"},{"@type":"ListItem","position":2,"name":"Z nadgradnjo ve\u010d vlakov na progi Zidani Most\u2212Celje"}]},{"@type":"WebSite","@id":"https:\/\/hudo.com\/si\/#website","url":"https:\/\/hudo.com\/si\/","name":"Hudo Slovenija","description":"Vse novice iz Slovenije in sveta","publisher":{"@id":"https:\/\/hudo.com\/si\/#organization"},"potentialAction":[{"@type":"SearchAction","target":{"@type":"EntryPoint","urlTemplate":"https:\/\/hudo.com\/si\/?s={search_term_string}"},"query-input":"required name=search_term_string"}],"inLanguage":"sl-SI"},{"@type":"Organization","@id":"https:\/\/hudo.com\/si\/#organization","name":"VSN Media","url":"https:\/\/hudo.com\/si\/","logo":{"@type":"ImageObject","inLanguage":"sl-SI","@id":"https:\/\/hudo.com\/si\/#\/schema\/logo\/image\/","url":"https:\/\/hudo.com\/si\/wp-content\/uploads\/sites\/2\/2021\/03\/hudo-app-2.png","contentUrl":"https:\/\/hudo.com\/si\/wp-content\/uploads\/sites\/2\/2021\/03\/hudo-app-2.png","width":2185,"height":2167,"caption":"VSN Media"},"image":{"@id":"https:\/\/hudo.com\/si\/#\/schema\/logo\/image\/"},"sameAs":["https:\/\/www.facebook.com\/hudo.si","https:\/\/twitter.com\/hudo_si"]},{"@type":"Person","@id":"https:\/\/hudo.com\/si\/#\/schema\/person\/601cf3379633985b20f7e50f2bb47707","name":"hudo","image":{"@type":"ImageObject","inLanguage":"sl-SI","@id":"https:\/\/hudo.com\/si\/#\/schema\/person\/image\/","url":"https:\/\/secure.gravatar.com\/avatar\/c4ca25fa72cace7a696b52ff5db9e095?s=96&d=mm&r=g","contentUrl":"https:\/\/secure.gravatar.com\/avatar\/c4ca25fa72cace7a696b52ff5db9e095?s=96&d=mm&r=g","caption":"hudo"},"url":"https:\/\/hudo.com\/si\/author\/hudo\/"}]}},"amp_enabled":true,"_links":{"self":[{"href":"https:\/\/hudo.com\/si\/wp-json\/wp\/v2\/posts\/202209"}],"collection":[{"href":"https:\/\/hudo.com\/si\/wp-json\/wp\/v2\/posts"}],"about":[{"href":"https:\/\/hudo.com\/si\/wp-json\/wp\/v2\/types\/post"}],"author":[{"embeddable":true,"href":"https:\/\/hudo.com\/si\/wp-json\/wp\/v2\/users\/1"}],"replies":[{"embeddable":true,"href":"https:\/\/hudo.com\/si\/wp-json\/wp\/v2\/comments?post=202209"}],"version-history":[{"count":1,"href":"https:\/\/hudo.com\/si\/wp-json\/wp\/v2\/posts\/202209\/revisions"}],"predecessor-version":[{"id":202285,"href":"https:\/\/hudo.com\/si\/wp-json\/wp\/v2\/posts\/202209\/revisions\/202285"}],"wp:attachment":[{"href":"https:\/\/hudo.com\/si\/wp-json\/wp\/v2\/media?parent=202209"}],"wp:term":[{"taxonomy":"category","embeddable":true,"href":"https:\/\/hudo.com\/si\/wp-json\/wp\/v2\/categories?post=202209"},{"taxonomy":"post_tag","embeddable":true,"href":"https:\/\/hudo.com\/si\/wp-json\/wp\/v2\/tags?post=202209"},{"taxonomy":"source","embeddable":true,"href":"https:\/\/hudo.com\/si\/wp-json\/wp\/v2\/source?post=202209"},{"taxonomy":"supertag","embeddable":true,"href":"https:\/\/hudo.com\/si\/wp-json\/wp\/v2\/supertag?post=202209"}],"curies":[{"name":"wp","href":"https:\/\/api.w.org\/{rel}","templated":true}]}}