{"id":202216,"date":"2017-01-31T11:00:00","date_gmt":"2017-01-31T10:00:00","guid":{"rendered":"http:\/\/hudo.com\/si\/2017\/01\/31\/dialog-pogojuje-evropsko-pot-srbije-in-kosova\/"},"modified":"2017-01-31T11:00:00","modified_gmt":"2017-01-31T10:00:00","slug":"dialog-pogojuje-evropsko-pot-srbije-in-kosova","status":"publish","type":"post","link":"https:\/\/hudo.com\/si\/aktualno\/dialog-pogojuje-evropsko-pot-srbije-in-kosova\/","title":{"rendered":"Dialog pogojuje evropsko pot Srbije in Kosova"},"content":{"rendered":"<p>Kategorija: Evropa Tue, 31 Jan 2017 12:00:00 +0100  Po dogovoru voditeljev Srbije in Kosova za zmanj\u0161anje napetosti\u00a0bosta jutri kosovski in srbski premier nadaljevala bruseljski dialog. Napetosti se seveda \u0161e niso povsem umirile, o \u010demer pri\u010da zid, ki deli ju\u017eno in severno Kosovsko Mitrovico in ki ga namerava Pri\u0161tina poru\u0161iti. S sede\u017ea evropske komisije so sporo\u010dili, da je cilj novega kroga dialoga\u00a0na visoki politi\u010dni ravni normalizacija odnosov med Beogradom in Pri\u0161tino.\u00a0Visoka zunanjepoliti\u010dna predstavnica EU Federica Mogherini je pojasnila, da bodo iskali re\u0161itve za nere\u0161ena vpra\u0161anja, pogovarjali pa se bodo tudi o implementaciji dose\u017eenih sporazumov. V sporo\u010dilu je komisija \u0161e zapisala, da je napredek Srbije in Kosova na evropski poti tesno povezan z napredkom v bruseljskem dialogu. Maja Kocijan\u010di\u0107, tiskovna predstavnica Mogherinijeve, je v\u010deraj potrdila, da se bosta sre\u010danja udele\u017eila tudi srbski in Kosovski predsednik. Bruselj tudi pri\u010dakuje, da bodo najvi\u0161ji predstavniki\u00a0&#8230;<\/p>\n","protected":false},"excerpt":{"rendered":"<p>Kategorija: Evropa Tue, 31 Jan 2017 12:00:00 +0100  Po dogovoru voditeljev Srbije in Kosova za zmanj\u0161anje napetosti\u00a0bosta jutri kosovski in srbski premier nadaljevala bruseljski dialog. Napetosti se seveda \u0161e niso povsem umirile, o \u010demer pri\u010da zid, ki deli ju\u017eno in severno Kosovsko Mitrovico in ki ga namerava Pri\u0161tina poru\u0161iti. S sede\u017ea evropske komisije so sporo\u010dili, da je cilj novega kroga dialoga\u00a0na visoki politi\u010dni ravni normalizacija odnosov med Beogradom in Pri\u0161tino.\u00a0Visoka zunanjepoliti\u010dna predstavnica EU Federica Mogherini je pojasnila, da bodo iskali re\u0161itve za nere\u0161ena vpra\u0161anja, pogovarjali pa se bodo tudi o implementaciji dose\u017eenih sporazumov. V sporo\u010dilu je komisija \u0161e zapisala, da je napredek Srbije in Kosova na evropski poti tesno povezan z napredkom v bruseljskem dialogu. Maja Kocijan\u010di\u0107, tiskovna predstavnica Mogherinijeve, je v\u010deraj potrdila, da se bosta sre\u010danja udele\u017eila tudi srbski in Kosovski predsednik. Bruselj tudi pri\u010dakuje, da bodo najvi\u0161ji predstavniki\u00a0&#8230;<\/p>\n","protected":false},"author":1,"featured_media":0,"comment_status":"closed","ping_status":"closed","sticky":false,"template":"","format":"standard","meta":{"footnotes":""},"categories":[1179],"tags":[],"source":[1703],"supertag":[],"acf":[],"yoast_head":"<!-- This site is optimized with the Yoast SEO plugin v21.3 - https:\/\/yoast.com\/wordpress\/plugins\/seo\/ -->\n<title>Dialog pogojuje evropsko pot Srbije in Kosova - Hudo Slovenija<\/title>\n<meta name=\"robots\" content=\"index, follow, max-snippet:-1, max-image-preview:large, max-video-preview:-1\" \/>\n<link rel=\"canonical\" href=\"https:\/\/hudo.com\/si\/aktualno\/dialog-pogojuje-evropsko-pot-srbije-in-kosova\/\" \/>\n<meta property=\"og:locale\" content=\"sl_SI\" \/>\n<meta property=\"og:type\" content=\"article\" \/>\n<meta property=\"og:title\" content=\"Dialog pogojuje evropsko pot Srbije in Kosova - Hudo Slovenija\" \/>\n<meta property=\"og:description\" content=\"Kategorija: Evropa Tue, 31 Jan 2017 12:00:00 +0100 Po dogovoru voditeljev Srbije in Kosova za zmanj\u0161anje napetosti\u00a0bosta jutri kosovski in srbski premier nadaljevala bruseljski dialog. Napetosti se seveda \u0161e niso povsem umirile, o \u010demer pri\u010da zid, ki deli ju\u017eno in severno Kosovsko Mitrovico in ki ga namerava Pri\u0161tina poru\u0161iti. S sede\u017ea evropske komisije so sporo\u010dili, da je cilj novega kroga dialoga\u00a0na visoki politi\u010dni ravni normalizacija odnosov med Beogradom in Pri\u0161tino.\u00a0Visoka zunanjepoliti\u010dna predstavnica EU Federica Mogherini je pojasnila, da bodo iskali re\u0161itve za nere\u0161ena vpra\u0161anja, pogovarjali pa se bodo tudi o implementaciji dose\u017eenih sporazumov. V sporo\u010dilu je komisija \u0161e zapisala, da je napredek Srbije in Kosova na evropski poti tesno povezan z napredkom v bruseljskem dialogu. Maja Kocijan\u010di\u0107, tiskovna predstavnica Mogherinijeve, je v\u010deraj potrdila, da se bosta sre\u010danja udele\u017eila tudi srbski in Kosovski predsednik. Bruselj tudi pri\u010dakuje, da bodo najvi\u0161ji predstavniki\u00a0...\" \/>\n<meta property=\"og:url\" content=\"https:\/\/hudo.com\/si\/aktualno\/dialog-pogojuje-evropsko-pot-srbije-in-kosova\/\" \/>\n<meta property=\"og:site_name\" content=\"Hudo Slovenija\" \/>\n<meta property=\"article:publisher\" content=\"https:\/\/www.facebook.com\/hudo.si\" \/>\n<meta property=\"article:published_time\" content=\"2017-01-31T10:00:00+00:00\" \/>\n<meta property=\"og:image\" content=\"https:\/\/hudo.com\/si\/wp-content\/uploads\/sites\/2\/2017\/01\/480x290_Zid.jpeg\" \/>\n\t<meta property=\"og:image:width\" content=\"480\" \/>\n\t<meta property=\"og:image:height\" content=\"290\" \/>\n\t<meta property=\"og:image:type\" content=\"image\/jpeg\" \/>\n<meta name=\"author\" content=\"hudo\" \/>\n<meta name=\"twitter:card\" content=\"summary_large_image\" \/>\n<meta name=\"twitter:creator\" content=\"@hudo_si\" \/>\n<meta name=\"twitter:site\" content=\"@hudo_si\" \/>\n<meta name=\"twitter:label1\" content=\"Written by\" \/>\n\t<meta name=\"twitter:data1\" content=\"hudo\" \/>\n\t<meta name=\"twitter:label2\" content=\"Est. reading time\" \/>\n\t<meta name=\"twitter:data2\" content=\"1 minuta\" \/>\n<script type=\"application\/ld+json\" class=\"yoast-schema-graph\">{\"@context\":\"https:\/\/schema.org\",\"@graph\":[{\"@type\":\"Article\",\"@id\":\"https:\/\/hudo.com\/si\/aktualno\/dialog-pogojuje-evropsko-pot-srbije-in-kosova\/#article\",\"isPartOf\":{\"@id\":\"https:\/\/hudo.com\/si\/aktualno\/dialog-pogojuje-evropsko-pot-srbije-in-kosova\/\"},\"author\":{\"name\":\"hudo\",\"@id\":\"https:\/\/hudo.com\/si\/#\/schema\/person\/601cf3379633985b20f7e50f2bb47707\"},\"headline\":\"Dialog pogojuje evropsko pot Srbije in Kosova\",\"datePublished\":\"2017-01-31T10:00:00+00:00\",\"dateModified\":\"2017-01-31T10:00:00+00:00\",\"mainEntityOfPage\":{\"@id\":\"https:\/\/hudo.com\/si\/aktualno\/dialog-pogojuje-evropsko-pot-srbije-in-kosova\/\"},\"wordCount\":167,\"publisher\":{\"@id\":\"https:\/\/hudo.com\/si\/#organization\"},\"articleSection\":[\"Aktualno\"],\"inLanguage\":\"sl-SI\"},{\"@type\":\"WebPage\",\"@id\":\"https:\/\/hudo.com\/si\/aktualno\/dialog-pogojuje-evropsko-pot-srbije-in-kosova\/\",\"url\":\"https:\/\/hudo.com\/si\/aktualno\/dialog-pogojuje-evropsko-pot-srbije-in-kosova\/\",\"name\":\"Dialog pogojuje evropsko pot Srbije in Kosova - Hudo Slovenija\",\"isPartOf\":{\"@id\":\"https:\/\/hudo.com\/si\/#website\"},\"datePublished\":\"2017-01-31T10:00:00+00:00\",\"dateModified\":\"2017-01-31T10:00:00+00:00\",\"breadcrumb\":{\"@id\":\"https:\/\/hudo.com\/si\/aktualno\/dialog-pogojuje-evropsko-pot-srbije-in-kosova\/#breadcrumb\"},\"inLanguage\":\"sl-SI\",\"potentialAction\":[{\"@type\":\"ReadAction\",\"target\":[\"https:\/\/hudo.com\/si\/aktualno\/dialog-pogojuje-evropsko-pot-srbije-in-kosova\/\"]}]},{\"@type\":\"BreadcrumbList\",\"@id\":\"https:\/\/hudo.com\/si\/aktualno\/dialog-pogojuje-evropsko-pot-srbije-in-kosova\/#breadcrumb\",\"itemListElement\":[{\"@type\":\"ListItem\",\"position\":1,\"name\":\"Home\",\"item\":\"https:\/\/hudo.com\/si\/\"},{\"@type\":\"ListItem\",\"position\":2,\"name\":\"Dialog pogojuje evropsko pot Srbije in Kosova\"}]},{\"@type\":\"WebSite\",\"@id\":\"https:\/\/hudo.com\/si\/#website\",\"url\":\"https:\/\/hudo.com\/si\/\",\"name\":\"Hudo Slovenija\",\"description\":\"Vse novice iz Slovenije in sveta\",\"publisher\":{\"@id\":\"https:\/\/hudo.com\/si\/#organization\"},\"potentialAction\":[{\"@type\":\"SearchAction\",\"target\":{\"@type\":\"EntryPoint\",\"urlTemplate\":\"https:\/\/hudo.com\/si\/?s={search_term_string}\"},\"query-input\":\"required name=search_term_string\"}],\"inLanguage\":\"sl-SI\"},{\"@type\":\"Organization\",\"@id\":\"https:\/\/hudo.com\/si\/#organization\",\"name\":\"VSN Media\",\"url\":\"https:\/\/hudo.com\/si\/\",\"logo\":{\"@type\":\"ImageObject\",\"inLanguage\":\"sl-SI\",\"@id\":\"https:\/\/hudo.com\/si\/#\/schema\/logo\/image\/\",\"url\":\"https:\/\/hudo.com\/si\/wp-content\/uploads\/sites\/2\/2021\/03\/hudo-app-2.png\",\"contentUrl\":\"https:\/\/hudo.com\/si\/wp-content\/uploads\/sites\/2\/2021\/03\/hudo-app-2.png\",\"width\":2185,\"height\":2167,\"caption\":\"VSN Media\"},\"image\":{\"@id\":\"https:\/\/hudo.com\/si\/#\/schema\/logo\/image\/\"},\"sameAs\":[\"https:\/\/www.facebook.com\/hudo.si\",\"https:\/\/twitter.com\/hudo_si\"]},{\"@type\":\"Person\",\"@id\":\"https:\/\/hudo.com\/si\/#\/schema\/person\/601cf3379633985b20f7e50f2bb47707\",\"name\":\"hudo\",\"image\":{\"@type\":\"ImageObject\",\"inLanguage\":\"sl-SI\",\"@id\":\"https:\/\/hudo.com\/si\/#\/schema\/person\/image\/\",\"url\":\"https:\/\/secure.gravatar.com\/avatar\/c4ca25fa72cace7a696b52ff5db9e095?s=96&d=mm&r=g\",\"contentUrl\":\"https:\/\/secure.gravatar.com\/avatar\/c4ca25fa72cace7a696b52ff5db9e095?s=96&d=mm&r=g\",\"caption\":\"hudo\"},\"url\":\"https:\/\/hudo.com\/si\/author\/hudo\/\"}]}<\/script>\n<!-- \/ Yoast SEO plugin. -->","yoast_head_json":{"title":"Dialog pogojuje evropsko pot Srbije in Kosova - Hudo Slovenija","robots":{"index":"index","follow":"follow","max-snippet":"max-snippet:-1","max-image-preview":"max-image-preview:large","max-video-preview":"max-video-preview:-1"},"canonical":"https:\/\/hudo.com\/si\/aktualno\/dialog-pogojuje-evropsko-pot-srbije-in-kosova\/","og_locale":"sl_SI","og_type":"article","og_title":"Dialog pogojuje evropsko pot Srbije in Kosova - Hudo Slovenija","og_description":"Kategorija: Evropa Tue, 31 Jan 2017 12:00:00 +0100 Po dogovoru voditeljev Srbije in Kosova za zmanj\u0161anje napetosti\u00a0bosta jutri kosovski in srbski premier nadaljevala bruseljski dialog. Napetosti se seveda \u0161e niso povsem umirile, o \u010demer pri\u010da zid, ki deli ju\u017eno in severno Kosovsko Mitrovico in ki ga namerava Pri\u0161tina poru\u0161iti. S sede\u017ea evropske komisije so sporo\u010dili, da je cilj novega kroga dialoga\u00a0na visoki politi\u010dni ravni normalizacija odnosov med Beogradom in Pri\u0161tino.\u00a0Visoka zunanjepoliti\u010dna predstavnica EU Federica Mogherini je pojasnila, da bodo iskali re\u0161itve za nere\u0161ena vpra\u0161anja, pogovarjali pa se bodo tudi o implementaciji dose\u017eenih sporazumov. V sporo\u010dilu je komisija \u0161e zapisala, da je napredek Srbije in Kosova na evropski poti tesno povezan z napredkom v bruseljskem dialogu. Maja Kocijan\u010di\u0107, tiskovna predstavnica Mogherinijeve, je v\u010deraj potrdila, da se bosta sre\u010danja udele\u017eila tudi srbski in Kosovski predsednik. Bruselj tudi pri\u010dakuje, da bodo najvi\u0161ji predstavniki\u00a0...","og_url":"https:\/\/hudo.com\/si\/aktualno\/dialog-pogojuje-evropsko-pot-srbije-in-kosova\/","og_site_name":"Hudo Slovenija","article_publisher":"https:\/\/www.facebook.com\/hudo.si","article_published_time":"2017-01-31T10:00:00+00:00","og_image":[{"width":480,"height":290,"url":"https:\/\/hudo.com\/si\/wp-content\/uploads\/sites\/2\/2017\/01\/480x290_Zid.jpeg","type":"image\/jpeg"}],"author":"hudo","twitter_card":"summary_large_image","twitter_creator":"@hudo_si","twitter_site":"@hudo_si","twitter_misc":{"Written by":"hudo","Est. reading time":"1 minuta"},"schema":{"@context":"https:\/\/schema.org","@graph":[{"@type":"Article","@id":"https:\/\/hudo.com\/si\/aktualno\/dialog-pogojuje-evropsko-pot-srbije-in-kosova\/#article","isPartOf":{"@id":"https:\/\/hudo.com\/si\/aktualno\/dialog-pogojuje-evropsko-pot-srbije-in-kosova\/"},"author":{"name":"hudo","@id":"https:\/\/hudo.com\/si\/#\/schema\/person\/601cf3379633985b20f7e50f2bb47707"},"headline":"Dialog pogojuje evropsko pot Srbije in Kosova","datePublished":"2017-01-31T10:00:00+00:00","dateModified":"2017-01-31T10:00:00+00:00","mainEntityOfPage":{"@id":"https:\/\/hudo.com\/si\/aktualno\/dialog-pogojuje-evropsko-pot-srbije-in-kosova\/"},"wordCount":167,"publisher":{"@id":"https:\/\/hudo.com\/si\/#organization"},"articleSection":["Aktualno"],"inLanguage":"sl-SI"},{"@type":"WebPage","@id":"https:\/\/hudo.com\/si\/aktualno\/dialog-pogojuje-evropsko-pot-srbije-in-kosova\/","url":"https:\/\/hudo.com\/si\/aktualno\/dialog-pogojuje-evropsko-pot-srbije-in-kosova\/","name":"Dialog pogojuje evropsko pot Srbije in Kosova - Hudo Slovenija","isPartOf":{"@id":"https:\/\/hudo.com\/si\/#website"},"datePublished":"2017-01-31T10:00:00+00:00","dateModified":"2017-01-31T10:00:00+00:00","breadcrumb":{"@id":"https:\/\/hudo.com\/si\/aktualno\/dialog-pogojuje-evropsko-pot-srbije-in-kosova\/#breadcrumb"},"inLanguage":"sl-SI","potentialAction":[{"@type":"ReadAction","target":["https:\/\/hudo.com\/si\/aktualno\/dialog-pogojuje-evropsko-pot-srbije-in-kosova\/"]}]},{"@type":"BreadcrumbList","@id":"https:\/\/hudo.com\/si\/aktualno\/dialog-pogojuje-evropsko-pot-srbije-in-kosova\/#breadcrumb","itemListElement":[{"@type":"ListItem","position":1,"name":"Home","item":"https:\/\/hudo.com\/si\/"},{"@type":"ListItem","position":2,"name":"Dialog pogojuje evropsko pot Srbije in Kosova"}]},{"@type":"WebSite","@id":"https:\/\/hudo.com\/si\/#website","url":"https:\/\/hudo.com\/si\/","name":"Hudo Slovenija","description":"Vse novice iz Slovenije in sveta","publisher":{"@id":"https:\/\/hudo.com\/si\/#organization"},"potentialAction":[{"@type":"SearchAction","target":{"@type":"EntryPoint","urlTemplate":"https:\/\/hudo.com\/si\/?s={search_term_string}"},"query-input":"required name=search_term_string"}],"inLanguage":"sl-SI"},{"@type":"Organization","@id":"https:\/\/hudo.com\/si\/#organization","name":"VSN Media","url":"https:\/\/hudo.com\/si\/","logo":{"@type":"ImageObject","inLanguage":"sl-SI","@id":"https:\/\/hudo.com\/si\/#\/schema\/logo\/image\/","url":"https:\/\/hudo.com\/si\/wp-content\/uploads\/sites\/2\/2021\/03\/hudo-app-2.png","contentUrl":"https:\/\/hudo.com\/si\/wp-content\/uploads\/sites\/2\/2021\/03\/hudo-app-2.png","width":2185,"height":2167,"caption":"VSN Media"},"image":{"@id":"https:\/\/hudo.com\/si\/#\/schema\/logo\/image\/"},"sameAs":["https:\/\/www.facebook.com\/hudo.si","https:\/\/twitter.com\/hudo_si"]},{"@type":"Person","@id":"https:\/\/hudo.com\/si\/#\/schema\/person\/601cf3379633985b20f7e50f2bb47707","name":"hudo","image":{"@type":"ImageObject","inLanguage":"sl-SI","@id":"https:\/\/hudo.com\/si\/#\/schema\/person\/image\/","url":"https:\/\/secure.gravatar.com\/avatar\/c4ca25fa72cace7a696b52ff5db9e095?s=96&d=mm&r=g","contentUrl":"https:\/\/secure.gravatar.com\/avatar\/c4ca25fa72cace7a696b52ff5db9e095?s=96&d=mm&r=g","caption":"hudo"},"url":"https:\/\/hudo.com\/si\/author\/hudo\/"}]}},"amp_enabled":true,"_links":{"self":[{"href":"https:\/\/hudo.com\/si\/wp-json\/wp\/v2\/posts\/202216"}],"collection":[{"href":"https:\/\/hudo.com\/si\/wp-json\/wp\/v2\/posts"}],"about":[{"href":"https:\/\/hudo.com\/si\/wp-json\/wp\/v2\/types\/post"}],"author":[{"embeddable":true,"href":"https:\/\/hudo.com\/si\/wp-json\/wp\/v2\/users\/1"}],"replies":[{"embeddable":true,"href":"https:\/\/hudo.com\/si\/wp-json\/wp\/v2\/comments?post=202216"}],"version-history":[{"count":0,"href":"https:\/\/hudo.com\/si\/wp-json\/wp\/v2\/posts\/202216\/revisions"}],"wp:attachment":[{"href":"https:\/\/hudo.com\/si\/wp-json\/wp\/v2\/media?parent=202216"}],"wp:term":[{"taxonomy":"category","embeddable":true,"href":"https:\/\/hudo.com\/si\/wp-json\/wp\/v2\/categories?post=202216"},{"taxonomy":"post_tag","embeddable":true,"href":"https:\/\/hudo.com\/si\/wp-json\/wp\/v2\/tags?post=202216"},{"taxonomy":"source","embeddable":true,"href":"https:\/\/hudo.com\/si\/wp-json\/wp\/v2\/source?post=202216"},{"taxonomy":"supertag","embeddable":true,"href":"https:\/\/hudo.com\/si\/wp-json\/wp\/v2\/supertag?post=202216"}],"curies":[{"name":"wp","href":"https:\/\/api.w.org\/{rel}","templated":true}]}}