{"id":202724,"date":"2017-02-01T07:34:00","date_gmt":"2017-02-01T06:34:00","guid":{"rendered":"http:\/\/hudo.com\/si\/2017\/02\/01\/trump-na-vrhovno-sodisce-imenoval-konservativnega-sodnika-neila-gorsucha\/"},"modified":"2017-02-01T07:34:00","modified_gmt":"2017-02-01T06:34:00","slug":"trump-na-vrhovno-sodisce-imenoval-konservativnega-sodnika-neila-gorsucha","status":"publish","type":"post","link":"https:\/\/hudo.com\/si\/aktualno\/trump-na-vrhovno-sodisce-imenoval-konservativnega-sodnika-neila-gorsucha\/","title":{"rendered":"Trump na vrhovno sodi\u0161\u010de imenoval konservativnega sodnika Neila Gorsucha"},"content":{"rendered":"<p>Kategorija: Globalno Wed, 01 Feb 2017 08:34:00 +0100  Washington \u2212 Predsednik ZDA Donald Trump je v torek v skladu s pri\u010dakovanji imenoval konservativnega zveznega sodnika Neila Gorsucha na polo\u017eaj vrhovnega sodnika ZDA. Gorsuchevo imenovanje mora potrditi \u0161e senat, kjer demokrati napovedujejo ovire, med drugim zato, ker republikanci niso potrdili kandidata Baracka Obame. Zvezni prizivni sodnik 10. okro\u017eja v Denverju Gorsuch bo v primeru senatne potrditve zasedel polo\u017eaj pokojnega sodnika Antonina Scalie. Predsednik Obama je lani na polo\u017eaj predlagal sodnika Merricka Garlanda, vendar republikanska ve\u010dina v senatu njegove kandidature niti ni dala na dnevni red, kar se v zgodovini ZDA dotlej \u0161e ni zgodilo. Republikanci niso hoteli, da polo\u017eaj konservativne legende Scalie zasede liberalni sodnik po okusu demokratov in so upali, da bo na predsedni\u0161kih volitvah zmagal Trump, ki bo na polo\u017eaj imenoval nekoga podobnega Scalii. Na sodi\u0161\u010du je trenutno le\u00a0&#8230;<\/p>\n","protected":false},"excerpt":{"rendered":"<p>Kategorija: Globalno Wed, 01 Feb 2017 08:34:00 +0100  Washington \u2212 Predsednik ZDA Donald Trump je v torek v skladu s pri\u010dakovanji imenoval konservativnega zveznega sodnika Neila Gorsucha na polo\u017eaj vrhovnega sodnika ZDA. Gorsuchevo imenovanje mora potrditi \u0161e senat, kjer demokrati napovedujejo ovire, med drugim zato, ker republikanci niso potrdili kandidata Baracka Obame. Zvezni prizivni sodnik 10. okro\u017eja v Denverju Gorsuch bo v primeru senatne potrditve zasedel polo\u017eaj pokojnega sodnika Antonina Scalie. Predsednik Obama je lani na polo\u017eaj predlagal sodnika Merricka Garlanda, vendar republikanska ve\u010dina v senatu njegove kandidature niti ni dala na dnevni red, kar se v zgodovini ZDA dotlej \u0161e ni zgodilo. Republikanci niso hoteli, da polo\u017eaj konservativne legende Scalie zasede liberalni sodnik po okusu demokratov in so upali, da bo na predsedni\u0161kih volitvah zmagal Trump, ki bo na polo\u017eaj imenoval nekoga podobnega Scalii. Na sodi\u0161\u010du je trenutno le\u00a0&#8230;<\/p>\n","protected":false},"author":1,"featured_media":0,"comment_status":"closed","ping_status":"closed","sticky":false,"template":"","format":"standard","meta":{"footnotes":""},"categories":[1179],"tags":[],"source":[1703],"supertag":[],"acf":[],"yoast_head":"<!-- This site is optimized with the Yoast SEO plugin v21.3 - https:\/\/yoast.com\/wordpress\/plugins\/seo\/ -->\n<title>Trump na vrhovno sodi\u0161\u010de imenoval konservativnega sodnika Neila Gorsucha - Hudo Slovenija<\/title>\n<meta name=\"robots\" content=\"index, follow, max-snippet:-1, max-image-preview:large, max-video-preview:-1\" \/>\n<link rel=\"canonical\" href=\"https:\/\/hudo.com\/si\/aktualno\/trump-na-vrhovno-sodisce-imenoval-konservativnega-sodnika-neila-gorsucha\/\" \/>\n<meta property=\"og:locale\" content=\"sl_SI\" \/>\n<meta property=\"og:type\" content=\"article\" \/>\n<meta property=\"og:title\" content=\"Trump na vrhovno sodi\u0161\u010de imenoval konservativnega sodnika Neila Gorsucha - Hudo Slovenija\" \/>\n<meta property=\"og:description\" content=\"Kategorija: Globalno Wed, 01 Feb 2017 08:34:00 +0100 Washington \u2212 Predsednik ZDA Donald Trump je v torek v skladu s pri\u010dakovanji imenoval konservativnega zveznega sodnika Neila Gorsucha na polo\u017eaj vrhovnega sodnika ZDA. Gorsuchevo imenovanje mora potrditi \u0161e senat, kjer demokrati napovedujejo ovire, med drugim zato, ker republikanci niso potrdili kandidata Baracka Obame. Zvezni prizivni sodnik 10. okro\u017eja v Denverju Gorsuch bo v primeru senatne potrditve zasedel polo\u017eaj pokojnega sodnika Antonina Scalie. Predsednik Obama je lani na polo\u017eaj predlagal sodnika Merricka Garlanda, vendar republikanska ve\u010dina v senatu njegove kandidature niti ni dala na dnevni red, kar se v zgodovini ZDA dotlej \u0161e ni zgodilo. Republikanci niso hoteli, da polo\u017eaj konservativne legende Scalie zasede liberalni sodnik po okusu demokratov in so upali, da bo na predsedni\u0161kih volitvah zmagal Trump, ki bo na polo\u017eaj imenoval nekoga podobnega Scalii. Na sodi\u0161\u010du je trenutno le\u00a0...\" \/>\n<meta property=\"og:url\" content=\"https:\/\/hudo.com\/si\/aktualno\/trump-na-vrhovno-sodisce-imenoval-konservativnega-sodnika-neila-gorsucha\/\" \/>\n<meta property=\"og:site_name\" content=\"Hudo Slovenija\" \/>\n<meta property=\"article:publisher\" content=\"https:\/\/www.facebook.com\/hudo.si\" \/>\n<meta property=\"article:published_time\" content=\"2017-02-01T06:34:00+00:00\" \/>\n<meta property=\"og:image\" content=\"https:\/\/hudo.com\/si\/wp-content\/uploads\/sites\/2\/2017\/02\/480x290_Reuters_Pictures-20170201023836-21441900.jpeg\" \/>\n\t<meta property=\"og:image:width\" content=\"480\" \/>\n\t<meta property=\"og:image:height\" content=\"290\" \/>\n\t<meta property=\"og:image:type\" content=\"image\/jpeg\" \/>\n<meta name=\"author\" content=\"hudo\" \/>\n<meta name=\"twitter:card\" content=\"summary_large_image\" \/>\n<meta name=\"twitter:creator\" content=\"@hudo_si\" \/>\n<meta name=\"twitter:site\" content=\"@hudo_si\" \/>\n<meta name=\"twitter:label1\" content=\"Written by\" \/>\n\t<meta name=\"twitter:data1\" content=\"hudo\" \/>\n\t<meta name=\"twitter:label2\" content=\"Est. reading time\" \/>\n\t<meta name=\"twitter:data2\" content=\"1 minuta\" \/>\n<script type=\"application\/ld+json\" class=\"yoast-schema-graph\">{\"@context\":\"https:\/\/schema.org\",\"@graph\":[{\"@type\":\"Article\",\"@id\":\"https:\/\/hudo.com\/si\/aktualno\/trump-na-vrhovno-sodisce-imenoval-konservativnega-sodnika-neila-gorsucha\/#article\",\"isPartOf\":{\"@id\":\"https:\/\/hudo.com\/si\/aktualno\/trump-na-vrhovno-sodisce-imenoval-konservativnega-sodnika-neila-gorsucha\/\"},\"author\":{\"name\":\"hudo\",\"@id\":\"https:\/\/hudo.com\/si\/#\/schema\/person\/601cf3379633985b20f7e50f2bb47707\"},\"headline\":\"Trump na vrhovno sodi\u0161\u010de imenoval konservativnega sodnika Neila Gorsucha\",\"datePublished\":\"2017-02-01T06:34:00+00:00\",\"dateModified\":\"2017-02-01T06:34:00+00:00\",\"mainEntityOfPage\":{\"@id\":\"https:\/\/hudo.com\/si\/aktualno\/trump-na-vrhovno-sodisce-imenoval-konservativnega-sodnika-neila-gorsucha\/\"},\"wordCount\":154,\"publisher\":{\"@id\":\"https:\/\/hudo.com\/si\/#organization\"},\"articleSection\":[\"Aktualno\"],\"inLanguage\":\"sl-SI\"},{\"@type\":\"WebPage\",\"@id\":\"https:\/\/hudo.com\/si\/aktualno\/trump-na-vrhovno-sodisce-imenoval-konservativnega-sodnika-neila-gorsucha\/\",\"url\":\"https:\/\/hudo.com\/si\/aktualno\/trump-na-vrhovno-sodisce-imenoval-konservativnega-sodnika-neila-gorsucha\/\",\"name\":\"Trump na vrhovno sodi\u0161\u010de imenoval konservativnega sodnika Neila Gorsucha - Hudo Slovenija\",\"isPartOf\":{\"@id\":\"https:\/\/hudo.com\/si\/#website\"},\"datePublished\":\"2017-02-01T06:34:00+00:00\",\"dateModified\":\"2017-02-01T06:34:00+00:00\",\"breadcrumb\":{\"@id\":\"https:\/\/hudo.com\/si\/aktualno\/trump-na-vrhovno-sodisce-imenoval-konservativnega-sodnika-neila-gorsucha\/#breadcrumb\"},\"inLanguage\":\"sl-SI\",\"potentialAction\":[{\"@type\":\"ReadAction\",\"target\":[\"https:\/\/hudo.com\/si\/aktualno\/trump-na-vrhovno-sodisce-imenoval-konservativnega-sodnika-neila-gorsucha\/\"]}]},{\"@type\":\"BreadcrumbList\",\"@id\":\"https:\/\/hudo.com\/si\/aktualno\/trump-na-vrhovno-sodisce-imenoval-konservativnega-sodnika-neila-gorsucha\/#breadcrumb\",\"itemListElement\":[{\"@type\":\"ListItem\",\"position\":1,\"name\":\"Home\",\"item\":\"https:\/\/hudo.com\/si\/\"},{\"@type\":\"ListItem\",\"position\":2,\"name\":\"Trump na vrhovno sodi\u0161\u010de imenoval konservativnega sodnika Neila Gorsucha\"}]},{\"@type\":\"WebSite\",\"@id\":\"https:\/\/hudo.com\/si\/#website\",\"url\":\"https:\/\/hudo.com\/si\/\",\"name\":\"Hudo Slovenija\",\"description\":\"Vse novice iz Slovenije in sveta\",\"publisher\":{\"@id\":\"https:\/\/hudo.com\/si\/#organization\"},\"potentialAction\":[{\"@type\":\"SearchAction\",\"target\":{\"@type\":\"EntryPoint\",\"urlTemplate\":\"https:\/\/hudo.com\/si\/?s={search_term_string}\"},\"query-input\":\"required name=search_term_string\"}],\"inLanguage\":\"sl-SI\"},{\"@type\":\"Organization\",\"@id\":\"https:\/\/hudo.com\/si\/#organization\",\"name\":\"VSN Media\",\"url\":\"https:\/\/hudo.com\/si\/\",\"logo\":{\"@type\":\"ImageObject\",\"inLanguage\":\"sl-SI\",\"@id\":\"https:\/\/hudo.com\/si\/#\/schema\/logo\/image\/\",\"url\":\"https:\/\/hudo.com\/si\/wp-content\/uploads\/sites\/2\/2021\/03\/hudo-app-2.png\",\"contentUrl\":\"https:\/\/hudo.com\/si\/wp-content\/uploads\/sites\/2\/2021\/03\/hudo-app-2.png\",\"width\":2185,\"height\":2167,\"caption\":\"VSN Media\"},\"image\":{\"@id\":\"https:\/\/hudo.com\/si\/#\/schema\/logo\/image\/\"},\"sameAs\":[\"https:\/\/www.facebook.com\/hudo.si\",\"https:\/\/twitter.com\/hudo_si\"]},{\"@type\":\"Person\",\"@id\":\"https:\/\/hudo.com\/si\/#\/schema\/person\/601cf3379633985b20f7e50f2bb47707\",\"name\":\"hudo\",\"image\":{\"@type\":\"ImageObject\",\"inLanguage\":\"sl-SI\",\"@id\":\"https:\/\/hudo.com\/si\/#\/schema\/person\/image\/\",\"url\":\"https:\/\/secure.gravatar.com\/avatar\/c4ca25fa72cace7a696b52ff5db9e095?s=96&d=mm&r=g\",\"contentUrl\":\"https:\/\/secure.gravatar.com\/avatar\/c4ca25fa72cace7a696b52ff5db9e095?s=96&d=mm&r=g\",\"caption\":\"hudo\"},\"url\":\"https:\/\/hudo.com\/si\/author\/hudo\/\"}]}<\/script>\n<!-- \/ Yoast SEO plugin. -->","yoast_head_json":{"title":"Trump na vrhovno sodi\u0161\u010de imenoval konservativnega sodnika Neila Gorsucha - Hudo Slovenija","robots":{"index":"index","follow":"follow","max-snippet":"max-snippet:-1","max-image-preview":"max-image-preview:large","max-video-preview":"max-video-preview:-1"},"canonical":"https:\/\/hudo.com\/si\/aktualno\/trump-na-vrhovno-sodisce-imenoval-konservativnega-sodnika-neila-gorsucha\/","og_locale":"sl_SI","og_type":"article","og_title":"Trump na vrhovno sodi\u0161\u010de imenoval konservativnega sodnika Neila Gorsucha - Hudo Slovenija","og_description":"Kategorija: Globalno Wed, 01 Feb 2017 08:34:00 +0100 Washington \u2212 Predsednik ZDA Donald Trump je v torek v skladu s pri\u010dakovanji imenoval konservativnega zveznega sodnika Neila Gorsucha na polo\u017eaj vrhovnega sodnika ZDA. Gorsuchevo imenovanje mora potrditi \u0161e senat, kjer demokrati napovedujejo ovire, med drugim zato, ker republikanci niso potrdili kandidata Baracka Obame. Zvezni prizivni sodnik 10. okro\u017eja v Denverju Gorsuch bo v primeru senatne potrditve zasedel polo\u017eaj pokojnega sodnika Antonina Scalie. Predsednik Obama je lani na polo\u017eaj predlagal sodnika Merricka Garlanda, vendar republikanska ve\u010dina v senatu njegove kandidature niti ni dala na dnevni red, kar se v zgodovini ZDA dotlej \u0161e ni zgodilo. Republikanci niso hoteli, da polo\u017eaj konservativne legende Scalie zasede liberalni sodnik po okusu demokratov in so upali, da bo na predsedni\u0161kih volitvah zmagal Trump, ki bo na polo\u017eaj imenoval nekoga podobnega Scalii. Na sodi\u0161\u010du je trenutno le\u00a0...","og_url":"https:\/\/hudo.com\/si\/aktualno\/trump-na-vrhovno-sodisce-imenoval-konservativnega-sodnika-neila-gorsucha\/","og_site_name":"Hudo Slovenija","article_publisher":"https:\/\/www.facebook.com\/hudo.si","article_published_time":"2017-02-01T06:34:00+00:00","og_image":[{"width":480,"height":290,"url":"https:\/\/hudo.com\/si\/wp-content\/uploads\/sites\/2\/2017\/02\/480x290_Reuters_Pictures-20170201023836-21441900.jpeg","type":"image\/jpeg"}],"author":"hudo","twitter_card":"summary_large_image","twitter_creator":"@hudo_si","twitter_site":"@hudo_si","twitter_misc":{"Written by":"hudo","Est. reading time":"1 minuta"},"schema":{"@context":"https:\/\/schema.org","@graph":[{"@type":"Article","@id":"https:\/\/hudo.com\/si\/aktualno\/trump-na-vrhovno-sodisce-imenoval-konservativnega-sodnika-neila-gorsucha\/#article","isPartOf":{"@id":"https:\/\/hudo.com\/si\/aktualno\/trump-na-vrhovno-sodisce-imenoval-konservativnega-sodnika-neila-gorsucha\/"},"author":{"name":"hudo","@id":"https:\/\/hudo.com\/si\/#\/schema\/person\/601cf3379633985b20f7e50f2bb47707"},"headline":"Trump na vrhovno sodi\u0161\u010de imenoval konservativnega sodnika Neila Gorsucha","datePublished":"2017-02-01T06:34:00+00:00","dateModified":"2017-02-01T06:34:00+00:00","mainEntityOfPage":{"@id":"https:\/\/hudo.com\/si\/aktualno\/trump-na-vrhovno-sodisce-imenoval-konservativnega-sodnika-neila-gorsucha\/"},"wordCount":154,"publisher":{"@id":"https:\/\/hudo.com\/si\/#organization"},"articleSection":["Aktualno"],"inLanguage":"sl-SI"},{"@type":"WebPage","@id":"https:\/\/hudo.com\/si\/aktualno\/trump-na-vrhovno-sodisce-imenoval-konservativnega-sodnika-neila-gorsucha\/","url":"https:\/\/hudo.com\/si\/aktualno\/trump-na-vrhovno-sodisce-imenoval-konservativnega-sodnika-neila-gorsucha\/","name":"Trump na vrhovno sodi\u0161\u010de imenoval konservativnega sodnika Neila Gorsucha - Hudo Slovenija","isPartOf":{"@id":"https:\/\/hudo.com\/si\/#website"},"datePublished":"2017-02-01T06:34:00+00:00","dateModified":"2017-02-01T06:34:00+00:00","breadcrumb":{"@id":"https:\/\/hudo.com\/si\/aktualno\/trump-na-vrhovno-sodisce-imenoval-konservativnega-sodnika-neila-gorsucha\/#breadcrumb"},"inLanguage":"sl-SI","potentialAction":[{"@type":"ReadAction","target":["https:\/\/hudo.com\/si\/aktualno\/trump-na-vrhovno-sodisce-imenoval-konservativnega-sodnika-neila-gorsucha\/"]}]},{"@type":"BreadcrumbList","@id":"https:\/\/hudo.com\/si\/aktualno\/trump-na-vrhovno-sodisce-imenoval-konservativnega-sodnika-neila-gorsucha\/#breadcrumb","itemListElement":[{"@type":"ListItem","position":1,"name":"Home","item":"https:\/\/hudo.com\/si\/"},{"@type":"ListItem","position":2,"name":"Trump na vrhovno sodi\u0161\u010de imenoval konservativnega sodnika Neila Gorsucha"}]},{"@type":"WebSite","@id":"https:\/\/hudo.com\/si\/#website","url":"https:\/\/hudo.com\/si\/","name":"Hudo Slovenija","description":"Vse novice iz Slovenije in sveta","publisher":{"@id":"https:\/\/hudo.com\/si\/#organization"},"potentialAction":[{"@type":"SearchAction","target":{"@type":"EntryPoint","urlTemplate":"https:\/\/hudo.com\/si\/?s={search_term_string}"},"query-input":"required name=search_term_string"}],"inLanguage":"sl-SI"},{"@type":"Organization","@id":"https:\/\/hudo.com\/si\/#organization","name":"VSN Media","url":"https:\/\/hudo.com\/si\/","logo":{"@type":"ImageObject","inLanguage":"sl-SI","@id":"https:\/\/hudo.com\/si\/#\/schema\/logo\/image\/","url":"https:\/\/hudo.com\/si\/wp-content\/uploads\/sites\/2\/2021\/03\/hudo-app-2.png","contentUrl":"https:\/\/hudo.com\/si\/wp-content\/uploads\/sites\/2\/2021\/03\/hudo-app-2.png","width":2185,"height":2167,"caption":"VSN Media"},"image":{"@id":"https:\/\/hudo.com\/si\/#\/schema\/logo\/image\/"},"sameAs":["https:\/\/www.facebook.com\/hudo.si","https:\/\/twitter.com\/hudo_si"]},{"@type":"Person","@id":"https:\/\/hudo.com\/si\/#\/schema\/person\/601cf3379633985b20f7e50f2bb47707","name":"hudo","image":{"@type":"ImageObject","inLanguage":"sl-SI","@id":"https:\/\/hudo.com\/si\/#\/schema\/person\/image\/","url":"https:\/\/secure.gravatar.com\/avatar\/c4ca25fa72cace7a696b52ff5db9e095?s=96&d=mm&r=g","contentUrl":"https:\/\/secure.gravatar.com\/avatar\/c4ca25fa72cace7a696b52ff5db9e095?s=96&d=mm&r=g","caption":"hudo"},"url":"https:\/\/hudo.com\/si\/author\/hudo\/"}]}},"amp_enabled":true,"_links":{"self":[{"href":"https:\/\/hudo.com\/si\/wp-json\/wp\/v2\/posts\/202724"}],"collection":[{"href":"https:\/\/hudo.com\/si\/wp-json\/wp\/v2\/posts"}],"about":[{"href":"https:\/\/hudo.com\/si\/wp-json\/wp\/v2\/types\/post"}],"author":[{"embeddable":true,"href":"https:\/\/hudo.com\/si\/wp-json\/wp\/v2\/users\/1"}],"replies":[{"embeddable":true,"href":"https:\/\/hudo.com\/si\/wp-json\/wp\/v2\/comments?post=202724"}],"version-history":[{"count":0,"href":"https:\/\/hudo.com\/si\/wp-json\/wp\/v2\/posts\/202724\/revisions"}],"wp:attachment":[{"href":"https:\/\/hudo.com\/si\/wp-json\/wp\/v2\/media?parent=202724"}],"wp:term":[{"taxonomy":"category","embeddable":true,"href":"https:\/\/hudo.com\/si\/wp-json\/wp\/v2\/categories?post=202724"},{"taxonomy":"post_tag","embeddable":true,"href":"https:\/\/hudo.com\/si\/wp-json\/wp\/v2\/tags?post=202724"},{"taxonomy":"source","embeddable":true,"href":"https:\/\/hudo.com\/si\/wp-json\/wp\/v2\/source?post=202724"},{"taxonomy":"supertag","embeddable":true,"href":"https:\/\/hudo.com\/si\/wp-json\/wp\/v2\/supertag?post=202724"}],"curies":[{"name":"wp","href":"https:\/\/api.w.org\/{rel}","templated":true}]}}