{"id":203000,"date":"2017-02-01T18:00:00","date_gmt":"2017-02-01T17:00:00","guid":{"rendered":"http:\/\/hudo.com\/si\/2017\/02\/01\/drzavni-svet-zavrnil-veto-na-novelo-zakona-o-tujcih\/"},"modified":"2017-02-02T06:52:06","modified_gmt":"2017-02-02T05:52:06","slug":"drzavni-svet-zavrnil-veto-na-novelo-zakona-o-tujcih","status":"publish","type":"post","link":"https:\/\/hudo.com\/si\/aktualno\/drzavni-svet-zavrnil-veto-na-novelo-zakona-o-tujcih\/","title":{"rendered":"Dr\u017eavni svet zavrnil veto na novelo zakona o tujcih"},"content":{"rendered":"<p>Svetniki so glasovali proti vetu na novelo zakona o tujcih, potem ko je zgodaj popoldan \u017ee komisija dr\u017eavnega sveta za dr\u017eavno ureditev veto zavrnila.  Zahtevo o glasovanju o odlo\u017eilnem vetu je v ponedeljek podpisalo 12 svetnikov, s prvopodpisanim Samerjem Khalilom. Podpisniki so opozorili tako na sam postopek sprejemanja novele, ki je bila pripravljena netransparentno in nato obravnavana po nujnem postopku; na njeno vsebino \u2013 ki mnogi opozarjajo, da je protiustavna in v nasprotju z mednarodnim pravom, kot nenazadnje tudi na razkol, ki ga je glasovanje o noveli vneslo v koalicijo. Novelo zakona so podprli poslanci SDS, NSi, ve\u010dji del SMC in pol poslancev Desusa.  V drugi predstavitvi, ki jo je ministrica Vesna Gy\u00f6rk\u00f6s \u017dnidar imela pred dr\u017eavnimi svetniki, je poudarila, da &#8220;zakon ni pisan za sedanje razmere ampak za izredne razmere, ko Slovenija ne bo ve\u010d zmo\u017ena izpolnjevati svojih mednarodnih obveznosti&#8221; in da je njegov cilj u\u010dinkovitost. Ministrica je napovedala, da bo Avstrija najkasneje marca zaprla svoje meje za prosilce za azil z le dvema izjemama: za prosilce, ki bodo zapro\u0161ali za zdru\u017eitev z dru\u017eino in za prosilce, ki bi bili lahko mu\u010deni ali ne\u010dlove\u0161ko obravnavani v dr\u017eavi, v katere bi bili vrnjeni.  &#8220;Imamo zelo majhne azilne kapacitete,&#8221; je povedala ministrica. Ob tem ni spregovorila o izku\u0161njah Slovenije iz devetdesetih let prej\u0161njega stoletja, ko je Slovenija gostila ve\u010d kot 70.000 beguncev iz vojn v nekdanji Jugoslaviji. Prioritete sedanje vlade so drugje. &#8220;Schengen je nacionalnega pomena in je klju\u010dnega pomena za Slovenijo kot malo dr\u017eavo, ki temelji na odprtosti,&#8221; je dejala ministrica na dan, ko je Avstrija podalj\u0161ala nadzor na svoji meji s Slovenijo.  Vendar so svetniki, ki so podpisali zahtevo za glasovanje o vetu, jasno opozorili na nezadovoljivost argumentacije notranjega ministrstva. Branimir \u0160trukelj je dejal, da ne more sprejeti razlage, da je pogoj za spo\u0161tovanje \u010dlovekovih pravic kr\u0161itev konvencij, ki te pravice zagotavljajo, \u010de\u0161 da so te bile<\/p>\n","protected":false},"excerpt":{"rendered":"<p>Svetniki so glasovali proti vetu na novelo zakona o tujcih, potem ko je zgodaj popoldan \u017ee komisija dr\u017eavnega sveta za dr\u017eavno ureditev veto zavrnila.  Zahtevo o glasovanju o odlo\u017eilnem vetu je v ponedeljek podpisalo 12 svetnikov, s prvopodpisanim Samerjem Khalilom. Podpisniki so opozorili tako na sam postopek sprejemanja novele, ki je bila pripravljena netransparentno in nato obravnavana po nujnem postopku; na njeno vsebino \u2013 ki mnogi opozarjajo, da je protiustavna in v nasprotju z mednarodnim pravom, kot nenazadnje tudi na razkol, ki ga je glasovanje o noveli vneslo v koalicijo. Novelo zakona so podprli poslanci SDS, NSi, ve\u010dji del SMC in pol poslancev Desusa.  V drugi predstavitvi, ki jo je ministrica Vesna Gy\u00f6rk\u00f6s \u017dnidar imela pred dr\u017eavnimi svetniki, je poudarila, da &#8220;zakon ni pisan za sedanje razmere ampak za izredne razmere, ko Slovenija ne bo ve\u010d zmo\u017ena izpolnjevati svojih mednarodnih obveznosti&#8221; in da je njegov cilj u\u010dinkovitost. Ministrica je napovedala, da bo Avstrija najkasneje marca zaprla svoje meje za prosilce za azil z le dvema izjemama: za prosilce, ki bodo zapro\u0161ali za zdru\u017eitev z dru\u017eino in za prosilce, ki bi bili lahko mu\u010deni ali ne\u010dlove\u0161ko obravnavani v dr\u017eavi, v katere bi bili vrnjeni.  &#8220;Imamo zelo majhne azilne kapacitete,&#8221; je povedala ministrica. Ob tem ni spregovorila o izku\u0161njah Slovenije iz devetdesetih let prej\u0161njega stoletja, ko je Slovenija gostila ve\u010d kot 70.000 beguncev iz vojn v nekdanji Jugoslaviji. Prioritete sedanje vlade so drugje. &#8220;Schengen je nacionalnega pomena in je klju\u010dnega pomena za Slovenijo kot malo dr\u017eavo, ki temelji na odprtosti,&#8221; je dejala ministrica na dan, ko je Avstrija podalj\u0161ala nadzor na svoji meji s Slovenijo.  Vendar so svetniki, ki so podpisali zahtevo za glasovanje o vetu, jasno opozorili na nezadovoljivost argumentacije notranjega ministrstva. Branimir \u0160trukelj je dejal, da ne more sprejeti razlage, da je pogoj za spo\u0161tovanje \u010dlovekovih pravic kr\u0161itev konvencij, ki te pravice zagotavljajo, \u010de\u0161 da so te bile<\/p>\n","protected":false},"author":1,"featured_media":0,"comment_status":"closed","ping_status":"closed","sticky":false,"template":"","format":"standard","meta":{"footnotes":""},"categories":[1179],"tags":[],"source":[1711],"supertag":[],"acf":[],"yoast_head":"<!-- This site is optimized with the Yoast SEO plugin v21.3 - https:\/\/yoast.com\/wordpress\/plugins\/seo\/ -->\n<title>Dr\u017eavni svet zavrnil veto na novelo zakona o tujcih - Hudo Slovenija<\/title>\n<meta name=\"robots\" content=\"index, follow, max-snippet:-1, max-image-preview:large, max-video-preview:-1\" \/>\n<link rel=\"canonical\" href=\"https:\/\/hudo.com\/si\/aktualno\/drzavni-svet-zavrnil-veto-na-novelo-zakona-o-tujcih\/\" \/>\n<meta property=\"og:locale\" content=\"sl_SI\" \/>\n<meta property=\"og:type\" content=\"article\" \/>\n<meta property=\"og:title\" content=\"Dr\u017eavni svet zavrnil veto na novelo zakona o tujcih - Hudo Slovenija\" \/>\n<meta property=\"og:description\" content=\"Svetniki so glasovali proti vetu na novelo zakona o tujcih, potem ko je zgodaj popoldan \u017ee komisija dr\u017eavnega sveta za dr\u017eavno ureditev veto zavrnila. Zahtevo o glasovanju o odlo\u017eilnem vetu je v ponedeljek podpisalo 12 svetnikov, s prvopodpisanim Samerjem Khalilom. Podpisniki so opozorili tako na sam postopek sprejemanja novele, ki je bila pripravljena netransparentno in nato obravnavana po nujnem postopku; na njeno vsebino \u2013 ki mnogi opozarjajo, da je protiustavna in v nasprotju z mednarodnim pravom, kot nenazadnje tudi na razkol, ki ga je glasovanje o noveli vneslo v koalicijo. Novelo zakona so podprli poslanci SDS, NSi, ve\u010dji del SMC in pol poslancev Desusa. V drugi predstavitvi, ki jo je ministrica Vesna Gy\u00f6rk\u00f6s \u017dnidar imela pred dr\u017eavnimi svetniki, je poudarila, da &quot;zakon ni pisan za sedanje razmere ampak za izredne razmere, ko Slovenija ne bo ve\u010d zmo\u017ena izpolnjevati svojih mednarodnih obveznosti&quot; in da je njegov cilj u\u010dinkovitost. Ministrica je napovedala, da bo Avstrija najkasneje marca zaprla svoje meje za prosilce za azil z le dvema izjemama: za prosilce, ki bodo zapro\u0161ali za zdru\u017eitev z dru\u017eino in za prosilce, ki bi bili lahko mu\u010deni ali ne\u010dlove\u0161ko obravnavani v dr\u017eavi, v katere bi bili vrnjeni. &quot;Imamo zelo majhne azilne kapacitete,&quot; je povedala ministrica. Ob tem ni spregovorila o izku\u0161njah Slovenije iz devetdesetih let prej\u0161njega stoletja, ko je Slovenija gostila ve\u010d kot 70.000 beguncev iz vojn v nekdanji Jugoslaviji. Prioritete sedanje vlade so drugje. &quot;Schengen je nacionalnega pomena in je klju\u010dnega pomena za Slovenijo kot malo dr\u017eavo, ki temelji na odprtosti,&quot; je dejala ministrica na dan, ko je Avstrija podalj\u0161ala nadzor na svoji meji s Slovenijo. Vendar so svetniki, ki so podpisali zahtevo za glasovanje o vetu, jasno opozorili na nezadovoljivost argumentacije notranjega ministrstva. Branimir \u0160trukelj je dejal, da ne more sprejeti razlage, da je pogoj za spo\u0161tovanje \u010dlovekovih pravic kr\u0161itev konvencij, ki te pravice zagotavljajo, \u010de\u0161 da so te bile\" \/>\n<meta property=\"og:url\" content=\"https:\/\/hudo.com\/si\/aktualno\/drzavni-svet-zavrnil-veto-na-novelo-zakona-o-tujcih\/\" \/>\n<meta property=\"og:site_name\" content=\"Hudo Slovenija\" \/>\n<meta property=\"article:publisher\" content=\"https:\/\/www.facebook.com\/hudo.si\" \/>\n<meta property=\"article:published_time\" content=\"2017-02-01T17:00:00+00:00\" \/>\n<meta property=\"article:modified_time\" content=\"2017-02-02T05:52:06+00:00\" \/>\n<meta property=\"og:image\" content=\"https:\/\/hudo.com\/si\/wp-content\/uploads\/sites\/2\/2017\/02\/0922Begunska68-300.jpg\" \/>\n\t<meta property=\"og:image:width\" content=\"450\" \/>\n\t<meta property=\"og:image:height\" content=\"300\" \/>\n\t<meta property=\"og:image:type\" content=\"image\/jpeg\" \/>\n<meta name=\"author\" content=\"hudo\" \/>\n<meta name=\"twitter:card\" content=\"summary_large_image\" \/>\n<meta name=\"twitter:creator\" content=\"@hudo_si\" \/>\n<meta name=\"twitter:site\" content=\"@hudo_si\" \/>\n<meta name=\"twitter:label1\" content=\"Written by\" \/>\n\t<meta name=\"twitter:data1\" content=\"hudo\" \/>\n\t<meta name=\"twitter:label2\" content=\"Est. reading time\" \/>\n\t<meta name=\"twitter:data2\" content=\"2 minuti\" \/>\n<script type=\"application\/ld+json\" class=\"yoast-schema-graph\">{\"@context\":\"https:\/\/schema.org\",\"@graph\":[{\"@type\":\"Article\",\"@id\":\"https:\/\/hudo.com\/si\/aktualno\/drzavni-svet-zavrnil-veto-na-novelo-zakona-o-tujcih\/#article\",\"isPartOf\":{\"@id\":\"https:\/\/hudo.com\/si\/aktualno\/drzavni-svet-zavrnil-veto-na-novelo-zakona-o-tujcih\/\"},\"author\":{\"name\":\"hudo\",\"@id\":\"https:\/\/hudo.com\/si\/#\/schema\/person\/601cf3379633985b20f7e50f2bb47707\"},\"headline\":\"Dr\u017eavni svet zavrnil veto na novelo zakona o tujcih\",\"datePublished\":\"2017-02-01T17:00:00+00:00\",\"dateModified\":\"2017-02-02T05:52:06+00:00\",\"mainEntityOfPage\":{\"@id\":\"https:\/\/hudo.com\/si\/aktualno\/drzavni-svet-zavrnil-veto-na-novelo-zakona-o-tujcih\/\"},\"wordCount\":338,\"publisher\":{\"@id\":\"https:\/\/hudo.com\/si\/#organization\"},\"articleSection\":[\"Aktualno\"],\"inLanguage\":\"sl-SI\"},{\"@type\":\"WebPage\",\"@id\":\"https:\/\/hudo.com\/si\/aktualno\/drzavni-svet-zavrnil-veto-na-novelo-zakona-o-tujcih\/\",\"url\":\"https:\/\/hudo.com\/si\/aktualno\/drzavni-svet-zavrnil-veto-na-novelo-zakona-o-tujcih\/\",\"name\":\"Dr\u017eavni svet zavrnil veto na novelo zakona o tujcih - Hudo Slovenija\",\"isPartOf\":{\"@id\":\"https:\/\/hudo.com\/si\/#website\"},\"datePublished\":\"2017-02-01T17:00:00+00:00\",\"dateModified\":\"2017-02-02T05:52:06+00:00\",\"breadcrumb\":{\"@id\":\"https:\/\/hudo.com\/si\/aktualno\/drzavni-svet-zavrnil-veto-na-novelo-zakona-o-tujcih\/#breadcrumb\"},\"inLanguage\":\"sl-SI\",\"potentialAction\":[{\"@type\":\"ReadAction\",\"target\":[\"https:\/\/hudo.com\/si\/aktualno\/drzavni-svet-zavrnil-veto-na-novelo-zakona-o-tujcih\/\"]}]},{\"@type\":\"BreadcrumbList\",\"@id\":\"https:\/\/hudo.com\/si\/aktualno\/drzavni-svet-zavrnil-veto-na-novelo-zakona-o-tujcih\/#breadcrumb\",\"itemListElement\":[{\"@type\":\"ListItem\",\"position\":1,\"name\":\"Home\",\"item\":\"https:\/\/hudo.com\/si\/\"},{\"@type\":\"ListItem\",\"position\":2,\"name\":\"Dr\u017eavni svet zavrnil veto na novelo zakona o tujcih\"}]},{\"@type\":\"WebSite\",\"@id\":\"https:\/\/hudo.com\/si\/#website\",\"url\":\"https:\/\/hudo.com\/si\/\",\"name\":\"Hudo Slovenija\",\"description\":\"Vse novice iz Slovenije in sveta\",\"publisher\":{\"@id\":\"https:\/\/hudo.com\/si\/#organization\"},\"potentialAction\":[{\"@type\":\"SearchAction\",\"target\":{\"@type\":\"EntryPoint\",\"urlTemplate\":\"https:\/\/hudo.com\/si\/?s={search_term_string}\"},\"query-input\":\"required name=search_term_string\"}],\"inLanguage\":\"sl-SI\"},{\"@type\":\"Organization\",\"@id\":\"https:\/\/hudo.com\/si\/#organization\",\"name\":\"VSN Media\",\"url\":\"https:\/\/hudo.com\/si\/\",\"logo\":{\"@type\":\"ImageObject\",\"inLanguage\":\"sl-SI\",\"@id\":\"https:\/\/hudo.com\/si\/#\/schema\/logo\/image\/\",\"url\":\"https:\/\/hudo.com\/si\/wp-content\/uploads\/sites\/2\/2021\/03\/hudo-app-2.png\",\"contentUrl\":\"https:\/\/hudo.com\/si\/wp-content\/uploads\/sites\/2\/2021\/03\/hudo-app-2.png\",\"width\":2185,\"height\":2167,\"caption\":\"VSN Media\"},\"image\":{\"@id\":\"https:\/\/hudo.com\/si\/#\/schema\/logo\/image\/\"},\"sameAs\":[\"https:\/\/www.facebook.com\/hudo.si\",\"https:\/\/twitter.com\/hudo_si\"]},{\"@type\":\"Person\",\"@id\":\"https:\/\/hudo.com\/si\/#\/schema\/person\/601cf3379633985b20f7e50f2bb47707\",\"name\":\"hudo\",\"image\":{\"@type\":\"ImageObject\",\"inLanguage\":\"sl-SI\",\"@id\":\"https:\/\/hudo.com\/si\/#\/schema\/person\/image\/\",\"url\":\"https:\/\/secure.gravatar.com\/avatar\/c4ca25fa72cace7a696b52ff5db9e095?s=96&d=mm&r=g\",\"contentUrl\":\"https:\/\/secure.gravatar.com\/avatar\/c4ca25fa72cace7a696b52ff5db9e095?s=96&d=mm&r=g\",\"caption\":\"hudo\"},\"url\":\"https:\/\/hudo.com\/si\/author\/hudo\/\"}]}<\/script>\n<!-- \/ Yoast SEO plugin. -->","yoast_head_json":{"title":"Dr\u017eavni svet zavrnil veto na novelo zakona o tujcih - Hudo Slovenija","robots":{"index":"index","follow":"follow","max-snippet":"max-snippet:-1","max-image-preview":"max-image-preview:large","max-video-preview":"max-video-preview:-1"},"canonical":"https:\/\/hudo.com\/si\/aktualno\/drzavni-svet-zavrnil-veto-na-novelo-zakona-o-tujcih\/","og_locale":"sl_SI","og_type":"article","og_title":"Dr\u017eavni svet zavrnil veto na novelo zakona o tujcih - Hudo Slovenija","og_description":"Svetniki so glasovali proti vetu na novelo zakona o tujcih, potem ko je zgodaj popoldan \u017ee komisija dr\u017eavnega sveta za dr\u017eavno ureditev veto zavrnila. Zahtevo o glasovanju o odlo\u017eilnem vetu je v ponedeljek podpisalo 12 svetnikov, s prvopodpisanim Samerjem Khalilom. Podpisniki so opozorili tako na sam postopek sprejemanja novele, ki je bila pripravljena netransparentno in nato obravnavana po nujnem postopku; na njeno vsebino \u2013 ki mnogi opozarjajo, da je protiustavna in v nasprotju z mednarodnim pravom, kot nenazadnje tudi na razkol, ki ga je glasovanje o noveli vneslo v koalicijo. Novelo zakona so podprli poslanci SDS, NSi, ve\u010dji del SMC in pol poslancev Desusa. V drugi predstavitvi, ki jo je ministrica Vesna Gy\u00f6rk\u00f6s \u017dnidar imela pred dr\u017eavnimi svetniki, je poudarila, da \"zakon ni pisan za sedanje razmere ampak za izredne razmere, ko Slovenija ne bo ve\u010d zmo\u017ena izpolnjevati svojih mednarodnih obveznosti\" in da je njegov cilj u\u010dinkovitost. Ministrica je napovedala, da bo Avstrija najkasneje marca zaprla svoje meje za prosilce za azil z le dvema izjemama: za prosilce, ki bodo zapro\u0161ali za zdru\u017eitev z dru\u017eino in za prosilce, ki bi bili lahko mu\u010deni ali ne\u010dlove\u0161ko obravnavani v dr\u017eavi, v katere bi bili vrnjeni. \"Imamo zelo majhne azilne kapacitete,\" je povedala ministrica. Ob tem ni spregovorila o izku\u0161njah Slovenije iz devetdesetih let prej\u0161njega stoletja, ko je Slovenija gostila ve\u010d kot 70.000 beguncev iz vojn v nekdanji Jugoslaviji. Prioritete sedanje vlade so drugje. \"Schengen je nacionalnega pomena in je klju\u010dnega pomena za Slovenijo kot malo dr\u017eavo, ki temelji na odprtosti,\" je dejala ministrica na dan, ko je Avstrija podalj\u0161ala nadzor na svoji meji s Slovenijo. Vendar so svetniki, ki so podpisali zahtevo za glasovanje o vetu, jasno opozorili na nezadovoljivost argumentacije notranjega ministrstva. Branimir \u0160trukelj je dejal, da ne more sprejeti razlage, da je pogoj za spo\u0161tovanje \u010dlovekovih pravic kr\u0161itev konvencij, ki te pravice zagotavljajo, \u010de\u0161 da so te bile","og_url":"https:\/\/hudo.com\/si\/aktualno\/drzavni-svet-zavrnil-veto-na-novelo-zakona-o-tujcih\/","og_site_name":"Hudo Slovenija","article_publisher":"https:\/\/www.facebook.com\/hudo.si","article_published_time":"2017-02-01T17:00:00+00:00","article_modified_time":"2017-02-02T05:52:06+00:00","og_image":[{"width":450,"height":300,"url":"https:\/\/hudo.com\/si\/wp-content\/uploads\/sites\/2\/2017\/02\/0922Begunska68-300.jpg","type":"image\/jpeg"}],"author":"hudo","twitter_card":"summary_large_image","twitter_creator":"@hudo_si","twitter_site":"@hudo_si","twitter_misc":{"Written by":"hudo","Est. reading time":"2 minuti"},"schema":{"@context":"https:\/\/schema.org","@graph":[{"@type":"Article","@id":"https:\/\/hudo.com\/si\/aktualno\/drzavni-svet-zavrnil-veto-na-novelo-zakona-o-tujcih\/#article","isPartOf":{"@id":"https:\/\/hudo.com\/si\/aktualno\/drzavni-svet-zavrnil-veto-na-novelo-zakona-o-tujcih\/"},"author":{"name":"hudo","@id":"https:\/\/hudo.com\/si\/#\/schema\/person\/601cf3379633985b20f7e50f2bb47707"},"headline":"Dr\u017eavni svet zavrnil veto na novelo zakona o tujcih","datePublished":"2017-02-01T17:00:00+00:00","dateModified":"2017-02-02T05:52:06+00:00","mainEntityOfPage":{"@id":"https:\/\/hudo.com\/si\/aktualno\/drzavni-svet-zavrnil-veto-na-novelo-zakona-o-tujcih\/"},"wordCount":338,"publisher":{"@id":"https:\/\/hudo.com\/si\/#organization"},"articleSection":["Aktualno"],"inLanguage":"sl-SI"},{"@type":"WebPage","@id":"https:\/\/hudo.com\/si\/aktualno\/drzavni-svet-zavrnil-veto-na-novelo-zakona-o-tujcih\/","url":"https:\/\/hudo.com\/si\/aktualno\/drzavni-svet-zavrnil-veto-na-novelo-zakona-o-tujcih\/","name":"Dr\u017eavni svet zavrnil veto na novelo zakona o tujcih - Hudo Slovenija","isPartOf":{"@id":"https:\/\/hudo.com\/si\/#website"},"datePublished":"2017-02-01T17:00:00+00:00","dateModified":"2017-02-02T05:52:06+00:00","breadcrumb":{"@id":"https:\/\/hudo.com\/si\/aktualno\/drzavni-svet-zavrnil-veto-na-novelo-zakona-o-tujcih\/#breadcrumb"},"inLanguage":"sl-SI","potentialAction":[{"@type":"ReadAction","target":["https:\/\/hudo.com\/si\/aktualno\/drzavni-svet-zavrnil-veto-na-novelo-zakona-o-tujcih\/"]}]},{"@type":"BreadcrumbList","@id":"https:\/\/hudo.com\/si\/aktualno\/drzavni-svet-zavrnil-veto-na-novelo-zakona-o-tujcih\/#breadcrumb","itemListElement":[{"@type":"ListItem","position":1,"name":"Home","item":"https:\/\/hudo.com\/si\/"},{"@type":"ListItem","position":2,"name":"Dr\u017eavni svet zavrnil veto na novelo zakona o tujcih"}]},{"@type":"WebSite","@id":"https:\/\/hudo.com\/si\/#website","url":"https:\/\/hudo.com\/si\/","name":"Hudo Slovenija","description":"Vse novice iz Slovenije in sveta","publisher":{"@id":"https:\/\/hudo.com\/si\/#organization"},"potentialAction":[{"@type":"SearchAction","target":{"@type":"EntryPoint","urlTemplate":"https:\/\/hudo.com\/si\/?s={search_term_string}"},"query-input":"required name=search_term_string"}],"inLanguage":"sl-SI"},{"@type":"Organization","@id":"https:\/\/hudo.com\/si\/#organization","name":"VSN Media","url":"https:\/\/hudo.com\/si\/","logo":{"@type":"ImageObject","inLanguage":"sl-SI","@id":"https:\/\/hudo.com\/si\/#\/schema\/logo\/image\/","url":"https:\/\/hudo.com\/si\/wp-content\/uploads\/sites\/2\/2021\/03\/hudo-app-2.png","contentUrl":"https:\/\/hudo.com\/si\/wp-content\/uploads\/sites\/2\/2021\/03\/hudo-app-2.png","width":2185,"height":2167,"caption":"VSN Media"},"image":{"@id":"https:\/\/hudo.com\/si\/#\/schema\/logo\/image\/"},"sameAs":["https:\/\/www.facebook.com\/hudo.si","https:\/\/twitter.com\/hudo_si"]},{"@type":"Person","@id":"https:\/\/hudo.com\/si\/#\/schema\/person\/601cf3379633985b20f7e50f2bb47707","name":"hudo","image":{"@type":"ImageObject","inLanguage":"sl-SI","@id":"https:\/\/hudo.com\/si\/#\/schema\/person\/image\/","url":"https:\/\/secure.gravatar.com\/avatar\/c4ca25fa72cace7a696b52ff5db9e095?s=96&d=mm&r=g","contentUrl":"https:\/\/secure.gravatar.com\/avatar\/c4ca25fa72cace7a696b52ff5db9e095?s=96&d=mm&r=g","caption":"hudo"},"url":"https:\/\/hudo.com\/si\/author\/hudo\/"}]}},"amp_enabled":true,"_links":{"self":[{"href":"https:\/\/hudo.com\/si\/wp-json\/wp\/v2\/posts\/203000"}],"collection":[{"href":"https:\/\/hudo.com\/si\/wp-json\/wp\/v2\/posts"}],"about":[{"href":"https:\/\/hudo.com\/si\/wp-json\/wp\/v2\/types\/post"}],"author":[{"embeddable":true,"href":"https:\/\/hudo.com\/si\/wp-json\/wp\/v2\/users\/1"}],"replies":[{"embeddable":true,"href":"https:\/\/hudo.com\/si\/wp-json\/wp\/v2\/comments?post=203000"}],"version-history":[{"count":1,"href":"https:\/\/hudo.com\/si\/wp-json\/wp\/v2\/posts\/203000\/revisions"}],"predecessor-version":[{"id":203070,"href":"https:\/\/hudo.com\/si\/wp-json\/wp\/v2\/posts\/203000\/revisions\/203070"}],"wp:attachment":[{"href":"https:\/\/hudo.com\/si\/wp-json\/wp\/v2\/media?parent=203000"}],"wp:term":[{"taxonomy":"category","embeddable":true,"href":"https:\/\/hudo.com\/si\/wp-json\/wp\/v2\/categories?post=203000"},{"taxonomy":"post_tag","embeddable":true,"href":"https:\/\/hudo.com\/si\/wp-json\/wp\/v2\/tags?post=203000"},{"taxonomy":"source","embeddable":true,"href":"https:\/\/hudo.com\/si\/wp-json\/wp\/v2\/source?post=203000"},{"taxonomy":"supertag","embeddable":true,"href":"https:\/\/hudo.com\/si\/wp-json\/wp\/v2\/supertag?post=203000"}],"curies":[{"name":"wp","href":"https:\/\/api.w.org\/{rel}","templated":true}]}}