{"id":203071,"date":"2017-02-01T17:49:00","date_gmt":"2017-02-01T16:49:00","guid":{"rendered":"http:\/\/hudo.com\/si\/2017\/02\/01\/drzavni-svet-ni-izglasoval-veta-na-zakon-o-tujcih\/"},"modified":"2017-02-01T17:49:00","modified_gmt":"2017-02-01T16:49:00","slug":"drzavni-svet-ni-izglasoval-veta-na-zakon-o-tujcih","status":"publish","type":"post","link":"https:\/\/hudo.com\/si\/aktualno\/drzavni-svet-ni-izglasoval-veta-na-zakon-o-tujcih\/","title":{"rendered":"Dr\u017eavni svet ni izglasoval veta na zakon o tujcih"},"content":{"rendered":"<p>Kategorija: Politika Wed, 01 Feb 2017 18:49:00 +0100  Ljubljana &#8211; Dr\u017eavni svet na dana\u0161nji seji ni izglasoval odlo\u017eilnega veta na novelo zakona o tujcih, saj je za vlo\u017eitev veta glasovalo 16, proti pa 19 svetnikov. Kljub pomislekom o neustavnosti in neskladju z mednarodnim pravom je ve\u010dina svetnikov opozarjala, da mora dr\u017eava najprej poskrbeti za varnost svojih dr\u017eavljanov. Predlagatelji veta so po besedah Samerja Khalila, prvopodpisanega pod predlog, prepri\u010dani, da obstaja ve\u010d tehtnih razlogov, ki po mnenju \u0161tevilnih strokovnjakov ustavnega in mednarodnega prava nesorazmerno posegajo v ustavo in mednarodno zagotovljene pravice. Iz postopkovnih razlogov se jim zdi sporen sam proces sprejemanja zakona, saj je bil po eni strani sprejet \u00bbna zalogo\u00ab, hkrati pa po nujnem postopku. Khalil je \u0161e opozoril, da je ministrstvo za notranje zadeve zakon pripravljalo nepregledno in skrito pred o\u010dmi javnosti, brez temeljite javne razprave. Khalil je prepri\u010dan,\u00a0&#8230;<\/p>\n","protected":false},"excerpt":{"rendered":"<p>Kategorija: Politika Wed, 01 Feb 2017 18:49:00 +0100  Ljubljana &#8211; Dr\u017eavni svet na dana\u0161nji seji ni izglasoval odlo\u017eilnega veta na novelo zakona o tujcih, saj je za vlo\u017eitev veta glasovalo 16, proti pa 19 svetnikov. Kljub pomislekom o neustavnosti in neskladju z mednarodnim pravom je ve\u010dina svetnikov opozarjala, da mora dr\u017eava najprej poskrbeti za varnost svojih dr\u017eavljanov. Predlagatelji veta so po besedah Samerja Khalila, prvopodpisanega pod predlog, prepri\u010dani, da obstaja ve\u010d tehtnih razlogov, ki po mnenju \u0161tevilnih strokovnjakov ustavnega in mednarodnega prava nesorazmerno posegajo v ustavo in mednarodno zagotovljene pravice. Iz postopkovnih razlogov se jim zdi sporen sam proces sprejemanja zakona, saj je bil po eni strani sprejet \u00bbna zalogo\u00ab, hkrati pa po nujnem postopku. Khalil je \u0161e opozoril, da je ministrstvo za notranje zadeve zakon pripravljalo nepregledno in skrito pred o\u010dmi javnosti, brez temeljite javne razprave. Khalil je prepri\u010dan,\u00a0&#8230;<\/p>\n","protected":false},"author":1,"featured_media":0,"comment_status":"closed","ping_status":"closed","sticky":false,"template":"","format":"standard","meta":{"footnotes":""},"categories":[1179],"tags":[],"source":[1703],"supertag":[],"acf":[],"yoast_head":"<!-- This site is optimized with the Yoast SEO plugin v21.3 - https:\/\/yoast.com\/wordpress\/plugins\/seo\/ -->\n<title>Dr\u017eavni svet ni izglasoval veta na zakon o tujcih - Hudo Slovenija<\/title>\n<meta name=\"robots\" content=\"index, follow, max-snippet:-1, max-image-preview:large, max-video-preview:-1\" \/>\n<link rel=\"canonical\" href=\"https:\/\/hudo.com\/si\/aktualno\/drzavni-svet-ni-izglasoval-veta-na-zakon-o-tujcih\/\" \/>\n<meta property=\"og:locale\" content=\"sl_SI\" \/>\n<meta property=\"og:type\" content=\"article\" \/>\n<meta property=\"og:title\" content=\"Dr\u017eavni svet ni izglasoval veta na zakon o tujcih - Hudo Slovenija\" \/>\n<meta property=\"og:description\" content=\"Kategorija: Politika Wed, 01 Feb 2017 18:49:00 +0100 Ljubljana - Dr\u017eavni svet na dana\u0161nji seji ni izglasoval odlo\u017eilnega veta na novelo zakona o tujcih, saj je za vlo\u017eitev veta glasovalo 16, proti pa 19 svetnikov. Kljub pomislekom o neustavnosti in neskladju z mednarodnim pravom je ve\u010dina svetnikov opozarjala, da mora dr\u017eava najprej poskrbeti za varnost svojih dr\u017eavljanov. Predlagatelji veta so po besedah Samerja Khalila, prvopodpisanega pod predlog, prepri\u010dani, da obstaja ve\u010d tehtnih razlogov, ki po mnenju \u0161tevilnih strokovnjakov ustavnega in mednarodnega prava nesorazmerno posegajo v ustavo in mednarodno zagotovljene pravice. Iz postopkovnih razlogov se jim zdi sporen sam proces sprejemanja zakona, saj je bil po eni strani sprejet \u00bbna zalogo\u00ab, hkrati pa po nujnem postopku. Khalil je \u0161e opozoril, da je ministrstvo za notranje zadeve zakon pripravljalo nepregledno in skrito pred o\u010dmi javnosti, brez temeljite javne razprave. Khalil je prepri\u010dan,\u00a0...\" \/>\n<meta property=\"og:url\" content=\"https:\/\/hudo.com\/si\/aktualno\/drzavni-svet-ni-izglasoval-veta-na-zakon-o-tujcih\/\" \/>\n<meta property=\"og:site_name\" content=\"Hudo Slovenija\" \/>\n<meta property=\"article:publisher\" content=\"https:\/\/www.facebook.com\/hudo.si\" \/>\n<meta property=\"article:published_time\" content=\"2017-02-01T16:49:00+00:00\" \/>\n<meta property=\"og:image\" content=\"https:\/\/hudo.com\/si\/wp-content\/uploads\/sites\/2\/2017\/02\/480x290_Delo_Foto-20170201163936-07590800.jpeg\" \/>\n\t<meta property=\"og:image:width\" content=\"480\" \/>\n\t<meta property=\"og:image:height\" content=\"290\" \/>\n\t<meta property=\"og:image:type\" content=\"image\/jpeg\" \/>\n<meta name=\"author\" content=\"hudo\" \/>\n<meta name=\"twitter:card\" content=\"summary_large_image\" \/>\n<meta name=\"twitter:creator\" content=\"@hudo_si\" \/>\n<meta name=\"twitter:site\" content=\"@hudo_si\" \/>\n<meta name=\"twitter:label1\" content=\"Written by\" \/>\n\t<meta name=\"twitter:data1\" content=\"hudo\" \/>\n\t<meta name=\"twitter:label2\" content=\"Est. reading time\" \/>\n\t<meta name=\"twitter:data2\" content=\"1 minuta\" \/>\n<script type=\"application\/ld+json\" class=\"yoast-schema-graph\">{\"@context\":\"https:\/\/schema.org\",\"@graph\":[{\"@type\":\"Article\",\"@id\":\"https:\/\/hudo.com\/si\/aktualno\/drzavni-svet-ni-izglasoval-veta-na-zakon-o-tujcih\/#article\",\"isPartOf\":{\"@id\":\"https:\/\/hudo.com\/si\/aktualno\/drzavni-svet-ni-izglasoval-veta-na-zakon-o-tujcih\/\"},\"author\":{\"name\":\"hudo\",\"@id\":\"https:\/\/hudo.com\/si\/#\/schema\/person\/601cf3379633985b20f7e50f2bb47707\"},\"headline\":\"Dr\u017eavni svet ni izglasoval veta na zakon o tujcih\",\"datePublished\":\"2017-02-01T16:49:00+00:00\",\"dateModified\":\"2017-02-01T16:49:00+00:00\",\"mainEntityOfPage\":{\"@id\":\"https:\/\/hudo.com\/si\/aktualno\/drzavni-svet-ni-izglasoval-veta-na-zakon-o-tujcih\/\"},\"wordCount\":154,\"publisher\":{\"@id\":\"https:\/\/hudo.com\/si\/#organization\"},\"articleSection\":[\"Aktualno\"],\"inLanguage\":\"sl-SI\"},{\"@type\":\"WebPage\",\"@id\":\"https:\/\/hudo.com\/si\/aktualno\/drzavni-svet-ni-izglasoval-veta-na-zakon-o-tujcih\/\",\"url\":\"https:\/\/hudo.com\/si\/aktualno\/drzavni-svet-ni-izglasoval-veta-na-zakon-o-tujcih\/\",\"name\":\"Dr\u017eavni svet ni izglasoval veta na zakon o tujcih - Hudo Slovenija\",\"isPartOf\":{\"@id\":\"https:\/\/hudo.com\/si\/#website\"},\"datePublished\":\"2017-02-01T16:49:00+00:00\",\"dateModified\":\"2017-02-01T16:49:00+00:00\",\"breadcrumb\":{\"@id\":\"https:\/\/hudo.com\/si\/aktualno\/drzavni-svet-ni-izglasoval-veta-na-zakon-o-tujcih\/#breadcrumb\"},\"inLanguage\":\"sl-SI\",\"potentialAction\":[{\"@type\":\"ReadAction\",\"target\":[\"https:\/\/hudo.com\/si\/aktualno\/drzavni-svet-ni-izglasoval-veta-na-zakon-o-tujcih\/\"]}]},{\"@type\":\"BreadcrumbList\",\"@id\":\"https:\/\/hudo.com\/si\/aktualno\/drzavni-svet-ni-izglasoval-veta-na-zakon-o-tujcih\/#breadcrumb\",\"itemListElement\":[{\"@type\":\"ListItem\",\"position\":1,\"name\":\"Home\",\"item\":\"https:\/\/hudo.com\/si\/\"},{\"@type\":\"ListItem\",\"position\":2,\"name\":\"Dr\u017eavni svet ni izglasoval veta na zakon o tujcih\"}]},{\"@type\":\"WebSite\",\"@id\":\"https:\/\/hudo.com\/si\/#website\",\"url\":\"https:\/\/hudo.com\/si\/\",\"name\":\"Hudo Slovenija\",\"description\":\"Vse novice iz Slovenije in sveta\",\"publisher\":{\"@id\":\"https:\/\/hudo.com\/si\/#organization\"},\"potentialAction\":[{\"@type\":\"SearchAction\",\"target\":{\"@type\":\"EntryPoint\",\"urlTemplate\":\"https:\/\/hudo.com\/si\/?s={search_term_string}\"},\"query-input\":\"required name=search_term_string\"}],\"inLanguage\":\"sl-SI\"},{\"@type\":\"Organization\",\"@id\":\"https:\/\/hudo.com\/si\/#organization\",\"name\":\"VSN Media\",\"url\":\"https:\/\/hudo.com\/si\/\",\"logo\":{\"@type\":\"ImageObject\",\"inLanguage\":\"sl-SI\",\"@id\":\"https:\/\/hudo.com\/si\/#\/schema\/logo\/image\/\",\"url\":\"https:\/\/hudo.com\/si\/wp-content\/uploads\/sites\/2\/2021\/03\/hudo-app-2.png\",\"contentUrl\":\"https:\/\/hudo.com\/si\/wp-content\/uploads\/sites\/2\/2021\/03\/hudo-app-2.png\",\"width\":2185,\"height\":2167,\"caption\":\"VSN Media\"},\"image\":{\"@id\":\"https:\/\/hudo.com\/si\/#\/schema\/logo\/image\/\"},\"sameAs\":[\"https:\/\/www.facebook.com\/hudo.si\",\"https:\/\/twitter.com\/hudo_si\"]},{\"@type\":\"Person\",\"@id\":\"https:\/\/hudo.com\/si\/#\/schema\/person\/601cf3379633985b20f7e50f2bb47707\",\"name\":\"hudo\",\"image\":{\"@type\":\"ImageObject\",\"inLanguage\":\"sl-SI\",\"@id\":\"https:\/\/hudo.com\/si\/#\/schema\/person\/image\/\",\"url\":\"https:\/\/secure.gravatar.com\/avatar\/c4ca25fa72cace7a696b52ff5db9e095?s=96&d=mm&r=g\",\"contentUrl\":\"https:\/\/secure.gravatar.com\/avatar\/c4ca25fa72cace7a696b52ff5db9e095?s=96&d=mm&r=g\",\"caption\":\"hudo\"},\"url\":\"https:\/\/hudo.com\/si\/author\/hudo\/\"}]}<\/script>\n<!-- \/ Yoast SEO plugin. -->","yoast_head_json":{"title":"Dr\u017eavni svet ni izglasoval veta na zakon o tujcih - Hudo Slovenija","robots":{"index":"index","follow":"follow","max-snippet":"max-snippet:-1","max-image-preview":"max-image-preview:large","max-video-preview":"max-video-preview:-1"},"canonical":"https:\/\/hudo.com\/si\/aktualno\/drzavni-svet-ni-izglasoval-veta-na-zakon-o-tujcih\/","og_locale":"sl_SI","og_type":"article","og_title":"Dr\u017eavni svet ni izglasoval veta na zakon o tujcih - Hudo Slovenija","og_description":"Kategorija: Politika Wed, 01 Feb 2017 18:49:00 +0100 Ljubljana - Dr\u017eavni svet na dana\u0161nji seji ni izglasoval odlo\u017eilnega veta na novelo zakona o tujcih, saj je za vlo\u017eitev veta glasovalo 16, proti pa 19 svetnikov. Kljub pomislekom o neustavnosti in neskladju z mednarodnim pravom je ve\u010dina svetnikov opozarjala, da mora dr\u017eava najprej poskrbeti za varnost svojih dr\u017eavljanov. Predlagatelji veta so po besedah Samerja Khalila, prvopodpisanega pod predlog, prepri\u010dani, da obstaja ve\u010d tehtnih razlogov, ki po mnenju \u0161tevilnih strokovnjakov ustavnega in mednarodnega prava nesorazmerno posegajo v ustavo in mednarodno zagotovljene pravice. Iz postopkovnih razlogov se jim zdi sporen sam proces sprejemanja zakona, saj je bil po eni strani sprejet \u00bbna zalogo\u00ab, hkrati pa po nujnem postopku. Khalil je \u0161e opozoril, da je ministrstvo za notranje zadeve zakon pripravljalo nepregledno in skrito pred o\u010dmi javnosti, brez temeljite javne razprave. Khalil je prepri\u010dan,\u00a0...","og_url":"https:\/\/hudo.com\/si\/aktualno\/drzavni-svet-ni-izglasoval-veta-na-zakon-o-tujcih\/","og_site_name":"Hudo Slovenija","article_publisher":"https:\/\/www.facebook.com\/hudo.si","article_published_time":"2017-02-01T16:49:00+00:00","og_image":[{"width":480,"height":290,"url":"https:\/\/hudo.com\/si\/wp-content\/uploads\/sites\/2\/2017\/02\/480x290_Delo_Foto-20170201163936-07590800.jpeg","type":"image\/jpeg"}],"author":"hudo","twitter_card":"summary_large_image","twitter_creator":"@hudo_si","twitter_site":"@hudo_si","twitter_misc":{"Written by":"hudo","Est. reading time":"1 minuta"},"schema":{"@context":"https:\/\/schema.org","@graph":[{"@type":"Article","@id":"https:\/\/hudo.com\/si\/aktualno\/drzavni-svet-ni-izglasoval-veta-na-zakon-o-tujcih\/#article","isPartOf":{"@id":"https:\/\/hudo.com\/si\/aktualno\/drzavni-svet-ni-izglasoval-veta-na-zakon-o-tujcih\/"},"author":{"name":"hudo","@id":"https:\/\/hudo.com\/si\/#\/schema\/person\/601cf3379633985b20f7e50f2bb47707"},"headline":"Dr\u017eavni svet ni izglasoval veta na zakon o tujcih","datePublished":"2017-02-01T16:49:00+00:00","dateModified":"2017-02-01T16:49:00+00:00","mainEntityOfPage":{"@id":"https:\/\/hudo.com\/si\/aktualno\/drzavni-svet-ni-izglasoval-veta-na-zakon-o-tujcih\/"},"wordCount":154,"publisher":{"@id":"https:\/\/hudo.com\/si\/#organization"},"articleSection":["Aktualno"],"inLanguage":"sl-SI"},{"@type":"WebPage","@id":"https:\/\/hudo.com\/si\/aktualno\/drzavni-svet-ni-izglasoval-veta-na-zakon-o-tujcih\/","url":"https:\/\/hudo.com\/si\/aktualno\/drzavni-svet-ni-izglasoval-veta-na-zakon-o-tujcih\/","name":"Dr\u017eavni svet ni izglasoval veta na zakon o tujcih - Hudo Slovenija","isPartOf":{"@id":"https:\/\/hudo.com\/si\/#website"},"datePublished":"2017-02-01T16:49:00+00:00","dateModified":"2017-02-01T16:49:00+00:00","breadcrumb":{"@id":"https:\/\/hudo.com\/si\/aktualno\/drzavni-svet-ni-izglasoval-veta-na-zakon-o-tujcih\/#breadcrumb"},"inLanguage":"sl-SI","potentialAction":[{"@type":"ReadAction","target":["https:\/\/hudo.com\/si\/aktualno\/drzavni-svet-ni-izglasoval-veta-na-zakon-o-tujcih\/"]}]},{"@type":"BreadcrumbList","@id":"https:\/\/hudo.com\/si\/aktualno\/drzavni-svet-ni-izglasoval-veta-na-zakon-o-tujcih\/#breadcrumb","itemListElement":[{"@type":"ListItem","position":1,"name":"Home","item":"https:\/\/hudo.com\/si\/"},{"@type":"ListItem","position":2,"name":"Dr\u017eavni svet ni izglasoval veta na zakon o tujcih"}]},{"@type":"WebSite","@id":"https:\/\/hudo.com\/si\/#website","url":"https:\/\/hudo.com\/si\/","name":"Hudo Slovenija","description":"Vse novice iz Slovenije in sveta","publisher":{"@id":"https:\/\/hudo.com\/si\/#organization"},"potentialAction":[{"@type":"SearchAction","target":{"@type":"EntryPoint","urlTemplate":"https:\/\/hudo.com\/si\/?s={search_term_string}"},"query-input":"required name=search_term_string"}],"inLanguage":"sl-SI"},{"@type":"Organization","@id":"https:\/\/hudo.com\/si\/#organization","name":"VSN Media","url":"https:\/\/hudo.com\/si\/","logo":{"@type":"ImageObject","inLanguage":"sl-SI","@id":"https:\/\/hudo.com\/si\/#\/schema\/logo\/image\/","url":"https:\/\/hudo.com\/si\/wp-content\/uploads\/sites\/2\/2021\/03\/hudo-app-2.png","contentUrl":"https:\/\/hudo.com\/si\/wp-content\/uploads\/sites\/2\/2021\/03\/hudo-app-2.png","width":2185,"height":2167,"caption":"VSN Media"},"image":{"@id":"https:\/\/hudo.com\/si\/#\/schema\/logo\/image\/"},"sameAs":["https:\/\/www.facebook.com\/hudo.si","https:\/\/twitter.com\/hudo_si"]},{"@type":"Person","@id":"https:\/\/hudo.com\/si\/#\/schema\/person\/601cf3379633985b20f7e50f2bb47707","name":"hudo","image":{"@type":"ImageObject","inLanguage":"sl-SI","@id":"https:\/\/hudo.com\/si\/#\/schema\/person\/image\/","url":"https:\/\/secure.gravatar.com\/avatar\/c4ca25fa72cace7a696b52ff5db9e095?s=96&d=mm&r=g","contentUrl":"https:\/\/secure.gravatar.com\/avatar\/c4ca25fa72cace7a696b52ff5db9e095?s=96&d=mm&r=g","caption":"hudo"},"url":"https:\/\/hudo.com\/si\/author\/hudo\/"}]}},"amp_enabled":true,"_links":{"self":[{"href":"https:\/\/hudo.com\/si\/wp-json\/wp\/v2\/posts\/203071"}],"collection":[{"href":"https:\/\/hudo.com\/si\/wp-json\/wp\/v2\/posts"}],"about":[{"href":"https:\/\/hudo.com\/si\/wp-json\/wp\/v2\/types\/post"}],"author":[{"embeddable":true,"href":"https:\/\/hudo.com\/si\/wp-json\/wp\/v2\/users\/1"}],"replies":[{"embeddable":true,"href":"https:\/\/hudo.com\/si\/wp-json\/wp\/v2\/comments?post=203071"}],"version-history":[{"count":0,"href":"https:\/\/hudo.com\/si\/wp-json\/wp\/v2\/posts\/203071\/revisions"}],"wp:attachment":[{"href":"https:\/\/hudo.com\/si\/wp-json\/wp\/v2\/media?parent=203071"}],"wp:term":[{"taxonomy":"category","embeddable":true,"href":"https:\/\/hudo.com\/si\/wp-json\/wp\/v2\/categories?post=203071"},{"taxonomy":"post_tag","embeddable":true,"href":"https:\/\/hudo.com\/si\/wp-json\/wp\/v2\/tags?post=203071"},{"taxonomy":"source","embeddable":true,"href":"https:\/\/hudo.com\/si\/wp-json\/wp\/v2\/source?post=203071"},{"taxonomy":"supertag","embeddable":true,"href":"https:\/\/hudo.com\/si\/wp-json\/wp\/v2\/supertag?post=203071"}],"curies":[{"name":"wp","href":"https:\/\/api.w.org\/{rel}","templated":true}]}}