{"id":203233,"date":"2017-02-02T07:00:00","date_gmt":"2017-02-02T06:00:00","guid":{"rendered":"http:\/\/hudo.com\/si\/2017\/02\/02\/jedrska-moznost-v-boju-za-ideolosko-prevlado\/"},"modified":"2017-02-02T07:00:00","modified_gmt":"2017-02-02T06:00:00","slug":"jedrska-moznost-v-boju-za-ideolosko-prevlado","status":"publish","type":"post","link":"https:\/\/hudo.com\/si\/aktualno\/jedrska-moznost-v-boju-za-ideolosko-prevlado\/","title":{"rendered":"Jedrska mo\u017enost v boju za ideolo\u0161ko prevlado"},"content":{"rendered":"<p>Kategorija: Globalno Thu, 02 Feb 2017 08:00:00 +0100  New York \u2013 V torek zve\u010der se je za\u010del postopek, ki bo liberalno Ameriko spomnil na najbolj bole\u010do posledico volilnega\u00ad poraza. Predsednik Donald Trump je za novega vrhovnega sodnika predlagal Neila Gorsucha, konservativnega sodnika zveznega prito\u017ebenega sodi\u0161\u010da\u00ad iz Kolorada, kar napoveduje surov boj v kongresu.Bela hi\u0161a je prestavila objavo imena s \u010detrtka na torek, saj je predsedni\u0161ki ukaz o za\u010dasni ustavitvi sprejemanja beguncev ter prepovedi vstopa dr\u017eavljanom sedmih prete\u017eno muslimanskih dr\u017eav po\u00advzro\u010dil val protestov in spro\u017eil ostre odzive v tujini. Novemu predsedniku za slednje verjetno ni mar, doma pa bo s predlogom za vrhovnega\u00ad sodnika zaradi diskriminacije prelil ogor\u010denje v ideolo\u0161ki boj konservativnih in liberalnih ZDA, v katerem se odli\u010dno znajde. Hkrati je pripravil televizijsko dramo, saj je povabil v Washington tako Gorsucha kot pitsbur\u0161kega sodnika Thomasa Hardimana, ki je\u00a0&#8230;<\/p>\n","protected":false},"excerpt":{"rendered":"<p>Kategorija: Globalno Thu, 02 Feb 2017 08:00:00 +0100  New York \u2013 V torek zve\u010der se je za\u010del postopek, ki bo liberalno Ameriko spomnil na najbolj bole\u010do posledico volilnega\u00ad poraza. Predsednik Donald Trump je za novega vrhovnega sodnika predlagal Neila Gorsucha, konservativnega sodnika zveznega prito\u017ebenega sodi\u0161\u010da\u00ad iz Kolorada, kar napoveduje surov boj v kongresu.Bela hi\u0161a je prestavila objavo imena s \u010detrtka na torek, saj je predsedni\u0161ki ukaz o za\u010dasni ustavitvi sprejemanja beguncev ter prepovedi vstopa dr\u017eavljanom sedmih prete\u017eno muslimanskih dr\u017eav po\u00advzro\u010dil val protestov in spro\u017eil ostre odzive v tujini. Novemu predsedniku za slednje verjetno ni mar, doma pa bo s predlogom za vrhovnega\u00ad sodnika zaradi diskriminacije prelil ogor\u010denje v ideolo\u0161ki boj konservativnih in liberalnih ZDA, v katerem se odli\u010dno znajde. Hkrati je pripravil televizijsko dramo, saj je povabil v Washington tako Gorsucha kot pitsbur\u0161kega sodnika Thomasa Hardimana, ki je\u00a0&#8230;<\/p>\n","protected":false},"author":1,"featured_media":0,"comment_status":"closed","ping_status":"closed","sticky":false,"template":"","format":"standard","meta":{"footnotes":""},"categories":[1179],"tags":[],"source":[1703],"supertag":[],"acf":[],"yoast_head":"<!-- This site is optimized with the Yoast SEO plugin v21.3 - https:\/\/yoast.com\/wordpress\/plugins\/seo\/ -->\n<title>Jedrska mo\u017enost v boju za ideolo\u0161ko prevlado - Hudo Slovenija<\/title>\n<meta name=\"robots\" content=\"index, follow, max-snippet:-1, max-image-preview:large, max-video-preview:-1\" \/>\n<link rel=\"canonical\" href=\"https:\/\/hudo.com\/si\/aktualno\/jedrska-moznost-v-boju-za-ideolosko-prevlado\/\" \/>\n<meta property=\"og:locale\" content=\"sl_SI\" \/>\n<meta property=\"og:type\" content=\"article\" \/>\n<meta property=\"og:title\" content=\"Jedrska mo\u017enost v boju za ideolo\u0161ko prevlado - Hudo Slovenija\" \/>\n<meta property=\"og:description\" content=\"Kategorija: Globalno Thu, 02 Feb 2017 08:00:00 +0100 New York \u2013 V torek zve\u010der se je za\u010del postopek, ki bo liberalno Ameriko spomnil na najbolj bole\u010do posledico volilnega\u00ad poraza. Predsednik Donald Trump je za novega vrhovnega sodnika predlagal Neila Gorsucha, konservativnega sodnika zveznega prito\u017ebenega sodi\u0161\u010da\u00ad iz Kolorada, kar napoveduje surov boj v kongresu.Bela hi\u0161a je prestavila objavo imena s \u010detrtka na torek, saj je predsedni\u0161ki ukaz o za\u010dasni ustavitvi sprejemanja beguncev ter prepovedi vstopa dr\u017eavljanom sedmih prete\u017eno muslimanskih dr\u017eav po\u00advzro\u010dil val protestov in spro\u017eil ostre odzive v tujini. Novemu predsedniku za slednje verjetno ni mar, doma pa bo s predlogom za vrhovnega\u00ad sodnika zaradi diskriminacije prelil ogor\u010denje v ideolo\u0161ki boj konservativnih in liberalnih ZDA, v katerem se odli\u010dno znajde. Hkrati je pripravil televizijsko dramo, saj je povabil v Washington tako Gorsucha kot pitsbur\u0161kega sodnika Thomasa Hardimana, ki je\u00a0...\" \/>\n<meta property=\"og:url\" content=\"https:\/\/hudo.com\/si\/aktualno\/jedrska-moznost-v-boju-za-ideolosko-prevlado\/\" \/>\n<meta property=\"og:site_name\" content=\"Hudo Slovenija\" \/>\n<meta property=\"article:publisher\" content=\"https:\/\/www.facebook.com\/hudo.si\" \/>\n<meta property=\"article:published_time\" content=\"2017-02-02T06:00:00+00:00\" \/>\n<meta property=\"og:image\" content=\"https:\/\/hudo.com\/si\/wp-content\/uploads\/sites\/2\/2017\/02\/480x290_Zunanja__Reuters_Pictures_2.27_hires1.jpeg\" \/>\n\t<meta property=\"og:image:width\" content=\"480\" \/>\n\t<meta property=\"og:image:height\" content=\"290\" \/>\n\t<meta property=\"og:image:type\" content=\"image\/jpeg\" \/>\n<meta name=\"author\" content=\"hudo\" \/>\n<meta name=\"twitter:card\" content=\"summary_large_image\" \/>\n<meta name=\"twitter:creator\" content=\"@hudo_si\" \/>\n<meta name=\"twitter:site\" content=\"@hudo_si\" \/>\n<meta name=\"twitter:label1\" content=\"Written by\" \/>\n\t<meta name=\"twitter:data1\" content=\"hudo\" \/>\n\t<meta name=\"twitter:label2\" content=\"Est. reading time\" \/>\n\t<meta name=\"twitter:data2\" content=\"1 minuta\" \/>\n<script type=\"application\/ld+json\" class=\"yoast-schema-graph\">{\"@context\":\"https:\/\/schema.org\",\"@graph\":[{\"@type\":\"Article\",\"@id\":\"https:\/\/hudo.com\/si\/aktualno\/jedrska-moznost-v-boju-za-ideolosko-prevlado\/#article\",\"isPartOf\":{\"@id\":\"https:\/\/hudo.com\/si\/aktualno\/jedrska-moznost-v-boju-za-ideolosko-prevlado\/\"},\"author\":{\"name\":\"hudo\",\"@id\":\"https:\/\/hudo.com\/si\/#\/schema\/person\/601cf3379633985b20f7e50f2bb47707\"},\"headline\":\"Jedrska mo\u017enost v boju za ideolo\u0161ko prevlado\",\"datePublished\":\"2017-02-02T06:00:00+00:00\",\"dateModified\":\"2017-02-02T06:00:00+00:00\",\"mainEntityOfPage\":{\"@id\":\"https:\/\/hudo.com\/si\/aktualno\/jedrska-moznost-v-boju-za-ideolosko-prevlado\/\"},\"wordCount\":161,\"publisher\":{\"@id\":\"https:\/\/hudo.com\/si\/#organization\"},\"articleSection\":[\"Aktualno\"],\"inLanguage\":\"sl-SI\"},{\"@type\":\"WebPage\",\"@id\":\"https:\/\/hudo.com\/si\/aktualno\/jedrska-moznost-v-boju-za-ideolosko-prevlado\/\",\"url\":\"https:\/\/hudo.com\/si\/aktualno\/jedrska-moznost-v-boju-za-ideolosko-prevlado\/\",\"name\":\"Jedrska mo\u017enost v boju za ideolo\u0161ko prevlado - Hudo Slovenija\",\"isPartOf\":{\"@id\":\"https:\/\/hudo.com\/si\/#website\"},\"datePublished\":\"2017-02-02T06:00:00+00:00\",\"dateModified\":\"2017-02-02T06:00:00+00:00\",\"breadcrumb\":{\"@id\":\"https:\/\/hudo.com\/si\/aktualno\/jedrska-moznost-v-boju-za-ideolosko-prevlado\/#breadcrumb\"},\"inLanguage\":\"sl-SI\",\"potentialAction\":[{\"@type\":\"ReadAction\",\"target\":[\"https:\/\/hudo.com\/si\/aktualno\/jedrska-moznost-v-boju-za-ideolosko-prevlado\/\"]}]},{\"@type\":\"BreadcrumbList\",\"@id\":\"https:\/\/hudo.com\/si\/aktualno\/jedrska-moznost-v-boju-za-ideolosko-prevlado\/#breadcrumb\",\"itemListElement\":[{\"@type\":\"ListItem\",\"position\":1,\"name\":\"Home\",\"item\":\"https:\/\/hudo.com\/si\/\"},{\"@type\":\"ListItem\",\"position\":2,\"name\":\"Jedrska mo\u017enost v boju za ideolo\u0161ko prevlado\"}]},{\"@type\":\"WebSite\",\"@id\":\"https:\/\/hudo.com\/si\/#website\",\"url\":\"https:\/\/hudo.com\/si\/\",\"name\":\"Hudo Slovenija\",\"description\":\"Vse novice iz Slovenije in sveta\",\"publisher\":{\"@id\":\"https:\/\/hudo.com\/si\/#organization\"},\"potentialAction\":[{\"@type\":\"SearchAction\",\"target\":{\"@type\":\"EntryPoint\",\"urlTemplate\":\"https:\/\/hudo.com\/si\/?s={search_term_string}\"},\"query-input\":\"required name=search_term_string\"}],\"inLanguage\":\"sl-SI\"},{\"@type\":\"Organization\",\"@id\":\"https:\/\/hudo.com\/si\/#organization\",\"name\":\"VSN Media\",\"url\":\"https:\/\/hudo.com\/si\/\",\"logo\":{\"@type\":\"ImageObject\",\"inLanguage\":\"sl-SI\",\"@id\":\"https:\/\/hudo.com\/si\/#\/schema\/logo\/image\/\",\"url\":\"https:\/\/hudo.com\/si\/wp-content\/uploads\/sites\/2\/2021\/03\/hudo-app-2.png\",\"contentUrl\":\"https:\/\/hudo.com\/si\/wp-content\/uploads\/sites\/2\/2021\/03\/hudo-app-2.png\",\"width\":2185,\"height\":2167,\"caption\":\"VSN Media\"},\"image\":{\"@id\":\"https:\/\/hudo.com\/si\/#\/schema\/logo\/image\/\"},\"sameAs\":[\"https:\/\/www.facebook.com\/hudo.si\",\"https:\/\/twitter.com\/hudo_si\"]},{\"@type\":\"Person\",\"@id\":\"https:\/\/hudo.com\/si\/#\/schema\/person\/601cf3379633985b20f7e50f2bb47707\",\"name\":\"hudo\",\"image\":{\"@type\":\"ImageObject\",\"inLanguage\":\"sl-SI\",\"@id\":\"https:\/\/hudo.com\/si\/#\/schema\/person\/image\/\",\"url\":\"https:\/\/secure.gravatar.com\/avatar\/c4ca25fa72cace7a696b52ff5db9e095?s=96&d=mm&r=g\",\"contentUrl\":\"https:\/\/secure.gravatar.com\/avatar\/c4ca25fa72cace7a696b52ff5db9e095?s=96&d=mm&r=g\",\"caption\":\"hudo\"},\"url\":\"https:\/\/hudo.com\/si\/author\/hudo\/\"}]}<\/script>\n<!-- \/ Yoast SEO plugin. -->","yoast_head_json":{"title":"Jedrska mo\u017enost v boju za ideolo\u0161ko prevlado - Hudo Slovenija","robots":{"index":"index","follow":"follow","max-snippet":"max-snippet:-1","max-image-preview":"max-image-preview:large","max-video-preview":"max-video-preview:-1"},"canonical":"https:\/\/hudo.com\/si\/aktualno\/jedrska-moznost-v-boju-za-ideolosko-prevlado\/","og_locale":"sl_SI","og_type":"article","og_title":"Jedrska mo\u017enost v boju za ideolo\u0161ko prevlado - Hudo Slovenija","og_description":"Kategorija: Globalno Thu, 02 Feb 2017 08:00:00 +0100 New York \u2013 V torek zve\u010der se je za\u010del postopek, ki bo liberalno Ameriko spomnil na najbolj bole\u010do posledico volilnega\u00ad poraza. Predsednik Donald Trump je za novega vrhovnega sodnika predlagal Neila Gorsucha, konservativnega sodnika zveznega prito\u017ebenega sodi\u0161\u010da\u00ad iz Kolorada, kar napoveduje surov boj v kongresu.Bela hi\u0161a je prestavila objavo imena s \u010detrtka na torek, saj je predsedni\u0161ki ukaz o za\u010dasni ustavitvi sprejemanja beguncev ter prepovedi vstopa dr\u017eavljanom sedmih prete\u017eno muslimanskih dr\u017eav po\u00advzro\u010dil val protestov in spro\u017eil ostre odzive v tujini. Novemu predsedniku za slednje verjetno ni mar, doma pa bo s predlogom za vrhovnega\u00ad sodnika zaradi diskriminacije prelil ogor\u010denje v ideolo\u0161ki boj konservativnih in liberalnih ZDA, v katerem se odli\u010dno znajde. Hkrati je pripravil televizijsko dramo, saj je povabil v Washington tako Gorsucha kot pitsbur\u0161kega sodnika Thomasa Hardimana, ki je\u00a0...","og_url":"https:\/\/hudo.com\/si\/aktualno\/jedrska-moznost-v-boju-za-ideolosko-prevlado\/","og_site_name":"Hudo Slovenija","article_publisher":"https:\/\/www.facebook.com\/hudo.si","article_published_time":"2017-02-02T06:00:00+00:00","og_image":[{"width":480,"height":290,"url":"https:\/\/hudo.com\/si\/wp-content\/uploads\/sites\/2\/2017\/02\/480x290_Zunanja__Reuters_Pictures_2.27_hires1.jpeg","type":"image\/jpeg"}],"author":"hudo","twitter_card":"summary_large_image","twitter_creator":"@hudo_si","twitter_site":"@hudo_si","twitter_misc":{"Written by":"hudo","Est. reading time":"1 minuta"},"schema":{"@context":"https:\/\/schema.org","@graph":[{"@type":"Article","@id":"https:\/\/hudo.com\/si\/aktualno\/jedrska-moznost-v-boju-za-ideolosko-prevlado\/#article","isPartOf":{"@id":"https:\/\/hudo.com\/si\/aktualno\/jedrska-moznost-v-boju-za-ideolosko-prevlado\/"},"author":{"name":"hudo","@id":"https:\/\/hudo.com\/si\/#\/schema\/person\/601cf3379633985b20f7e50f2bb47707"},"headline":"Jedrska mo\u017enost v boju za ideolo\u0161ko prevlado","datePublished":"2017-02-02T06:00:00+00:00","dateModified":"2017-02-02T06:00:00+00:00","mainEntityOfPage":{"@id":"https:\/\/hudo.com\/si\/aktualno\/jedrska-moznost-v-boju-za-ideolosko-prevlado\/"},"wordCount":161,"publisher":{"@id":"https:\/\/hudo.com\/si\/#organization"},"articleSection":["Aktualno"],"inLanguage":"sl-SI"},{"@type":"WebPage","@id":"https:\/\/hudo.com\/si\/aktualno\/jedrska-moznost-v-boju-za-ideolosko-prevlado\/","url":"https:\/\/hudo.com\/si\/aktualno\/jedrska-moznost-v-boju-za-ideolosko-prevlado\/","name":"Jedrska mo\u017enost v boju za ideolo\u0161ko prevlado - Hudo Slovenija","isPartOf":{"@id":"https:\/\/hudo.com\/si\/#website"},"datePublished":"2017-02-02T06:00:00+00:00","dateModified":"2017-02-02T06:00:00+00:00","breadcrumb":{"@id":"https:\/\/hudo.com\/si\/aktualno\/jedrska-moznost-v-boju-za-ideolosko-prevlado\/#breadcrumb"},"inLanguage":"sl-SI","potentialAction":[{"@type":"ReadAction","target":["https:\/\/hudo.com\/si\/aktualno\/jedrska-moznost-v-boju-za-ideolosko-prevlado\/"]}]},{"@type":"BreadcrumbList","@id":"https:\/\/hudo.com\/si\/aktualno\/jedrska-moznost-v-boju-za-ideolosko-prevlado\/#breadcrumb","itemListElement":[{"@type":"ListItem","position":1,"name":"Home","item":"https:\/\/hudo.com\/si\/"},{"@type":"ListItem","position":2,"name":"Jedrska mo\u017enost v boju za ideolo\u0161ko prevlado"}]},{"@type":"WebSite","@id":"https:\/\/hudo.com\/si\/#website","url":"https:\/\/hudo.com\/si\/","name":"Hudo Slovenija","description":"Vse novice iz Slovenije in sveta","publisher":{"@id":"https:\/\/hudo.com\/si\/#organization"},"potentialAction":[{"@type":"SearchAction","target":{"@type":"EntryPoint","urlTemplate":"https:\/\/hudo.com\/si\/?s={search_term_string}"},"query-input":"required name=search_term_string"}],"inLanguage":"sl-SI"},{"@type":"Organization","@id":"https:\/\/hudo.com\/si\/#organization","name":"VSN Media","url":"https:\/\/hudo.com\/si\/","logo":{"@type":"ImageObject","inLanguage":"sl-SI","@id":"https:\/\/hudo.com\/si\/#\/schema\/logo\/image\/","url":"https:\/\/hudo.com\/si\/wp-content\/uploads\/sites\/2\/2021\/03\/hudo-app-2.png","contentUrl":"https:\/\/hudo.com\/si\/wp-content\/uploads\/sites\/2\/2021\/03\/hudo-app-2.png","width":2185,"height":2167,"caption":"VSN Media"},"image":{"@id":"https:\/\/hudo.com\/si\/#\/schema\/logo\/image\/"},"sameAs":["https:\/\/www.facebook.com\/hudo.si","https:\/\/twitter.com\/hudo_si"]},{"@type":"Person","@id":"https:\/\/hudo.com\/si\/#\/schema\/person\/601cf3379633985b20f7e50f2bb47707","name":"hudo","image":{"@type":"ImageObject","inLanguage":"sl-SI","@id":"https:\/\/hudo.com\/si\/#\/schema\/person\/image\/","url":"https:\/\/secure.gravatar.com\/avatar\/c4ca25fa72cace7a696b52ff5db9e095?s=96&d=mm&r=g","contentUrl":"https:\/\/secure.gravatar.com\/avatar\/c4ca25fa72cace7a696b52ff5db9e095?s=96&d=mm&r=g","caption":"hudo"},"url":"https:\/\/hudo.com\/si\/author\/hudo\/"}]}},"amp_enabled":true,"_links":{"self":[{"href":"https:\/\/hudo.com\/si\/wp-json\/wp\/v2\/posts\/203233"}],"collection":[{"href":"https:\/\/hudo.com\/si\/wp-json\/wp\/v2\/posts"}],"about":[{"href":"https:\/\/hudo.com\/si\/wp-json\/wp\/v2\/types\/post"}],"author":[{"embeddable":true,"href":"https:\/\/hudo.com\/si\/wp-json\/wp\/v2\/users\/1"}],"replies":[{"embeddable":true,"href":"https:\/\/hudo.com\/si\/wp-json\/wp\/v2\/comments?post=203233"}],"version-history":[{"count":0,"href":"https:\/\/hudo.com\/si\/wp-json\/wp\/v2\/posts\/203233\/revisions"}],"wp:attachment":[{"href":"https:\/\/hudo.com\/si\/wp-json\/wp\/v2\/media?parent=203233"}],"wp:term":[{"taxonomy":"category","embeddable":true,"href":"https:\/\/hudo.com\/si\/wp-json\/wp\/v2\/categories?post=203233"},{"taxonomy":"post_tag","embeddable":true,"href":"https:\/\/hudo.com\/si\/wp-json\/wp\/v2\/tags?post=203233"},{"taxonomy":"source","embeddable":true,"href":"https:\/\/hudo.com\/si\/wp-json\/wp\/v2\/source?post=203233"},{"taxonomy":"supertag","embeddable":true,"href":"https:\/\/hudo.com\/si\/wp-json\/wp\/v2\/supertag?post=203233"}],"curies":[{"name":"wp","href":"https:\/\/api.w.org\/{rel}","templated":true}]}}