{"id":203246,"date":"2017-02-02T06:19:46","date_gmt":"2017-02-02T05:19:46","guid":{"rendered":"http:\/\/hudo.com\/si\/2017\/02\/02\/slovaska-formirala-enoto-za-boj-proti-terorizmu\/"},"modified":"2017-02-02T13:53:09","modified_gmt":"2017-02-02T12:53:09","slug":"slovaska-formirala-enoto-za-boj-proti-terorizmu","status":"publish","type":"post","link":"https:\/\/hudo.com\/si\/aktualno\/slovaska-formirala-enoto-za-boj-proti-terorizmu\/","title":{"rendered":"Slova\u0161ka formirala enoto za boj proti terorizmu"},"content":{"rendered":"<p>Slova\u0161ka je formirala posebno policijsko enoto za boj proti terorizmu in ultra desni\u010darskemu ekstremizmu. Ob tej prilo\u017enosti je premier Slova\u0161ke Robert Fico izjavil, da potezo pozdravlja, saj lahko policija sedaj odgovori na nove valove ekstremizma in fa\u0161izma, ki so se pojavili v Evropi, za\u010deli pa so se pojavljati tudi na Slova\u0161kem, poro\u010da AP. Premier Fico,&#8230;<\/p>\n","protected":false},"excerpt":{"rendered":"<p>Slova\u0161ka je formirala posebno policijsko enoto za boj proti terorizmu in ultra desni\u010darskemu ekstremizmu. Ob tej prilo\u017enosti je premier Slova\u0161ke Robert Fico izjavil, da potezo pozdravlja, saj lahko policija sedaj odgovori na nove valove ekstremizma in fa\u0161izma, ki so se pojavili v Evropi, za\u010deli pa so se pojavljati tudi na Slova\u0161kem, poro\u010da AP. Premier Fico,&#8230;<\/p>\n","protected":false},"author":1,"featured_media":0,"comment_status":"closed","ping_status":"closed","sticky":false,"template":"","format":"standard","meta":{"footnotes":""},"categories":[1179],"tags":[],"source":[7683],"supertag":[],"acf":[],"yoast_head":"<!-- This site is optimized with the Yoast SEO plugin v21.3 - https:\/\/yoast.com\/wordpress\/plugins\/seo\/ -->\n<title>Slova\u0161ka formirala enoto za boj proti terorizmu - Hudo Slovenija<\/title>\n<meta name=\"robots\" content=\"index, follow, max-snippet:-1, max-image-preview:large, max-video-preview:-1\" \/>\n<link rel=\"canonical\" href=\"https:\/\/hudo.com\/si\/aktualno\/slovaska-formirala-enoto-za-boj-proti-terorizmu\/\" \/>\n<meta property=\"og:locale\" content=\"sl_SI\" \/>\n<meta property=\"og:type\" content=\"article\" \/>\n<meta property=\"og:title\" content=\"Slova\u0161ka formirala enoto za boj proti terorizmu - Hudo Slovenija\" \/>\n<meta property=\"og:description\" content=\"Slova\u0161ka je formirala posebno policijsko enoto za boj proti terorizmu in ultra desni\u010darskemu ekstremizmu. Ob tej prilo\u017enosti je premier Slova\u0161ke Robert Fico izjavil, da potezo pozdravlja, saj lahko policija sedaj odgovori na nove valove ekstremizma in fa\u0161izma, ki so se pojavili v Evropi, za\u010deli pa so se pojavljati tudi na Slova\u0161kem, poro\u010da AP. Premier Fico,&#8230;\" \/>\n<meta property=\"og:url\" content=\"https:\/\/hudo.com\/si\/aktualno\/slovaska-formirala-enoto-za-boj-proti-terorizmu\/\" \/>\n<meta property=\"og:site_name\" content=\"Hudo Slovenija\" \/>\n<meta property=\"article:publisher\" content=\"https:\/\/www.facebook.com\/hudo.si\" \/>\n<meta property=\"article:published_time\" content=\"2017-02-02T05:19:46+00:00\" \/>\n<meta property=\"article:modified_time\" content=\"2017-02-02T12:53:09+00:00\" \/>\n<meta property=\"og:image\" content=\"https:\/\/hudo.com\/si\/wp-content\/uploads\/sites\/2\/2017\/02\/anti-terorist-slovakia.jpg\" \/>\n\t<meta property=\"og:image:width\" content=\"640\" \/>\n\t<meta property=\"og:image:height\" content=\"425\" \/>\n\t<meta property=\"og:image:type\" content=\"image\/jpeg\" \/>\n<meta name=\"author\" content=\"hudo\" \/>\n<meta name=\"twitter:card\" content=\"summary_large_image\" \/>\n<meta name=\"twitter:creator\" content=\"@hudo_si\" \/>\n<meta name=\"twitter:site\" content=\"@hudo_si\" \/>\n<meta name=\"twitter:label1\" content=\"Written by\" \/>\n\t<meta name=\"twitter:data1\" content=\"hudo\" \/>\n<script type=\"application\/ld+json\" class=\"yoast-schema-graph\">{\"@context\":\"https:\/\/schema.org\",\"@graph\":[{\"@type\":\"Article\",\"@id\":\"https:\/\/hudo.com\/si\/aktualno\/slovaska-formirala-enoto-za-boj-proti-terorizmu\/#article\",\"isPartOf\":{\"@id\":\"https:\/\/hudo.com\/si\/aktualno\/slovaska-formirala-enoto-za-boj-proti-terorizmu\/\"},\"author\":{\"name\":\"hudo\",\"@id\":\"https:\/\/hudo.com\/si\/#\/schema\/person\/601cf3379633985b20f7e50f2bb47707\"},\"headline\":\"Slova\u0161ka formirala enoto za boj proti terorizmu\",\"datePublished\":\"2017-02-02T05:19:46+00:00\",\"dateModified\":\"2017-02-02T12:53:09+00:00\",\"mainEntityOfPage\":{\"@id\":\"https:\/\/hudo.com\/si\/aktualno\/slovaska-formirala-enoto-za-boj-proti-terorizmu\/\"},\"wordCount\":71,\"publisher\":{\"@id\":\"https:\/\/hudo.com\/si\/#organization\"},\"articleSection\":[\"Aktualno\"],\"inLanguage\":\"sl-SI\"},{\"@type\":\"WebPage\",\"@id\":\"https:\/\/hudo.com\/si\/aktualno\/slovaska-formirala-enoto-za-boj-proti-terorizmu\/\",\"url\":\"https:\/\/hudo.com\/si\/aktualno\/slovaska-formirala-enoto-za-boj-proti-terorizmu\/\",\"name\":\"Slova\u0161ka formirala enoto za boj proti terorizmu - Hudo Slovenija\",\"isPartOf\":{\"@id\":\"https:\/\/hudo.com\/si\/#website\"},\"datePublished\":\"2017-02-02T05:19:46+00:00\",\"dateModified\":\"2017-02-02T12:53:09+00:00\",\"breadcrumb\":{\"@id\":\"https:\/\/hudo.com\/si\/aktualno\/slovaska-formirala-enoto-za-boj-proti-terorizmu\/#breadcrumb\"},\"inLanguage\":\"sl-SI\",\"potentialAction\":[{\"@type\":\"ReadAction\",\"target\":[\"https:\/\/hudo.com\/si\/aktualno\/slovaska-formirala-enoto-za-boj-proti-terorizmu\/\"]}]},{\"@type\":\"BreadcrumbList\",\"@id\":\"https:\/\/hudo.com\/si\/aktualno\/slovaska-formirala-enoto-za-boj-proti-terorizmu\/#breadcrumb\",\"itemListElement\":[{\"@type\":\"ListItem\",\"position\":1,\"name\":\"Home\",\"item\":\"https:\/\/hudo.com\/si\/\"},{\"@type\":\"ListItem\",\"position\":2,\"name\":\"Slova\u0161ka formirala enoto za boj proti terorizmu\"}]},{\"@type\":\"WebSite\",\"@id\":\"https:\/\/hudo.com\/si\/#website\",\"url\":\"https:\/\/hudo.com\/si\/\",\"name\":\"Hudo Slovenija\",\"description\":\"Vse novice iz Slovenije in sveta\",\"publisher\":{\"@id\":\"https:\/\/hudo.com\/si\/#organization\"},\"potentialAction\":[{\"@type\":\"SearchAction\",\"target\":{\"@type\":\"EntryPoint\",\"urlTemplate\":\"https:\/\/hudo.com\/si\/?s={search_term_string}\"},\"query-input\":\"required name=search_term_string\"}],\"inLanguage\":\"sl-SI\"},{\"@type\":\"Organization\",\"@id\":\"https:\/\/hudo.com\/si\/#organization\",\"name\":\"VSN Media\",\"url\":\"https:\/\/hudo.com\/si\/\",\"logo\":{\"@type\":\"ImageObject\",\"inLanguage\":\"sl-SI\",\"@id\":\"https:\/\/hudo.com\/si\/#\/schema\/logo\/image\/\",\"url\":\"https:\/\/hudo.com\/si\/wp-content\/uploads\/sites\/2\/2021\/03\/hudo-app-2.png\",\"contentUrl\":\"https:\/\/hudo.com\/si\/wp-content\/uploads\/sites\/2\/2021\/03\/hudo-app-2.png\",\"width\":2185,\"height\":2167,\"caption\":\"VSN Media\"},\"image\":{\"@id\":\"https:\/\/hudo.com\/si\/#\/schema\/logo\/image\/\"},\"sameAs\":[\"https:\/\/www.facebook.com\/hudo.si\",\"https:\/\/twitter.com\/hudo_si\"]},{\"@type\":\"Person\",\"@id\":\"https:\/\/hudo.com\/si\/#\/schema\/person\/601cf3379633985b20f7e50f2bb47707\",\"name\":\"hudo\",\"image\":{\"@type\":\"ImageObject\",\"inLanguage\":\"sl-SI\",\"@id\":\"https:\/\/hudo.com\/si\/#\/schema\/person\/image\/\",\"url\":\"https:\/\/secure.gravatar.com\/avatar\/c4ca25fa72cace7a696b52ff5db9e095?s=96&d=mm&r=g\",\"contentUrl\":\"https:\/\/secure.gravatar.com\/avatar\/c4ca25fa72cace7a696b52ff5db9e095?s=96&d=mm&r=g\",\"caption\":\"hudo\"},\"url\":\"https:\/\/hudo.com\/si\/author\/hudo\/\"}]}<\/script>\n<!-- \/ Yoast SEO plugin. -->","yoast_head_json":{"title":"Slova\u0161ka formirala enoto za boj proti terorizmu - Hudo Slovenija","robots":{"index":"index","follow":"follow","max-snippet":"max-snippet:-1","max-image-preview":"max-image-preview:large","max-video-preview":"max-video-preview:-1"},"canonical":"https:\/\/hudo.com\/si\/aktualno\/slovaska-formirala-enoto-za-boj-proti-terorizmu\/","og_locale":"sl_SI","og_type":"article","og_title":"Slova\u0161ka formirala enoto za boj proti terorizmu - Hudo Slovenija","og_description":"Slova\u0161ka je formirala posebno policijsko enoto za boj proti terorizmu in ultra desni\u010darskemu ekstremizmu. Ob tej prilo\u017enosti je premier Slova\u0161ke Robert Fico izjavil, da potezo pozdravlja, saj lahko policija sedaj odgovori na nove valove ekstremizma in fa\u0161izma, ki so se pojavili v Evropi, za\u010deli pa so se pojavljati tudi na Slova\u0161kem, poro\u010da AP. Premier Fico,&#8230;","og_url":"https:\/\/hudo.com\/si\/aktualno\/slovaska-formirala-enoto-za-boj-proti-terorizmu\/","og_site_name":"Hudo Slovenija","article_publisher":"https:\/\/www.facebook.com\/hudo.si","article_published_time":"2017-02-02T05:19:46+00:00","article_modified_time":"2017-02-02T12:53:09+00:00","og_image":[{"width":640,"height":425,"url":"https:\/\/hudo.com\/si\/wp-content\/uploads\/sites\/2\/2017\/02\/anti-terorist-slovakia.jpg","type":"image\/jpeg"}],"author":"hudo","twitter_card":"summary_large_image","twitter_creator":"@hudo_si","twitter_site":"@hudo_si","twitter_misc":{"Written by":"hudo"},"schema":{"@context":"https:\/\/schema.org","@graph":[{"@type":"Article","@id":"https:\/\/hudo.com\/si\/aktualno\/slovaska-formirala-enoto-za-boj-proti-terorizmu\/#article","isPartOf":{"@id":"https:\/\/hudo.com\/si\/aktualno\/slovaska-formirala-enoto-za-boj-proti-terorizmu\/"},"author":{"name":"hudo","@id":"https:\/\/hudo.com\/si\/#\/schema\/person\/601cf3379633985b20f7e50f2bb47707"},"headline":"Slova\u0161ka formirala enoto za boj proti terorizmu","datePublished":"2017-02-02T05:19:46+00:00","dateModified":"2017-02-02T12:53:09+00:00","mainEntityOfPage":{"@id":"https:\/\/hudo.com\/si\/aktualno\/slovaska-formirala-enoto-za-boj-proti-terorizmu\/"},"wordCount":71,"publisher":{"@id":"https:\/\/hudo.com\/si\/#organization"},"articleSection":["Aktualno"],"inLanguage":"sl-SI"},{"@type":"WebPage","@id":"https:\/\/hudo.com\/si\/aktualno\/slovaska-formirala-enoto-za-boj-proti-terorizmu\/","url":"https:\/\/hudo.com\/si\/aktualno\/slovaska-formirala-enoto-za-boj-proti-terorizmu\/","name":"Slova\u0161ka formirala enoto za boj proti terorizmu - Hudo Slovenija","isPartOf":{"@id":"https:\/\/hudo.com\/si\/#website"},"datePublished":"2017-02-02T05:19:46+00:00","dateModified":"2017-02-02T12:53:09+00:00","breadcrumb":{"@id":"https:\/\/hudo.com\/si\/aktualno\/slovaska-formirala-enoto-za-boj-proti-terorizmu\/#breadcrumb"},"inLanguage":"sl-SI","potentialAction":[{"@type":"ReadAction","target":["https:\/\/hudo.com\/si\/aktualno\/slovaska-formirala-enoto-za-boj-proti-terorizmu\/"]}]},{"@type":"BreadcrumbList","@id":"https:\/\/hudo.com\/si\/aktualno\/slovaska-formirala-enoto-za-boj-proti-terorizmu\/#breadcrumb","itemListElement":[{"@type":"ListItem","position":1,"name":"Home","item":"https:\/\/hudo.com\/si\/"},{"@type":"ListItem","position":2,"name":"Slova\u0161ka formirala enoto za boj proti terorizmu"}]},{"@type":"WebSite","@id":"https:\/\/hudo.com\/si\/#website","url":"https:\/\/hudo.com\/si\/","name":"Hudo Slovenija","description":"Vse novice iz Slovenije in sveta","publisher":{"@id":"https:\/\/hudo.com\/si\/#organization"},"potentialAction":[{"@type":"SearchAction","target":{"@type":"EntryPoint","urlTemplate":"https:\/\/hudo.com\/si\/?s={search_term_string}"},"query-input":"required name=search_term_string"}],"inLanguage":"sl-SI"},{"@type":"Organization","@id":"https:\/\/hudo.com\/si\/#organization","name":"VSN Media","url":"https:\/\/hudo.com\/si\/","logo":{"@type":"ImageObject","inLanguage":"sl-SI","@id":"https:\/\/hudo.com\/si\/#\/schema\/logo\/image\/","url":"https:\/\/hudo.com\/si\/wp-content\/uploads\/sites\/2\/2021\/03\/hudo-app-2.png","contentUrl":"https:\/\/hudo.com\/si\/wp-content\/uploads\/sites\/2\/2021\/03\/hudo-app-2.png","width":2185,"height":2167,"caption":"VSN Media"},"image":{"@id":"https:\/\/hudo.com\/si\/#\/schema\/logo\/image\/"},"sameAs":["https:\/\/www.facebook.com\/hudo.si","https:\/\/twitter.com\/hudo_si"]},{"@type":"Person","@id":"https:\/\/hudo.com\/si\/#\/schema\/person\/601cf3379633985b20f7e50f2bb47707","name":"hudo","image":{"@type":"ImageObject","inLanguage":"sl-SI","@id":"https:\/\/hudo.com\/si\/#\/schema\/person\/image\/","url":"https:\/\/secure.gravatar.com\/avatar\/c4ca25fa72cace7a696b52ff5db9e095?s=96&d=mm&r=g","contentUrl":"https:\/\/secure.gravatar.com\/avatar\/c4ca25fa72cace7a696b52ff5db9e095?s=96&d=mm&r=g","caption":"hudo"},"url":"https:\/\/hudo.com\/si\/author\/hudo\/"}]}},"amp_enabled":true,"_links":{"self":[{"href":"https:\/\/hudo.com\/si\/wp-json\/wp\/v2\/posts\/203246"}],"collection":[{"href":"https:\/\/hudo.com\/si\/wp-json\/wp\/v2\/posts"}],"about":[{"href":"https:\/\/hudo.com\/si\/wp-json\/wp\/v2\/types\/post"}],"author":[{"embeddable":true,"href":"https:\/\/hudo.com\/si\/wp-json\/wp\/v2\/users\/1"}],"replies":[{"embeddable":true,"href":"https:\/\/hudo.com\/si\/wp-json\/wp\/v2\/comments?post=203246"}],"version-history":[{"count":1,"href":"https:\/\/hudo.com\/si\/wp-json\/wp\/v2\/posts\/203246\/revisions"}],"predecessor-version":[{"id":203429,"href":"https:\/\/hudo.com\/si\/wp-json\/wp\/v2\/posts\/203246\/revisions\/203429"}],"wp:attachment":[{"href":"https:\/\/hudo.com\/si\/wp-json\/wp\/v2\/media?parent=203246"}],"wp:term":[{"taxonomy":"category","embeddable":true,"href":"https:\/\/hudo.com\/si\/wp-json\/wp\/v2\/categories?post=203246"},{"taxonomy":"post_tag","embeddable":true,"href":"https:\/\/hudo.com\/si\/wp-json\/wp\/v2\/tags?post=203246"},{"taxonomy":"source","embeddable":true,"href":"https:\/\/hudo.com\/si\/wp-json\/wp\/v2\/source?post=203246"},{"taxonomy":"supertag","embeddable":true,"href":"https:\/\/hudo.com\/si\/wp-json\/wp\/v2\/supertag?post=203246"}],"curies":[{"name":"wp","href":"https:\/\/api.w.org\/{rel}","templated":true}]}}