{"id":203257,"date":"2017-02-02T05:10:00","date_gmt":"2017-02-02T04:10:00","guid":{"rendered":"http:\/\/hudo.com\/si\/2017\/02\/02\/bosanski-podjetnik-zgled-za-ves-portoroz\/"},"modified":"2017-02-02T05:10:00","modified_gmt":"2017-02-02T04:10:00","slug":"bosanski-podjetnik-zgled-za-ves-portoroz","status":"publish","type":"post","link":"https:\/\/hudo.com\/si\/aktualno\/bosanski-podjetnik-zgled-za-ves-portoroz\/","title":{"rendered":"Bosanski podjetnik, zgled za ves Portoro\u017e"},"content":{"rendered":"<p>\u201cInvestitor je \u017eelel ohraniti spomeni\u0161ki zna\u010daj vile, predvsem njene zunanjosti,\u201d meni Mojca MarjAna Kova\u010d iz piranske enote zavoda za varstvo kulturne dedi\u0161\u010dine o obnovitvenih delih na stari portoro\u0161ki vili, tik ob vili Virginii, \u010deprav so mu izdali zgolj priporo\u010dila. Lastnik vile Haris Ihtijarevi\u0107, podjetnik in nekdanji funkcionar Federacije BiH, vilo obnavlja \u017ee \u0161tiri leta, kon\u010dal pa naj bi jo proti koncu leta.<\/p>\n","protected":false},"excerpt":{"rendered":"<p>\u201cInvestitor je \u017eelel ohraniti spomeni\u0161ki zna\u010daj vile, predvsem njene zunanjosti,\u201d meni Mojca MarjAna Kova\u010d iz piranske enote zavoda za varstvo kulturne dedi\u0161\u010dine o obnovitvenih delih na stari portoro\u0161ki vili, tik ob vili Virginii, \u010deprav so mu izdali zgolj priporo\u010dila. Lastnik vile Haris Ihtijarevi\u0107, podjetnik in nekdanji funkcionar Federacije BiH, vilo obnavlja \u017ee \u0161tiri leta, kon\u010dal pa naj bi jo proti koncu leta.<\/p>\n","protected":false},"author":1,"featured_media":0,"comment_status":"closed","ping_status":"closed","sticky":false,"template":"","format":"standard","meta":{"footnotes":""},"categories":[1179],"tags":[],"source":[1707],"supertag":[],"acf":[],"yoast_head":"<!-- This site is optimized with the Yoast SEO plugin v21.3 - https:\/\/yoast.com\/wordpress\/plugins\/seo\/ -->\n<title>Bosanski podjetnik, zgled za ves Portoro\u017e - Hudo Slovenija<\/title>\n<meta name=\"robots\" content=\"index, follow, max-snippet:-1, max-image-preview:large, max-video-preview:-1\" \/>\n<link rel=\"canonical\" href=\"https:\/\/hudo.com\/si\/aktualno\/bosanski-podjetnik-zgled-za-ves-portoroz\/\" \/>\n<meta property=\"og:locale\" content=\"sl_SI\" \/>\n<meta property=\"og:type\" content=\"article\" \/>\n<meta property=\"og:title\" content=\"Bosanski podjetnik, zgled za ves Portoro\u017e - Hudo Slovenija\" \/>\n<meta property=\"og:description\" content=\"\u201cInvestitor je \u017eelel ohraniti spomeni\u0161ki zna\u010daj vile, predvsem njene zunanjosti,\u201d meni Mojca MarjAna Kova\u010d iz piranske enote zavoda za varstvo kulturne dedi\u0161\u010dine o obnovitvenih delih na stari portoro\u0161ki vili, tik ob vili Virginii, \u010deprav so mu izdali zgolj priporo\u010dila. Lastnik vile Haris Ihtijarevi\u0107, podjetnik in nekdanji funkcionar Federacije BiH, vilo obnavlja \u017ee \u0161tiri leta, kon\u010dal pa naj bi jo proti koncu leta.\" \/>\n<meta property=\"og:url\" content=\"https:\/\/hudo.com\/si\/aktualno\/bosanski-podjetnik-zgled-za-ves-portoroz\/\" \/>\n<meta property=\"og:site_name\" content=\"Hudo Slovenija\" \/>\n<meta property=\"article:publisher\" content=\"https:\/\/www.facebook.com\/hudo.si\" \/>\n<meta property=\"article:published_time\" content=\"2017-02-02T04:10:00+00:00\" \/>\n<meta property=\"og:image\" content=\"https:\/\/hudo.com\/si\/wp-content\/uploads\/sites\/2\/2017\/02\/VILA20.jpg\" \/>\n\t<meta property=\"og:image:width\" content=\"620\" \/>\n\t<meta property=\"og:image:height\" content=\"465\" \/>\n\t<meta property=\"og:image:type\" content=\"image\/jpeg\" \/>\n<meta name=\"author\" content=\"hudo\" \/>\n<meta name=\"twitter:card\" content=\"summary_large_image\" \/>\n<meta name=\"twitter:creator\" content=\"@hudo_si\" \/>\n<meta name=\"twitter:site\" content=\"@hudo_si\" \/>\n<meta name=\"twitter:label1\" content=\"Written by\" \/>\n\t<meta name=\"twitter:data1\" content=\"hudo\" \/>\n<script type=\"application\/ld+json\" class=\"yoast-schema-graph\">{\"@context\":\"https:\/\/schema.org\",\"@graph\":[{\"@type\":\"Article\",\"@id\":\"https:\/\/hudo.com\/si\/aktualno\/bosanski-podjetnik-zgled-za-ves-portoroz\/#article\",\"isPartOf\":{\"@id\":\"https:\/\/hudo.com\/si\/aktualno\/bosanski-podjetnik-zgled-za-ves-portoroz\/\"},\"author\":{\"name\":\"hudo\",\"@id\":\"https:\/\/hudo.com\/si\/#\/schema\/person\/601cf3379633985b20f7e50f2bb47707\"},\"headline\":\"Bosanski podjetnik, zgled za ves Portoro\u017e\",\"datePublished\":\"2017-02-02T04:10:00+00:00\",\"dateModified\":\"2017-02-02T04:10:00+00:00\",\"mainEntityOfPage\":{\"@id\":\"https:\/\/hudo.com\/si\/aktualno\/bosanski-podjetnik-zgled-za-ves-portoroz\/\"},\"wordCount\":74,\"publisher\":{\"@id\":\"https:\/\/hudo.com\/si\/#organization\"},\"articleSection\":[\"Aktualno\"],\"inLanguage\":\"sl-SI\"},{\"@type\":\"WebPage\",\"@id\":\"https:\/\/hudo.com\/si\/aktualno\/bosanski-podjetnik-zgled-za-ves-portoroz\/\",\"url\":\"https:\/\/hudo.com\/si\/aktualno\/bosanski-podjetnik-zgled-za-ves-portoroz\/\",\"name\":\"Bosanski podjetnik, zgled za ves Portoro\u017e - Hudo Slovenija\",\"isPartOf\":{\"@id\":\"https:\/\/hudo.com\/si\/#website\"},\"datePublished\":\"2017-02-02T04:10:00+00:00\",\"dateModified\":\"2017-02-02T04:10:00+00:00\",\"breadcrumb\":{\"@id\":\"https:\/\/hudo.com\/si\/aktualno\/bosanski-podjetnik-zgled-za-ves-portoroz\/#breadcrumb\"},\"inLanguage\":\"sl-SI\",\"potentialAction\":[{\"@type\":\"ReadAction\",\"target\":[\"https:\/\/hudo.com\/si\/aktualno\/bosanski-podjetnik-zgled-za-ves-portoroz\/\"]}]},{\"@type\":\"BreadcrumbList\",\"@id\":\"https:\/\/hudo.com\/si\/aktualno\/bosanski-podjetnik-zgled-za-ves-portoroz\/#breadcrumb\",\"itemListElement\":[{\"@type\":\"ListItem\",\"position\":1,\"name\":\"Home\",\"item\":\"https:\/\/hudo.com\/si\/\"},{\"@type\":\"ListItem\",\"position\":2,\"name\":\"Bosanski podjetnik, zgled za ves Portoro\u017e\"}]},{\"@type\":\"WebSite\",\"@id\":\"https:\/\/hudo.com\/si\/#website\",\"url\":\"https:\/\/hudo.com\/si\/\",\"name\":\"Hudo Slovenija\",\"description\":\"Vse novice iz Slovenije in sveta\",\"publisher\":{\"@id\":\"https:\/\/hudo.com\/si\/#organization\"},\"potentialAction\":[{\"@type\":\"SearchAction\",\"target\":{\"@type\":\"EntryPoint\",\"urlTemplate\":\"https:\/\/hudo.com\/si\/?s={search_term_string}\"},\"query-input\":\"required name=search_term_string\"}],\"inLanguage\":\"sl-SI\"},{\"@type\":\"Organization\",\"@id\":\"https:\/\/hudo.com\/si\/#organization\",\"name\":\"VSN Media\",\"url\":\"https:\/\/hudo.com\/si\/\",\"logo\":{\"@type\":\"ImageObject\",\"inLanguage\":\"sl-SI\",\"@id\":\"https:\/\/hudo.com\/si\/#\/schema\/logo\/image\/\",\"url\":\"https:\/\/hudo.com\/si\/wp-content\/uploads\/sites\/2\/2021\/03\/hudo-app-2.png\",\"contentUrl\":\"https:\/\/hudo.com\/si\/wp-content\/uploads\/sites\/2\/2021\/03\/hudo-app-2.png\",\"width\":2185,\"height\":2167,\"caption\":\"VSN Media\"},\"image\":{\"@id\":\"https:\/\/hudo.com\/si\/#\/schema\/logo\/image\/\"},\"sameAs\":[\"https:\/\/www.facebook.com\/hudo.si\",\"https:\/\/twitter.com\/hudo_si\"]},{\"@type\":\"Person\",\"@id\":\"https:\/\/hudo.com\/si\/#\/schema\/person\/601cf3379633985b20f7e50f2bb47707\",\"name\":\"hudo\",\"image\":{\"@type\":\"ImageObject\",\"inLanguage\":\"sl-SI\",\"@id\":\"https:\/\/hudo.com\/si\/#\/schema\/person\/image\/\",\"url\":\"https:\/\/secure.gravatar.com\/avatar\/c4ca25fa72cace7a696b52ff5db9e095?s=96&d=mm&r=g\",\"contentUrl\":\"https:\/\/secure.gravatar.com\/avatar\/c4ca25fa72cace7a696b52ff5db9e095?s=96&d=mm&r=g\",\"caption\":\"hudo\"},\"url\":\"https:\/\/hudo.com\/si\/author\/hudo\/\"}]}<\/script>\n<!-- \/ Yoast SEO plugin. -->","yoast_head_json":{"title":"Bosanski podjetnik, zgled za ves Portoro\u017e - Hudo Slovenija","robots":{"index":"index","follow":"follow","max-snippet":"max-snippet:-1","max-image-preview":"max-image-preview:large","max-video-preview":"max-video-preview:-1"},"canonical":"https:\/\/hudo.com\/si\/aktualno\/bosanski-podjetnik-zgled-za-ves-portoroz\/","og_locale":"sl_SI","og_type":"article","og_title":"Bosanski podjetnik, zgled za ves Portoro\u017e - Hudo Slovenija","og_description":"\u201cInvestitor je \u017eelel ohraniti spomeni\u0161ki zna\u010daj vile, predvsem njene zunanjosti,\u201d meni Mojca MarjAna Kova\u010d iz piranske enote zavoda za varstvo kulturne dedi\u0161\u010dine o obnovitvenih delih na stari portoro\u0161ki vili, tik ob vili Virginii, \u010deprav so mu izdali zgolj priporo\u010dila. Lastnik vile Haris Ihtijarevi\u0107, podjetnik in nekdanji funkcionar Federacije BiH, vilo obnavlja \u017ee \u0161tiri leta, kon\u010dal pa naj bi jo proti koncu leta.","og_url":"https:\/\/hudo.com\/si\/aktualno\/bosanski-podjetnik-zgled-za-ves-portoroz\/","og_site_name":"Hudo Slovenija","article_publisher":"https:\/\/www.facebook.com\/hudo.si","article_published_time":"2017-02-02T04:10:00+00:00","og_image":[{"width":620,"height":465,"url":"https:\/\/hudo.com\/si\/wp-content\/uploads\/sites\/2\/2017\/02\/VILA20.jpg","type":"image\/jpeg"}],"author":"hudo","twitter_card":"summary_large_image","twitter_creator":"@hudo_si","twitter_site":"@hudo_si","twitter_misc":{"Written by":"hudo"},"schema":{"@context":"https:\/\/schema.org","@graph":[{"@type":"Article","@id":"https:\/\/hudo.com\/si\/aktualno\/bosanski-podjetnik-zgled-za-ves-portoroz\/#article","isPartOf":{"@id":"https:\/\/hudo.com\/si\/aktualno\/bosanski-podjetnik-zgled-za-ves-portoroz\/"},"author":{"name":"hudo","@id":"https:\/\/hudo.com\/si\/#\/schema\/person\/601cf3379633985b20f7e50f2bb47707"},"headline":"Bosanski podjetnik, zgled za ves Portoro\u017e","datePublished":"2017-02-02T04:10:00+00:00","dateModified":"2017-02-02T04:10:00+00:00","mainEntityOfPage":{"@id":"https:\/\/hudo.com\/si\/aktualno\/bosanski-podjetnik-zgled-za-ves-portoroz\/"},"wordCount":74,"publisher":{"@id":"https:\/\/hudo.com\/si\/#organization"},"articleSection":["Aktualno"],"inLanguage":"sl-SI"},{"@type":"WebPage","@id":"https:\/\/hudo.com\/si\/aktualno\/bosanski-podjetnik-zgled-za-ves-portoroz\/","url":"https:\/\/hudo.com\/si\/aktualno\/bosanski-podjetnik-zgled-za-ves-portoroz\/","name":"Bosanski podjetnik, zgled za ves Portoro\u017e - Hudo Slovenija","isPartOf":{"@id":"https:\/\/hudo.com\/si\/#website"},"datePublished":"2017-02-02T04:10:00+00:00","dateModified":"2017-02-02T04:10:00+00:00","breadcrumb":{"@id":"https:\/\/hudo.com\/si\/aktualno\/bosanski-podjetnik-zgled-za-ves-portoroz\/#breadcrumb"},"inLanguage":"sl-SI","potentialAction":[{"@type":"ReadAction","target":["https:\/\/hudo.com\/si\/aktualno\/bosanski-podjetnik-zgled-za-ves-portoroz\/"]}]},{"@type":"BreadcrumbList","@id":"https:\/\/hudo.com\/si\/aktualno\/bosanski-podjetnik-zgled-za-ves-portoroz\/#breadcrumb","itemListElement":[{"@type":"ListItem","position":1,"name":"Home","item":"https:\/\/hudo.com\/si\/"},{"@type":"ListItem","position":2,"name":"Bosanski podjetnik, zgled za ves Portoro\u017e"}]},{"@type":"WebSite","@id":"https:\/\/hudo.com\/si\/#website","url":"https:\/\/hudo.com\/si\/","name":"Hudo Slovenija","description":"Vse novice iz Slovenije in sveta","publisher":{"@id":"https:\/\/hudo.com\/si\/#organization"},"potentialAction":[{"@type":"SearchAction","target":{"@type":"EntryPoint","urlTemplate":"https:\/\/hudo.com\/si\/?s={search_term_string}"},"query-input":"required name=search_term_string"}],"inLanguage":"sl-SI"},{"@type":"Organization","@id":"https:\/\/hudo.com\/si\/#organization","name":"VSN Media","url":"https:\/\/hudo.com\/si\/","logo":{"@type":"ImageObject","inLanguage":"sl-SI","@id":"https:\/\/hudo.com\/si\/#\/schema\/logo\/image\/","url":"https:\/\/hudo.com\/si\/wp-content\/uploads\/sites\/2\/2021\/03\/hudo-app-2.png","contentUrl":"https:\/\/hudo.com\/si\/wp-content\/uploads\/sites\/2\/2021\/03\/hudo-app-2.png","width":2185,"height":2167,"caption":"VSN Media"},"image":{"@id":"https:\/\/hudo.com\/si\/#\/schema\/logo\/image\/"},"sameAs":["https:\/\/www.facebook.com\/hudo.si","https:\/\/twitter.com\/hudo_si"]},{"@type":"Person","@id":"https:\/\/hudo.com\/si\/#\/schema\/person\/601cf3379633985b20f7e50f2bb47707","name":"hudo","image":{"@type":"ImageObject","inLanguage":"sl-SI","@id":"https:\/\/hudo.com\/si\/#\/schema\/person\/image\/","url":"https:\/\/secure.gravatar.com\/avatar\/c4ca25fa72cace7a696b52ff5db9e095?s=96&d=mm&r=g","contentUrl":"https:\/\/secure.gravatar.com\/avatar\/c4ca25fa72cace7a696b52ff5db9e095?s=96&d=mm&r=g","caption":"hudo"},"url":"https:\/\/hudo.com\/si\/author\/hudo\/"}]}},"amp_enabled":true,"_links":{"self":[{"href":"https:\/\/hudo.com\/si\/wp-json\/wp\/v2\/posts\/203257"}],"collection":[{"href":"https:\/\/hudo.com\/si\/wp-json\/wp\/v2\/posts"}],"about":[{"href":"https:\/\/hudo.com\/si\/wp-json\/wp\/v2\/types\/post"}],"author":[{"embeddable":true,"href":"https:\/\/hudo.com\/si\/wp-json\/wp\/v2\/users\/1"}],"replies":[{"embeddable":true,"href":"https:\/\/hudo.com\/si\/wp-json\/wp\/v2\/comments?post=203257"}],"version-history":[{"count":0,"href":"https:\/\/hudo.com\/si\/wp-json\/wp\/v2\/posts\/203257\/revisions"}],"wp:attachment":[{"href":"https:\/\/hudo.com\/si\/wp-json\/wp\/v2\/media?parent=203257"}],"wp:term":[{"taxonomy":"category","embeddable":true,"href":"https:\/\/hudo.com\/si\/wp-json\/wp\/v2\/categories?post=203257"},{"taxonomy":"post_tag","embeddable":true,"href":"https:\/\/hudo.com\/si\/wp-json\/wp\/v2\/tags?post=203257"},{"taxonomy":"source","embeddable":true,"href":"https:\/\/hudo.com\/si\/wp-json\/wp\/v2\/source?post=203257"},{"taxonomy":"supertag","embeddable":true,"href":"https:\/\/hudo.com\/si\/wp-json\/wp\/v2\/supertag?post=203257"}],"curies":[{"name":"wp","href":"https:\/\/api.w.org\/{rel}","templated":true}]}}