{"id":204280,"date":"2017-02-03T15:35:00","date_gmt":"2017-02-03T14:35:00","guid":{"rendered":"http:\/\/hudo.com\/si\/2017\/02\/03\/brglez-se-ne-bo-uklonil-cerarju\/"},"modified":"2017-02-03T18:45:02","modified_gmt":"2017-02-03T17:45:02","slug":"brglez-se-ne-bo-uklonil-cerarju","status":"publish","type":"post","link":"https:\/\/hudo.com\/si\/aktualno\/brglez-se-ne-bo-uklonil-cerarju\/","title":{"rendered":"Brglez se ne bo uklonil Cerarju"},"content":{"rendered":"<p>Politi\u010dni spopad med klju\u010dnima mo\u017eema Stranke modernega centra (SMC) danes \u0161e ni dobil epiloga. Danes smo v Ve\u010deru razkrili, da je predsednik vlade in predsednik SMC Miro Cerar v ponedeljek na ad hoc sklicanem sestanku, katerega namen je bil poenotiti stranko po glasovanju o kontroverznem zakonu o tujcih prej\u0161nji teden, pozval predsednika dr\u017eavnega zbora Milana Brgleza, da odstopi s podpredsedni\u0161kega polo\u017eaja v stranki. In danes popoldne je pred novinarje stopil predsednik dr\u017eavnega zbora.  V kratki, nekaj deset sekund dolgi izjavi je povedal, da so bile Cerarjeve izjave pretirane in da sta bila po ponedeljkovem sestanku dogovorjena, da zadeve uskladita. &#8220;\u017dal nama to \u0161e ni uspelo do sedaj,&#8221; je danes povedal Brglez in dodal, da sta dogovorjena, da se uskladita naslednji teden. &#8220;Mislim, da je to v dobro dr\u017eave in stranke,&#8221; je v dr\u017eavotvornem duhu kon\u010dal Brglez, ki konflikta s Cerarjem ni \u017eelel dodatno zaostrovati prek medijev. Neuradno pa smo izvedeli, da sam ne namerava odstopiti iz podpredsedni\u0161kega polo\u017eaja v stranki, katere soustanovitelj je. V nasprotnem, torej Cerarjevem taboru, pa \u0161e vedno vztrajajo, da se mora Brglez umakniti. Podpredsednika stranke razre\u0161uje svet stranke, postopek razre\u0161itve pa v statutu stranke ni natan\u010dno opredeljen.Slovenija<\/p>\n","protected":false},"excerpt":{"rendered":"<p>Politi\u010dni spopad med klju\u010dnima mo\u017eema Stranke modernega centra (SMC) danes \u0161e ni dobil epiloga. Danes smo v Ve\u010deru razkrili, da je predsednik vlade in predsednik SMC Miro Cerar v ponedeljek na ad hoc sklicanem sestanku, katerega namen je bil poenotiti stranko po glasovanju o kontroverznem zakonu o tujcih prej\u0161nji teden, pozval predsednika dr\u017eavnega zbora Milana Brgleza, da odstopi s podpredsedni\u0161kega polo\u017eaja v stranki. In danes popoldne je pred novinarje stopil predsednik dr\u017eavnega zbora.  V kratki, nekaj deset sekund dolgi izjavi je povedal, da so bile Cerarjeve izjave pretirane in da sta bila po ponedeljkovem sestanku dogovorjena, da zadeve uskladita. &#8220;\u017dal nama to \u0161e ni uspelo do sedaj,&#8221; je danes povedal Brglez in dodal, da sta dogovorjena, da se uskladita naslednji teden. &#8220;Mislim, da je to v dobro dr\u017eave in stranke,&#8221; je v dr\u017eavotvornem duhu kon\u010dal Brglez, ki konflikta s Cerarjem ni \u017eelel dodatno zaostrovati prek medijev. Neuradno pa smo izvedeli, da sam ne namerava odstopiti iz podpredsedni\u0161kega polo\u017eaja v stranki, katere soustanovitelj je. V nasprotnem, torej Cerarjevem taboru, pa \u0161e vedno vztrajajo, da se mora Brglez umakniti. Podpredsednika stranke razre\u0161uje svet stranke, postopek razre\u0161itve pa v statutu stranke ni natan\u010dno opredeljen.Slovenija<\/p>\n","protected":false},"author":1,"featured_media":0,"comment_status":"closed","ping_status":"closed","sticky":false,"template":"","format":"standard","meta":{"footnotes":""},"categories":[1179],"tags":[],"source":[1711],"supertag":[],"acf":[],"yoast_head":"<!-- This site is optimized with the Yoast SEO plugin v21.3 - https:\/\/yoast.com\/wordpress\/plugins\/seo\/ -->\n<title>Brglez se ne bo uklonil Cerarju - Hudo Slovenija<\/title>\n<meta name=\"robots\" content=\"index, follow, max-snippet:-1, max-image-preview:large, max-video-preview:-1\" \/>\n<link rel=\"canonical\" href=\"https:\/\/hudo.com\/si\/aktualno\/brglez-se-ne-bo-uklonil-cerarju\/\" \/>\n<meta property=\"og:locale\" content=\"sl_SI\" \/>\n<meta property=\"og:type\" content=\"article\" \/>\n<meta property=\"og:title\" content=\"Brglez se ne bo uklonil Cerarju - Hudo Slovenija\" \/>\n<meta property=\"og:description\" content=\"Politi\u010dni spopad med klju\u010dnima mo\u017eema Stranke modernega centra (SMC) danes \u0161e ni dobil epiloga. Danes smo v Ve\u010deru razkrili, da je predsednik vlade in predsednik SMC Miro Cerar v ponedeljek na ad hoc sklicanem sestanku, katerega namen je bil poenotiti stranko po glasovanju o kontroverznem zakonu o tujcih prej\u0161nji teden, pozval predsednika dr\u017eavnega zbora Milana Brgleza, da odstopi s podpredsedni\u0161kega polo\u017eaja v stranki. In danes popoldne je pred novinarje stopil predsednik dr\u017eavnega zbora. V kratki, nekaj deset sekund dolgi izjavi je povedal, da so bile Cerarjeve izjave pretirane in da sta bila po ponedeljkovem sestanku dogovorjena, da zadeve uskladita. &quot;\u017dal nama to \u0161e ni uspelo do sedaj,&quot; je danes povedal Brglez in dodal, da sta dogovorjena, da se uskladita naslednji teden. &quot;Mislim, da je to v dobro dr\u017eave in stranke,&quot; je v dr\u017eavotvornem duhu kon\u010dal Brglez, ki konflikta s Cerarjem ni \u017eelel dodatno zaostrovati prek medijev. Neuradno pa smo izvedeli, da sam ne namerava odstopiti iz podpredsedni\u0161kega polo\u017eaja v stranki, katere soustanovitelj je. V nasprotnem, torej Cerarjevem taboru, pa \u0161e vedno vztrajajo, da se mora Brglez umakniti. Podpredsednika stranke razre\u0161uje svet stranke, postopek razre\u0161itve pa v statutu stranke ni natan\u010dno opredeljen.Slovenija\" \/>\n<meta property=\"og:url\" content=\"https:\/\/hudo.com\/si\/aktualno\/brglez-se-ne-bo-uklonil-cerarju\/\" \/>\n<meta property=\"og:site_name\" content=\"Hudo Slovenija\" \/>\n<meta property=\"article:publisher\" content=\"https:\/\/www.facebook.com\/hudo.si\" \/>\n<meta property=\"article:published_time\" content=\"2017-02-03T14:35:00+00:00\" \/>\n<meta property=\"article:modified_time\" content=\"2017-02-03T17:45:02+00:00\" \/>\n<meta property=\"og:image\" content=\"https:\/\/hudo.com\/si\/wp-content\/uploads\/sites\/2\/2017\/02\/brgl-300.jpg\" \/>\n\t<meta property=\"og:image:width\" content=\"450\" \/>\n\t<meta property=\"og:image:height\" content=\"300\" \/>\n\t<meta property=\"og:image:type\" content=\"image\/jpeg\" \/>\n<meta name=\"author\" content=\"hudo\" \/>\n<meta name=\"twitter:card\" content=\"summary_large_image\" \/>\n<meta name=\"twitter:creator\" content=\"@hudo_si\" \/>\n<meta name=\"twitter:site\" content=\"@hudo_si\" \/>\n<meta name=\"twitter:label1\" content=\"Written by\" \/>\n\t<meta name=\"twitter:data1\" content=\"hudo\" \/>\n\t<meta name=\"twitter:label2\" content=\"Est. reading time\" \/>\n\t<meta name=\"twitter:data2\" content=\"1 minuta\" \/>\n<script type=\"application\/ld+json\" class=\"yoast-schema-graph\">{\"@context\":\"https:\/\/schema.org\",\"@graph\":[{\"@type\":\"Article\",\"@id\":\"https:\/\/hudo.com\/si\/aktualno\/brglez-se-ne-bo-uklonil-cerarju\/#article\",\"isPartOf\":{\"@id\":\"https:\/\/hudo.com\/si\/aktualno\/brglez-se-ne-bo-uklonil-cerarju\/\"},\"author\":{\"name\":\"hudo\",\"@id\":\"https:\/\/hudo.com\/si\/#\/schema\/person\/601cf3379633985b20f7e50f2bb47707\"},\"headline\":\"Brglez se ne bo uklonil Cerarju\",\"datePublished\":\"2017-02-03T14:35:00+00:00\",\"dateModified\":\"2017-02-03T17:45:02+00:00\",\"mainEntityOfPage\":{\"@id\":\"https:\/\/hudo.com\/si\/aktualno\/brglez-se-ne-bo-uklonil-cerarju\/\"},\"wordCount\":215,\"publisher\":{\"@id\":\"https:\/\/hudo.com\/si\/#organization\"},\"articleSection\":[\"Aktualno\"],\"inLanguage\":\"sl-SI\"},{\"@type\":\"WebPage\",\"@id\":\"https:\/\/hudo.com\/si\/aktualno\/brglez-se-ne-bo-uklonil-cerarju\/\",\"url\":\"https:\/\/hudo.com\/si\/aktualno\/brglez-se-ne-bo-uklonil-cerarju\/\",\"name\":\"Brglez se ne bo uklonil Cerarju - Hudo Slovenija\",\"isPartOf\":{\"@id\":\"https:\/\/hudo.com\/si\/#website\"},\"datePublished\":\"2017-02-03T14:35:00+00:00\",\"dateModified\":\"2017-02-03T17:45:02+00:00\",\"breadcrumb\":{\"@id\":\"https:\/\/hudo.com\/si\/aktualno\/brglez-se-ne-bo-uklonil-cerarju\/#breadcrumb\"},\"inLanguage\":\"sl-SI\",\"potentialAction\":[{\"@type\":\"ReadAction\",\"target\":[\"https:\/\/hudo.com\/si\/aktualno\/brglez-se-ne-bo-uklonil-cerarju\/\"]}]},{\"@type\":\"BreadcrumbList\",\"@id\":\"https:\/\/hudo.com\/si\/aktualno\/brglez-se-ne-bo-uklonil-cerarju\/#breadcrumb\",\"itemListElement\":[{\"@type\":\"ListItem\",\"position\":1,\"name\":\"Home\",\"item\":\"https:\/\/hudo.com\/si\/\"},{\"@type\":\"ListItem\",\"position\":2,\"name\":\"Brglez se ne bo uklonil Cerarju\"}]},{\"@type\":\"WebSite\",\"@id\":\"https:\/\/hudo.com\/si\/#website\",\"url\":\"https:\/\/hudo.com\/si\/\",\"name\":\"Hudo Slovenija\",\"description\":\"Vse novice iz Slovenije in sveta\",\"publisher\":{\"@id\":\"https:\/\/hudo.com\/si\/#organization\"},\"potentialAction\":[{\"@type\":\"SearchAction\",\"target\":{\"@type\":\"EntryPoint\",\"urlTemplate\":\"https:\/\/hudo.com\/si\/?s={search_term_string}\"},\"query-input\":\"required name=search_term_string\"}],\"inLanguage\":\"sl-SI\"},{\"@type\":\"Organization\",\"@id\":\"https:\/\/hudo.com\/si\/#organization\",\"name\":\"VSN Media\",\"url\":\"https:\/\/hudo.com\/si\/\",\"logo\":{\"@type\":\"ImageObject\",\"inLanguage\":\"sl-SI\",\"@id\":\"https:\/\/hudo.com\/si\/#\/schema\/logo\/image\/\",\"url\":\"https:\/\/hudo.com\/si\/wp-content\/uploads\/sites\/2\/2021\/03\/hudo-app-2.png\",\"contentUrl\":\"https:\/\/hudo.com\/si\/wp-content\/uploads\/sites\/2\/2021\/03\/hudo-app-2.png\",\"width\":2185,\"height\":2167,\"caption\":\"VSN Media\"},\"image\":{\"@id\":\"https:\/\/hudo.com\/si\/#\/schema\/logo\/image\/\"},\"sameAs\":[\"https:\/\/www.facebook.com\/hudo.si\",\"https:\/\/twitter.com\/hudo_si\"]},{\"@type\":\"Person\",\"@id\":\"https:\/\/hudo.com\/si\/#\/schema\/person\/601cf3379633985b20f7e50f2bb47707\",\"name\":\"hudo\",\"image\":{\"@type\":\"ImageObject\",\"inLanguage\":\"sl-SI\",\"@id\":\"https:\/\/hudo.com\/si\/#\/schema\/person\/image\/\",\"url\":\"https:\/\/secure.gravatar.com\/avatar\/c4ca25fa72cace7a696b52ff5db9e095?s=96&d=mm&r=g\",\"contentUrl\":\"https:\/\/secure.gravatar.com\/avatar\/c4ca25fa72cace7a696b52ff5db9e095?s=96&d=mm&r=g\",\"caption\":\"hudo\"},\"url\":\"https:\/\/hudo.com\/si\/author\/hudo\/\"}]}<\/script>\n<!-- \/ Yoast SEO plugin. -->","yoast_head_json":{"title":"Brglez se ne bo uklonil Cerarju - Hudo Slovenija","robots":{"index":"index","follow":"follow","max-snippet":"max-snippet:-1","max-image-preview":"max-image-preview:large","max-video-preview":"max-video-preview:-1"},"canonical":"https:\/\/hudo.com\/si\/aktualno\/brglez-se-ne-bo-uklonil-cerarju\/","og_locale":"sl_SI","og_type":"article","og_title":"Brglez se ne bo uklonil Cerarju - Hudo Slovenija","og_description":"Politi\u010dni spopad med klju\u010dnima mo\u017eema Stranke modernega centra (SMC) danes \u0161e ni dobil epiloga. Danes smo v Ve\u010deru razkrili, da je predsednik vlade in predsednik SMC Miro Cerar v ponedeljek na ad hoc sklicanem sestanku, katerega namen je bil poenotiti stranko po glasovanju o kontroverznem zakonu o tujcih prej\u0161nji teden, pozval predsednika dr\u017eavnega zbora Milana Brgleza, da odstopi s podpredsedni\u0161kega polo\u017eaja v stranki. In danes popoldne je pred novinarje stopil predsednik dr\u017eavnega zbora. V kratki, nekaj deset sekund dolgi izjavi je povedal, da so bile Cerarjeve izjave pretirane in da sta bila po ponedeljkovem sestanku dogovorjena, da zadeve uskladita. \"\u017dal nama to \u0161e ni uspelo do sedaj,\" je danes povedal Brglez in dodal, da sta dogovorjena, da se uskladita naslednji teden. \"Mislim, da je to v dobro dr\u017eave in stranke,\" je v dr\u017eavotvornem duhu kon\u010dal Brglez, ki konflikta s Cerarjem ni \u017eelel dodatno zaostrovati prek medijev. Neuradno pa smo izvedeli, da sam ne namerava odstopiti iz podpredsedni\u0161kega polo\u017eaja v stranki, katere soustanovitelj je. V nasprotnem, torej Cerarjevem taboru, pa \u0161e vedno vztrajajo, da se mora Brglez umakniti. Podpredsednika stranke razre\u0161uje svet stranke, postopek razre\u0161itve pa v statutu stranke ni natan\u010dno opredeljen.Slovenija","og_url":"https:\/\/hudo.com\/si\/aktualno\/brglez-se-ne-bo-uklonil-cerarju\/","og_site_name":"Hudo Slovenija","article_publisher":"https:\/\/www.facebook.com\/hudo.si","article_published_time":"2017-02-03T14:35:00+00:00","article_modified_time":"2017-02-03T17:45:02+00:00","og_image":[{"width":450,"height":300,"url":"https:\/\/hudo.com\/si\/wp-content\/uploads\/sites\/2\/2017\/02\/brgl-300.jpg","type":"image\/jpeg"}],"author":"hudo","twitter_card":"summary_large_image","twitter_creator":"@hudo_si","twitter_site":"@hudo_si","twitter_misc":{"Written by":"hudo","Est. reading time":"1 minuta"},"schema":{"@context":"https:\/\/schema.org","@graph":[{"@type":"Article","@id":"https:\/\/hudo.com\/si\/aktualno\/brglez-se-ne-bo-uklonil-cerarju\/#article","isPartOf":{"@id":"https:\/\/hudo.com\/si\/aktualno\/brglez-se-ne-bo-uklonil-cerarju\/"},"author":{"name":"hudo","@id":"https:\/\/hudo.com\/si\/#\/schema\/person\/601cf3379633985b20f7e50f2bb47707"},"headline":"Brglez se ne bo uklonil Cerarju","datePublished":"2017-02-03T14:35:00+00:00","dateModified":"2017-02-03T17:45:02+00:00","mainEntityOfPage":{"@id":"https:\/\/hudo.com\/si\/aktualno\/brglez-se-ne-bo-uklonil-cerarju\/"},"wordCount":215,"publisher":{"@id":"https:\/\/hudo.com\/si\/#organization"},"articleSection":["Aktualno"],"inLanguage":"sl-SI"},{"@type":"WebPage","@id":"https:\/\/hudo.com\/si\/aktualno\/brglez-se-ne-bo-uklonil-cerarju\/","url":"https:\/\/hudo.com\/si\/aktualno\/brglez-se-ne-bo-uklonil-cerarju\/","name":"Brglez se ne bo uklonil Cerarju - Hudo Slovenija","isPartOf":{"@id":"https:\/\/hudo.com\/si\/#website"},"datePublished":"2017-02-03T14:35:00+00:00","dateModified":"2017-02-03T17:45:02+00:00","breadcrumb":{"@id":"https:\/\/hudo.com\/si\/aktualno\/brglez-se-ne-bo-uklonil-cerarju\/#breadcrumb"},"inLanguage":"sl-SI","potentialAction":[{"@type":"ReadAction","target":["https:\/\/hudo.com\/si\/aktualno\/brglez-se-ne-bo-uklonil-cerarju\/"]}]},{"@type":"BreadcrumbList","@id":"https:\/\/hudo.com\/si\/aktualno\/brglez-se-ne-bo-uklonil-cerarju\/#breadcrumb","itemListElement":[{"@type":"ListItem","position":1,"name":"Home","item":"https:\/\/hudo.com\/si\/"},{"@type":"ListItem","position":2,"name":"Brglez se ne bo uklonil Cerarju"}]},{"@type":"WebSite","@id":"https:\/\/hudo.com\/si\/#website","url":"https:\/\/hudo.com\/si\/","name":"Hudo Slovenija","description":"Vse novice iz Slovenije in sveta","publisher":{"@id":"https:\/\/hudo.com\/si\/#organization"},"potentialAction":[{"@type":"SearchAction","target":{"@type":"EntryPoint","urlTemplate":"https:\/\/hudo.com\/si\/?s={search_term_string}"},"query-input":"required name=search_term_string"}],"inLanguage":"sl-SI"},{"@type":"Organization","@id":"https:\/\/hudo.com\/si\/#organization","name":"VSN Media","url":"https:\/\/hudo.com\/si\/","logo":{"@type":"ImageObject","inLanguage":"sl-SI","@id":"https:\/\/hudo.com\/si\/#\/schema\/logo\/image\/","url":"https:\/\/hudo.com\/si\/wp-content\/uploads\/sites\/2\/2021\/03\/hudo-app-2.png","contentUrl":"https:\/\/hudo.com\/si\/wp-content\/uploads\/sites\/2\/2021\/03\/hudo-app-2.png","width":2185,"height":2167,"caption":"VSN Media"},"image":{"@id":"https:\/\/hudo.com\/si\/#\/schema\/logo\/image\/"},"sameAs":["https:\/\/www.facebook.com\/hudo.si","https:\/\/twitter.com\/hudo_si"]},{"@type":"Person","@id":"https:\/\/hudo.com\/si\/#\/schema\/person\/601cf3379633985b20f7e50f2bb47707","name":"hudo","image":{"@type":"ImageObject","inLanguage":"sl-SI","@id":"https:\/\/hudo.com\/si\/#\/schema\/person\/image\/","url":"https:\/\/secure.gravatar.com\/avatar\/c4ca25fa72cace7a696b52ff5db9e095?s=96&d=mm&r=g","contentUrl":"https:\/\/secure.gravatar.com\/avatar\/c4ca25fa72cace7a696b52ff5db9e095?s=96&d=mm&r=g","caption":"hudo"},"url":"https:\/\/hudo.com\/si\/author\/hudo\/"}]}},"amp_enabled":true,"_links":{"self":[{"href":"https:\/\/hudo.com\/si\/wp-json\/wp\/v2\/posts\/204280"}],"collection":[{"href":"https:\/\/hudo.com\/si\/wp-json\/wp\/v2\/posts"}],"about":[{"href":"https:\/\/hudo.com\/si\/wp-json\/wp\/v2\/types\/post"}],"author":[{"embeddable":true,"href":"https:\/\/hudo.com\/si\/wp-json\/wp\/v2\/users\/1"}],"replies":[{"embeddable":true,"href":"https:\/\/hudo.com\/si\/wp-json\/wp\/v2\/comments?post=204280"}],"version-history":[{"count":1,"href":"https:\/\/hudo.com\/si\/wp-json\/wp\/v2\/posts\/204280\/revisions"}],"predecessor-version":[{"id":204291,"href":"https:\/\/hudo.com\/si\/wp-json\/wp\/v2\/posts\/204280\/revisions\/204291"}],"wp:attachment":[{"href":"https:\/\/hudo.com\/si\/wp-json\/wp\/v2\/media?parent=204280"}],"wp:term":[{"taxonomy":"category","embeddable":true,"href":"https:\/\/hudo.com\/si\/wp-json\/wp\/v2\/categories?post=204280"},{"taxonomy":"post_tag","embeddable":true,"href":"https:\/\/hudo.com\/si\/wp-json\/wp\/v2\/tags?post=204280"},{"taxonomy":"source","embeddable":true,"href":"https:\/\/hudo.com\/si\/wp-json\/wp\/v2\/source?post=204280"},{"taxonomy":"supertag","embeddable":true,"href":"https:\/\/hudo.com\/si\/wp-json\/wp\/v2\/supertag?post=204280"}],"curies":[{"name":"wp","href":"https:\/\/api.w.org\/{rel}","templated":true}]}}