{"id":204282,"date":"2017-02-03T15:24:00","date_gmt":"2017-02-03T14:24:00","guid":{"rendered":"http:\/\/hudo.com\/si\/2017\/02\/03\/vujovic-odgovarja-hrvatom-kdor-me-ni-razumel-je-kreten\/"},"modified":"2017-02-03T18:45:11","modified_gmt":"2017-02-03T17:45:11","slug":"vujovic-odgovarja-hrvatom-kdor-me-ni-razumel-je-kreten","status":"publish","type":"post","link":"https:\/\/hudo.com\/si\/aktualno\/vujovic-odgovarja-hrvatom-kdor-me-ni-razumel-je-kreten\/","title":{"rendered":"Vujovi\u0107 odgovarja Hrvatom: &#8220;Kdor me ni razumel, je kreten!&#8221;"},"content":{"rendered":"<p>Selektor slovenske rokometne reprezentance Veselin Vujovi\u0107 je pred dnevi dodobra razburkal hrva\u0161ko \u0161portno javnost, ko jih je ozna\u010dil na nadute. Izzval je ostre odzive, ki pa so po mnenju \u010crnogorca neprimerni, saj so njegovo izjavo vzeli iz konteksta.<\/p>\n","protected":false},"excerpt":{"rendered":"<p>Selektor slovenske rokometne reprezentance Veselin Vujovi\u0107 je pred dnevi dodobra razburkal hrva\u0161ko \u0161portno javnost, ko jih je ozna\u010dil na nadute. Izzval je ostre odzive, ki pa so po mnenju \u010crnogorca neprimerni, saj so njegovo izjavo vzeli iz konteksta.<\/p>\n","protected":false},"author":1,"featured_media":0,"comment_status":"closed","ping_status":"closed","sticky":false,"template":"","format":"standard","meta":{"footnotes":""},"categories":[1179],"tags":[],"source":[1706],"supertag":[],"acf":[],"yoast_head":"<!-- This site is optimized with the Yoast SEO plugin v21.3 - https:\/\/yoast.com\/wordpress\/plugins\/seo\/ -->\n<title>Vujovi\u0107 odgovarja Hrvatom: &quot;Kdor me ni razumel, je kreten!&quot; - Hudo Slovenija<\/title>\n<meta name=\"robots\" content=\"index, follow, max-snippet:-1, max-image-preview:large, max-video-preview:-1\" \/>\n<link rel=\"canonical\" href=\"https:\/\/hudo.com\/si\/aktualno\/vujovic-odgovarja-hrvatom-kdor-me-ni-razumel-je-kreten\/\" \/>\n<meta property=\"og:locale\" content=\"sl_SI\" \/>\n<meta property=\"og:type\" content=\"article\" \/>\n<meta property=\"og:title\" content=\"Vujovi\u0107 odgovarja Hrvatom: &quot;Kdor me ni razumel, je kreten!&quot; - Hudo Slovenija\" \/>\n<meta property=\"og:description\" content=\"Selektor slovenske rokometne reprezentance Veselin Vujovi\u0107 je pred dnevi dodobra razburkal hrva\u0161ko \u0161portno javnost, ko jih je ozna\u010dil na nadute. Izzval je ostre odzive, ki pa so po mnenju \u010crnogorca neprimerni, saj so njegovo izjavo vzeli iz konteksta.\" \/>\n<meta property=\"og:url\" content=\"https:\/\/hudo.com\/si\/aktualno\/vujovic-odgovarja-hrvatom-kdor-me-ni-razumel-je-kreten\/\" \/>\n<meta property=\"og:site_name\" content=\"Hudo Slovenija\" \/>\n<meta property=\"article:publisher\" content=\"https:\/\/www.facebook.com\/hudo.si\" \/>\n<meta property=\"article:published_time\" content=\"2017-02-03T14:24:00+00:00\" \/>\n<meta property=\"article:modified_time\" content=\"2017-02-03T17:45:11+00:00\" \/>\n<meta property=\"og:image\" content=\"https:\/\/hudo.com\/si\/wp-content\/uploads\/sites\/2\/2017\/02\/087274pQ86j.jpg\" \/>\n\t<meta property=\"og:image:width\" content=\"504\" \/>\n\t<meta property=\"og:image:height\" content=\"284\" \/>\n\t<meta property=\"og:image:type\" content=\"image\/jpeg\" \/>\n<meta name=\"author\" content=\"hudo\" \/>\n<meta name=\"twitter:card\" content=\"summary_large_image\" \/>\n<meta name=\"twitter:creator\" content=\"@hudo_si\" \/>\n<meta name=\"twitter:site\" content=\"@hudo_si\" \/>\n<meta name=\"twitter:label1\" content=\"Written by\" \/>\n\t<meta name=\"twitter:data1\" content=\"hudo\" \/>\n<script type=\"application\/ld+json\" class=\"yoast-schema-graph\">{\"@context\":\"https:\/\/schema.org\",\"@graph\":[{\"@type\":\"Article\",\"@id\":\"https:\/\/hudo.com\/si\/aktualno\/vujovic-odgovarja-hrvatom-kdor-me-ni-razumel-je-kreten\/#article\",\"isPartOf\":{\"@id\":\"https:\/\/hudo.com\/si\/aktualno\/vujovic-odgovarja-hrvatom-kdor-me-ni-razumel-je-kreten\/\"},\"author\":{\"name\":\"hudo\",\"@id\":\"https:\/\/hudo.com\/si\/#\/schema\/person\/601cf3379633985b20f7e50f2bb47707\"},\"headline\":\"Vujovi\u0107 odgovarja Hrvatom: &#8220;Kdor me ni razumel, je kreten!&#8221;\",\"datePublished\":\"2017-02-03T14:24:00+00:00\",\"dateModified\":\"2017-02-03T17:45:11+00:00\",\"mainEntityOfPage\":{\"@id\":\"https:\/\/hudo.com\/si\/aktualno\/vujovic-odgovarja-hrvatom-kdor-me-ni-razumel-je-kreten\/\"},\"wordCount\":49,\"publisher\":{\"@id\":\"https:\/\/hudo.com\/si\/#organization\"},\"articleSection\":[\"Aktualno\"],\"inLanguage\":\"sl-SI\"},{\"@type\":\"WebPage\",\"@id\":\"https:\/\/hudo.com\/si\/aktualno\/vujovic-odgovarja-hrvatom-kdor-me-ni-razumel-je-kreten\/\",\"url\":\"https:\/\/hudo.com\/si\/aktualno\/vujovic-odgovarja-hrvatom-kdor-me-ni-razumel-je-kreten\/\",\"name\":\"Vujovi\u0107 odgovarja Hrvatom: \\\"Kdor me ni razumel, je kreten!\\\" - Hudo Slovenija\",\"isPartOf\":{\"@id\":\"https:\/\/hudo.com\/si\/#website\"},\"datePublished\":\"2017-02-03T14:24:00+00:00\",\"dateModified\":\"2017-02-03T17:45:11+00:00\",\"breadcrumb\":{\"@id\":\"https:\/\/hudo.com\/si\/aktualno\/vujovic-odgovarja-hrvatom-kdor-me-ni-razumel-je-kreten\/#breadcrumb\"},\"inLanguage\":\"sl-SI\",\"potentialAction\":[{\"@type\":\"ReadAction\",\"target\":[\"https:\/\/hudo.com\/si\/aktualno\/vujovic-odgovarja-hrvatom-kdor-me-ni-razumel-je-kreten\/\"]}]},{\"@type\":\"BreadcrumbList\",\"@id\":\"https:\/\/hudo.com\/si\/aktualno\/vujovic-odgovarja-hrvatom-kdor-me-ni-razumel-je-kreten\/#breadcrumb\",\"itemListElement\":[{\"@type\":\"ListItem\",\"position\":1,\"name\":\"Home\",\"item\":\"https:\/\/hudo.com\/si\/\"},{\"@type\":\"ListItem\",\"position\":2,\"name\":\"Vujovi\u0107 odgovarja Hrvatom: &#8220;Kdor me ni razumel, je kreten!&#8221;\"}]},{\"@type\":\"WebSite\",\"@id\":\"https:\/\/hudo.com\/si\/#website\",\"url\":\"https:\/\/hudo.com\/si\/\",\"name\":\"Hudo Slovenija\",\"description\":\"Vse novice iz Slovenije in sveta\",\"publisher\":{\"@id\":\"https:\/\/hudo.com\/si\/#organization\"},\"potentialAction\":[{\"@type\":\"SearchAction\",\"target\":{\"@type\":\"EntryPoint\",\"urlTemplate\":\"https:\/\/hudo.com\/si\/?s={search_term_string}\"},\"query-input\":\"required name=search_term_string\"}],\"inLanguage\":\"sl-SI\"},{\"@type\":\"Organization\",\"@id\":\"https:\/\/hudo.com\/si\/#organization\",\"name\":\"VSN Media\",\"url\":\"https:\/\/hudo.com\/si\/\",\"logo\":{\"@type\":\"ImageObject\",\"inLanguage\":\"sl-SI\",\"@id\":\"https:\/\/hudo.com\/si\/#\/schema\/logo\/image\/\",\"url\":\"https:\/\/hudo.com\/si\/wp-content\/uploads\/sites\/2\/2021\/03\/hudo-app-2.png\",\"contentUrl\":\"https:\/\/hudo.com\/si\/wp-content\/uploads\/sites\/2\/2021\/03\/hudo-app-2.png\",\"width\":2185,\"height\":2167,\"caption\":\"VSN Media\"},\"image\":{\"@id\":\"https:\/\/hudo.com\/si\/#\/schema\/logo\/image\/\"},\"sameAs\":[\"https:\/\/www.facebook.com\/hudo.si\",\"https:\/\/twitter.com\/hudo_si\"]},{\"@type\":\"Person\",\"@id\":\"https:\/\/hudo.com\/si\/#\/schema\/person\/601cf3379633985b20f7e50f2bb47707\",\"name\":\"hudo\",\"image\":{\"@type\":\"ImageObject\",\"inLanguage\":\"sl-SI\",\"@id\":\"https:\/\/hudo.com\/si\/#\/schema\/person\/image\/\",\"url\":\"https:\/\/secure.gravatar.com\/avatar\/c4ca25fa72cace7a696b52ff5db9e095?s=96&d=mm&r=g\",\"contentUrl\":\"https:\/\/secure.gravatar.com\/avatar\/c4ca25fa72cace7a696b52ff5db9e095?s=96&d=mm&r=g\",\"caption\":\"hudo\"},\"url\":\"https:\/\/hudo.com\/si\/author\/hudo\/\"}]}<\/script>\n<!-- \/ Yoast SEO plugin. -->","yoast_head_json":{"title":"Vujovi\u0107 odgovarja Hrvatom: \"Kdor me ni razumel, je kreten!\" - Hudo Slovenija","robots":{"index":"index","follow":"follow","max-snippet":"max-snippet:-1","max-image-preview":"max-image-preview:large","max-video-preview":"max-video-preview:-1"},"canonical":"https:\/\/hudo.com\/si\/aktualno\/vujovic-odgovarja-hrvatom-kdor-me-ni-razumel-je-kreten\/","og_locale":"sl_SI","og_type":"article","og_title":"Vujovi\u0107 odgovarja Hrvatom: \"Kdor me ni razumel, je kreten!\" - Hudo Slovenija","og_description":"Selektor slovenske rokometne reprezentance Veselin Vujovi\u0107 je pred dnevi dodobra razburkal hrva\u0161ko \u0161portno javnost, ko jih je ozna\u010dil na nadute. Izzval je ostre odzive, ki pa so po mnenju \u010crnogorca neprimerni, saj so njegovo izjavo vzeli iz konteksta.","og_url":"https:\/\/hudo.com\/si\/aktualno\/vujovic-odgovarja-hrvatom-kdor-me-ni-razumel-je-kreten\/","og_site_name":"Hudo Slovenija","article_publisher":"https:\/\/www.facebook.com\/hudo.si","article_published_time":"2017-02-03T14:24:00+00:00","article_modified_time":"2017-02-03T17:45:11+00:00","og_image":[{"width":504,"height":284,"url":"https:\/\/hudo.com\/si\/wp-content\/uploads\/sites\/2\/2017\/02\/087274pQ86j.jpg","type":"image\/jpeg"}],"author":"hudo","twitter_card":"summary_large_image","twitter_creator":"@hudo_si","twitter_site":"@hudo_si","twitter_misc":{"Written by":"hudo"},"schema":{"@context":"https:\/\/schema.org","@graph":[{"@type":"Article","@id":"https:\/\/hudo.com\/si\/aktualno\/vujovic-odgovarja-hrvatom-kdor-me-ni-razumel-je-kreten\/#article","isPartOf":{"@id":"https:\/\/hudo.com\/si\/aktualno\/vujovic-odgovarja-hrvatom-kdor-me-ni-razumel-je-kreten\/"},"author":{"name":"hudo","@id":"https:\/\/hudo.com\/si\/#\/schema\/person\/601cf3379633985b20f7e50f2bb47707"},"headline":"Vujovi\u0107 odgovarja Hrvatom: &#8220;Kdor me ni razumel, je kreten!&#8221;","datePublished":"2017-02-03T14:24:00+00:00","dateModified":"2017-02-03T17:45:11+00:00","mainEntityOfPage":{"@id":"https:\/\/hudo.com\/si\/aktualno\/vujovic-odgovarja-hrvatom-kdor-me-ni-razumel-je-kreten\/"},"wordCount":49,"publisher":{"@id":"https:\/\/hudo.com\/si\/#organization"},"articleSection":["Aktualno"],"inLanguage":"sl-SI"},{"@type":"WebPage","@id":"https:\/\/hudo.com\/si\/aktualno\/vujovic-odgovarja-hrvatom-kdor-me-ni-razumel-je-kreten\/","url":"https:\/\/hudo.com\/si\/aktualno\/vujovic-odgovarja-hrvatom-kdor-me-ni-razumel-je-kreten\/","name":"Vujovi\u0107 odgovarja Hrvatom: \"Kdor me ni razumel, je kreten!\" - Hudo Slovenija","isPartOf":{"@id":"https:\/\/hudo.com\/si\/#website"},"datePublished":"2017-02-03T14:24:00+00:00","dateModified":"2017-02-03T17:45:11+00:00","breadcrumb":{"@id":"https:\/\/hudo.com\/si\/aktualno\/vujovic-odgovarja-hrvatom-kdor-me-ni-razumel-je-kreten\/#breadcrumb"},"inLanguage":"sl-SI","potentialAction":[{"@type":"ReadAction","target":["https:\/\/hudo.com\/si\/aktualno\/vujovic-odgovarja-hrvatom-kdor-me-ni-razumel-je-kreten\/"]}]},{"@type":"BreadcrumbList","@id":"https:\/\/hudo.com\/si\/aktualno\/vujovic-odgovarja-hrvatom-kdor-me-ni-razumel-je-kreten\/#breadcrumb","itemListElement":[{"@type":"ListItem","position":1,"name":"Home","item":"https:\/\/hudo.com\/si\/"},{"@type":"ListItem","position":2,"name":"Vujovi\u0107 odgovarja Hrvatom: &#8220;Kdor me ni razumel, je kreten!&#8221;"}]},{"@type":"WebSite","@id":"https:\/\/hudo.com\/si\/#website","url":"https:\/\/hudo.com\/si\/","name":"Hudo Slovenija","description":"Vse novice iz Slovenije in sveta","publisher":{"@id":"https:\/\/hudo.com\/si\/#organization"},"potentialAction":[{"@type":"SearchAction","target":{"@type":"EntryPoint","urlTemplate":"https:\/\/hudo.com\/si\/?s={search_term_string}"},"query-input":"required name=search_term_string"}],"inLanguage":"sl-SI"},{"@type":"Organization","@id":"https:\/\/hudo.com\/si\/#organization","name":"VSN Media","url":"https:\/\/hudo.com\/si\/","logo":{"@type":"ImageObject","inLanguage":"sl-SI","@id":"https:\/\/hudo.com\/si\/#\/schema\/logo\/image\/","url":"https:\/\/hudo.com\/si\/wp-content\/uploads\/sites\/2\/2021\/03\/hudo-app-2.png","contentUrl":"https:\/\/hudo.com\/si\/wp-content\/uploads\/sites\/2\/2021\/03\/hudo-app-2.png","width":2185,"height":2167,"caption":"VSN Media"},"image":{"@id":"https:\/\/hudo.com\/si\/#\/schema\/logo\/image\/"},"sameAs":["https:\/\/www.facebook.com\/hudo.si","https:\/\/twitter.com\/hudo_si"]},{"@type":"Person","@id":"https:\/\/hudo.com\/si\/#\/schema\/person\/601cf3379633985b20f7e50f2bb47707","name":"hudo","image":{"@type":"ImageObject","inLanguage":"sl-SI","@id":"https:\/\/hudo.com\/si\/#\/schema\/person\/image\/","url":"https:\/\/secure.gravatar.com\/avatar\/c4ca25fa72cace7a696b52ff5db9e095?s=96&d=mm&r=g","contentUrl":"https:\/\/secure.gravatar.com\/avatar\/c4ca25fa72cace7a696b52ff5db9e095?s=96&d=mm&r=g","caption":"hudo"},"url":"https:\/\/hudo.com\/si\/author\/hudo\/"}]}},"amp_enabled":true,"_links":{"self":[{"href":"https:\/\/hudo.com\/si\/wp-json\/wp\/v2\/posts\/204282"}],"collection":[{"href":"https:\/\/hudo.com\/si\/wp-json\/wp\/v2\/posts"}],"about":[{"href":"https:\/\/hudo.com\/si\/wp-json\/wp\/v2\/types\/post"}],"author":[{"embeddable":true,"href":"https:\/\/hudo.com\/si\/wp-json\/wp\/v2\/users\/1"}],"replies":[{"embeddable":true,"href":"https:\/\/hudo.com\/si\/wp-json\/wp\/v2\/comments?post=204282"}],"version-history":[{"count":1,"href":"https:\/\/hudo.com\/si\/wp-json\/wp\/v2\/posts\/204282\/revisions"}],"predecessor-version":[{"id":204292,"href":"https:\/\/hudo.com\/si\/wp-json\/wp\/v2\/posts\/204282\/revisions\/204292"}],"wp:attachment":[{"href":"https:\/\/hudo.com\/si\/wp-json\/wp\/v2\/media?parent=204282"}],"wp:term":[{"taxonomy":"category","embeddable":true,"href":"https:\/\/hudo.com\/si\/wp-json\/wp\/v2\/categories?post=204282"},{"taxonomy":"post_tag","embeddable":true,"href":"https:\/\/hudo.com\/si\/wp-json\/wp\/v2\/tags?post=204282"},{"taxonomy":"source","embeddable":true,"href":"https:\/\/hudo.com\/si\/wp-json\/wp\/v2\/source?post=204282"},{"taxonomy":"supertag","embeddable":true,"href":"https:\/\/hudo.com\/si\/wp-json\/wp\/v2\/supertag?post=204282"}],"curies":[{"name":"wp","href":"https:\/\/api.w.org\/{rel}","templated":true}]}}