{"id":204284,"date":"2017-02-03T15:10:00","date_gmt":"2017-02-03T14:10:00","guid":{"rendered":"http:\/\/hudo.com\/si\/2017\/02\/03\/ptuju-urgenca-ce-ne-protest-v-ljubljani\/"},"modified":"2017-02-03T18:51:10","modified_gmt":"2017-02-03T17:51:10","slug":"ptuju-urgenca-ce-ne-protest-v-ljubljani","status":"publish","type":"post","link":"https:\/\/hudo.com\/si\/aktualno\/ptuju-urgenca-ce-ne-protest-v-ljubljani\/","title":{"rendered":"Ptuju urgenca, \u010de ne, protest v Ljubljani"},"content":{"rendered":"<p>Gradnja ptujskega urgentnega centra naj bi se za\u010dela, tako po dana\u0161njem pogovoru z Andrejem Levani\u010dem, direktorjem Solo\u0161ne bolni\u0161nice Ptuj, \u017eupanom Miranom Sen\u010darjem in Sonjo \u017dibrat, predsednico sveta zavoda, pri\u010dakuje ministrica Milojka Kolar Celarc. &#8220;Naredili smo korak naprej, a kon\u010dnega dogovora o za\u010detku gradnje urgentnega centra \u0161e nismo sklenili. Pri\u010dakujem, da bo dogovor mogo\u010d v dveh treh mesecih, do takrat pa bodo na ministrstvu opravili recenzijo projekta in preverili njegovo dejansko vrednost, saj mi trdimo, da bi morala dr\u017eava za gradnjo centra nameniti, poleg 1,9 milijona evrov, \u0161e 900 tiso\u010d evrov, sami pa tudi \u0161e vedno \u010dakamo na dokon\u010dno soglasje za odprodajo dela na\u0161ega zemlji\u0161\u010da domu upokojencev,&#8221; je po dana\u0161njem sestanku povedal Andrej Levani\u010d.  Ptuj\u010dani so ministrici predali tudi podpise z zahtevo za za\u010detek gradnje urgentnega centra, ki so jih od sredine lanskega novembra zbirali predstavniki Dru\u0161tva ZA Ptuj in jih sredi januarja predali \u017eupanu. Potem ko se gradnja ptujske urgence lansko leto ni za\u010dela, ker bolni\u0161nica ni uspela zagotoviti 600 tiso\u010d evrov lastnih sredstev, je ministrstvo za zdravje svoj dele\u017e v vi\u0161ini 1,9 milijona evrov preneslo v to leto, a kot \u017ee re\u010deno, v bolni\u0161nici menijo, da je 2,5 milijona evrov premalo za izgradnjo sodobnega urgentnega centra. Ali je bil dana\u0161nji sestanek pri ministrici uspe\u0161en, bo pokazal \u010das, meni \u017eupan Ptuja, njegovi kolegi pa zahtevajo, da se gradnja za\u010dne, sicer napovedujejo tudi kak protestni shod v Ljubljani.Podravje<\/p>\n","protected":false},"excerpt":{"rendered":"<p>Gradnja ptujskega urgentnega centra naj bi se za\u010dela, tako po dana\u0161njem pogovoru z Andrejem Levani\u010dem, direktorjem Solo\u0161ne bolni\u0161nice Ptuj, \u017eupanom Miranom Sen\u010darjem in Sonjo \u017dibrat, predsednico sveta zavoda, pri\u010dakuje ministrica Milojka Kolar Celarc. &#8220;Naredili smo korak naprej, a kon\u010dnega dogovora o za\u010detku gradnje urgentnega centra \u0161e nismo sklenili. Pri\u010dakujem, da bo dogovor mogo\u010d v dveh treh mesecih, do takrat pa bodo na ministrstvu opravili recenzijo projekta in preverili njegovo dejansko vrednost, saj mi trdimo, da bi morala dr\u017eava za gradnjo centra nameniti, poleg 1,9 milijona evrov, \u0161e 900 tiso\u010d evrov, sami pa tudi \u0161e vedno \u010dakamo na dokon\u010dno soglasje za odprodajo dela na\u0161ega zemlji\u0161\u010da domu upokojencev,&#8221; je po dana\u0161njem sestanku povedal Andrej Levani\u010d.  Ptuj\u010dani so ministrici predali tudi podpise z zahtevo za za\u010detek gradnje urgentnega centra, ki so jih od sredine lanskega novembra zbirali predstavniki Dru\u0161tva ZA Ptuj in jih sredi januarja predali \u017eupanu. Potem ko se gradnja ptujske urgence lansko leto ni za\u010dela, ker bolni\u0161nica ni uspela zagotoviti 600 tiso\u010d evrov lastnih sredstev, je ministrstvo za zdravje svoj dele\u017e v vi\u0161ini 1,9 milijona evrov preneslo v to leto, a kot \u017ee re\u010deno, v bolni\u0161nici menijo, da je 2,5 milijona evrov premalo za izgradnjo sodobnega urgentnega centra. Ali je bil dana\u0161nji sestanek pri ministrici uspe\u0161en, bo pokazal \u010das, meni \u017eupan Ptuja, njegovi kolegi pa zahtevajo, da se gradnja za\u010dne, sicer napovedujejo tudi kak protestni shod v Ljubljani.Podravje<\/p>\n","protected":false},"author":1,"featured_media":0,"comment_status":"closed","ping_status":"closed","sticky":false,"template":"","format":"standard","meta":{"footnotes":""},"categories":[1179],"tags":[],"source":[1711],"supertag":[],"acf":[],"yoast_head":"<!-- This site is optimized with the Yoast SEO plugin v21.3 - https:\/\/yoast.com\/wordpress\/plugins\/seo\/ -->\n<title>Ptuju urgenca, \u010de ne, protest v Ljubljani - Hudo Slovenija<\/title>\n<meta name=\"robots\" content=\"index, follow, max-snippet:-1, max-image-preview:large, max-video-preview:-1\" \/>\n<link rel=\"canonical\" href=\"https:\/\/hudo.com\/si\/aktualno\/ptuju-urgenca-ce-ne-protest-v-ljubljani\/\" \/>\n<meta property=\"og:locale\" content=\"sl_SI\" \/>\n<meta property=\"og:type\" content=\"article\" \/>\n<meta property=\"og:title\" content=\"Ptuju urgenca, \u010de ne, protest v Ljubljani - Hudo Slovenija\" \/>\n<meta property=\"og:description\" content=\"Gradnja ptujskega urgentnega centra naj bi se za\u010dela, tako po dana\u0161njem pogovoru z Andrejem Levani\u010dem, direktorjem Solo\u0161ne bolni\u0161nice Ptuj, \u017eupanom Miranom Sen\u010darjem in Sonjo \u017dibrat, predsednico sveta zavoda, pri\u010dakuje ministrica Milojka Kolar Celarc. &quot;Naredili smo korak naprej, a kon\u010dnega dogovora o za\u010detku gradnje urgentnega centra \u0161e nismo sklenili. Pri\u010dakujem, da bo dogovor mogo\u010d v dveh treh mesecih, do takrat pa bodo na ministrstvu opravili recenzijo projekta in preverili njegovo dejansko vrednost, saj mi trdimo, da bi morala dr\u017eava za gradnjo centra nameniti, poleg 1,9 milijona evrov, \u0161e 900 tiso\u010d evrov, sami pa tudi \u0161e vedno \u010dakamo na dokon\u010dno soglasje za odprodajo dela na\u0161ega zemlji\u0161\u010da domu upokojencev,&quot; je po dana\u0161njem sestanku povedal Andrej Levani\u010d. Ptuj\u010dani so ministrici predali tudi podpise z zahtevo za za\u010detek gradnje urgentnega centra, ki so jih od sredine lanskega novembra zbirali predstavniki Dru\u0161tva ZA Ptuj in jih sredi januarja predali \u017eupanu. Potem ko se gradnja ptujske urgence lansko leto ni za\u010dela, ker bolni\u0161nica ni uspela zagotoviti 600 tiso\u010d evrov lastnih sredstev, je ministrstvo za zdravje svoj dele\u017e v vi\u0161ini 1,9 milijona evrov preneslo v to leto, a kot \u017ee re\u010deno, v bolni\u0161nici menijo, da je 2,5 milijona evrov premalo za izgradnjo sodobnega urgentnega centra. Ali je bil dana\u0161nji sestanek pri ministrici uspe\u0161en, bo pokazal \u010das, meni \u017eupan Ptuja, njegovi kolegi pa zahtevajo, da se gradnja za\u010dne, sicer napovedujejo tudi kak protestni shod v Ljubljani.Podravje\" \/>\n<meta property=\"og:url\" content=\"https:\/\/hudo.com\/si\/aktualno\/ptuju-urgenca-ce-ne-protest-v-ljubljani\/\" \/>\n<meta property=\"og:site_name\" content=\"Hudo Slovenija\" \/>\n<meta property=\"article:publisher\" content=\"https:\/\/www.facebook.com\/hudo.si\" \/>\n<meta property=\"article:published_time\" content=\"2017-02-03T14:10:00+00:00\" \/>\n<meta property=\"article:modified_time\" content=\"2017-02-03T17:51:10+00:00\" \/>\n<meta property=\"og:image\" content=\"https:\/\/hudo.com\/si\/wp-content\/uploads\/sites\/2\/2017\/02\/1107stavka1-300.jpg\" \/>\n\t<meta property=\"og:image:width\" content=\"450\" \/>\n\t<meta property=\"og:image:height\" content=\"310\" \/>\n\t<meta property=\"og:image:type\" content=\"image\/jpeg\" \/>\n<meta name=\"author\" content=\"hudo\" \/>\n<meta name=\"twitter:card\" content=\"summary_large_image\" \/>\n<meta name=\"twitter:creator\" content=\"@hudo_si\" \/>\n<meta name=\"twitter:site\" content=\"@hudo_si\" \/>\n<meta name=\"twitter:label1\" content=\"Written by\" \/>\n\t<meta name=\"twitter:data1\" content=\"hudo\" \/>\n\t<meta name=\"twitter:label2\" content=\"Est. reading time\" \/>\n\t<meta name=\"twitter:data2\" content=\"1 minuta\" \/>\n<script type=\"application\/ld+json\" class=\"yoast-schema-graph\">{\"@context\":\"https:\/\/schema.org\",\"@graph\":[{\"@type\":\"Article\",\"@id\":\"https:\/\/hudo.com\/si\/aktualno\/ptuju-urgenca-ce-ne-protest-v-ljubljani\/#article\",\"isPartOf\":{\"@id\":\"https:\/\/hudo.com\/si\/aktualno\/ptuju-urgenca-ce-ne-protest-v-ljubljani\/\"},\"author\":{\"name\":\"hudo\",\"@id\":\"https:\/\/hudo.com\/si\/#\/schema\/person\/601cf3379633985b20f7e50f2bb47707\"},\"headline\":\"Ptuju urgenca, \u010de ne, protest v Ljubljani\",\"datePublished\":\"2017-02-03T14:10:00+00:00\",\"dateModified\":\"2017-02-03T17:51:10+00:00\",\"mainEntityOfPage\":{\"@id\":\"https:\/\/hudo.com\/si\/aktualno\/ptuju-urgenca-ce-ne-protest-v-ljubljani\/\"},\"wordCount\":256,\"publisher\":{\"@id\":\"https:\/\/hudo.com\/si\/#organization\"},\"articleSection\":[\"Aktualno\"],\"inLanguage\":\"sl-SI\"},{\"@type\":\"WebPage\",\"@id\":\"https:\/\/hudo.com\/si\/aktualno\/ptuju-urgenca-ce-ne-protest-v-ljubljani\/\",\"url\":\"https:\/\/hudo.com\/si\/aktualno\/ptuju-urgenca-ce-ne-protest-v-ljubljani\/\",\"name\":\"Ptuju urgenca, \u010de ne, protest v Ljubljani - Hudo Slovenija\",\"isPartOf\":{\"@id\":\"https:\/\/hudo.com\/si\/#website\"},\"datePublished\":\"2017-02-03T14:10:00+00:00\",\"dateModified\":\"2017-02-03T17:51:10+00:00\",\"breadcrumb\":{\"@id\":\"https:\/\/hudo.com\/si\/aktualno\/ptuju-urgenca-ce-ne-protest-v-ljubljani\/#breadcrumb\"},\"inLanguage\":\"sl-SI\",\"potentialAction\":[{\"@type\":\"ReadAction\",\"target\":[\"https:\/\/hudo.com\/si\/aktualno\/ptuju-urgenca-ce-ne-protest-v-ljubljani\/\"]}]},{\"@type\":\"BreadcrumbList\",\"@id\":\"https:\/\/hudo.com\/si\/aktualno\/ptuju-urgenca-ce-ne-protest-v-ljubljani\/#breadcrumb\",\"itemListElement\":[{\"@type\":\"ListItem\",\"position\":1,\"name\":\"Home\",\"item\":\"https:\/\/hudo.com\/si\/\"},{\"@type\":\"ListItem\",\"position\":2,\"name\":\"Ptuju urgenca, \u010de ne, protest v Ljubljani\"}]},{\"@type\":\"WebSite\",\"@id\":\"https:\/\/hudo.com\/si\/#website\",\"url\":\"https:\/\/hudo.com\/si\/\",\"name\":\"Hudo Slovenija\",\"description\":\"Vse novice iz Slovenije in sveta\",\"publisher\":{\"@id\":\"https:\/\/hudo.com\/si\/#organization\"},\"potentialAction\":[{\"@type\":\"SearchAction\",\"target\":{\"@type\":\"EntryPoint\",\"urlTemplate\":\"https:\/\/hudo.com\/si\/?s={search_term_string}\"},\"query-input\":\"required name=search_term_string\"}],\"inLanguage\":\"sl-SI\"},{\"@type\":\"Organization\",\"@id\":\"https:\/\/hudo.com\/si\/#organization\",\"name\":\"VSN Media\",\"url\":\"https:\/\/hudo.com\/si\/\",\"logo\":{\"@type\":\"ImageObject\",\"inLanguage\":\"sl-SI\",\"@id\":\"https:\/\/hudo.com\/si\/#\/schema\/logo\/image\/\",\"url\":\"https:\/\/hudo.com\/si\/wp-content\/uploads\/sites\/2\/2021\/03\/hudo-app-2.png\",\"contentUrl\":\"https:\/\/hudo.com\/si\/wp-content\/uploads\/sites\/2\/2021\/03\/hudo-app-2.png\",\"width\":2185,\"height\":2167,\"caption\":\"VSN Media\"},\"image\":{\"@id\":\"https:\/\/hudo.com\/si\/#\/schema\/logo\/image\/\"},\"sameAs\":[\"https:\/\/www.facebook.com\/hudo.si\",\"https:\/\/twitter.com\/hudo_si\"]},{\"@type\":\"Person\",\"@id\":\"https:\/\/hudo.com\/si\/#\/schema\/person\/601cf3379633985b20f7e50f2bb47707\",\"name\":\"hudo\",\"image\":{\"@type\":\"ImageObject\",\"inLanguage\":\"sl-SI\",\"@id\":\"https:\/\/hudo.com\/si\/#\/schema\/person\/image\/\",\"url\":\"https:\/\/secure.gravatar.com\/avatar\/c4ca25fa72cace7a696b52ff5db9e095?s=96&d=mm&r=g\",\"contentUrl\":\"https:\/\/secure.gravatar.com\/avatar\/c4ca25fa72cace7a696b52ff5db9e095?s=96&d=mm&r=g\",\"caption\":\"hudo\"},\"url\":\"https:\/\/hudo.com\/si\/author\/hudo\/\"}]}<\/script>\n<!-- \/ Yoast SEO plugin. -->","yoast_head_json":{"title":"Ptuju urgenca, \u010de ne, protest v Ljubljani - Hudo Slovenija","robots":{"index":"index","follow":"follow","max-snippet":"max-snippet:-1","max-image-preview":"max-image-preview:large","max-video-preview":"max-video-preview:-1"},"canonical":"https:\/\/hudo.com\/si\/aktualno\/ptuju-urgenca-ce-ne-protest-v-ljubljani\/","og_locale":"sl_SI","og_type":"article","og_title":"Ptuju urgenca, \u010de ne, protest v Ljubljani - Hudo Slovenija","og_description":"Gradnja ptujskega urgentnega centra naj bi se za\u010dela, tako po dana\u0161njem pogovoru z Andrejem Levani\u010dem, direktorjem Solo\u0161ne bolni\u0161nice Ptuj, \u017eupanom Miranom Sen\u010darjem in Sonjo \u017dibrat, predsednico sveta zavoda, pri\u010dakuje ministrica Milojka Kolar Celarc. \"Naredili smo korak naprej, a kon\u010dnega dogovora o za\u010detku gradnje urgentnega centra \u0161e nismo sklenili. Pri\u010dakujem, da bo dogovor mogo\u010d v dveh treh mesecih, do takrat pa bodo na ministrstvu opravili recenzijo projekta in preverili njegovo dejansko vrednost, saj mi trdimo, da bi morala dr\u017eava za gradnjo centra nameniti, poleg 1,9 milijona evrov, \u0161e 900 tiso\u010d evrov, sami pa tudi \u0161e vedno \u010dakamo na dokon\u010dno soglasje za odprodajo dela na\u0161ega zemlji\u0161\u010da domu upokojencev,\" je po dana\u0161njem sestanku povedal Andrej Levani\u010d. Ptuj\u010dani so ministrici predali tudi podpise z zahtevo za za\u010detek gradnje urgentnega centra, ki so jih od sredine lanskega novembra zbirali predstavniki Dru\u0161tva ZA Ptuj in jih sredi januarja predali \u017eupanu. Potem ko se gradnja ptujske urgence lansko leto ni za\u010dela, ker bolni\u0161nica ni uspela zagotoviti 600 tiso\u010d evrov lastnih sredstev, je ministrstvo za zdravje svoj dele\u017e v vi\u0161ini 1,9 milijona evrov preneslo v to leto, a kot \u017ee re\u010deno, v bolni\u0161nici menijo, da je 2,5 milijona evrov premalo za izgradnjo sodobnega urgentnega centra. Ali je bil dana\u0161nji sestanek pri ministrici uspe\u0161en, bo pokazal \u010das, meni \u017eupan Ptuja, njegovi kolegi pa zahtevajo, da se gradnja za\u010dne, sicer napovedujejo tudi kak protestni shod v Ljubljani.Podravje","og_url":"https:\/\/hudo.com\/si\/aktualno\/ptuju-urgenca-ce-ne-protest-v-ljubljani\/","og_site_name":"Hudo Slovenija","article_publisher":"https:\/\/www.facebook.com\/hudo.si","article_published_time":"2017-02-03T14:10:00+00:00","article_modified_time":"2017-02-03T17:51:10+00:00","og_image":[{"width":450,"height":310,"url":"https:\/\/hudo.com\/si\/wp-content\/uploads\/sites\/2\/2017\/02\/1107stavka1-300.jpg","type":"image\/jpeg"}],"author":"hudo","twitter_card":"summary_large_image","twitter_creator":"@hudo_si","twitter_site":"@hudo_si","twitter_misc":{"Written by":"hudo","Est. reading time":"1 minuta"},"schema":{"@context":"https:\/\/schema.org","@graph":[{"@type":"Article","@id":"https:\/\/hudo.com\/si\/aktualno\/ptuju-urgenca-ce-ne-protest-v-ljubljani\/#article","isPartOf":{"@id":"https:\/\/hudo.com\/si\/aktualno\/ptuju-urgenca-ce-ne-protest-v-ljubljani\/"},"author":{"name":"hudo","@id":"https:\/\/hudo.com\/si\/#\/schema\/person\/601cf3379633985b20f7e50f2bb47707"},"headline":"Ptuju urgenca, \u010de ne, protest v Ljubljani","datePublished":"2017-02-03T14:10:00+00:00","dateModified":"2017-02-03T17:51:10+00:00","mainEntityOfPage":{"@id":"https:\/\/hudo.com\/si\/aktualno\/ptuju-urgenca-ce-ne-protest-v-ljubljani\/"},"wordCount":256,"publisher":{"@id":"https:\/\/hudo.com\/si\/#organization"},"articleSection":["Aktualno"],"inLanguage":"sl-SI"},{"@type":"WebPage","@id":"https:\/\/hudo.com\/si\/aktualno\/ptuju-urgenca-ce-ne-protest-v-ljubljani\/","url":"https:\/\/hudo.com\/si\/aktualno\/ptuju-urgenca-ce-ne-protest-v-ljubljani\/","name":"Ptuju urgenca, \u010de ne, protest v Ljubljani - Hudo Slovenija","isPartOf":{"@id":"https:\/\/hudo.com\/si\/#website"},"datePublished":"2017-02-03T14:10:00+00:00","dateModified":"2017-02-03T17:51:10+00:00","breadcrumb":{"@id":"https:\/\/hudo.com\/si\/aktualno\/ptuju-urgenca-ce-ne-protest-v-ljubljani\/#breadcrumb"},"inLanguage":"sl-SI","potentialAction":[{"@type":"ReadAction","target":["https:\/\/hudo.com\/si\/aktualno\/ptuju-urgenca-ce-ne-protest-v-ljubljani\/"]}]},{"@type":"BreadcrumbList","@id":"https:\/\/hudo.com\/si\/aktualno\/ptuju-urgenca-ce-ne-protest-v-ljubljani\/#breadcrumb","itemListElement":[{"@type":"ListItem","position":1,"name":"Home","item":"https:\/\/hudo.com\/si\/"},{"@type":"ListItem","position":2,"name":"Ptuju urgenca, \u010de ne, protest v Ljubljani"}]},{"@type":"WebSite","@id":"https:\/\/hudo.com\/si\/#website","url":"https:\/\/hudo.com\/si\/","name":"Hudo Slovenija","description":"Vse novice iz Slovenije in sveta","publisher":{"@id":"https:\/\/hudo.com\/si\/#organization"},"potentialAction":[{"@type":"SearchAction","target":{"@type":"EntryPoint","urlTemplate":"https:\/\/hudo.com\/si\/?s={search_term_string}"},"query-input":"required name=search_term_string"}],"inLanguage":"sl-SI"},{"@type":"Organization","@id":"https:\/\/hudo.com\/si\/#organization","name":"VSN Media","url":"https:\/\/hudo.com\/si\/","logo":{"@type":"ImageObject","inLanguage":"sl-SI","@id":"https:\/\/hudo.com\/si\/#\/schema\/logo\/image\/","url":"https:\/\/hudo.com\/si\/wp-content\/uploads\/sites\/2\/2021\/03\/hudo-app-2.png","contentUrl":"https:\/\/hudo.com\/si\/wp-content\/uploads\/sites\/2\/2021\/03\/hudo-app-2.png","width":2185,"height":2167,"caption":"VSN Media"},"image":{"@id":"https:\/\/hudo.com\/si\/#\/schema\/logo\/image\/"},"sameAs":["https:\/\/www.facebook.com\/hudo.si","https:\/\/twitter.com\/hudo_si"]},{"@type":"Person","@id":"https:\/\/hudo.com\/si\/#\/schema\/person\/601cf3379633985b20f7e50f2bb47707","name":"hudo","image":{"@type":"ImageObject","inLanguage":"sl-SI","@id":"https:\/\/hudo.com\/si\/#\/schema\/person\/image\/","url":"https:\/\/secure.gravatar.com\/avatar\/c4ca25fa72cace7a696b52ff5db9e095?s=96&d=mm&r=g","contentUrl":"https:\/\/secure.gravatar.com\/avatar\/c4ca25fa72cace7a696b52ff5db9e095?s=96&d=mm&r=g","caption":"hudo"},"url":"https:\/\/hudo.com\/si\/author\/hudo\/"}]}},"amp_enabled":true,"_links":{"self":[{"href":"https:\/\/hudo.com\/si\/wp-json\/wp\/v2\/posts\/204284"}],"collection":[{"href":"https:\/\/hudo.com\/si\/wp-json\/wp\/v2\/posts"}],"about":[{"href":"https:\/\/hudo.com\/si\/wp-json\/wp\/v2\/types\/post"}],"author":[{"embeddable":true,"href":"https:\/\/hudo.com\/si\/wp-json\/wp\/v2\/users\/1"}],"replies":[{"embeddable":true,"href":"https:\/\/hudo.com\/si\/wp-json\/wp\/v2\/comments?post=204284"}],"version-history":[{"count":1,"href":"https:\/\/hudo.com\/si\/wp-json\/wp\/v2\/posts\/204284\/revisions"}],"predecessor-version":[{"id":204293,"href":"https:\/\/hudo.com\/si\/wp-json\/wp\/v2\/posts\/204284\/revisions\/204293"}],"wp:attachment":[{"href":"https:\/\/hudo.com\/si\/wp-json\/wp\/v2\/media?parent=204284"}],"wp:term":[{"taxonomy":"category","embeddable":true,"href":"https:\/\/hudo.com\/si\/wp-json\/wp\/v2\/categories?post=204284"},{"taxonomy":"post_tag","embeddable":true,"href":"https:\/\/hudo.com\/si\/wp-json\/wp\/v2\/tags?post=204284"},{"taxonomy":"source","embeddable":true,"href":"https:\/\/hudo.com\/si\/wp-json\/wp\/v2\/source?post=204284"},{"taxonomy":"supertag","embeddable":true,"href":"https:\/\/hudo.com\/si\/wp-json\/wp\/v2\/supertag?post=204284"}],"curies":[{"name":"wp","href":"https:\/\/api.w.org\/{rel}","templated":true}]}}