{"id":204298,"date":"2017-02-03T14:50:00","date_gmt":"2017-02-03T13:50:00","guid":{"rendered":"http:\/\/hudo.com\/si\/2017\/02\/03\/spiegel-nekdanji-prvi-nadzornik-volkswagna-obremenil-winterkorna\/"},"modified":"2017-02-03T14:50:00","modified_gmt":"2017-02-03T13:50:00","slug":"spiegel-nekdanji-prvi-nadzornik-volkswagna-obremenil-winterkorna","status":"publish","type":"post","link":"https:\/\/hudo.com\/si\/aktualno\/spiegel-nekdanji-prvi-nadzornik-volkswagna-obremenil-winterkorna\/","title":{"rendered":"Spiegel: Nekdanji prvi nadzornik Volkswagna obremenil Winterkorna"},"content":{"rendered":"<p>Nekdanji predsednik nadzornega sveta nem\u0161kega koncerna Volkswagen Ferdinand Piech je pred dr\u017eavnim to\u017eilstvom v Braunschweigu obremenil nekdanjega prvega mo\u017ea koncerna Martina Winterkorna. To\u017eilcem je po poro\u010danju \u010dasnika Spiegel dejal, da je Winterkorn za te\u017eave z dizelskimi motorji vedel bolj zgodaj, kot priznava. Piech je na prve informacije, da naj bi imel Volkswagen velike te\u017eave v ZDA, ker je manipuliral s programsko opremo, naletel konec februarja 2015. Svoje sume naj bi bile ameri\u0161ke oblasti \u017ee razkrile tudi koncernu. Ko je Piech o tem povpra\u0161al Winterkorna, mu je zagotovil, da ne obstaja nikakr\u0161en tak dokument ameri\u0161kih oblasti, naj bi bil nekdanji prvi nadzornik pri\u010dal konec lanskega leta.  Volkswagen je septembra 2015 priznal, da je motorje 11 milijonov avtomobilov opremil s programsko opremo, ki je zagotavljala ni\u017eje izpuste \u0161kodljivih plinov na uradnih testiranjih. Winterkorn je nekaj dni kasneje odstopil, a vztrajal, da za \u0161kandal ni vedel, dokler ni pri\u0161el v javnost. To\u017eilstvo v Braunschweigu je m prej\u0161nji teden sporo\u010dilo, da Winterkorna preiskujejo zaradi suma goljufije, saj naj bi imeli &#8220;zadostne indikacije&#8221;, da je za sporno ravnanje vedel prej, kot priznava. Po poro\u010danju AFP bi lahko \u0161lo za zadnjo izstreljeno pu\u0161\u010dico v rivalskem odnosu med Piechom in njegovim nekdanjim varovancem Winterkornom. Piech je z mesta prvega nadzornika Volkswagna odstopil aprila 2015 po bridki bitki z Winterkornom; spor naj bi izviral iz razli\u010dnih pogledov na te\u017eave Volkswagna pri prodiranju na ameri\u0161ki trg. 79-letni Piech je vnuk iznajditelja ikoni\u010dnega beetla, sam je koncern vodil med letoma 1993 in 2002. Je tudi eden od predstavnikov dru\u017eine Porsche, katere holdin\u0161ka dru\u017eba Porsche SE ima v lasti 52 odstotkov Volkswagna.  Volkswagen mora zaradi afere &#8220;dieselgate&#8221; pla\u010dati ve\u010d milijard evrov kazni in od\u0161kodnin oblastem in kupcem po vsem svetu. \u010ce bi se izkazalo, da je podjetje zavestno prikrivalo \u0161kandal, bi se zna\u0161lo tudi na udaru delni\u010darjev.Gospodarstvo<\/p>\n","protected":false},"excerpt":{"rendered":"<p>Nekdanji predsednik nadzornega sveta nem\u0161kega koncerna Volkswagen Ferdinand Piech je pred dr\u017eavnim to\u017eilstvom v Braunschweigu obremenil nekdanjega prvega mo\u017ea koncerna Martina Winterkorna. To\u017eilcem je po poro\u010danju \u010dasnika Spiegel dejal, da je Winterkorn za te\u017eave z dizelskimi motorji vedel bolj zgodaj, kot priznava. Piech je na prve informacije, da naj bi imel Volkswagen velike te\u017eave v ZDA, ker je manipuliral s programsko opremo, naletel konec februarja 2015. Svoje sume naj bi bile ameri\u0161ke oblasti \u017ee razkrile tudi koncernu. Ko je Piech o tem povpra\u0161al Winterkorna, mu je zagotovil, da ne obstaja nikakr\u0161en tak dokument ameri\u0161kih oblasti, naj bi bil nekdanji prvi nadzornik pri\u010dal konec lanskega leta.  Volkswagen je septembra 2015 priznal, da je motorje 11 milijonov avtomobilov opremil s programsko opremo, ki je zagotavljala ni\u017eje izpuste \u0161kodljivih plinov na uradnih testiranjih. Winterkorn je nekaj dni kasneje odstopil, a vztrajal, da za \u0161kandal ni vedel, dokler ni pri\u0161el v javnost. To\u017eilstvo v Braunschweigu je m prej\u0161nji teden sporo\u010dilo, da Winterkorna preiskujejo zaradi suma goljufije, saj naj bi imeli &#8220;zadostne indikacije&#8221;, da je za sporno ravnanje vedel prej, kot priznava. Po poro\u010danju AFP bi lahko \u0161lo za zadnjo izstreljeno pu\u0161\u010dico v rivalskem odnosu med Piechom in njegovim nekdanjim varovancem Winterkornom. Piech je z mesta prvega nadzornika Volkswagna odstopil aprila 2015 po bridki bitki z Winterkornom; spor naj bi izviral iz razli\u010dnih pogledov na te\u017eave Volkswagna pri prodiranju na ameri\u0161ki trg. 79-letni Piech je vnuk iznajditelja ikoni\u010dnega beetla, sam je koncern vodil med letoma 1993 in 2002. Je tudi eden od predstavnikov dru\u017eine Porsche, katere holdin\u0161ka dru\u017eba Porsche SE ima v lasti 52 odstotkov Volkswagna.  Volkswagen mora zaradi afere &#8220;dieselgate&#8221; pla\u010dati ve\u010d milijard evrov kazni in od\u0161kodnin oblastem in kupcem po vsem svetu. \u010ce bi se izkazalo, da je podjetje zavestno prikrivalo \u0161kandal, bi se zna\u0161lo tudi na udaru delni\u010darjev.Gospodarstvo<\/p>\n","protected":false},"author":1,"featured_media":0,"comment_status":"closed","ping_status":"closed","sticky":false,"template":"","format":"standard","meta":{"footnotes":""},"categories":[1179],"tags":[],"source":[1711],"supertag":[],"acf":[],"yoast_head":"<!-- This site is optimized with the Yoast SEO plugin v21.3 - https:\/\/yoast.com\/wordpress\/plugins\/seo\/ -->\n<title>Spiegel: Nekdanji prvi nadzornik Volkswagna obremenil Winterkorna - Hudo Slovenija<\/title>\n<meta name=\"robots\" content=\"index, follow, max-snippet:-1, max-image-preview:large, max-video-preview:-1\" \/>\n<link rel=\"canonical\" href=\"https:\/\/hudo.com\/si\/aktualno\/spiegel-nekdanji-prvi-nadzornik-volkswagna-obremenil-winterkorna\/\" \/>\n<meta property=\"og:locale\" content=\"sl_SI\" \/>\n<meta property=\"og:type\" content=\"article\" \/>\n<meta property=\"og:title\" content=\"Spiegel: Nekdanji prvi nadzornik Volkswagna obremenil Winterkorna - Hudo Slovenija\" \/>\n<meta property=\"og:description\" content=\"Nekdanji predsednik nadzornega sveta nem\u0161kega koncerna Volkswagen Ferdinand Piech je pred dr\u017eavnim to\u017eilstvom v Braunschweigu obremenil nekdanjega prvega mo\u017ea koncerna Martina Winterkorna. To\u017eilcem je po poro\u010danju \u010dasnika Spiegel dejal, da je Winterkorn za te\u017eave z dizelskimi motorji vedel bolj zgodaj, kot priznava. Piech je na prve informacije, da naj bi imel Volkswagen velike te\u017eave v ZDA, ker je manipuliral s programsko opremo, naletel konec februarja 2015. Svoje sume naj bi bile ameri\u0161ke oblasti \u017ee razkrile tudi koncernu. Ko je Piech o tem povpra\u0161al Winterkorna, mu je zagotovil, da ne obstaja nikakr\u0161en tak dokument ameri\u0161kih oblasti, naj bi bil nekdanji prvi nadzornik pri\u010dal konec lanskega leta. Volkswagen je septembra 2015 priznal, da je motorje 11 milijonov avtomobilov opremil s programsko opremo, ki je zagotavljala ni\u017eje izpuste \u0161kodljivih plinov na uradnih testiranjih. Winterkorn je nekaj dni kasneje odstopil, a vztrajal, da za \u0161kandal ni vedel, dokler ni pri\u0161el v javnost. To\u017eilstvo v Braunschweigu je m prej\u0161nji teden sporo\u010dilo, da Winterkorna preiskujejo zaradi suma goljufije, saj naj bi imeli &quot;zadostne indikacije&quot;, da je za sporno ravnanje vedel prej, kot priznava. Po poro\u010danju AFP bi lahko \u0161lo za zadnjo izstreljeno pu\u0161\u010dico v rivalskem odnosu med Piechom in njegovim nekdanjim varovancem Winterkornom. Piech je z mesta prvega nadzornika Volkswagna odstopil aprila 2015 po bridki bitki z Winterkornom; spor naj bi izviral iz razli\u010dnih pogledov na te\u017eave Volkswagna pri prodiranju na ameri\u0161ki trg. 79-letni Piech je vnuk iznajditelja ikoni\u010dnega beetla, sam je koncern vodil med letoma 1993 in 2002. Je tudi eden od predstavnikov dru\u017eine Porsche, katere holdin\u0161ka dru\u017eba Porsche SE ima v lasti 52 odstotkov Volkswagna. Volkswagen mora zaradi afere &quot;dieselgate&quot; pla\u010dati ve\u010d milijard evrov kazni in od\u0161kodnin oblastem in kupcem po vsem svetu. \u010ce bi se izkazalo, da je podjetje zavestno prikrivalo \u0161kandal, bi se zna\u0161lo tudi na udaru delni\u010darjev.Gospodarstvo\" \/>\n<meta property=\"og:url\" content=\"https:\/\/hudo.com\/si\/aktualno\/spiegel-nekdanji-prvi-nadzornik-volkswagna-obremenil-winterkorna\/\" \/>\n<meta property=\"og:site_name\" content=\"Hudo Slovenija\" \/>\n<meta property=\"article:publisher\" content=\"https:\/\/www.facebook.com\/hudo.si\" \/>\n<meta property=\"article:published_time\" content=\"2017-02-03T13:50:00+00:00\" \/>\n<meta property=\"og:image\" content=\"https:\/\/hudo.com\/si\/wp-content\/uploads\/sites\/2\/2017\/02\/05754020-300.jpg\" \/>\n\t<meta property=\"og:image:width\" content=\"450\" \/>\n\t<meta property=\"og:image:height\" content=\"644\" \/>\n\t<meta property=\"og:image:type\" content=\"image\/jpeg\" \/>\n<meta name=\"author\" content=\"hudo\" \/>\n<meta name=\"twitter:card\" content=\"summary_large_image\" \/>\n<meta name=\"twitter:creator\" content=\"@hudo_si\" \/>\n<meta name=\"twitter:site\" content=\"@hudo_si\" \/>\n<meta name=\"twitter:label1\" content=\"Written by\" \/>\n\t<meta name=\"twitter:data1\" content=\"hudo\" \/>\n\t<meta name=\"twitter:label2\" content=\"Est. reading time\" \/>\n\t<meta name=\"twitter:data2\" content=\"2 minuti\" \/>\n<script type=\"application\/ld+json\" class=\"yoast-schema-graph\">{\"@context\":\"https:\/\/schema.org\",\"@graph\":[{\"@type\":\"Article\",\"@id\":\"https:\/\/hudo.com\/si\/aktualno\/spiegel-nekdanji-prvi-nadzornik-volkswagna-obremenil-winterkorna\/#article\",\"isPartOf\":{\"@id\":\"https:\/\/hudo.com\/si\/aktualno\/spiegel-nekdanji-prvi-nadzornik-volkswagna-obremenil-winterkorna\/\"},\"author\":{\"name\":\"hudo\",\"@id\":\"https:\/\/hudo.com\/si\/#\/schema\/person\/601cf3379633985b20f7e50f2bb47707\"},\"headline\":\"Spiegel: Nekdanji prvi nadzornik Volkswagna obremenil Winterkorna\",\"datePublished\":\"2017-02-03T13:50:00+00:00\",\"dateModified\":\"2017-02-03T13:50:00+00:00\",\"mainEntityOfPage\":{\"@id\":\"https:\/\/hudo.com\/si\/aktualno\/spiegel-nekdanji-prvi-nadzornik-volkswagna-obremenil-winterkorna\/\"},\"wordCount\":328,\"publisher\":{\"@id\":\"https:\/\/hudo.com\/si\/#organization\"},\"articleSection\":[\"Aktualno\"],\"inLanguage\":\"sl-SI\"},{\"@type\":\"WebPage\",\"@id\":\"https:\/\/hudo.com\/si\/aktualno\/spiegel-nekdanji-prvi-nadzornik-volkswagna-obremenil-winterkorna\/\",\"url\":\"https:\/\/hudo.com\/si\/aktualno\/spiegel-nekdanji-prvi-nadzornik-volkswagna-obremenil-winterkorna\/\",\"name\":\"Spiegel: Nekdanji prvi nadzornik Volkswagna obremenil Winterkorna - Hudo Slovenija\",\"isPartOf\":{\"@id\":\"https:\/\/hudo.com\/si\/#website\"},\"datePublished\":\"2017-02-03T13:50:00+00:00\",\"dateModified\":\"2017-02-03T13:50:00+00:00\",\"breadcrumb\":{\"@id\":\"https:\/\/hudo.com\/si\/aktualno\/spiegel-nekdanji-prvi-nadzornik-volkswagna-obremenil-winterkorna\/#breadcrumb\"},\"inLanguage\":\"sl-SI\",\"potentialAction\":[{\"@type\":\"ReadAction\",\"target\":[\"https:\/\/hudo.com\/si\/aktualno\/spiegel-nekdanji-prvi-nadzornik-volkswagna-obremenil-winterkorna\/\"]}]},{\"@type\":\"BreadcrumbList\",\"@id\":\"https:\/\/hudo.com\/si\/aktualno\/spiegel-nekdanji-prvi-nadzornik-volkswagna-obremenil-winterkorna\/#breadcrumb\",\"itemListElement\":[{\"@type\":\"ListItem\",\"position\":1,\"name\":\"Home\",\"item\":\"https:\/\/hudo.com\/si\/\"},{\"@type\":\"ListItem\",\"position\":2,\"name\":\"Spiegel: Nekdanji prvi nadzornik Volkswagna obremenil Winterkorna\"}]},{\"@type\":\"WebSite\",\"@id\":\"https:\/\/hudo.com\/si\/#website\",\"url\":\"https:\/\/hudo.com\/si\/\",\"name\":\"Hudo Slovenija\",\"description\":\"Vse novice iz Slovenije in sveta\",\"publisher\":{\"@id\":\"https:\/\/hudo.com\/si\/#organization\"},\"potentialAction\":[{\"@type\":\"SearchAction\",\"target\":{\"@type\":\"EntryPoint\",\"urlTemplate\":\"https:\/\/hudo.com\/si\/?s={search_term_string}\"},\"query-input\":\"required name=search_term_string\"}],\"inLanguage\":\"sl-SI\"},{\"@type\":\"Organization\",\"@id\":\"https:\/\/hudo.com\/si\/#organization\",\"name\":\"VSN Media\",\"url\":\"https:\/\/hudo.com\/si\/\",\"logo\":{\"@type\":\"ImageObject\",\"inLanguage\":\"sl-SI\",\"@id\":\"https:\/\/hudo.com\/si\/#\/schema\/logo\/image\/\",\"url\":\"https:\/\/hudo.com\/si\/wp-content\/uploads\/sites\/2\/2021\/03\/hudo-app-2.png\",\"contentUrl\":\"https:\/\/hudo.com\/si\/wp-content\/uploads\/sites\/2\/2021\/03\/hudo-app-2.png\",\"width\":2185,\"height\":2167,\"caption\":\"VSN Media\"},\"image\":{\"@id\":\"https:\/\/hudo.com\/si\/#\/schema\/logo\/image\/\"},\"sameAs\":[\"https:\/\/www.facebook.com\/hudo.si\",\"https:\/\/twitter.com\/hudo_si\"]},{\"@type\":\"Person\",\"@id\":\"https:\/\/hudo.com\/si\/#\/schema\/person\/601cf3379633985b20f7e50f2bb47707\",\"name\":\"hudo\",\"image\":{\"@type\":\"ImageObject\",\"inLanguage\":\"sl-SI\",\"@id\":\"https:\/\/hudo.com\/si\/#\/schema\/person\/image\/\",\"url\":\"https:\/\/secure.gravatar.com\/avatar\/c4ca25fa72cace7a696b52ff5db9e095?s=96&d=mm&r=g\",\"contentUrl\":\"https:\/\/secure.gravatar.com\/avatar\/c4ca25fa72cace7a696b52ff5db9e095?s=96&d=mm&r=g\",\"caption\":\"hudo\"},\"url\":\"https:\/\/hudo.com\/si\/author\/hudo\/\"}]}<\/script>\n<!-- \/ Yoast SEO plugin. -->","yoast_head_json":{"title":"Spiegel: Nekdanji prvi nadzornik Volkswagna obremenil Winterkorna - Hudo Slovenija","robots":{"index":"index","follow":"follow","max-snippet":"max-snippet:-1","max-image-preview":"max-image-preview:large","max-video-preview":"max-video-preview:-1"},"canonical":"https:\/\/hudo.com\/si\/aktualno\/spiegel-nekdanji-prvi-nadzornik-volkswagna-obremenil-winterkorna\/","og_locale":"sl_SI","og_type":"article","og_title":"Spiegel: Nekdanji prvi nadzornik Volkswagna obremenil Winterkorna - Hudo Slovenija","og_description":"Nekdanji predsednik nadzornega sveta nem\u0161kega koncerna Volkswagen Ferdinand Piech je pred dr\u017eavnim to\u017eilstvom v Braunschweigu obremenil nekdanjega prvega mo\u017ea koncerna Martina Winterkorna. To\u017eilcem je po poro\u010danju \u010dasnika Spiegel dejal, da je Winterkorn za te\u017eave z dizelskimi motorji vedel bolj zgodaj, kot priznava. Piech je na prve informacije, da naj bi imel Volkswagen velike te\u017eave v ZDA, ker je manipuliral s programsko opremo, naletel konec februarja 2015. Svoje sume naj bi bile ameri\u0161ke oblasti \u017ee razkrile tudi koncernu. Ko je Piech o tem povpra\u0161al Winterkorna, mu je zagotovil, da ne obstaja nikakr\u0161en tak dokument ameri\u0161kih oblasti, naj bi bil nekdanji prvi nadzornik pri\u010dal konec lanskega leta. Volkswagen je septembra 2015 priznal, da je motorje 11 milijonov avtomobilov opremil s programsko opremo, ki je zagotavljala ni\u017eje izpuste \u0161kodljivih plinov na uradnih testiranjih. Winterkorn je nekaj dni kasneje odstopil, a vztrajal, da za \u0161kandal ni vedel, dokler ni pri\u0161el v javnost. To\u017eilstvo v Braunschweigu je m prej\u0161nji teden sporo\u010dilo, da Winterkorna preiskujejo zaradi suma goljufije, saj naj bi imeli \"zadostne indikacije\", da je za sporno ravnanje vedel prej, kot priznava. Po poro\u010danju AFP bi lahko \u0161lo za zadnjo izstreljeno pu\u0161\u010dico v rivalskem odnosu med Piechom in njegovim nekdanjim varovancem Winterkornom. Piech je z mesta prvega nadzornika Volkswagna odstopil aprila 2015 po bridki bitki z Winterkornom; spor naj bi izviral iz razli\u010dnih pogledov na te\u017eave Volkswagna pri prodiranju na ameri\u0161ki trg. 79-letni Piech je vnuk iznajditelja ikoni\u010dnega beetla, sam je koncern vodil med letoma 1993 in 2002. Je tudi eden od predstavnikov dru\u017eine Porsche, katere holdin\u0161ka dru\u017eba Porsche SE ima v lasti 52 odstotkov Volkswagna. Volkswagen mora zaradi afere \"dieselgate\" pla\u010dati ve\u010d milijard evrov kazni in od\u0161kodnin oblastem in kupcem po vsem svetu. \u010ce bi se izkazalo, da je podjetje zavestno prikrivalo \u0161kandal, bi se zna\u0161lo tudi na udaru delni\u010darjev.Gospodarstvo","og_url":"https:\/\/hudo.com\/si\/aktualno\/spiegel-nekdanji-prvi-nadzornik-volkswagna-obremenil-winterkorna\/","og_site_name":"Hudo Slovenija","article_publisher":"https:\/\/www.facebook.com\/hudo.si","article_published_time":"2017-02-03T13:50:00+00:00","og_image":[{"width":450,"height":644,"url":"https:\/\/hudo.com\/si\/wp-content\/uploads\/sites\/2\/2017\/02\/05754020-300.jpg","type":"image\/jpeg"}],"author":"hudo","twitter_card":"summary_large_image","twitter_creator":"@hudo_si","twitter_site":"@hudo_si","twitter_misc":{"Written by":"hudo","Est. reading time":"2 minuti"},"schema":{"@context":"https:\/\/schema.org","@graph":[{"@type":"Article","@id":"https:\/\/hudo.com\/si\/aktualno\/spiegel-nekdanji-prvi-nadzornik-volkswagna-obremenil-winterkorna\/#article","isPartOf":{"@id":"https:\/\/hudo.com\/si\/aktualno\/spiegel-nekdanji-prvi-nadzornik-volkswagna-obremenil-winterkorna\/"},"author":{"name":"hudo","@id":"https:\/\/hudo.com\/si\/#\/schema\/person\/601cf3379633985b20f7e50f2bb47707"},"headline":"Spiegel: Nekdanji prvi nadzornik Volkswagna obremenil Winterkorna","datePublished":"2017-02-03T13:50:00+00:00","dateModified":"2017-02-03T13:50:00+00:00","mainEntityOfPage":{"@id":"https:\/\/hudo.com\/si\/aktualno\/spiegel-nekdanji-prvi-nadzornik-volkswagna-obremenil-winterkorna\/"},"wordCount":328,"publisher":{"@id":"https:\/\/hudo.com\/si\/#organization"},"articleSection":["Aktualno"],"inLanguage":"sl-SI"},{"@type":"WebPage","@id":"https:\/\/hudo.com\/si\/aktualno\/spiegel-nekdanji-prvi-nadzornik-volkswagna-obremenil-winterkorna\/","url":"https:\/\/hudo.com\/si\/aktualno\/spiegel-nekdanji-prvi-nadzornik-volkswagna-obremenil-winterkorna\/","name":"Spiegel: Nekdanji prvi nadzornik Volkswagna obremenil Winterkorna - Hudo Slovenija","isPartOf":{"@id":"https:\/\/hudo.com\/si\/#website"},"datePublished":"2017-02-03T13:50:00+00:00","dateModified":"2017-02-03T13:50:00+00:00","breadcrumb":{"@id":"https:\/\/hudo.com\/si\/aktualno\/spiegel-nekdanji-prvi-nadzornik-volkswagna-obremenil-winterkorna\/#breadcrumb"},"inLanguage":"sl-SI","potentialAction":[{"@type":"ReadAction","target":["https:\/\/hudo.com\/si\/aktualno\/spiegel-nekdanji-prvi-nadzornik-volkswagna-obremenil-winterkorna\/"]}]},{"@type":"BreadcrumbList","@id":"https:\/\/hudo.com\/si\/aktualno\/spiegel-nekdanji-prvi-nadzornik-volkswagna-obremenil-winterkorna\/#breadcrumb","itemListElement":[{"@type":"ListItem","position":1,"name":"Home","item":"https:\/\/hudo.com\/si\/"},{"@type":"ListItem","position":2,"name":"Spiegel: Nekdanji prvi nadzornik Volkswagna obremenil Winterkorna"}]},{"@type":"WebSite","@id":"https:\/\/hudo.com\/si\/#website","url":"https:\/\/hudo.com\/si\/","name":"Hudo Slovenija","description":"Vse novice iz Slovenije in sveta","publisher":{"@id":"https:\/\/hudo.com\/si\/#organization"},"potentialAction":[{"@type":"SearchAction","target":{"@type":"EntryPoint","urlTemplate":"https:\/\/hudo.com\/si\/?s={search_term_string}"},"query-input":"required name=search_term_string"}],"inLanguage":"sl-SI"},{"@type":"Organization","@id":"https:\/\/hudo.com\/si\/#organization","name":"VSN Media","url":"https:\/\/hudo.com\/si\/","logo":{"@type":"ImageObject","inLanguage":"sl-SI","@id":"https:\/\/hudo.com\/si\/#\/schema\/logo\/image\/","url":"https:\/\/hudo.com\/si\/wp-content\/uploads\/sites\/2\/2021\/03\/hudo-app-2.png","contentUrl":"https:\/\/hudo.com\/si\/wp-content\/uploads\/sites\/2\/2021\/03\/hudo-app-2.png","width":2185,"height":2167,"caption":"VSN Media"},"image":{"@id":"https:\/\/hudo.com\/si\/#\/schema\/logo\/image\/"},"sameAs":["https:\/\/www.facebook.com\/hudo.si","https:\/\/twitter.com\/hudo_si"]},{"@type":"Person","@id":"https:\/\/hudo.com\/si\/#\/schema\/person\/601cf3379633985b20f7e50f2bb47707","name":"hudo","image":{"@type":"ImageObject","inLanguage":"sl-SI","@id":"https:\/\/hudo.com\/si\/#\/schema\/person\/image\/","url":"https:\/\/secure.gravatar.com\/avatar\/c4ca25fa72cace7a696b52ff5db9e095?s=96&d=mm&r=g","contentUrl":"https:\/\/secure.gravatar.com\/avatar\/c4ca25fa72cace7a696b52ff5db9e095?s=96&d=mm&r=g","caption":"hudo"},"url":"https:\/\/hudo.com\/si\/author\/hudo\/"}]}},"amp_enabled":true,"_links":{"self":[{"href":"https:\/\/hudo.com\/si\/wp-json\/wp\/v2\/posts\/204298"}],"collection":[{"href":"https:\/\/hudo.com\/si\/wp-json\/wp\/v2\/posts"}],"about":[{"href":"https:\/\/hudo.com\/si\/wp-json\/wp\/v2\/types\/post"}],"author":[{"embeddable":true,"href":"https:\/\/hudo.com\/si\/wp-json\/wp\/v2\/users\/1"}],"replies":[{"embeddable":true,"href":"https:\/\/hudo.com\/si\/wp-json\/wp\/v2\/comments?post=204298"}],"version-history":[{"count":0,"href":"https:\/\/hudo.com\/si\/wp-json\/wp\/v2\/posts\/204298\/revisions"}],"wp:attachment":[{"href":"https:\/\/hudo.com\/si\/wp-json\/wp\/v2\/media?parent=204298"}],"wp:term":[{"taxonomy":"category","embeddable":true,"href":"https:\/\/hudo.com\/si\/wp-json\/wp\/v2\/categories?post=204298"},{"taxonomy":"post_tag","embeddable":true,"href":"https:\/\/hudo.com\/si\/wp-json\/wp\/v2\/tags?post=204298"},{"taxonomy":"source","embeddable":true,"href":"https:\/\/hudo.com\/si\/wp-json\/wp\/v2\/source?post=204298"},{"taxonomy":"supertag","embeddable":true,"href":"https:\/\/hudo.com\/si\/wp-json\/wp\/v2\/supertag?post=204298"}],"curies":[{"name":"wp","href":"https:\/\/api.w.org\/{rel}","templated":true}]}}