{"id":205211,"date":"2017-02-06T11:09:35","date_gmt":"2017-02-06T10:09:35","guid":{"rendered":"http:\/\/hudo.com\/si\/?p=205211"},"modified":"2017-02-06T11:09:35","modified_gmt":"2017-02-06T10:09:35","slug":"sojenje-katalonskemu-separatistu-na-ulice-zvabilo-mnozico-podpornikov","status":"publish","type":"post","link":"https:\/\/hudo.com\/si\/aktualno\/sojenje-katalonskemu-separatistu-na-ulice-zvabilo-mnozico-podpornikov\/","title":{"rendered":"Sojenje katalonskemu separatistu na ulice zvabilo mno\u017eico podpornikov"},"content":{"rendered":"<p>Masa so podporniki katalonske neodvisnosti pospremili z vzkliki &#8220;neodvisnost&#8221;, &#8220;dol s \u0161panskim pravosodjem&#8221; in &#8220;ho\u010demo voliti&#8221;, navaja francoska tiskovna agencija AFP.<\/p>\n<p>Masu in \u0161e dvema nekdanjima \u010dlanicama regionalne vlade, podpredsednici Joani Ortega in svetovalki za izobra\u017eevanje Irene Rigau, sodijo zaradi izvedbe glasovanja o neodvisnosti Katalonije. To je bilo sicer brez zakonskih posledic, 9. novembra 2014 pa se ga je udele\u017eilo 2,3 milijona ljudi od pribli\u017eno 5,4 milijona volilnih upravi\u010dencev. Za neodvisnosti se jih je izreklo 80 odstotkov.<\/p>\n<p>Katalonska vlada je simbolno glasovanje izvedla, ker od Madrida ni prejela dovoljenja za organizacijo pravega referenduma. Tega je prepovedalo tudi \u0161pansko ustavno sodi\u0161\u010de, ki se je enako opredelilo tudi glede neobvezujo\u010dega posvetovanja. Kot so odlo\u010dili, namre\u010d gre za vpra\u0161anje o enotnosti \u0160panije, o \u010demer lahko odlo\u010dajo le vse \u0160panci.<\/p>\n<p>Masu v skladu z obto\u017enico grozi desetletna prepoved opravljanja javne funkcije. Trajanje procesa je predvideno do petka.<\/p>\n<p>Po prepri\u010danju Masovega tabora sojenje ka\u017ee, da \u0161panska vlada ne spo\u0161tuje temeljnih pravic Kataloncev. Ti namre\u010d v ve\u010dini \u017eelijo izvedbo referenduma, medtem ko so glede vpra\u0161anja same neodvisnosti razdeljeni.<\/p>\n<p>Neodvisnosti naklonjene sile, ki so po zadnjih regionalnih volitvah septembra 2015 v parlamentu v ve\u010dini, kljub temu za letos obljubljajo izvedbo pravega referenduma, z ali brez podpore vlade v Madridu. Izvedli naj bi ga najpozneje do septembra. \u010ce bodo zmagali podporniki neodvisnosti, naj bi spro\u017eili proces odcepitve.<\/p>\n<p>Konservativna vlada \u0161panskega premierja Mariana Rajoya medtem zagotavlja, da tovrstnega referenduma ne bo. Ne da bi razkril vse svoje karte, Rajoy obljublja, da bo sprejel potrebne ukrepe in si prizadeva za dialog, ki doslej sicer ni obrodil sadov.<\/p>\n","protected":false},"excerpt":{"rendered":"<p>Na sodi\u0161\u010du v Barceloni se je danes za\u010delo sojenje nekdanjemu predsedniku regionalne katalonske vlade Arturu Masu zaradi izvedbe neformalnega glasovanja o neodvisnosti novembra 2014. Obto\u017enica ga med drugim bremeni dr\u017eavljanske nepokor\u0161\u010dine. Ulice pred sodi\u0161\u010dem je napolnilo na tiso\u010de njegovih podpornikov.<\/p>\n","protected":false},"author":7,"featured_media":205212,"comment_status":"closed","ping_status":"closed","sticky":false,"template":"","format":"standard","meta":{"footnotes":""},"categories":[1179],"tags":[3817,6761,1812],"source":[4511],"supertag":[],"acf":[],"yoast_head":"<!-- This site is optimized with the Yoast SEO plugin v21.3 - https:\/\/yoast.com\/wordpress\/plugins\/seo\/ -->\n<title>Sojenje katalonskemu separatistu na ulice zvabilo mno\u017eico podpornikov - Hudo Slovenija<\/title>\n<meta name=\"robots\" content=\"index, follow, max-snippet:-1, max-image-preview:large, max-video-preview:-1\" \/>\n<link rel=\"canonical\" href=\"https:\/\/hudo.com\/si\/aktualno\/sojenje-katalonskemu-separatistu-na-ulice-zvabilo-mnozico-podpornikov\/\" \/>\n<meta property=\"og:locale\" content=\"sl_SI\" \/>\n<meta property=\"og:type\" content=\"article\" \/>\n<meta property=\"og:title\" content=\"Sojenje katalonskemu separatistu na ulice zvabilo mno\u017eico podpornikov - Hudo Slovenija\" \/>\n<meta property=\"og:description\" content=\"Na sodi\u0161\u010du v Barceloni se je danes za\u010delo sojenje nekdanjemu predsedniku regionalne katalonske vlade Arturu Masu zaradi izvedbe neformalnega glasovanja o neodvisnosti novembra 2014. Obto\u017enica ga med drugim bremeni dr\u017eavljanske nepokor\u0161\u010dine. Ulice pred sodi\u0161\u010dem je napolnilo na tiso\u010de njegovih podpornikov.\" \/>\n<meta property=\"og:url\" content=\"https:\/\/hudo.com\/si\/aktualno\/sojenje-katalonskemu-separatistu-na-ulice-zvabilo-mnozico-podpornikov\/\" \/>\n<meta property=\"og:site_name\" content=\"Hudo Slovenija\" \/>\n<meta property=\"article:publisher\" content=\"https:\/\/www.facebook.com\/hudo.si\" \/>\n<meta property=\"article:published_time\" content=\"2017-02-06T10:09:35+00:00\" \/>\n<meta property=\"og:image\" content=\"https:\/\/hudo.com\/si\/wp-content\/uploads\/sites\/2\/2017\/02\/profimedia-0270992815.jpg\" \/>\n\t<meta property=\"og:image:width\" content=\"1250\" \/>\n\t<meta property=\"og:image:height\" content=\"833\" \/>\n\t<meta property=\"og:image:type\" content=\"image\/jpeg\" \/>\n<meta name=\"author\" content=\"A. P., STA\" \/>\n<meta name=\"twitter:card\" content=\"summary_large_image\" \/>\n<meta name=\"twitter:creator\" content=\"@hudo_si\" \/>\n<meta name=\"twitter:site\" content=\"@hudo_si\" \/>\n<meta name=\"twitter:label1\" content=\"Written by\" \/>\n\t<meta name=\"twitter:data1\" content=\"A. P., STA\" \/>\n\t<meta name=\"twitter:label2\" content=\"Est. reading time\" \/>\n\t<meta name=\"twitter:data2\" content=\"1 minuta\" \/>\n<script type=\"application\/ld+json\" class=\"yoast-schema-graph\">{\"@context\":\"https:\/\/schema.org\",\"@graph\":[{\"@type\":\"Article\",\"@id\":\"https:\/\/hudo.com\/si\/aktualno\/sojenje-katalonskemu-separatistu-na-ulice-zvabilo-mnozico-podpornikov\/#article\",\"isPartOf\":{\"@id\":\"https:\/\/hudo.com\/si\/aktualno\/sojenje-katalonskemu-separatistu-na-ulice-zvabilo-mnozico-podpornikov\/\"},\"author\":{\"name\":\"A. P., STA\",\"@id\":\"https:\/\/hudo.com\/si\/#\/schema\/person\/18f09c02475ba9e606e941a565b80cff\"},\"headline\":\"Sojenje katalonskemu separatistu na ulice zvabilo mno\u017eico podpornikov\",\"datePublished\":\"2017-02-06T10:09:35+00:00\",\"dateModified\":\"2017-02-06T10:09:35+00:00\",\"mainEntityOfPage\":{\"@id\":\"https:\/\/hudo.com\/si\/aktualno\/sojenje-katalonskemu-separatistu-na-ulice-zvabilo-mnozico-podpornikov\/\"},\"wordCount\":278,\"publisher\":{\"@id\":\"https:\/\/hudo.com\/si\/#organization\"},\"keywords\":[\"barcelona\",\"katalonija\",\"\u0161panija\"],\"articleSection\":[\"Aktualno\"],\"inLanguage\":\"sl-SI\"},{\"@type\":\"WebPage\",\"@id\":\"https:\/\/hudo.com\/si\/aktualno\/sojenje-katalonskemu-separatistu-na-ulice-zvabilo-mnozico-podpornikov\/\",\"url\":\"https:\/\/hudo.com\/si\/aktualno\/sojenje-katalonskemu-separatistu-na-ulice-zvabilo-mnozico-podpornikov\/\",\"name\":\"Sojenje katalonskemu separatistu na ulice zvabilo mno\u017eico podpornikov - Hudo Slovenija\",\"isPartOf\":{\"@id\":\"https:\/\/hudo.com\/si\/#website\"},\"datePublished\":\"2017-02-06T10:09:35+00:00\",\"dateModified\":\"2017-02-06T10:09:35+00:00\",\"breadcrumb\":{\"@id\":\"https:\/\/hudo.com\/si\/aktualno\/sojenje-katalonskemu-separatistu-na-ulice-zvabilo-mnozico-podpornikov\/#breadcrumb\"},\"inLanguage\":\"sl-SI\",\"potentialAction\":[{\"@type\":\"ReadAction\",\"target\":[\"https:\/\/hudo.com\/si\/aktualno\/sojenje-katalonskemu-separatistu-na-ulice-zvabilo-mnozico-podpornikov\/\"]}]},{\"@type\":\"BreadcrumbList\",\"@id\":\"https:\/\/hudo.com\/si\/aktualno\/sojenje-katalonskemu-separatistu-na-ulice-zvabilo-mnozico-podpornikov\/#breadcrumb\",\"itemListElement\":[{\"@type\":\"ListItem\",\"position\":1,\"name\":\"Home\",\"item\":\"https:\/\/hudo.com\/si\/\"},{\"@type\":\"ListItem\",\"position\":2,\"name\":\"Sojenje katalonskemu separatistu na ulice zvabilo mno\u017eico podpornikov\"}]},{\"@type\":\"WebSite\",\"@id\":\"https:\/\/hudo.com\/si\/#website\",\"url\":\"https:\/\/hudo.com\/si\/\",\"name\":\"Hudo Slovenija\",\"description\":\"Vse novice iz Slovenije in sveta\",\"publisher\":{\"@id\":\"https:\/\/hudo.com\/si\/#organization\"},\"potentialAction\":[{\"@type\":\"SearchAction\",\"target\":{\"@type\":\"EntryPoint\",\"urlTemplate\":\"https:\/\/hudo.com\/si\/?s={search_term_string}\"},\"query-input\":\"required name=search_term_string\"}],\"inLanguage\":\"sl-SI\"},{\"@type\":\"Organization\",\"@id\":\"https:\/\/hudo.com\/si\/#organization\",\"name\":\"VSN Media\",\"url\":\"https:\/\/hudo.com\/si\/\",\"logo\":{\"@type\":\"ImageObject\",\"inLanguage\":\"sl-SI\",\"@id\":\"https:\/\/hudo.com\/si\/#\/schema\/logo\/image\/\",\"url\":\"https:\/\/hudo.com\/si\/wp-content\/uploads\/sites\/2\/2021\/03\/hudo-app-2.png\",\"contentUrl\":\"https:\/\/hudo.com\/si\/wp-content\/uploads\/sites\/2\/2021\/03\/hudo-app-2.png\",\"width\":2185,\"height\":2167,\"caption\":\"VSN Media\"},\"image\":{\"@id\":\"https:\/\/hudo.com\/si\/#\/schema\/logo\/image\/\"},\"sameAs\":[\"https:\/\/www.facebook.com\/hudo.si\",\"https:\/\/twitter.com\/hudo_si\"]},{\"@type\":\"Person\",\"@id\":\"https:\/\/hudo.com\/si\/#\/schema\/person\/18f09c02475ba9e606e941a565b80cff\",\"name\":\"A. P., STA\",\"image\":{\"@type\":\"ImageObject\",\"inLanguage\":\"sl-SI\",\"@id\":\"https:\/\/hudo.com\/si\/#\/schema\/person\/image\/\",\"url\":\"https:\/\/secure.gravatar.com\/avatar\/03eac8e609f5f04383125d80eaeaaf3e?s=96&d=mm&r=g\",\"contentUrl\":\"https:\/\/secure.gravatar.com\/avatar\/03eac8e609f5f04383125d80eaeaaf3e?s=96&d=mm&r=g\",\"caption\":\"A. P., STA\"},\"url\":\"https:\/\/hudo.com\/si\/author\/lubu\/\"}]}<\/script>\n<!-- \/ Yoast SEO plugin. -->","yoast_head_json":{"title":"Sojenje katalonskemu separatistu na ulice zvabilo mno\u017eico podpornikov - Hudo Slovenija","robots":{"index":"index","follow":"follow","max-snippet":"max-snippet:-1","max-image-preview":"max-image-preview:large","max-video-preview":"max-video-preview:-1"},"canonical":"https:\/\/hudo.com\/si\/aktualno\/sojenje-katalonskemu-separatistu-na-ulice-zvabilo-mnozico-podpornikov\/","og_locale":"sl_SI","og_type":"article","og_title":"Sojenje katalonskemu separatistu na ulice zvabilo mno\u017eico podpornikov - Hudo Slovenija","og_description":"Na sodi\u0161\u010du v Barceloni se je danes za\u010delo sojenje nekdanjemu predsedniku regionalne katalonske vlade Arturu Masu zaradi izvedbe neformalnega glasovanja o neodvisnosti novembra 2014. Obto\u017enica ga med drugim bremeni dr\u017eavljanske nepokor\u0161\u010dine. Ulice pred sodi\u0161\u010dem je napolnilo na tiso\u010de njegovih podpornikov.","og_url":"https:\/\/hudo.com\/si\/aktualno\/sojenje-katalonskemu-separatistu-na-ulice-zvabilo-mnozico-podpornikov\/","og_site_name":"Hudo Slovenija","article_publisher":"https:\/\/www.facebook.com\/hudo.si","article_published_time":"2017-02-06T10:09:35+00:00","og_image":[{"width":1250,"height":833,"url":"https:\/\/hudo.com\/si\/wp-content\/uploads\/sites\/2\/2017\/02\/profimedia-0270992815.jpg","type":"image\/jpeg"}],"author":"A. P., STA","twitter_card":"summary_large_image","twitter_creator":"@hudo_si","twitter_site":"@hudo_si","twitter_misc":{"Written by":"A. P., STA","Est. reading time":"1 minuta"},"schema":{"@context":"https:\/\/schema.org","@graph":[{"@type":"Article","@id":"https:\/\/hudo.com\/si\/aktualno\/sojenje-katalonskemu-separatistu-na-ulice-zvabilo-mnozico-podpornikov\/#article","isPartOf":{"@id":"https:\/\/hudo.com\/si\/aktualno\/sojenje-katalonskemu-separatistu-na-ulice-zvabilo-mnozico-podpornikov\/"},"author":{"name":"A. P., STA","@id":"https:\/\/hudo.com\/si\/#\/schema\/person\/18f09c02475ba9e606e941a565b80cff"},"headline":"Sojenje katalonskemu separatistu na ulice zvabilo mno\u017eico podpornikov","datePublished":"2017-02-06T10:09:35+00:00","dateModified":"2017-02-06T10:09:35+00:00","mainEntityOfPage":{"@id":"https:\/\/hudo.com\/si\/aktualno\/sojenje-katalonskemu-separatistu-na-ulice-zvabilo-mnozico-podpornikov\/"},"wordCount":278,"publisher":{"@id":"https:\/\/hudo.com\/si\/#organization"},"keywords":["barcelona","katalonija","\u0161panija"],"articleSection":["Aktualno"],"inLanguage":"sl-SI"},{"@type":"WebPage","@id":"https:\/\/hudo.com\/si\/aktualno\/sojenje-katalonskemu-separatistu-na-ulice-zvabilo-mnozico-podpornikov\/","url":"https:\/\/hudo.com\/si\/aktualno\/sojenje-katalonskemu-separatistu-na-ulice-zvabilo-mnozico-podpornikov\/","name":"Sojenje katalonskemu separatistu na ulice zvabilo mno\u017eico podpornikov - Hudo Slovenija","isPartOf":{"@id":"https:\/\/hudo.com\/si\/#website"},"datePublished":"2017-02-06T10:09:35+00:00","dateModified":"2017-02-06T10:09:35+00:00","breadcrumb":{"@id":"https:\/\/hudo.com\/si\/aktualno\/sojenje-katalonskemu-separatistu-na-ulice-zvabilo-mnozico-podpornikov\/#breadcrumb"},"inLanguage":"sl-SI","potentialAction":[{"@type":"ReadAction","target":["https:\/\/hudo.com\/si\/aktualno\/sojenje-katalonskemu-separatistu-na-ulice-zvabilo-mnozico-podpornikov\/"]}]},{"@type":"BreadcrumbList","@id":"https:\/\/hudo.com\/si\/aktualno\/sojenje-katalonskemu-separatistu-na-ulice-zvabilo-mnozico-podpornikov\/#breadcrumb","itemListElement":[{"@type":"ListItem","position":1,"name":"Home","item":"https:\/\/hudo.com\/si\/"},{"@type":"ListItem","position":2,"name":"Sojenje katalonskemu separatistu na ulice zvabilo mno\u017eico podpornikov"}]},{"@type":"WebSite","@id":"https:\/\/hudo.com\/si\/#website","url":"https:\/\/hudo.com\/si\/","name":"Hudo Slovenija","description":"Vse novice iz Slovenije in sveta","publisher":{"@id":"https:\/\/hudo.com\/si\/#organization"},"potentialAction":[{"@type":"SearchAction","target":{"@type":"EntryPoint","urlTemplate":"https:\/\/hudo.com\/si\/?s={search_term_string}"},"query-input":"required name=search_term_string"}],"inLanguage":"sl-SI"},{"@type":"Organization","@id":"https:\/\/hudo.com\/si\/#organization","name":"VSN Media","url":"https:\/\/hudo.com\/si\/","logo":{"@type":"ImageObject","inLanguage":"sl-SI","@id":"https:\/\/hudo.com\/si\/#\/schema\/logo\/image\/","url":"https:\/\/hudo.com\/si\/wp-content\/uploads\/sites\/2\/2021\/03\/hudo-app-2.png","contentUrl":"https:\/\/hudo.com\/si\/wp-content\/uploads\/sites\/2\/2021\/03\/hudo-app-2.png","width":2185,"height":2167,"caption":"VSN Media"},"image":{"@id":"https:\/\/hudo.com\/si\/#\/schema\/logo\/image\/"},"sameAs":["https:\/\/www.facebook.com\/hudo.si","https:\/\/twitter.com\/hudo_si"]},{"@type":"Person","@id":"https:\/\/hudo.com\/si\/#\/schema\/person\/18f09c02475ba9e606e941a565b80cff","name":"A. P., STA","image":{"@type":"ImageObject","inLanguage":"sl-SI","@id":"https:\/\/hudo.com\/si\/#\/schema\/person\/image\/","url":"https:\/\/secure.gravatar.com\/avatar\/03eac8e609f5f04383125d80eaeaaf3e?s=96&d=mm&r=g","contentUrl":"https:\/\/secure.gravatar.com\/avatar\/03eac8e609f5f04383125d80eaeaaf3e?s=96&d=mm&r=g","caption":"A. P., STA"},"url":"https:\/\/hudo.com\/si\/author\/lubu\/"}]}},"amp_enabled":true,"_links":{"self":[{"href":"https:\/\/hudo.com\/si\/wp-json\/wp\/v2\/posts\/205211"}],"collection":[{"href":"https:\/\/hudo.com\/si\/wp-json\/wp\/v2\/posts"}],"about":[{"href":"https:\/\/hudo.com\/si\/wp-json\/wp\/v2\/types\/post"}],"author":[{"embeddable":true,"href":"https:\/\/hudo.com\/si\/wp-json\/wp\/v2\/users\/7"}],"replies":[{"embeddable":true,"href":"https:\/\/hudo.com\/si\/wp-json\/wp\/v2\/comments?post=205211"}],"version-history":[{"count":1,"href":"https:\/\/hudo.com\/si\/wp-json\/wp\/v2\/posts\/205211\/revisions"}],"predecessor-version":[{"id":205213,"href":"https:\/\/hudo.com\/si\/wp-json\/wp\/v2\/posts\/205211\/revisions\/205213"}],"wp:featuredmedia":[{"embeddable":true,"href":"https:\/\/hudo.com\/si\/wp-json\/wp\/v2\/media\/205212"}],"wp:attachment":[{"href":"https:\/\/hudo.com\/si\/wp-json\/wp\/v2\/media?parent=205211"}],"wp:term":[{"taxonomy":"category","embeddable":true,"href":"https:\/\/hudo.com\/si\/wp-json\/wp\/v2\/categories?post=205211"},{"taxonomy":"post_tag","embeddable":true,"href":"https:\/\/hudo.com\/si\/wp-json\/wp\/v2\/tags?post=205211"},{"taxonomy":"source","embeddable":true,"href":"https:\/\/hudo.com\/si\/wp-json\/wp\/v2\/source?post=205211"},{"taxonomy":"supertag","embeddable":true,"href":"https:\/\/hudo.com\/si\/wp-json\/wp\/v2\/supertag?post=205211"}],"curies":[{"name":"wp","href":"https:\/\/api.w.org\/{rel}","templated":true}]}}