{"id":205225,"date":"2017-02-06T12:04:21","date_gmt":"2017-02-06T11:04:21","guid":{"rendered":"http:\/\/hudo.com\/si\/?p=205225"},"modified":"2017-02-06T12:37:36","modified_gmt":"2017-02-06T11:37:36","slug":"v-turciji-v-racijah-proti-prijeli-prek-750-ljudi","status":"publish","type":"post","link":"https:\/\/hudo.com\/si\/aktualno\/v-turciji-v-racijah-proti-prijeli-prek-750-ljudi\/","title":{"rendered":"Tur\u010dija v racijah proti IS prijela 820 ljudi"},"content":{"rendered":"<p>Poleg domnevnih privr\u017eencev IS so tur\u0161ke oblasti racije izvajale tudi proti osumljenim \u010dlanstva v prepovedani Kurdski delavski stranki (PKK), v gibanju klerika Fethullaha G\u00fcllena, ki mu pripisujejo odgovornost za lanski spodleteli dr\u017eavni udar, in v levi\u010darskih skupinah, je danes po poro\u010danju nem\u0161ke tiskovne agencije dpa sporo\u010dilo tur\u0161ko notranje ministrstvo. Aretiranih je bilo skupaj 1829 osumljencev.<\/p>\n<p>Najbolj obse\u017ene so bile racije proti IS, ki so potekale v 29 od 81 tur\u0161kih pokrajin, med njimi pa so poleg aretacij tudi zasegli dokumente, oro\u017eje in strelivo, tur\u0161ke medije povzema francoska tiskovna agencija AFP.<\/p>\n<p>Tur\u010dija je operacijo spro\u017eila mesec dni po napadu na istanbulski no\u010dni klub, v katerem je bilo na silvestrovo ubitih 39 ljudi, ve\u010dinoma tujcev. Odgovornost za pokol je prevzela IS in to je bil prvi napad v Tur\u010diji, za katerega je odgovornost prevzela ta organizacija, \u010deprav so jih pripisovali odgovornost tudi za niz drugih napadov v letu 2016.<\/p>\n<p>Tur\u0161ka policija je v zadnjem letu izvedla ve\u010d racij, uperjenih proti IS, a tako velike operacije po vsej dr\u017eavi, kot je zadnja, doslej \u0161e ni bilo. Po navedbah policijskega direktorata je nameravala IS v propagandne namene izvesti &#8220;senzacionalno akcijo&#8221; na tur\u0161kih tleh, njena morebitna tar\u010da pa naj bi bili mediji. Podrobnosti v zvezi s tem niso znane.<\/p>\n<p>Zahodne zaveznice so Tur\u010dijo dalj \u010dasa obto\u017eevale, da ne stori dovolj za zajezitev toka d\u017eihadistov \u010dez svoje meje in nastajanja celic IS v tur\u0161kih mestih. Ankara je tovrstne o\u010ditke zavrnila in poudarila, da je IS \u017ee leta 2013 uvrstila na seznam teroristi\u010dnih organizacij. A opazovalci pravijo, da je \u0161ele v zadnjih mesecih okrepila ukrepanje proti tej skrajni skupini.<\/p>\n<p>Po napadu na istanbulski no\u010dni klub so tur\u0161ke oblasti po dveh tednih iskanja 16. januarja aretirale domnevnega storilca, Abdulgadirja Ma\u0161aripova, dr\u017eavljana Uzbekistana. Po mnenju opazovalcev bi lahko Ma\u0161aripov priskrbel klju\u010dne obve\u0161\u010devalne informacije v zvezi z IS v Tur\u010diji.<\/p>\n","protected":false},"excerpt":{"rendered":"<p>Tur\u0161ke varnostne sile so v doslej najve\u010dji operaciji proti skrajni Islamski dr\u017eavi prijele ve\u010d kot 820 ljudi, ki jih sumijo povezav s to d\u017eihadisti\u010dno skupino. Samo v nedeljo so aretirali 450 osumljenih privr\u017eencev IS, sicer pa so v tednu dni tur\u0161ke oblasti prijele ve\u010d kot 1800 osumljenih terorizma.<\/p>\n","protected":false},"author":8,"featured_media":205229,"comment_status":"closed","ping_status":"closed","sticky":false,"template":"","format":"standard","meta":{"footnotes":""},"categories":[1179],"tags":[4500,1887],"source":[4511],"supertag":[6103],"acf":[],"yoast_head":"<!-- This site is optimized with the Yoast SEO plugin v21.3 - https:\/\/yoast.com\/wordpress\/plugins\/seo\/ -->\n<title>Tur\u010dija v racijah proti IS prijela 820 ljudi - Hudo Slovenija<\/title>\n<meta name=\"robots\" content=\"index, follow, max-snippet:-1, max-image-preview:large, max-video-preview:-1\" \/>\n<link rel=\"canonical\" href=\"https:\/\/hudo.com\/si\/aktualno\/v-turciji-v-racijah-proti-prijeli-prek-750-ljudi\/\" \/>\n<meta property=\"og:locale\" content=\"sl_SI\" \/>\n<meta property=\"og:type\" content=\"article\" \/>\n<meta property=\"og:title\" content=\"Tur\u010dija v racijah proti IS prijela 820 ljudi - Hudo Slovenija\" \/>\n<meta property=\"og:description\" content=\"Tur\u0161ke varnostne sile so v doslej najve\u010dji operaciji proti skrajni Islamski dr\u017eavi prijele ve\u010d kot 820 ljudi, ki jih sumijo povezav s to d\u017eihadisti\u010dno skupino. Samo v nedeljo so aretirali 450 osumljenih privr\u017eencev IS, sicer pa so v tednu dni tur\u0161ke oblasti prijele ve\u010d kot 1800 osumljenih terorizma.\" \/>\n<meta property=\"og:url\" content=\"https:\/\/hudo.com\/si\/aktualno\/v-turciji-v-racijah-proti-prijeli-prek-750-ljudi\/\" \/>\n<meta property=\"og:site_name\" content=\"Hudo Slovenija\" \/>\n<meta property=\"article:publisher\" content=\"https:\/\/www.facebook.com\/hudo.si\" \/>\n<meta property=\"article:published_time\" content=\"2017-02-06T11:04:21+00:00\" \/>\n<meta property=\"article:modified_time\" content=\"2017-02-06T11:37:36+00:00\" \/>\n<meta property=\"og:image\" content=\"https:\/\/hudo.com\/si\/wp-content\/uploads\/sites\/2\/2017\/02\/profimedia-0315395639.jpg\" \/>\n\t<meta property=\"og:image:width\" content=\"1250\" \/>\n\t<meta property=\"og:image:height\" content=\"833\" \/>\n\t<meta property=\"og:image:type\" content=\"image\/jpeg\" \/>\n<meta name=\"author\" content=\"M. N., STA\" \/>\n<meta name=\"twitter:card\" content=\"summary_large_image\" \/>\n<meta name=\"twitter:creator\" content=\"@hudo_si\" \/>\n<meta name=\"twitter:site\" content=\"@hudo_si\" \/>\n<meta name=\"twitter:label1\" content=\"Written by\" \/>\n\t<meta name=\"twitter:data1\" content=\"M. N., STA\" \/>\n\t<meta name=\"twitter:label2\" content=\"Est. reading time\" \/>\n\t<meta name=\"twitter:data2\" content=\"2 minuti\" \/>\n<script type=\"application\/ld+json\" class=\"yoast-schema-graph\">{\"@context\":\"https:\/\/schema.org\",\"@graph\":[{\"@type\":\"Article\",\"@id\":\"https:\/\/hudo.com\/si\/aktualno\/v-turciji-v-racijah-proti-prijeli-prek-750-ljudi\/#article\",\"isPartOf\":{\"@id\":\"https:\/\/hudo.com\/si\/aktualno\/v-turciji-v-racijah-proti-prijeli-prek-750-ljudi\/\"},\"author\":{\"name\":\"M. N., STA\",\"@id\":\"https:\/\/hudo.com\/si\/#\/schema\/person\/c2f10ce65d2e6ede2aeda5be2a0611fa\"},\"headline\":\"Tur\u010dija v racijah proti IS prijela 820 ljudi\",\"datePublished\":\"2017-02-06T11:04:21+00:00\",\"dateModified\":\"2017-02-06T11:37:36+00:00\",\"mainEntityOfPage\":{\"@id\":\"https:\/\/hudo.com\/si\/aktualno\/v-turciji-v-racijah-proti-prijeli-prek-750-ljudi\/\"},\"wordCount\":337,\"publisher\":{\"@id\":\"https:\/\/hudo.com\/si\/#organization\"},\"keywords\":[\"Islamska dr\u017eava\",\"tur\u010dija\"],\"articleSection\":[\"Aktualno\"],\"inLanguage\":\"sl-SI\"},{\"@type\":\"WebPage\",\"@id\":\"https:\/\/hudo.com\/si\/aktualno\/v-turciji-v-racijah-proti-prijeli-prek-750-ljudi\/\",\"url\":\"https:\/\/hudo.com\/si\/aktualno\/v-turciji-v-racijah-proti-prijeli-prek-750-ljudi\/\",\"name\":\"Tur\u010dija v racijah proti IS prijela 820 ljudi - Hudo Slovenija\",\"isPartOf\":{\"@id\":\"https:\/\/hudo.com\/si\/#website\"},\"datePublished\":\"2017-02-06T11:04:21+00:00\",\"dateModified\":\"2017-02-06T11:37:36+00:00\",\"breadcrumb\":{\"@id\":\"https:\/\/hudo.com\/si\/aktualno\/v-turciji-v-racijah-proti-prijeli-prek-750-ljudi\/#breadcrumb\"},\"inLanguage\":\"sl-SI\",\"potentialAction\":[{\"@type\":\"ReadAction\",\"target\":[\"https:\/\/hudo.com\/si\/aktualno\/v-turciji-v-racijah-proti-prijeli-prek-750-ljudi\/\"]}]},{\"@type\":\"BreadcrumbList\",\"@id\":\"https:\/\/hudo.com\/si\/aktualno\/v-turciji-v-racijah-proti-prijeli-prek-750-ljudi\/#breadcrumb\",\"itemListElement\":[{\"@type\":\"ListItem\",\"position\":1,\"name\":\"Home\",\"item\":\"https:\/\/hudo.com\/si\/\"},{\"@type\":\"ListItem\",\"position\":2,\"name\":\"Tur\u010dija v racijah proti IS prijela 820 ljudi\"}]},{\"@type\":\"WebSite\",\"@id\":\"https:\/\/hudo.com\/si\/#website\",\"url\":\"https:\/\/hudo.com\/si\/\",\"name\":\"Hudo Slovenija\",\"description\":\"Vse novice iz Slovenije in sveta\",\"publisher\":{\"@id\":\"https:\/\/hudo.com\/si\/#organization\"},\"potentialAction\":[{\"@type\":\"SearchAction\",\"target\":{\"@type\":\"EntryPoint\",\"urlTemplate\":\"https:\/\/hudo.com\/si\/?s={search_term_string}\"},\"query-input\":\"required name=search_term_string\"}],\"inLanguage\":\"sl-SI\"},{\"@type\":\"Organization\",\"@id\":\"https:\/\/hudo.com\/si\/#organization\",\"name\":\"VSN Media\",\"url\":\"https:\/\/hudo.com\/si\/\",\"logo\":{\"@type\":\"ImageObject\",\"inLanguage\":\"sl-SI\",\"@id\":\"https:\/\/hudo.com\/si\/#\/schema\/logo\/image\/\",\"url\":\"https:\/\/hudo.com\/si\/wp-content\/uploads\/sites\/2\/2021\/03\/hudo-app-2.png\",\"contentUrl\":\"https:\/\/hudo.com\/si\/wp-content\/uploads\/sites\/2\/2021\/03\/hudo-app-2.png\",\"width\":2185,\"height\":2167,\"caption\":\"VSN Media\"},\"image\":{\"@id\":\"https:\/\/hudo.com\/si\/#\/schema\/logo\/image\/\"},\"sameAs\":[\"https:\/\/www.facebook.com\/hudo.si\",\"https:\/\/twitter.com\/hudo_si\"]},{\"@type\":\"Person\",\"@id\":\"https:\/\/hudo.com\/si\/#\/schema\/person\/c2f10ce65d2e6ede2aeda5be2a0611fa\",\"name\":\"M. N., STA\",\"image\":{\"@type\":\"ImageObject\",\"inLanguage\":\"sl-SI\",\"@id\":\"https:\/\/hudo.com\/si\/#\/schema\/person\/image\/\",\"url\":\"https:\/\/secure.gravatar.com\/avatar\/f370d38daa10467f755c5c766a4cac20?s=96&d=mm&r=g\",\"contentUrl\":\"https:\/\/secure.gravatar.com\/avatar\/f370d38daa10467f755c5c766a4cac20?s=96&d=mm&r=g\",\"caption\":\"M. N., STA\"},\"url\":\"https:\/\/hudo.com\/si\/author\/mana\/\"}]}<\/script>\n<!-- \/ Yoast SEO plugin. -->","yoast_head_json":{"title":"Tur\u010dija v racijah proti IS prijela 820 ljudi - Hudo Slovenija","robots":{"index":"index","follow":"follow","max-snippet":"max-snippet:-1","max-image-preview":"max-image-preview:large","max-video-preview":"max-video-preview:-1"},"canonical":"https:\/\/hudo.com\/si\/aktualno\/v-turciji-v-racijah-proti-prijeli-prek-750-ljudi\/","og_locale":"sl_SI","og_type":"article","og_title":"Tur\u010dija v racijah proti IS prijela 820 ljudi - Hudo Slovenija","og_description":"Tur\u0161ke varnostne sile so v doslej najve\u010dji operaciji proti skrajni Islamski dr\u017eavi prijele ve\u010d kot 820 ljudi, ki jih sumijo povezav s to d\u017eihadisti\u010dno skupino. Samo v nedeljo so aretirali 450 osumljenih privr\u017eencev IS, sicer pa so v tednu dni tur\u0161ke oblasti prijele ve\u010d kot 1800 osumljenih terorizma.","og_url":"https:\/\/hudo.com\/si\/aktualno\/v-turciji-v-racijah-proti-prijeli-prek-750-ljudi\/","og_site_name":"Hudo Slovenija","article_publisher":"https:\/\/www.facebook.com\/hudo.si","article_published_time":"2017-02-06T11:04:21+00:00","article_modified_time":"2017-02-06T11:37:36+00:00","og_image":[{"width":1250,"height":833,"url":"https:\/\/hudo.com\/si\/wp-content\/uploads\/sites\/2\/2017\/02\/profimedia-0315395639.jpg","type":"image\/jpeg"}],"author":"M. N., STA","twitter_card":"summary_large_image","twitter_creator":"@hudo_si","twitter_site":"@hudo_si","twitter_misc":{"Written by":"M. N., STA","Est. reading time":"2 minuti"},"schema":{"@context":"https:\/\/schema.org","@graph":[{"@type":"Article","@id":"https:\/\/hudo.com\/si\/aktualno\/v-turciji-v-racijah-proti-prijeli-prek-750-ljudi\/#article","isPartOf":{"@id":"https:\/\/hudo.com\/si\/aktualno\/v-turciji-v-racijah-proti-prijeli-prek-750-ljudi\/"},"author":{"name":"M. N., STA","@id":"https:\/\/hudo.com\/si\/#\/schema\/person\/c2f10ce65d2e6ede2aeda5be2a0611fa"},"headline":"Tur\u010dija v racijah proti IS prijela 820 ljudi","datePublished":"2017-02-06T11:04:21+00:00","dateModified":"2017-02-06T11:37:36+00:00","mainEntityOfPage":{"@id":"https:\/\/hudo.com\/si\/aktualno\/v-turciji-v-racijah-proti-prijeli-prek-750-ljudi\/"},"wordCount":337,"publisher":{"@id":"https:\/\/hudo.com\/si\/#organization"},"keywords":["Islamska dr\u017eava","tur\u010dija"],"articleSection":["Aktualno"],"inLanguage":"sl-SI"},{"@type":"WebPage","@id":"https:\/\/hudo.com\/si\/aktualno\/v-turciji-v-racijah-proti-prijeli-prek-750-ljudi\/","url":"https:\/\/hudo.com\/si\/aktualno\/v-turciji-v-racijah-proti-prijeli-prek-750-ljudi\/","name":"Tur\u010dija v racijah proti IS prijela 820 ljudi - Hudo Slovenija","isPartOf":{"@id":"https:\/\/hudo.com\/si\/#website"},"datePublished":"2017-02-06T11:04:21+00:00","dateModified":"2017-02-06T11:37:36+00:00","breadcrumb":{"@id":"https:\/\/hudo.com\/si\/aktualno\/v-turciji-v-racijah-proti-prijeli-prek-750-ljudi\/#breadcrumb"},"inLanguage":"sl-SI","potentialAction":[{"@type":"ReadAction","target":["https:\/\/hudo.com\/si\/aktualno\/v-turciji-v-racijah-proti-prijeli-prek-750-ljudi\/"]}]},{"@type":"BreadcrumbList","@id":"https:\/\/hudo.com\/si\/aktualno\/v-turciji-v-racijah-proti-prijeli-prek-750-ljudi\/#breadcrumb","itemListElement":[{"@type":"ListItem","position":1,"name":"Home","item":"https:\/\/hudo.com\/si\/"},{"@type":"ListItem","position":2,"name":"Tur\u010dija v racijah proti IS prijela 820 ljudi"}]},{"@type":"WebSite","@id":"https:\/\/hudo.com\/si\/#website","url":"https:\/\/hudo.com\/si\/","name":"Hudo Slovenija","description":"Vse novice iz Slovenije in sveta","publisher":{"@id":"https:\/\/hudo.com\/si\/#organization"},"potentialAction":[{"@type":"SearchAction","target":{"@type":"EntryPoint","urlTemplate":"https:\/\/hudo.com\/si\/?s={search_term_string}"},"query-input":"required name=search_term_string"}],"inLanguage":"sl-SI"},{"@type":"Organization","@id":"https:\/\/hudo.com\/si\/#organization","name":"VSN Media","url":"https:\/\/hudo.com\/si\/","logo":{"@type":"ImageObject","inLanguage":"sl-SI","@id":"https:\/\/hudo.com\/si\/#\/schema\/logo\/image\/","url":"https:\/\/hudo.com\/si\/wp-content\/uploads\/sites\/2\/2021\/03\/hudo-app-2.png","contentUrl":"https:\/\/hudo.com\/si\/wp-content\/uploads\/sites\/2\/2021\/03\/hudo-app-2.png","width":2185,"height":2167,"caption":"VSN Media"},"image":{"@id":"https:\/\/hudo.com\/si\/#\/schema\/logo\/image\/"},"sameAs":["https:\/\/www.facebook.com\/hudo.si","https:\/\/twitter.com\/hudo_si"]},{"@type":"Person","@id":"https:\/\/hudo.com\/si\/#\/schema\/person\/c2f10ce65d2e6ede2aeda5be2a0611fa","name":"M. N., STA","image":{"@type":"ImageObject","inLanguage":"sl-SI","@id":"https:\/\/hudo.com\/si\/#\/schema\/person\/image\/","url":"https:\/\/secure.gravatar.com\/avatar\/f370d38daa10467f755c5c766a4cac20?s=96&d=mm&r=g","contentUrl":"https:\/\/secure.gravatar.com\/avatar\/f370d38daa10467f755c5c766a4cac20?s=96&d=mm&r=g","caption":"M. N., STA"},"url":"https:\/\/hudo.com\/si\/author\/mana\/"}]}},"amp_enabled":true,"_links":{"self":[{"href":"https:\/\/hudo.com\/si\/wp-json\/wp\/v2\/posts\/205225"}],"collection":[{"href":"https:\/\/hudo.com\/si\/wp-json\/wp\/v2\/posts"}],"about":[{"href":"https:\/\/hudo.com\/si\/wp-json\/wp\/v2\/types\/post"}],"author":[{"embeddable":true,"href":"https:\/\/hudo.com\/si\/wp-json\/wp\/v2\/users\/8"}],"replies":[{"embeddable":true,"href":"https:\/\/hudo.com\/si\/wp-json\/wp\/v2\/comments?post=205225"}],"version-history":[{"count":3,"href":"https:\/\/hudo.com\/si\/wp-json\/wp\/v2\/posts\/205225\/revisions"}],"predecessor-version":[{"id":205242,"href":"https:\/\/hudo.com\/si\/wp-json\/wp\/v2\/posts\/205225\/revisions\/205242"}],"wp:featuredmedia":[{"embeddable":true,"href":"https:\/\/hudo.com\/si\/wp-json\/wp\/v2\/media\/205229"}],"wp:attachment":[{"href":"https:\/\/hudo.com\/si\/wp-json\/wp\/v2\/media?parent=205225"}],"wp:term":[{"taxonomy":"category","embeddable":true,"href":"https:\/\/hudo.com\/si\/wp-json\/wp\/v2\/categories?post=205225"},{"taxonomy":"post_tag","embeddable":true,"href":"https:\/\/hudo.com\/si\/wp-json\/wp\/v2\/tags?post=205225"},{"taxonomy":"source","embeddable":true,"href":"https:\/\/hudo.com\/si\/wp-json\/wp\/v2\/source?post=205225"},{"taxonomy":"supertag","embeddable":true,"href":"https:\/\/hudo.com\/si\/wp-json\/wp\/v2\/supertag?post=205225"}],"curies":[{"name":"wp","href":"https:\/\/api.w.org\/{rel}","templated":true}]}}