{"id":205262,"date":"2017-02-06T11:39:00","date_gmt":"2017-02-06T10:39:00","guid":{"rendered":"http:\/\/hudo.com\/si\/2017\/02\/06\/katalonski-protestniki-dol-s-spanskim-pravosodnim-sistemom\/"},"modified":"2017-02-06T11:39:00","modified_gmt":"2017-02-06T10:39:00","slug":"katalonski-protestniki-dol-s-spanskim-pravosodnim-sistemom","status":"publish","type":"post","link":"https:\/\/hudo.com\/si\/aktualno\/katalonski-protestniki-dol-s-spanskim-pravosodnim-sistemom\/","title":{"rendered":"Katalonski protestniki: Dol s \u0161panskim pravosodnim sistemom"},"content":{"rendered":"<p>Kategorija: Evropa Mon, 06 Feb 2017 12:39:00 +0100  Pred sodi\u0161\u010dem v Barceloni, kjer se je danes za\u010delo sojenje proti nekdanjemu katalonskemu predsedniku vlade Arturu Masu in \u0161e dvema \u010dlanoma njegove vlade, se je zjutraj zbralo nekaj tiso\u010d njihovih podpornikov. Za\u010detek sojenja zaradi dr\u017eavljanske nepokor\u0161\u010dine in drugih kr\u0161itev, povezanih s posvetovalnim glasovanjem o katalonski neodvisnosti, so tako pred sodi\u0161\u010dem pospremili vzkliki: \u00bbneodvisnost, neodvisnost\u00ab in \u00bbdol s \u0161panskih pravosodnim sistemom\u00ab. \u00bbOdlo\u010deni smo, da gremo dalje. Leta 2014 smo naredili, kar je bilo treba narediti in to bomo ponovili, \u010de bodo okoli\u0161\u010dine dopu\u0161\u010dale,\u00ab je v nedeljo na tiskovni konferenci povedal obto\u017eeni Mas. Katalonske oblasti so novembra 2014 posvetovalno glasovanje o neodvisnosti organizirale kljub prepovedi \u0161panskega ustavnega sodi\u0161\u010da. Udele\u017eilo se ga je ve\u010d kot 2,3 milijona ljudi, ve\u010dina je podprla neodvisno dr\u017eavo. To\u017eilstvo si zdaj prizadeva, da bi sodi\u0161\u010de Masu, nekdanji podpredsednici Joani Ortega\u00a0&#8230;<\/p>\n","protected":false},"excerpt":{"rendered":"<p>Kategorija: Evropa Mon, 06 Feb 2017 12:39:00 +0100  Pred sodi\u0161\u010dem v Barceloni, kjer se je danes za\u010delo sojenje proti nekdanjemu katalonskemu predsedniku vlade Arturu Masu in \u0161e dvema \u010dlanoma njegove vlade, se je zjutraj zbralo nekaj tiso\u010d njihovih podpornikov. Za\u010detek sojenja zaradi dr\u017eavljanske nepokor\u0161\u010dine in drugih kr\u0161itev, povezanih s posvetovalnim glasovanjem o katalonski neodvisnosti, so tako pred sodi\u0161\u010dem pospremili vzkliki: \u00bbneodvisnost, neodvisnost\u00ab in \u00bbdol s \u0161panskih pravosodnim sistemom\u00ab. \u00bbOdlo\u010deni smo, da gremo dalje. Leta 2014 smo naredili, kar je bilo treba narediti in to bomo ponovili, \u010de bodo okoli\u0161\u010dine dopu\u0161\u010dale,\u00ab je v nedeljo na tiskovni konferenci povedal obto\u017eeni Mas. Katalonske oblasti so novembra 2014 posvetovalno glasovanje o neodvisnosti organizirale kljub prepovedi \u0161panskega ustavnega sodi\u0161\u010da. Udele\u017eilo se ga je ve\u010d kot 2,3 milijona ljudi, ve\u010dina je podprla neodvisno dr\u017eavo. To\u017eilstvo si zdaj prizadeva, da bi sodi\u0161\u010de Masu, nekdanji podpredsednici Joani Ortega\u00a0&#8230;<\/p>\n","protected":false},"author":1,"featured_media":0,"comment_status":"closed","ping_status":"closed","sticky":false,"template":"","format":"standard","meta":{"footnotes":""},"categories":[1179],"tags":[],"source":[1703],"supertag":[],"acf":[],"yoast_head":"<!-- This site is optimized with the Yoast SEO plugin v21.3 - https:\/\/yoast.com\/wordpress\/plugins\/seo\/ -->\n<title>Katalonski protestniki: Dol s \u0161panskim pravosodnim sistemom - Hudo Slovenija<\/title>\n<meta name=\"robots\" content=\"index, follow, max-snippet:-1, max-image-preview:large, max-video-preview:-1\" \/>\n<link rel=\"canonical\" href=\"https:\/\/hudo.com\/si\/aktualno\/katalonski-protestniki-dol-s-spanskim-pravosodnim-sistemom\/\" \/>\n<meta property=\"og:locale\" content=\"sl_SI\" \/>\n<meta property=\"og:type\" content=\"article\" \/>\n<meta property=\"og:title\" content=\"Katalonski protestniki: Dol s \u0161panskim pravosodnim sistemom - Hudo Slovenija\" \/>\n<meta property=\"og:description\" content=\"Kategorija: Evropa Mon, 06 Feb 2017 12:39:00 +0100 Pred sodi\u0161\u010dem v Barceloni, kjer se je danes za\u010delo sojenje proti nekdanjemu katalonskemu predsedniku vlade Arturu Masu in \u0161e dvema \u010dlanoma njegove vlade, se je zjutraj zbralo nekaj tiso\u010d njihovih podpornikov. Za\u010detek sojenja zaradi dr\u017eavljanske nepokor\u0161\u010dine in drugih kr\u0161itev, povezanih s posvetovalnim glasovanjem o katalonski neodvisnosti, so tako pred sodi\u0161\u010dem pospremili vzkliki: \u00bbneodvisnost, neodvisnost\u00ab in \u00bbdol s \u0161panskih pravosodnim sistemom\u00ab. \u00bbOdlo\u010deni smo, da gremo dalje. Leta 2014 smo naredili, kar je bilo treba narediti in to bomo ponovili, \u010de bodo okoli\u0161\u010dine dopu\u0161\u010dale,\u00ab je v nedeljo na tiskovni konferenci povedal obto\u017eeni Mas. Katalonske oblasti so novembra 2014 posvetovalno glasovanje o neodvisnosti organizirale kljub prepovedi \u0161panskega ustavnega sodi\u0161\u010da. Udele\u017eilo se ga je ve\u010d kot 2,3 milijona ljudi, ve\u010dina je podprla neodvisno dr\u017eavo. To\u017eilstvo si zdaj prizadeva, da bi sodi\u0161\u010de Masu, nekdanji podpredsednici Joani Ortega\u00a0...\" \/>\n<meta property=\"og:url\" content=\"https:\/\/hudo.com\/si\/aktualno\/katalonski-protestniki-dol-s-spanskim-pravosodnim-sistemom\/\" \/>\n<meta property=\"og:site_name\" content=\"Hudo Slovenija\" \/>\n<meta property=\"article:publisher\" content=\"https:\/\/www.facebook.com\/hudo.si\" \/>\n<meta property=\"article:published_time\" content=\"2017-02-06T10:39:00+00:00\" \/>\n<meta property=\"og:image\" content=\"https:\/\/hudo.com\/si\/wp-content\/uploads\/sites\/2\/2017\/02\/480x290_Reuters_Pictures-20170206111043-93326500.jpeg\" \/>\n\t<meta property=\"og:image:width\" content=\"480\" \/>\n\t<meta property=\"og:image:height\" content=\"290\" \/>\n\t<meta property=\"og:image:type\" content=\"image\/jpeg\" \/>\n<meta name=\"author\" content=\"hudo\" \/>\n<meta name=\"twitter:card\" content=\"summary_large_image\" \/>\n<meta name=\"twitter:creator\" content=\"@hudo_si\" \/>\n<meta name=\"twitter:site\" content=\"@hudo_si\" \/>\n<meta name=\"twitter:label1\" content=\"Written by\" \/>\n\t<meta name=\"twitter:data1\" content=\"hudo\" \/>\n\t<meta name=\"twitter:label2\" content=\"Est. reading time\" \/>\n\t<meta name=\"twitter:data2\" content=\"1 minuta\" \/>\n<script type=\"application\/ld+json\" class=\"yoast-schema-graph\">{\"@context\":\"https:\/\/schema.org\",\"@graph\":[{\"@type\":\"Article\",\"@id\":\"https:\/\/hudo.com\/si\/aktualno\/katalonski-protestniki-dol-s-spanskim-pravosodnim-sistemom\/#article\",\"isPartOf\":{\"@id\":\"https:\/\/hudo.com\/si\/aktualno\/katalonski-protestniki-dol-s-spanskim-pravosodnim-sistemom\/\"},\"author\":{\"name\":\"hudo\",\"@id\":\"https:\/\/hudo.com\/si\/#\/schema\/person\/601cf3379633985b20f7e50f2bb47707\"},\"headline\":\"Katalonski protestniki: Dol s \u0161panskim pravosodnim sistemom\",\"datePublished\":\"2017-02-06T10:39:00+00:00\",\"dateModified\":\"2017-02-06T10:39:00+00:00\",\"mainEntityOfPage\":{\"@id\":\"https:\/\/hudo.com\/si\/aktualno\/katalonski-protestniki-dol-s-spanskim-pravosodnim-sistemom\/\"},\"wordCount\":157,\"publisher\":{\"@id\":\"https:\/\/hudo.com\/si\/#organization\"},\"articleSection\":[\"Aktualno\"],\"inLanguage\":\"sl-SI\"},{\"@type\":\"WebPage\",\"@id\":\"https:\/\/hudo.com\/si\/aktualno\/katalonski-protestniki-dol-s-spanskim-pravosodnim-sistemom\/\",\"url\":\"https:\/\/hudo.com\/si\/aktualno\/katalonski-protestniki-dol-s-spanskim-pravosodnim-sistemom\/\",\"name\":\"Katalonski protestniki: Dol s \u0161panskim pravosodnim sistemom - Hudo Slovenija\",\"isPartOf\":{\"@id\":\"https:\/\/hudo.com\/si\/#website\"},\"datePublished\":\"2017-02-06T10:39:00+00:00\",\"dateModified\":\"2017-02-06T10:39:00+00:00\",\"breadcrumb\":{\"@id\":\"https:\/\/hudo.com\/si\/aktualno\/katalonski-protestniki-dol-s-spanskim-pravosodnim-sistemom\/#breadcrumb\"},\"inLanguage\":\"sl-SI\",\"potentialAction\":[{\"@type\":\"ReadAction\",\"target\":[\"https:\/\/hudo.com\/si\/aktualno\/katalonski-protestniki-dol-s-spanskim-pravosodnim-sistemom\/\"]}]},{\"@type\":\"BreadcrumbList\",\"@id\":\"https:\/\/hudo.com\/si\/aktualno\/katalonski-protestniki-dol-s-spanskim-pravosodnim-sistemom\/#breadcrumb\",\"itemListElement\":[{\"@type\":\"ListItem\",\"position\":1,\"name\":\"Home\",\"item\":\"https:\/\/hudo.com\/si\/\"},{\"@type\":\"ListItem\",\"position\":2,\"name\":\"Katalonski protestniki: Dol s \u0161panskim pravosodnim sistemom\"}]},{\"@type\":\"WebSite\",\"@id\":\"https:\/\/hudo.com\/si\/#website\",\"url\":\"https:\/\/hudo.com\/si\/\",\"name\":\"Hudo Slovenija\",\"description\":\"Vse novice iz Slovenije in sveta\",\"publisher\":{\"@id\":\"https:\/\/hudo.com\/si\/#organization\"},\"potentialAction\":[{\"@type\":\"SearchAction\",\"target\":{\"@type\":\"EntryPoint\",\"urlTemplate\":\"https:\/\/hudo.com\/si\/?s={search_term_string}\"},\"query-input\":\"required name=search_term_string\"}],\"inLanguage\":\"sl-SI\"},{\"@type\":\"Organization\",\"@id\":\"https:\/\/hudo.com\/si\/#organization\",\"name\":\"VSN Media\",\"url\":\"https:\/\/hudo.com\/si\/\",\"logo\":{\"@type\":\"ImageObject\",\"inLanguage\":\"sl-SI\",\"@id\":\"https:\/\/hudo.com\/si\/#\/schema\/logo\/image\/\",\"url\":\"https:\/\/hudo.com\/si\/wp-content\/uploads\/sites\/2\/2021\/03\/hudo-app-2.png\",\"contentUrl\":\"https:\/\/hudo.com\/si\/wp-content\/uploads\/sites\/2\/2021\/03\/hudo-app-2.png\",\"width\":2185,\"height\":2167,\"caption\":\"VSN Media\"},\"image\":{\"@id\":\"https:\/\/hudo.com\/si\/#\/schema\/logo\/image\/\"},\"sameAs\":[\"https:\/\/www.facebook.com\/hudo.si\",\"https:\/\/twitter.com\/hudo_si\"]},{\"@type\":\"Person\",\"@id\":\"https:\/\/hudo.com\/si\/#\/schema\/person\/601cf3379633985b20f7e50f2bb47707\",\"name\":\"hudo\",\"image\":{\"@type\":\"ImageObject\",\"inLanguage\":\"sl-SI\",\"@id\":\"https:\/\/hudo.com\/si\/#\/schema\/person\/image\/\",\"url\":\"https:\/\/secure.gravatar.com\/avatar\/c4ca25fa72cace7a696b52ff5db9e095?s=96&d=mm&r=g\",\"contentUrl\":\"https:\/\/secure.gravatar.com\/avatar\/c4ca25fa72cace7a696b52ff5db9e095?s=96&d=mm&r=g\",\"caption\":\"hudo\"},\"url\":\"https:\/\/hudo.com\/si\/author\/hudo\/\"}]}<\/script>\n<!-- \/ Yoast SEO plugin. -->","yoast_head_json":{"title":"Katalonski protestniki: Dol s \u0161panskim pravosodnim sistemom - Hudo Slovenija","robots":{"index":"index","follow":"follow","max-snippet":"max-snippet:-1","max-image-preview":"max-image-preview:large","max-video-preview":"max-video-preview:-1"},"canonical":"https:\/\/hudo.com\/si\/aktualno\/katalonski-protestniki-dol-s-spanskim-pravosodnim-sistemom\/","og_locale":"sl_SI","og_type":"article","og_title":"Katalonski protestniki: Dol s \u0161panskim pravosodnim sistemom - Hudo Slovenija","og_description":"Kategorija: Evropa Mon, 06 Feb 2017 12:39:00 +0100 Pred sodi\u0161\u010dem v Barceloni, kjer se je danes za\u010delo sojenje proti nekdanjemu katalonskemu predsedniku vlade Arturu Masu in \u0161e dvema \u010dlanoma njegove vlade, se je zjutraj zbralo nekaj tiso\u010d njihovih podpornikov. Za\u010detek sojenja zaradi dr\u017eavljanske nepokor\u0161\u010dine in drugih kr\u0161itev, povezanih s posvetovalnim glasovanjem o katalonski neodvisnosti, so tako pred sodi\u0161\u010dem pospremili vzkliki: \u00bbneodvisnost, neodvisnost\u00ab in \u00bbdol s \u0161panskih pravosodnim sistemom\u00ab. \u00bbOdlo\u010deni smo, da gremo dalje. Leta 2014 smo naredili, kar je bilo treba narediti in to bomo ponovili, \u010de bodo okoli\u0161\u010dine dopu\u0161\u010dale,\u00ab je v nedeljo na tiskovni konferenci povedal obto\u017eeni Mas. Katalonske oblasti so novembra 2014 posvetovalno glasovanje o neodvisnosti organizirale kljub prepovedi \u0161panskega ustavnega sodi\u0161\u010da. Udele\u017eilo se ga je ve\u010d kot 2,3 milijona ljudi, ve\u010dina je podprla neodvisno dr\u017eavo. To\u017eilstvo si zdaj prizadeva, da bi sodi\u0161\u010de Masu, nekdanji podpredsednici Joani Ortega\u00a0...","og_url":"https:\/\/hudo.com\/si\/aktualno\/katalonski-protestniki-dol-s-spanskim-pravosodnim-sistemom\/","og_site_name":"Hudo Slovenija","article_publisher":"https:\/\/www.facebook.com\/hudo.si","article_published_time":"2017-02-06T10:39:00+00:00","og_image":[{"width":480,"height":290,"url":"https:\/\/hudo.com\/si\/wp-content\/uploads\/sites\/2\/2017\/02\/480x290_Reuters_Pictures-20170206111043-93326500.jpeg","type":"image\/jpeg"}],"author":"hudo","twitter_card":"summary_large_image","twitter_creator":"@hudo_si","twitter_site":"@hudo_si","twitter_misc":{"Written by":"hudo","Est. reading time":"1 minuta"},"schema":{"@context":"https:\/\/schema.org","@graph":[{"@type":"Article","@id":"https:\/\/hudo.com\/si\/aktualno\/katalonski-protestniki-dol-s-spanskim-pravosodnim-sistemom\/#article","isPartOf":{"@id":"https:\/\/hudo.com\/si\/aktualno\/katalonski-protestniki-dol-s-spanskim-pravosodnim-sistemom\/"},"author":{"name":"hudo","@id":"https:\/\/hudo.com\/si\/#\/schema\/person\/601cf3379633985b20f7e50f2bb47707"},"headline":"Katalonski protestniki: Dol s \u0161panskim pravosodnim sistemom","datePublished":"2017-02-06T10:39:00+00:00","dateModified":"2017-02-06T10:39:00+00:00","mainEntityOfPage":{"@id":"https:\/\/hudo.com\/si\/aktualno\/katalonski-protestniki-dol-s-spanskim-pravosodnim-sistemom\/"},"wordCount":157,"publisher":{"@id":"https:\/\/hudo.com\/si\/#organization"},"articleSection":["Aktualno"],"inLanguage":"sl-SI"},{"@type":"WebPage","@id":"https:\/\/hudo.com\/si\/aktualno\/katalonski-protestniki-dol-s-spanskim-pravosodnim-sistemom\/","url":"https:\/\/hudo.com\/si\/aktualno\/katalonski-protestniki-dol-s-spanskim-pravosodnim-sistemom\/","name":"Katalonski protestniki: Dol s \u0161panskim pravosodnim sistemom - Hudo Slovenija","isPartOf":{"@id":"https:\/\/hudo.com\/si\/#website"},"datePublished":"2017-02-06T10:39:00+00:00","dateModified":"2017-02-06T10:39:00+00:00","breadcrumb":{"@id":"https:\/\/hudo.com\/si\/aktualno\/katalonski-protestniki-dol-s-spanskim-pravosodnim-sistemom\/#breadcrumb"},"inLanguage":"sl-SI","potentialAction":[{"@type":"ReadAction","target":["https:\/\/hudo.com\/si\/aktualno\/katalonski-protestniki-dol-s-spanskim-pravosodnim-sistemom\/"]}]},{"@type":"BreadcrumbList","@id":"https:\/\/hudo.com\/si\/aktualno\/katalonski-protestniki-dol-s-spanskim-pravosodnim-sistemom\/#breadcrumb","itemListElement":[{"@type":"ListItem","position":1,"name":"Home","item":"https:\/\/hudo.com\/si\/"},{"@type":"ListItem","position":2,"name":"Katalonski protestniki: Dol s \u0161panskim pravosodnim sistemom"}]},{"@type":"WebSite","@id":"https:\/\/hudo.com\/si\/#website","url":"https:\/\/hudo.com\/si\/","name":"Hudo Slovenija","description":"Vse novice iz Slovenije in sveta","publisher":{"@id":"https:\/\/hudo.com\/si\/#organization"},"potentialAction":[{"@type":"SearchAction","target":{"@type":"EntryPoint","urlTemplate":"https:\/\/hudo.com\/si\/?s={search_term_string}"},"query-input":"required name=search_term_string"}],"inLanguage":"sl-SI"},{"@type":"Organization","@id":"https:\/\/hudo.com\/si\/#organization","name":"VSN Media","url":"https:\/\/hudo.com\/si\/","logo":{"@type":"ImageObject","inLanguage":"sl-SI","@id":"https:\/\/hudo.com\/si\/#\/schema\/logo\/image\/","url":"https:\/\/hudo.com\/si\/wp-content\/uploads\/sites\/2\/2021\/03\/hudo-app-2.png","contentUrl":"https:\/\/hudo.com\/si\/wp-content\/uploads\/sites\/2\/2021\/03\/hudo-app-2.png","width":2185,"height":2167,"caption":"VSN Media"},"image":{"@id":"https:\/\/hudo.com\/si\/#\/schema\/logo\/image\/"},"sameAs":["https:\/\/www.facebook.com\/hudo.si","https:\/\/twitter.com\/hudo_si"]},{"@type":"Person","@id":"https:\/\/hudo.com\/si\/#\/schema\/person\/601cf3379633985b20f7e50f2bb47707","name":"hudo","image":{"@type":"ImageObject","inLanguage":"sl-SI","@id":"https:\/\/hudo.com\/si\/#\/schema\/person\/image\/","url":"https:\/\/secure.gravatar.com\/avatar\/c4ca25fa72cace7a696b52ff5db9e095?s=96&d=mm&r=g","contentUrl":"https:\/\/secure.gravatar.com\/avatar\/c4ca25fa72cace7a696b52ff5db9e095?s=96&d=mm&r=g","caption":"hudo"},"url":"https:\/\/hudo.com\/si\/author\/hudo\/"}]}},"amp_enabled":true,"_links":{"self":[{"href":"https:\/\/hudo.com\/si\/wp-json\/wp\/v2\/posts\/205262"}],"collection":[{"href":"https:\/\/hudo.com\/si\/wp-json\/wp\/v2\/posts"}],"about":[{"href":"https:\/\/hudo.com\/si\/wp-json\/wp\/v2\/types\/post"}],"author":[{"embeddable":true,"href":"https:\/\/hudo.com\/si\/wp-json\/wp\/v2\/users\/1"}],"replies":[{"embeddable":true,"href":"https:\/\/hudo.com\/si\/wp-json\/wp\/v2\/comments?post=205262"}],"version-history":[{"count":0,"href":"https:\/\/hudo.com\/si\/wp-json\/wp\/v2\/posts\/205262\/revisions"}],"wp:attachment":[{"href":"https:\/\/hudo.com\/si\/wp-json\/wp\/v2\/media?parent=205262"}],"wp:term":[{"taxonomy":"category","embeddable":true,"href":"https:\/\/hudo.com\/si\/wp-json\/wp\/v2\/categories?post=205262"},{"taxonomy":"post_tag","embeddable":true,"href":"https:\/\/hudo.com\/si\/wp-json\/wp\/v2\/tags?post=205262"},{"taxonomy":"source","embeddable":true,"href":"https:\/\/hudo.com\/si\/wp-json\/wp\/v2\/source?post=205262"},{"taxonomy":"supertag","embeddable":true,"href":"https:\/\/hudo.com\/si\/wp-json\/wp\/v2\/supertag?post=205262"}],"curies":[{"name":"wp","href":"https:\/\/api.w.org\/{rel}","templated":true}]}}