{"id":205328,"date":"2017-02-06T12:25:00","date_gmt":"2017-02-06T11:25:00","guid":{"rendered":"http:\/\/hudo.com\/si\/2017\/02\/06\/rop-projekt-tes-6-ni-bil-dobro-pripravljen-2\/"},"modified":"2017-02-06T12:25:00","modified_gmt":"2017-02-06T11:25:00","slug":"rop-projekt-tes-6-ni-bil-dobro-pripravljen-2","status":"publish","type":"post","link":"https:\/\/hudo.com\/si\/aktualno\/rop-projekt-tes-6-ni-bil-dobro-pripravljen-2\/","title":{"rendered":"Rop: Projekt Te\u0161 6 ni bil dobro pripravljen"},"content":{"rendered":"<p>Kategorija: Politika Mon, 06 Feb 2017 13:25:00 +0100  Ljubljana \u2212 Preiskovalna komisija DZ za ugotavljanje politi\u010dne odgovornosti nosilcev javnih funkcij pri investiciji v Te\u0161 6 je danes uvodoma zasli\u0161ala nekdanjega predsednika vlade Antona Ropa. Poudaril je, da v projekt ni bil vklju\u010den, je pa ocenil, da ta ni bil dobro pripravljen. Meni, da gre z vidika politi\u010dne odgovornosti za opustitev nadzorne funkcije. Kot je uvodoma poudaril Rop, ki je bil predsednik vlade med letoma 2002 in 2004, minister za finance pa med letoma 2000 in 2002, se je v \u010dasu njegovega opravljanja teh funkcij o projektu \u0161estega bloka Termoelektrarne \u0160o\u0161tanj (Te\u0161) govorilo zunaj vlade, pa \u0161e to zelo malo. Pojasnil je, da si je \u0161e enkrat ogledal takrat obravnavano resolucijo o energetskem programu in v njej Te\u0161 6 ni omenjen. Ta projekt je po Ropovem mnenju sicer izjemnega pomena predvsem\u00a0&#8230;<\/p>\n","protected":false},"excerpt":{"rendered":"<p>Kategorija: Politika Mon, 06 Feb 2017 13:25:00 +0100  Ljubljana \u2212 Preiskovalna komisija DZ za ugotavljanje politi\u010dne odgovornosti nosilcev javnih funkcij pri investiciji v Te\u0161 6 je danes uvodoma zasli\u0161ala nekdanjega predsednika vlade Antona Ropa. Poudaril je, da v projekt ni bil vklju\u010den, je pa ocenil, da ta ni bil dobro pripravljen. Meni, da gre z vidika politi\u010dne odgovornosti za opustitev nadzorne funkcije. Kot je uvodoma poudaril Rop, ki je bil predsednik vlade med letoma 2002 in 2004, minister za finance pa med letoma 2000 in 2002, se je v \u010dasu njegovega opravljanja teh funkcij o projektu \u0161estega bloka Termoelektrarne \u0160o\u0161tanj (Te\u0161) govorilo zunaj vlade, pa \u0161e to zelo malo. Pojasnil je, da si je \u0161e enkrat ogledal takrat obravnavano resolucijo o energetskem programu in v njej Te\u0161 6 ni omenjen. Ta projekt je po Ropovem mnenju sicer izjemnega pomena predvsem\u00a0&#8230;<\/p>\n","protected":false},"author":1,"featured_media":0,"comment_status":"closed","ping_status":"closed","sticky":false,"template":"","format":"standard","meta":{"footnotes":""},"categories":[1179],"tags":[],"source":[1703],"supertag":[],"acf":[],"yoast_head":"<!-- This site is optimized with the Yoast SEO plugin v21.3 - https:\/\/yoast.com\/wordpress\/plugins\/seo\/ -->\n<title>Rop: Projekt Te\u0161 6 ni bil dobro pripravljen - Hudo Slovenija<\/title>\n<meta name=\"robots\" content=\"index, follow, max-snippet:-1, max-image-preview:large, max-video-preview:-1\" \/>\n<link rel=\"canonical\" href=\"https:\/\/hudo.com\/si\/aktualno\/rop-projekt-tes-6-ni-bil-dobro-pripravljen-2\/\" \/>\n<meta property=\"og:locale\" content=\"sl_SI\" \/>\n<meta property=\"og:type\" content=\"article\" \/>\n<meta property=\"og:title\" content=\"Rop: Projekt Te\u0161 6 ni bil dobro pripravljen - Hudo Slovenija\" \/>\n<meta property=\"og:description\" content=\"Kategorija: Politika Mon, 06 Feb 2017 13:25:00 +0100 Ljubljana \u2212 Preiskovalna komisija DZ za ugotavljanje politi\u010dne odgovornosti nosilcev javnih funkcij pri investiciji v Te\u0161 6 je danes uvodoma zasli\u0161ala nekdanjega predsednika vlade Antona Ropa. Poudaril je, da v projekt ni bil vklju\u010den, je pa ocenil, da ta ni bil dobro pripravljen. Meni, da gre z vidika politi\u010dne odgovornosti za opustitev nadzorne funkcije. Kot je uvodoma poudaril Rop, ki je bil predsednik vlade med letoma 2002 in 2004, minister za finance pa med letoma 2000 in 2002, se je v \u010dasu njegovega opravljanja teh funkcij o projektu \u0161estega bloka Termoelektrarne \u0160o\u0161tanj (Te\u0161) govorilo zunaj vlade, pa \u0161e to zelo malo. Pojasnil je, da si je \u0161e enkrat ogledal takrat obravnavano resolucijo o energetskem programu in v njej Te\u0161 6 ni omenjen. Ta projekt je po Ropovem mnenju sicer izjemnega pomena predvsem\u00a0...\" \/>\n<meta property=\"og:url\" content=\"https:\/\/hudo.com\/si\/aktualno\/rop-projekt-tes-6-ni-bil-dobro-pripravljen-2\/\" \/>\n<meta property=\"og:site_name\" content=\"Hudo Slovenija\" \/>\n<meta property=\"article:publisher\" content=\"https:\/\/www.facebook.com\/hudo.si\" \/>\n<meta property=\"article:published_time\" content=\"2017-02-06T11:25:00+00:00\" \/>\n<meta property=\"og:image\" content=\"https:\/\/hudo.com\/si\/wp-content\/uploads\/sites\/2\/2017\/02\/480x290_djvu_1278991_cakaricn_acr-KOMISIJA-ROP.jpeg\" \/>\n\t<meta property=\"og:image:width\" content=\"480\" \/>\n\t<meta property=\"og:image:height\" content=\"290\" \/>\n\t<meta property=\"og:image:type\" content=\"image\/jpeg\" \/>\n<meta name=\"author\" content=\"hudo\" \/>\n<meta name=\"twitter:card\" content=\"summary_large_image\" \/>\n<meta name=\"twitter:creator\" content=\"@hudo_si\" \/>\n<meta name=\"twitter:site\" content=\"@hudo_si\" \/>\n<meta name=\"twitter:label1\" content=\"Written by\" \/>\n\t<meta name=\"twitter:data1\" content=\"hudo\" \/>\n\t<meta name=\"twitter:label2\" content=\"Est. reading time\" \/>\n\t<meta name=\"twitter:data2\" content=\"1 minuta\" \/>\n<script type=\"application\/ld+json\" class=\"yoast-schema-graph\">{\"@context\":\"https:\/\/schema.org\",\"@graph\":[{\"@type\":\"Article\",\"@id\":\"https:\/\/hudo.com\/si\/aktualno\/rop-projekt-tes-6-ni-bil-dobro-pripravljen-2\/#article\",\"isPartOf\":{\"@id\":\"https:\/\/hudo.com\/si\/aktualno\/rop-projekt-tes-6-ni-bil-dobro-pripravljen-2\/\"},\"author\":{\"name\":\"hudo\",\"@id\":\"https:\/\/hudo.com\/si\/#\/schema\/person\/601cf3379633985b20f7e50f2bb47707\"},\"headline\":\"Rop: Projekt Te\u0161 6 ni bil dobro pripravljen\",\"datePublished\":\"2017-02-06T11:25:00+00:00\",\"dateModified\":\"2017-02-06T11:25:00+00:00\",\"mainEntityOfPage\":{\"@id\":\"https:\/\/hudo.com\/si\/aktualno\/rop-projekt-tes-6-ni-bil-dobro-pripravljen-2\/\"},\"wordCount\":141,\"publisher\":{\"@id\":\"https:\/\/hudo.com\/si\/#organization\"},\"articleSection\":[\"Aktualno\"],\"inLanguage\":\"sl-SI\"},{\"@type\":\"WebPage\",\"@id\":\"https:\/\/hudo.com\/si\/aktualno\/rop-projekt-tes-6-ni-bil-dobro-pripravljen-2\/\",\"url\":\"https:\/\/hudo.com\/si\/aktualno\/rop-projekt-tes-6-ni-bil-dobro-pripravljen-2\/\",\"name\":\"Rop: Projekt Te\u0161 6 ni bil dobro pripravljen - Hudo Slovenija\",\"isPartOf\":{\"@id\":\"https:\/\/hudo.com\/si\/#website\"},\"datePublished\":\"2017-02-06T11:25:00+00:00\",\"dateModified\":\"2017-02-06T11:25:00+00:00\",\"breadcrumb\":{\"@id\":\"https:\/\/hudo.com\/si\/aktualno\/rop-projekt-tes-6-ni-bil-dobro-pripravljen-2\/#breadcrumb\"},\"inLanguage\":\"sl-SI\",\"potentialAction\":[{\"@type\":\"ReadAction\",\"target\":[\"https:\/\/hudo.com\/si\/aktualno\/rop-projekt-tes-6-ni-bil-dobro-pripravljen-2\/\"]}]},{\"@type\":\"BreadcrumbList\",\"@id\":\"https:\/\/hudo.com\/si\/aktualno\/rop-projekt-tes-6-ni-bil-dobro-pripravljen-2\/#breadcrumb\",\"itemListElement\":[{\"@type\":\"ListItem\",\"position\":1,\"name\":\"Home\",\"item\":\"https:\/\/hudo.com\/si\/\"},{\"@type\":\"ListItem\",\"position\":2,\"name\":\"Rop: Projekt Te\u0161 6 ni bil dobro pripravljen\"}]},{\"@type\":\"WebSite\",\"@id\":\"https:\/\/hudo.com\/si\/#website\",\"url\":\"https:\/\/hudo.com\/si\/\",\"name\":\"Hudo Slovenija\",\"description\":\"Vse novice iz Slovenije in sveta\",\"publisher\":{\"@id\":\"https:\/\/hudo.com\/si\/#organization\"},\"potentialAction\":[{\"@type\":\"SearchAction\",\"target\":{\"@type\":\"EntryPoint\",\"urlTemplate\":\"https:\/\/hudo.com\/si\/?s={search_term_string}\"},\"query-input\":\"required name=search_term_string\"}],\"inLanguage\":\"sl-SI\"},{\"@type\":\"Organization\",\"@id\":\"https:\/\/hudo.com\/si\/#organization\",\"name\":\"VSN Media\",\"url\":\"https:\/\/hudo.com\/si\/\",\"logo\":{\"@type\":\"ImageObject\",\"inLanguage\":\"sl-SI\",\"@id\":\"https:\/\/hudo.com\/si\/#\/schema\/logo\/image\/\",\"url\":\"https:\/\/hudo.com\/si\/wp-content\/uploads\/sites\/2\/2021\/03\/hudo-app-2.png\",\"contentUrl\":\"https:\/\/hudo.com\/si\/wp-content\/uploads\/sites\/2\/2021\/03\/hudo-app-2.png\",\"width\":2185,\"height\":2167,\"caption\":\"VSN Media\"},\"image\":{\"@id\":\"https:\/\/hudo.com\/si\/#\/schema\/logo\/image\/\"},\"sameAs\":[\"https:\/\/www.facebook.com\/hudo.si\",\"https:\/\/twitter.com\/hudo_si\"]},{\"@type\":\"Person\",\"@id\":\"https:\/\/hudo.com\/si\/#\/schema\/person\/601cf3379633985b20f7e50f2bb47707\",\"name\":\"hudo\",\"image\":{\"@type\":\"ImageObject\",\"inLanguage\":\"sl-SI\",\"@id\":\"https:\/\/hudo.com\/si\/#\/schema\/person\/image\/\",\"url\":\"https:\/\/secure.gravatar.com\/avatar\/c4ca25fa72cace7a696b52ff5db9e095?s=96&d=mm&r=g\",\"contentUrl\":\"https:\/\/secure.gravatar.com\/avatar\/c4ca25fa72cace7a696b52ff5db9e095?s=96&d=mm&r=g\",\"caption\":\"hudo\"},\"url\":\"https:\/\/hudo.com\/si\/author\/hudo\/\"}]}<\/script>\n<!-- \/ Yoast SEO plugin. -->","yoast_head_json":{"title":"Rop: Projekt Te\u0161 6 ni bil dobro pripravljen - Hudo Slovenija","robots":{"index":"index","follow":"follow","max-snippet":"max-snippet:-1","max-image-preview":"max-image-preview:large","max-video-preview":"max-video-preview:-1"},"canonical":"https:\/\/hudo.com\/si\/aktualno\/rop-projekt-tes-6-ni-bil-dobro-pripravljen-2\/","og_locale":"sl_SI","og_type":"article","og_title":"Rop: Projekt Te\u0161 6 ni bil dobro pripravljen - Hudo Slovenija","og_description":"Kategorija: Politika Mon, 06 Feb 2017 13:25:00 +0100 Ljubljana \u2212 Preiskovalna komisija DZ za ugotavljanje politi\u010dne odgovornosti nosilcev javnih funkcij pri investiciji v Te\u0161 6 je danes uvodoma zasli\u0161ala nekdanjega predsednika vlade Antona Ropa. Poudaril je, da v projekt ni bil vklju\u010den, je pa ocenil, da ta ni bil dobro pripravljen. Meni, da gre z vidika politi\u010dne odgovornosti za opustitev nadzorne funkcije. Kot je uvodoma poudaril Rop, ki je bil predsednik vlade med letoma 2002 in 2004, minister za finance pa med letoma 2000 in 2002, se je v \u010dasu njegovega opravljanja teh funkcij o projektu \u0161estega bloka Termoelektrarne \u0160o\u0161tanj (Te\u0161) govorilo zunaj vlade, pa \u0161e to zelo malo. Pojasnil je, da si je \u0161e enkrat ogledal takrat obravnavano resolucijo o energetskem programu in v njej Te\u0161 6 ni omenjen. Ta projekt je po Ropovem mnenju sicer izjemnega pomena predvsem\u00a0...","og_url":"https:\/\/hudo.com\/si\/aktualno\/rop-projekt-tes-6-ni-bil-dobro-pripravljen-2\/","og_site_name":"Hudo Slovenija","article_publisher":"https:\/\/www.facebook.com\/hudo.si","article_published_time":"2017-02-06T11:25:00+00:00","og_image":[{"width":480,"height":290,"url":"https:\/\/hudo.com\/si\/wp-content\/uploads\/sites\/2\/2017\/02\/480x290_djvu_1278991_cakaricn_acr-KOMISIJA-ROP.jpeg","type":"image\/jpeg"}],"author":"hudo","twitter_card":"summary_large_image","twitter_creator":"@hudo_si","twitter_site":"@hudo_si","twitter_misc":{"Written by":"hudo","Est. reading time":"1 minuta"},"schema":{"@context":"https:\/\/schema.org","@graph":[{"@type":"Article","@id":"https:\/\/hudo.com\/si\/aktualno\/rop-projekt-tes-6-ni-bil-dobro-pripravljen-2\/#article","isPartOf":{"@id":"https:\/\/hudo.com\/si\/aktualno\/rop-projekt-tes-6-ni-bil-dobro-pripravljen-2\/"},"author":{"name":"hudo","@id":"https:\/\/hudo.com\/si\/#\/schema\/person\/601cf3379633985b20f7e50f2bb47707"},"headline":"Rop: Projekt Te\u0161 6 ni bil dobro pripravljen","datePublished":"2017-02-06T11:25:00+00:00","dateModified":"2017-02-06T11:25:00+00:00","mainEntityOfPage":{"@id":"https:\/\/hudo.com\/si\/aktualno\/rop-projekt-tes-6-ni-bil-dobro-pripravljen-2\/"},"wordCount":141,"publisher":{"@id":"https:\/\/hudo.com\/si\/#organization"},"articleSection":["Aktualno"],"inLanguage":"sl-SI"},{"@type":"WebPage","@id":"https:\/\/hudo.com\/si\/aktualno\/rop-projekt-tes-6-ni-bil-dobro-pripravljen-2\/","url":"https:\/\/hudo.com\/si\/aktualno\/rop-projekt-tes-6-ni-bil-dobro-pripravljen-2\/","name":"Rop: Projekt Te\u0161 6 ni bil dobro pripravljen - Hudo Slovenija","isPartOf":{"@id":"https:\/\/hudo.com\/si\/#website"},"datePublished":"2017-02-06T11:25:00+00:00","dateModified":"2017-02-06T11:25:00+00:00","breadcrumb":{"@id":"https:\/\/hudo.com\/si\/aktualno\/rop-projekt-tes-6-ni-bil-dobro-pripravljen-2\/#breadcrumb"},"inLanguage":"sl-SI","potentialAction":[{"@type":"ReadAction","target":["https:\/\/hudo.com\/si\/aktualno\/rop-projekt-tes-6-ni-bil-dobro-pripravljen-2\/"]}]},{"@type":"BreadcrumbList","@id":"https:\/\/hudo.com\/si\/aktualno\/rop-projekt-tes-6-ni-bil-dobro-pripravljen-2\/#breadcrumb","itemListElement":[{"@type":"ListItem","position":1,"name":"Home","item":"https:\/\/hudo.com\/si\/"},{"@type":"ListItem","position":2,"name":"Rop: Projekt Te\u0161 6 ni bil dobro pripravljen"}]},{"@type":"WebSite","@id":"https:\/\/hudo.com\/si\/#website","url":"https:\/\/hudo.com\/si\/","name":"Hudo Slovenija","description":"Vse novice iz Slovenije in sveta","publisher":{"@id":"https:\/\/hudo.com\/si\/#organization"},"potentialAction":[{"@type":"SearchAction","target":{"@type":"EntryPoint","urlTemplate":"https:\/\/hudo.com\/si\/?s={search_term_string}"},"query-input":"required name=search_term_string"}],"inLanguage":"sl-SI"},{"@type":"Organization","@id":"https:\/\/hudo.com\/si\/#organization","name":"VSN Media","url":"https:\/\/hudo.com\/si\/","logo":{"@type":"ImageObject","inLanguage":"sl-SI","@id":"https:\/\/hudo.com\/si\/#\/schema\/logo\/image\/","url":"https:\/\/hudo.com\/si\/wp-content\/uploads\/sites\/2\/2021\/03\/hudo-app-2.png","contentUrl":"https:\/\/hudo.com\/si\/wp-content\/uploads\/sites\/2\/2021\/03\/hudo-app-2.png","width":2185,"height":2167,"caption":"VSN Media"},"image":{"@id":"https:\/\/hudo.com\/si\/#\/schema\/logo\/image\/"},"sameAs":["https:\/\/www.facebook.com\/hudo.si","https:\/\/twitter.com\/hudo_si"]},{"@type":"Person","@id":"https:\/\/hudo.com\/si\/#\/schema\/person\/601cf3379633985b20f7e50f2bb47707","name":"hudo","image":{"@type":"ImageObject","inLanguage":"sl-SI","@id":"https:\/\/hudo.com\/si\/#\/schema\/person\/image\/","url":"https:\/\/secure.gravatar.com\/avatar\/c4ca25fa72cace7a696b52ff5db9e095?s=96&d=mm&r=g","contentUrl":"https:\/\/secure.gravatar.com\/avatar\/c4ca25fa72cace7a696b52ff5db9e095?s=96&d=mm&r=g","caption":"hudo"},"url":"https:\/\/hudo.com\/si\/author\/hudo\/"}]}},"amp_enabled":true,"_links":{"self":[{"href":"https:\/\/hudo.com\/si\/wp-json\/wp\/v2\/posts\/205328"}],"collection":[{"href":"https:\/\/hudo.com\/si\/wp-json\/wp\/v2\/posts"}],"about":[{"href":"https:\/\/hudo.com\/si\/wp-json\/wp\/v2\/types\/post"}],"author":[{"embeddable":true,"href":"https:\/\/hudo.com\/si\/wp-json\/wp\/v2\/users\/1"}],"replies":[{"embeddable":true,"href":"https:\/\/hudo.com\/si\/wp-json\/wp\/v2\/comments?post=205328"}],"version-history":[{"count":0,"href":"https:\/\/hudo.com\/si\/wp-json\/wp\/v2\/posts\/205328\/revisions"}],"wp:attachment":[{"href":"https:\/\/hudo.com\/si\/wp-json\/wp\/v2\/media?parent=205328"}],"wp:term":[{"taxonomy":"category","embeddable":true,"href":"https:\/\/hudo.com\/si\/wp-json\/wp\/v2\/categories?post=205328"},{"taxonomy":"post_tag","embeddable":true,"href":"https:\/\/hudo.com\/si\/wp-json\/wp\/v2\/tags?post=205328"},{"taxonomy":"source","embeddable":true,"href":"https:\/\/hudo.com\/si\/wp-json\/wp\/v2\/source?post=205328"},{"taxonomy":"supertag","embeddable":true,"href":"https:\/\/hudo.com\/si\/wp-json\/wp\/v2\/supertag?post=205328"}],"curies":[{"name":"wp","href":"https:\/\/api.w.org\/{rel}","templated":true}]}}