{"id":205386,"date":"2017-02-07T08:22:16","date_gmt":"2017-02-07T07:22:16","guid":{"rendered":"http:\/\/hudo.com\/si\/?p=205386"},"modified":"2017-02-07T08:22:16","modified_gmt":"2017-02-07T07:22:16","slug":"dekle-princa-harryja-se-je-vselila-v-palaco-kraljica-elizabeta-besni","status":"publish","type":"post","link":"https:\/\/hudo.com\/si\/vip\/dekle-princa-harryja-se-je-vselila-v-palaco-kraljica-elizabeta-besni\/","title":{"rendered":"Dekle princa Harryja se je vselila v pala\u010do, kraljica Elizabeta besni"},"content":{"rendered":"<p>Medtem, ko nekateri no\u010dejo stopiti na nobeno stran in ne komentirajo te poteze para, se drugi zgra\u017eajo nad tem in to dejanje obsojajo, \u010de\u0161, da nista poro\u010dena, kar je skrajno neprimerno za \u010dlana kraljeve dru\u017eine.<\/p>\n<p>Nekaj jih tudi obsoja, da je igralka lo\u010dena, medtem, ko so se drugi spotaknili ob dejstvo, da je lepa igralka h\u010derka Afroameri\u010danke.<\/p>\n<p>Govori se, da se je Meghan zelo hitro sprostila in navadila na novi dom, njen prijatelj pa pravi, da Meghan u\u017eiva v Londonu in tam nemerava tudi ostati.<\/p>\n<p>\u010ceprav kraljica Elizabeta uradno \u0161e ni komentirala te Harryjeve poteze, \u017ee nekaj \u010dasa kro\u017eijo govorice, da z ljubezensko izbiro princa ni zadovoljna.<\/p>\n","protected":false},"excerpt":{"rendered":"<p>Po \u0161tevilnih zabavah in aferah princa Harryja se zdi, da se je 32-letnik kon\u010dno umiril in ustalil z lepo ameri\u0161ko igralko Meghan Markle, zvezdo nanizanke &#8220;Face&#8221;. Igralka se je namre\u010d vselila v njegov del pala\u010de in tako je par za\u010del \u017eiveti skupno \u017eivljenje.<\/p>\n","protected":false},"author":6,"featured_media":205390,"comment_status":"closed","ping_status":"closed","sticky":false,"template":"","format":"standard","meta":{"footnotes":""},"categories":[1093],"tags":[4648,6934,3240],"source":[4511],"supertag":[],"acf":[],"yoast_head":"<!-- This site is optimized with the Yoast SEO plugin v21.3 - https:\/\/yoast.com\/wordpress\/plugins\/seo\/ -->\n<title>Dekle princa Harryja se je vselila v pala\u010do, kraljica Elizabeta besni - Hudo Slovenija<\/title>\n<meta name=\"robots\" content=\"index, follow, max-snippet:-1, max-image-preview:large, max-video-preview:-1\" \/>\n<link rel=\"canonical\" href=\"https:\/\/hudo.com\/si\/vip\/dekle-princa-harryja-se-je-vselila-v-palaco-kraljica-elizabeta-besni\/\" \/>\n<meta property=\"og:locale\" content=\"sl_SI\" \/>\n<meta property=\"og:type\" content=\"article\" \/>\n<meta property=\"og:title\" content=\"Dekle princa Harryja se je vselila v pala\u010do, kraljica Elizabeta besni - Hudo Slovenija\" \/>\n<meta property=\"og:description\" content=\"Po \u0161tevilnih zabavah in aferah princa Harryja se zdi, da se je 32-letnik kon\u010dno umiril in ustalil z lepo ameri\u0161ko igralko Meghan Markle, zvezdo nanizanke &quot;Face&quot;. Igralka se je namre\u010d vselila v njegov del pala\u010de in tako je par za\u010del \u017eiveti skupno \u017eivljenje.\" \/>\n<meta property=\"og:url\" content=\"https:\/\/hudo.com\/si\/vip\/dekle-princa-harryja-se-je-vselila-v-palaco-kraljica-elizabeta-besni\/\" \/>\n<meta property=\"og:site_name\" content=\"Hudo Slovenija\" \/>\n<meta property=\"article:publisher\" content=\"https:\/\/www.facebook.com\/hudo.si\" \/>\n<meta property=\"article:published_time\" content=\"2017-02-07T07:22:16+00:00\" \/>\n<meta property=\"og:image\" content=\"https:\/\/hudo.com\/si\/wp-content\/uploads\/sites\/2\/2017\/02\/large.jpg\" \/>\n\t<meta property=\"og:image:width\" content=\"480\" \/>\n\t<meta property=\"og:image:height\" content=\"373\" \/>\n\t<meta property=\"og:image:type\" content=\"image\/jpeg\" \/>\n<meta name=\"author\" content=\"A. G.\" \/>\n<meta name=\"twitter:card\" content=\"summary_large_image\" \/>\n<meta name=\"twitter:creator\" content=\"@hudo_si\" \/>\n<meta name=\"twitter:site\" content=\"@hudo_si\" \/>\n<meta name=\"twitter:label1\" content=\"Written by\" \/>\n\t<meta name=\"twitter:data1\" content=\"A. G.\" \/>\n\t<meta name=\"twitter:label2\" content=\"Est. reading time\" \/>\n\t<meta name=\"twitter:data2\" content=\"1 minuta\" \/>\n<script type=\"application\/ld+json\" class=\"yoast-schema-graph\">{\"@context\":\"https:\/\/schema.org\",\"@graph\":[{\"@type\":\"Article\",\"@id\":\"https:\/\/hudo.com\/si\/vip\/dekle-princa-harryja-se-je-vselila-v-palaco-kraljica-elizabeta-besni\/#article\",\"isPartOf\":{\"@id\":\"https:\/\/hudo.com\/si\/vip\/dekle-princa-harryja-se-je-vselila-v-palaco-kraljica-elizabeta-besni\/\"},\"author\":{\"name\":\"A. G.\",\"@id\":\"https:\/\/hudo.com\/si\/#\/schema\/person\/f95639a66e0dd2c682b0568634e85b8b\"},\"headline\":\"Dekle princa Harryja se je vselila v pala\u010do, kraljica Elizabeta besni\",\"datePublished\":\"2017-02-07T07:22:16+00:00\",\"dateModified\":\"2017-02-07T07:22:16+00:00\",\"mainEntityOfPage\":{\"@id\":\"https:\/\/hudo.com\/si\/vip\/dekle-princa-harryja-se-je-vselila-v-palaco-kraljica-elizabeta-besni\/\"},\"wordCount\":128,\"publisher\":{\"@id\":\"https:\/\/hudo.com\/si\/#organization\"},\"keywords\":[\"kraljica elizabeta\",\"Meghan Markle\",\"princ Harry\"],\"articleSection\":[\"VIP\"],\"inLanguage\":\"sl-SI\"},{\"@type\":\"WebPage\",\"@id\":\"https:\/\/hudo.com\/si\/vip\/dekle-princa-harryja-se-je-vselila-v-palaco-kraljica-elizabeta-besni\/\",\"url\":\"https:\/\/hudo.com\/si\/vip\/dekle-princa-harryja-se-je-vselila-v-palaco-kraljica-elizabeta-besni\/\",\"name\":\"Dekle princa Harryja se je vselila v pala\u010do, kraljica Elizabeta besni - Hudo Slovenija\",\"isPartOf\":{\"@id\":\"https:\/\/hudo.com\/si\/#website\"},\"datePublished\":\"2017-02-07T07:22:16+00:00\",\"dateModified\":\"2017-02-07T07:22:16+00:00\",\"breadcrumb\":{\"@id\":\"https:\/\/hudo.com\/si\/vip\/dekle-princa-harryja-se-je-vselila-v-palaco-kraljica-elizabeta-besni\/#breadcrumb\"},\"inLanguage\":\"sl-SI\",\"potentialAction\":[{\"@type\":\"ReadAction\",\"target\":[\"https:\/\/hudo.com\/si\/vip\/dekle-princa-harryja-se-je-vselila-v-palaco-kraljica-elizabeta-besni\/\"]}]},{\"@type\":\"BreadcrumbList\",\"@id\":\"https:\/\/hudo.com\/si\/vip\/dekle-princa-harryja-se-je-vselila-v-palaco-kraljica-elizabeta-besni\/#breadcrumb\",\"itemListElement\":[{\"@type\":\"ListItem\",\"position\":1,\"name\":\"Home\",\"item\":\"https:\/\/hudo.com\/si\/\"},{\"@type\":\"ListItem\",\"position\":2,\"name\":\"Dekle princa Harryja se je vselila v pala\u010do, kraljica Elizabeta besni\"}]},{\"@type\":\"WebSite\",\"@id\":\"https:\/\/hudo.com\/si\/#website\",\"url\":\"https:\/\/hudo.com\/si\/\",\"name\":\"Hudo Slovenija\",\"description\":\"Vse novice iz Slovenije in sveta\",\"publisher\":{\"@id\":\"https:\/\/hudo.com\/si\/#organization\"},\"potentialAction\":[{\"@type\":\"SearchAction\",\"target\":{\"@type\":\"EntryPoint\",\"urlTemplate\":\"https:\/\/hudo.com\/si\/?s={search_term_string}\"},\"query-input\":\"required name=search_term_string\"}],\"inLanguage\":\"sl-SI\"},{\"@type\":\"Organization\",\"@id\":\"https:\/\/hudo.com\/si\/#organization\",\"name\":\"VSN Media\",\"url\":\"https:\/\/hudo.com\/si\/\",\"logo\":{\"@type\":\"ImageObject\",\"inLanguage\":\"sl-SI\",\"@id\":\"https:\/\/hudo.com\/si\/#\/schema\/logo\/image\/\",\"url\":\"https:\/\/hudo.com\/si\/wp-content\/uploads\/sites\/2\/2021\/03\/hudo-app-2.png\",\"contentUrl\":\"https:\/\/hudo.com\/si\/wp-content\/uploads\/sites\/2\/2021\/03\/hudo-app-2.png\",\"width\":2185,\"height\":2167,\"caption\":\"VSN Media\"},\"image\":{\"@id\":\"https:\/\/hudo.com\/si\/#\/schema\/logo\/image\/\"},\"sameAs\":[\"https:\/\/www.facebook.com\/hudo.si\",\"https:\/\/twitter.com\/hudo_si\"]},{\"@type\":\"Person\",\"@id\":\"https:\/\/hudo.com\/si\/#\/schema\/person\/f95639a66e0dd2c682b0568634e85b8b\",\"name\":\"A. G.\",\"image\":{\"@type\":\"ImageObject\",\"inLanguage\":\"sl-SI\",\"@id\":\"https:\/\/hudo.com\/si\/#\/schema\/person\/image\/\",\"url\":\"https:\/\/secure.gravatar.com\/avatar\/9f44de561c70d5d80348d3ed0f4b142d?s=96&d=mm&r=g\",\"contentUrl\":\"https:\/\/secure.gravatar.com\/avatar\/9f44de561c70d5d80348d3ed0f4b142d?s=96&d=mm&r=g\",\"caption\":\"A. G.\"},\"url\":\"https:\/\/hudo.com\/si\/author\/alenkagrmek\/\"}]}<\/script>\n<!-- \/ Yoast SEO plugin. -->","yoast_head_json":{"title":"Dekle princa Harryja se je vselila v pala\u010do, kraljica Elizabeta besni - Hudo Slovenija","robots":{"index":"index","follow":"follow","max-snippet":"max-snippet:-1","max-image-preview":"max-image-preview:large","max-video-preview":"max-video-preview:-1"},"canonical":"https:\/\/hudo.com\/si\/vip\/dekle-princa-harryja-se-je-vselila-v-palaco-kraljica-elizabeta-besni\/","og_locale":"sl_SI","og_type":"article","og_title":"Dekle princa Harryja se je vselila v pala\u010do, kraljica Elizabeta besni - Hudo Slovenija","og_description":"Po \u0161tevilnih zabavah in aferah princa Harryja se zdi, da se je 32-letnik kon\u010dno umiril in ustalil z lepo ameri\u0161ko igralko Meghan Markle, zvezdo nanizanke \"Face\". Igralka se je namre\u010d vselila v njegov del pala\u010de in tako je par za\u010del \u017eiveti skupno \u017eivljenje.","og_url":"https:\/\/hudo.com\/si\/vip\/dekle-princa-harryja-se-je-vselila-v-palaco-kraljica-elizabeta-besni\/","og_site_name":"Hudo Slovenija","article_publisher":"https:\/\/www.facebook.com\/hudo.si","article_published_time":"2017-02-07T07:22:16+00:00","og_image":[{"width":480,"height":373,"url":"https:\/\/hudo.com\/si\/wp-content\/uploads\/sites\/2\/2017\/02\/large.jpg","type":"image\/jpeg"}],"author":"A. G.","twitter_card":"summary_large_image","twitter_creator":"@hudo_si","twitter_site":"@hudo_si","twitter_misc":{"Written by":"A. G.","Est. reading time":"1 minuta"},"schema":{"@context":"https:\/\/schema.org","@graph":[{"@type":"Article","@id":"https:\/\/hudo.com\/si\/vip\/dekle-princa-harryja-se-je-vselila-v-palaco-kraljica-elizabeta-besni\/#article","isPartOf":{"@id":"https:\/\/hudo.com\/si\/vip\/dekle-princa-harryja-se-je-vselila-v-palaco-kraljica-elizabeta-besni\/"},"author":{"name":"A. G.","@id":"https:\/\/hudo.com\/si\/#\/schema\/person\/f95639a66e0dd2c682b0568634e85b8b"},"headline":"Dekle princa Harryja se je vselila v pala\u010do, kraljica Elizabeta besni","datePublished":"2017-02-07T07:22:16+00:00","dateModified":"2017-02-07T07:22:16+00:00","mainEntityOfPage":{"@id":"https:\/\/hudo.com\/si\/vip\/dekle-princa-harryja-se-je-vselila-v-palaco-kraljica-elizabeta-besni\/"},"wordCount":128,"publisher":{"@id":"https:\/\/hudo.com\/si\/#organization"},"keywords":["kraljica elizabeta","Meghan Markle","princ Harry"],"articleSection":["VIP"],"inLanguage":"sl-SI"},{"@type":"WebPage","@id":"https:\/\/hudo.com\/si\/vip\/dekle-princa-harryja-se-je-vselila-v-palaco-kraljica-elizabeta-besni\/","url":"https:\/\/hudo.com\/si\/vip\/dekle-princa-harryja-se-je-vselila-v-palaco-kraljica-elizabeta-besni\/","name":"Dekle princa Harryja se je vselila v pala\u010do, kraljica Elizabeta besni - Hudo Slovenija","isPartOf":{"@id":"https:\/\/hudo.com\/si\/#website"},"datePublished":"2017-02-07T07:22:16+00:00","dateModified":"2017-02-07T07:22:16+00:00","breadcrumb":{"@id":"https:\/\/hudo.com\/si\/vip\/dekle-princa-harryja-se-je-vselila-v-palaco-kraljica-elizabeta-besni\/#breadcrumb"},"inLanguage":"sl-SI","potentialAction":[{"@type":"ReadAction","target":["https:\/\/hudo.com\/si\/vip\/dekle-princa-harryja-se-je-vselila-v-palaco-kraljica-elizabeta-besni\/"]}]},{"@type":"BreadcrumbList","@id":"https:\/\/hudo.com\/si\/vip\/dekle-princa-harryja-se-je-vselila-v-palaco-kraljica-elizabeta-besni\/#breadcrumb","itemListElement":[{"@type":"ListItem","position":1,"name":"Home","item":"https:\/\/hudo.com\/si\/"},{"@type":"ListItem","position":2,"name":"Dekle princa Harryja se je vselila v pala\u010do, kraljica Elizabeta besni"}]},{"@type":"WebSite","@id":"https:\/\/hudo.com\/si\/#website","url":"https:\/\/hudo.com\/si\/","name":"Hudo Slovenija","description":"Vse novice iz Slovenije in sveta","publisher":{"@id":"https:\/\/hudo.com\/si\/#organization"},"potentialAction":[{"@type":"SearchAction","target":{"@type":"EntryPoint","urlTemplate":"https:\/\/hudo.com\/si\/?s={search_term_string}"},"query-input":"required name=search_term_string"}],"inLanguage":"sl-SI"},{"@type":"Organization","@id":"https:\/\/hudo.com\/si\/#organization","name":"VSN Media","url":"https:\/\/hudo.com\/si\/","logo":{"@type":"ImageObject","inLanguage":"sl-SI","@id":"https:\/\/hudo.com\/si\/#\/schema\/logo\/image\/","url":"https:\/\/hudo.com\/si\/wp-content\/uploads\/sites\/2\/2021\/03\/hudo-app-2.png","contentUrl":"https:\/\/hudo.com\/si\/wp-content\/uploads\/sites\/2\/2021\/03\/hudo-app-2.png","width":2185,"height":2167,"caption":"VSN Media"},"image":{"@id":"https:\/\/hudo.com\/si\/#\/schema\/logo\/image\/"},"sameAs":["https:\/\/www.facebook.com\/hudo.si","https:\/\/twitter.com\/hudo_si"]},{"@type":"Person","@id":"https:\/\/hudo.com\/si\/#\/schema\/person\/f95639a66e0dd2c682b0568634e85b8b","name":"A. G.","image":{"@type":"ImageObject","inLanguage":"sl-SI","@id":"https:\/\/hudo.com\/si\/#\/schema\/person\/image\/","url":"https:\/\/secure.gravatar.com\/avatar\/9f44de561c70d5d80348d3ed0f4b142d?s=96&d=mm&r=g","contentUrl":"https:\/\/secure.gravatar.com\/avatar\/9f44de561c70d5d80348d3ed0f4b142d?s=96&d=mm&r=g","caption":"A. G."},"url":"https:\/\/hudo.com\/si\/author\/alenkagrmek\/"}]}},"amp_enabled":true,"_links":{"self":[{"href":"https:\/\/hudo.com\/si\/wp-json\/wp\/v2\/posts\/205386"}],"collection":[{"href":"https:\/\/hudo.com\/si\/wp-json\/wp\/v2\/posts"}],"about":[{"href":"https:\/\/hudo.com\/si\/wp-json\/wp\/v2\/types\/post"}],"author":[{"embeddable":true,"href":"https:\/\/hudo.com\/si\/wp-json\/wp\/v2\/users\/6"}],"replies":[{"embeddable":true,"href":"https:\/\/hudo.com\/si\/wp-json\/wp\/v2\/comments?post=205386"}],"version-history":[{"count":3,"href":"https:\/\/hudo.com\/si\/wp-json\/wp\/v2\/posts\/205386\/revisions"}],"predecessor-version":[{"id":205780,"href":"https:\/\/hudo.com\/si\/wp-json\/wp\/v2\/posts\/205386\/revisions\/205780"}],"wp:featuredmedia":[{"embeddable":true,"href":"https:\/\/hudo.com\/si\/wp-json\/wp\/v2\/media\/205390"}],"wp:attachment":[{"href":"https:\/\/hudo.com\/si\/wp-json\/wp\/v2\/media?parent=205386"}],"wp:term":[{"taxonomy":"category","embeddable":true,"href":"https:\/\/hudo.com\/si\/wp-json\/wp\/v2\/categories?post=205386"},{"taxonomy":"post_tag","embeddable":true,"href":"https:\/\/hudo.com\/si\/wp-json\/wp\/v2\/tags?post=205386"},{"taxonomy":"source","embeddable":true,"href":"https:\/\/hudo.com\/si\/wp-json\/wp\/v2\/source?post=205386"},{"taxonomy":"supertag","embeddable":true,"href":"https:\/\/hudo.com\/si\/wp-json\/wp\/v2\/supertag?post=205386"}],"curies":[{"name":"wp","href":"https:\/\/api.w.org\/{rel}","templated":true}]}}