{"id":206046,"date":"2017-02-07T11:00:00","date_gmt":"2017-02-07T10:00:00","guid":{"rendered":"http:\/\/hudo.com\/si\/2017\/02\/07\/poplave-2012-avstrijski-verbund-tozi-slovenijo\/"},"modified":"2017-02-07T16:12:08","modified_gmt":"2017-02-07T15:12:08","slug":"poplave-2012-avstrijski-verbund-tozi-slovenijo","status":"publish","type":"post","link":"https:\/\/hudo.com\/si\/aktualno\/poplave-2012-avstrijski-verbund-tozi-slovenijo\/","title":{"rendered":"Poplave 2012: Avstrijski Verbund to\u017ei Slovenijo"},"content":{"rendered":"<p>Danes se je pri\u010dela obravnava v prvi od ve\u010d kot sto od\u0161kodninskih to\u017eb zoper avstrijskega elektrarnarja Verbund Hydro Power GMBH, ki naj bi z nepravilnim ravnanjem 5. novembra leta 2012 povzro\u010dil ob\u0161irno poplavljanje reke Drave na Koro\u0161kem in \u0160tajerskem. Prva obravnava v seriji to\u017eb zoper Verbund v kateri je to\u017enik Mestna ob\u010dina Maribor je nakazala dolg in zapleten postopek. Izkazalo se je namre\u010d, da je Verbund vlo\u017eil negativno ugotovitveno to\u017ebo zoper Slovenijo na de\u017eelnem sodi\u0161\u010du v Celovcu. Ugotovitve sodi\u0161\u010da v Celovcu bi lahko vplivale na postopke v Sloveniji, obstoji tudi mo\u017enost nezdru\u017eljivih odlo\u010db je opozorila sodnica Andreja Veseli\u010d in od zastopnika Verbunda Andreja Andri\u0107a zahtevala, da predlo\u017ei omenjeno to\u017ebo. \u0160e ve\u010d, po njenem mnenju bi morali odvetniki, ki zastopajo avstrijsko stran, storiti \u017ee prej, saj jih je sodi\u0161\u010de pozvalo, naj predlo\u017eijo dokumente o drugih primerih v tej zadevi. Andri\u0107 je ugovarjal, da ne gre za sorodno pravdo, sodnici pa je o\u010dital tudi pristranskost in naklonjenost to\u017ee\u010di strani. Po besedah zastopnice Mestne ob\u010dine Maribor Magde Vrani\u010dar, ki za to\u017ebo prav tako ni vedela, nepri\u010dakovan zaplet ne pomeni pretiranih ovir za postopke v Sloveniji. Pozdravila je tudi odlo\u010ditev Dravskih elektrarn Maribor, da kot stranski udele\u017eenec vstopijo v pravdo, saj &#8220;poizku\u0161a nasprotna stran velik del odgovornosti prevaliti na dravske elektrarne, a po vseh strokovnih mnenjih to ne dr\u017ei&#8221;. Vrani\u010darjeva je potrdila, da glavnina izvedeni\u0161kih mnenj ka\u017ee, da so bile poplave posledica dejanj Verbunda. Slovenski o\u0161kodovanci v novembrskih poplavah leta 2012 to\u017eijo Verbund za skupaj 103 milijone evrov, podobni procesi pa te\u010dejo tudi v Avstriji.Maribor<\/p>\n","protected":false},"excerpt":{"rendered":"<p>Danes se je pri\u010dela obravnava v prvi od ve\u010d kot sto od\u0161kodninskih to\u017eb zoper avstrijskega elektrarnarja Verbund Hydro Power GMBH, ki naj bi z nepravilnim ravnanjem 5. novembra leta 2012 povzro\u010dil ob\u0161irno poplavljanje reke Drave na Koro\u0161kem in \u0160tajerskem. Prva obravnava v seriji to\u017eb zoper Verbund v kateri je to\u017enik Mestna ob\u010dina Maribor je nakazala dolg in zapleten postopek. Izkazalo se je namre\u010d, da je Verbund vlo\u017eil negativno ugotovitveno to\u017ebo zoper Slovenijo na de\u017eelnem sodi\u0161\u010du v Celovcu. Ugotovitve sodi\u0161\u010da v Celovcu bi lahko vplivale na postopke v Sloveniji, obstoji tudi mo\u017enost nezdru\u017eljivih odlo\u010db je opozorila sodnica Andreja Veseli\u010d in od zastopnika Verbunda Andreja Andri\u0107a zahtevala, da predlo\u017ei omenjeno to\u017ebo. \u0160e ve\u010d, po njenem mnenju bi morali odvetniki, ki zastopajo avstrijsko stran, storiti \u017ee prej, saj jih je sodi\u0161\u010de pozvalo, naj predlo\u017eijo dokumente o drugih primerih v tej zadevi. Andri\u0107 je ugovarjal, da ne gre za sorodno pravdo, sodnici pa je o\u010dital tudi pristranskost in naklonjenost to\u017ee\u010di strani. Po besedah zastopnice Mestne ob\u010dine Maribor Magde Vrani\u010dar, ki za to\u017ebo prav tako ni vedela, nepri\u010dakovan zaplet ne pomeni pretiranih ovir za postopke v Sloveniji. Pozdravila je tudi odlo\u010ditev Dravskih elektrarn Maribor, da kot stranski udele\u017eenec vstopijo v pravdo, saj &#8220;poizku\u0161a nasprotna stran velik del odgovornosti prevaliti na dravske elektrarne, a po vseh strokovnih mnenjih to ne dr\u017ei&#8221;. Vrani\u010darjeva je potrdila, da glavnina izvedeni\u0161kih mnenj ka\u017ee, da so bile poplave posledica dejanj Verbunda. Slovenski o\u0161kodovanci v novembrskih poplavah leta 2012 to\u017eijo Verbund za skupaj 103 milijone evrov, podobni procesi pa te\u010dejo tudi v Avstriji.Maribor<\/p>\n","protected":false},"author":1,"featured_media":0,"comment_status":"closed","ping_status":"closed","sticky":false,"template":"","format":"standard","meta":{"footnotes":""},"categories":[1179],"tags":[],"source":[1711],"supertag":[],"acf":[],"yoast_head":"<!-- This site is optimized with the Yoast SEO plugin v21.3 - https:\/\/yoast.com\/wordpress\/plugins\/seo\/ -->\n<title>Poplave 2012: Avstrijski Verbund to\u017ei Slovenijo - Hudo Slovenija<\/title>\n<meta name=\"robots\" content=\"index, follow, max-snippet:-1, max-image-preview:large, max-video-preview:-1\" \/>\n<link rel=\"canonical\" href=\"https:\/\/hudo.com\/si\/aktualno\/poplave-2012-avstrijski-verbund-tozi-slovenijo\/\" \/>\n<meta property=\"og:locale\" content=\"sl_SI\" \/>\n<meta property=\"og:type\" content=\"article\" \/>\n<meta property=\"og:title\" content=\"Poplave 2012: Avstrijski Verbund to\u017ei Slovenijo - Hudo Slovenija\" \/>\n<meta property=\"og:description\" content=\"Danes se je pri\u010dela obravnava v prvi od ve\u010d kot sto od\u0161kodninskih to\u017eb zoper avstrijskega elektrarnarja Verbund Hydro Power GMBH, ki naj bi z nepravilnim ravnanjem 5. novembra leta 2012 povzro\u010dil ob\u0161irno poplavljanje reke Drave na Koro\u0161kem in \u0160tajerskem. Prva obravnava v seriji to\u017eb zoper Verbund v kateri je to\u017enik Mestna ob\u010dina Maribor je nakazala dolg in zapleten postopek. Izkazalo se je namre\u010d, da je Verbund vlo\u017eil negativno ugotovitveno to\u017ebo zoper Slovenijo na de\u017eelnem sodi\u0161\u010du v Celovcu. Ugotovitve sodi\u0161\u010da v Celovcu bi lahko vplivale na postopke v Sloveniji, obstoji tudi mo\u017enost nezdru\u017eljivih odlo\u010db je opozorila sodnica Andreja Veseli\u010d in od zastopnika Verbunda Andreja Andri\u0107a zahtevala, da predlo\u017ei omenjeno to\u017ebo. \u0160e ve\u010d, po njenem mnenju bi morali odvetniki, ki zastopajo avstrijsko stran, storiti \u017ee prej, saj jih je sodi\u0161\u010de pozvalo, naj predlo\u017eijo dokumente o drugih primerih v tej zadevi. Andri\u0107 je ugovarjal, da ne gre za sorodno pravdo, sodnici pa je o\u010dital tudi pristranskost in naklonjenost to\u017ee\u010di strani. Po besedah zastopnice Mestne ob\u010dine Maribor Magde Vrani\u010dar, ki za to\u017ebo prav tako ni vedela, nepri\u010dakovan zaplet ne pomeni pretiranih ovir za postopke v Sloveniji. Pozdravila je tudi odlo\u010ditev Dravskih elektrarn Maribor, da kot stranski udele\u017eenec vstopijo v pravdo, saj &quot;poizku\u0161a nasprotna stran velik del odgovornosti prevaliti na dravske elektrarne, a po vseh strokovnih mnenjih to ne dr\u017ei&quot;. Vrani\u010darjeva je potrdila, da glavnina izvedeni\u0161kih mnenj ka\u017ee, da so bile poplave posledica dejanj Verbunda. Slovenski o\u0161kodovanci v novembrskih poplavah leta 2012 to\u017eijo Verbund za skupaj 103 milijone evrov, podobni procesi pa te\u010dejo tudi v Avstriji.Maribor\" \/>\n<meta property=\"og:url\" content=\"https:\/\/hudo.com\/si\/aktualno\/poplave-2012-avstrijski-verbund-tozi-slovenijo\/\" \/>\n<meta property=\"og:site_name\" content=\"Hudo Slovenija\" \/>\n<meta property=\"article:publisher\" content=\"https:\/\/www.facebook.com\/hudo.si\" \/>\n<meta property=\"article:published_time\" content=\"2017-02-07T10:00:00+00:00\" \/>\n<meta property=\"article:modified_time\" content=\"2017-02-07T15:12:08+00:00\" \/>\n<meta property=\"og:image\" content=\"https:\/\/hudo.com\/si\/wp-content\/uploads\/sites\/2\/2017\/02\/01103458F-300.jpg\" \/>\n\t<meta property=\"og:image:width\" content=\"450\" \/>\n\t<meta property=\"og:image:height\" content=\"299\" \/>\n\t<meta property=\"og:image:type\" content=\"image\/jpeg\" \/>\n<meta name=\"author\" content=\"hudo\" \/>\n<meta name=\"twitter:card\" content=\"summary_large_image\" \/>\n<meta name=\"twitter:creator\" content=\"@hudo_si\" \/>\n<meta name=\"twitter:site\" content=\"@hudo_si\" \/>\n<meta name=\"twitter:label1\" content=\"Written by\" \/>\n\t<meta name=\"twitter:data1\" content=\"hudo\" \/>\n\t<meta name=\"twitter:label2\" content=\"Est. reading time\" \/>\n\t<meta name=\"twitter:data2\" content=\"1 minuta\" \/>\n<script type=\"application\/ld+json\" class=\"yoast-schema-graph\">{\"@context\":\"https:\/\/schema.org\",\"@graph\":[{\"@type\":\"Article\",\"@id\":\"https:\/\/hudo.com\/si\/aktualno\/poplave-2012-avstrijski-verbund-tozi-slovenijo\/#article\",\"isPartOf\":{\"@id\":\"https:\/\/hudo.com\/si\/aktualno\/poplave-2012-avstrijski-verbund-tozi-slovenijo\/\"},\"author\":{\"name\":\"hudo\",\"@id\":\"https:\/\/hudo.com\/si\/#\/schema\/person\/601cf3379633985b20f7e50f2bb47707\"},\"headline\":\"Poplave 2012: Avstrijski Verbund to\u017ei Slovenijo\",\"datePublished\":\"2017-02-07T10:00:00+00:00\",\"dateModified\":\"2017-02-07T15:12:08+00:00\",\"mainEntityOfPage\":{\"@id\":\"https:\/\/hudo.com\/si\/aktualno\/poplave-2012-avstrijski-verbund-tozi-slovenijo\/\"},\"wordCount\":293,\"publisher\":{\"@id\":\"https:\/\/hudo.com\/si\/#organization\"},\"articleSection\":[\"Aktualno\"],\"inLanguage\":\"sl-SI\"},{\"@type\":\"WebPage\",\"@id\":\"https:\/\/hudo.com\/si\/aktualno\/poplave-2012-avstrijski-verbund-tozi-slovenijo\/\",\"url\":\"https:\/\/hudo.com\/si\/aktualno\/poplave-2012-avstrijski-verbund-tozi-slovenijo\/\",\"name\":\"Poplave 2012: Avstrijski Verbund to\u017ei Slovenijo - Hudo Slovenija\",\"isPartOf\":{\"@id\":\"https:\/\/hudo.com\/si\/#website\"},\"datePublished\":\"2017-02-07T10:00:00+00:00\",\"dateModified\":\"2017-02-07T15:12:08+00:00\",\"breadcrumb\":{\"@id\":\"https:\/\/hudo.com\/si\/aktualno\/poplave-2012-avstrijski-verbund-tozi-slovenijo\/#breadcrumb\"},\"inLanguage\":\"sl-SI\",\"potentialAction\":[{\"@type\":\"ReadAction\",\"target\":[\"https:\/\/hudo.com\/si\/aktualno\/poplave-2012-avstrijski-verbund-tozi-slovenijo\/\"]}]},{\"@type\":\"BreadcrumbList\",\"@id\":\"https:\/\/hudo.com\/si\/aktualno\/poplave-2012-avstrijski-verbund-tozi-slovenijo\/#breadcrumb\",\"itemListElement\":[{\"@type\":\"ListItem\",\"position\":1,\"name\":\"Home\",\"item\":\"https:\/\/hudo.com\/si\/\"},{\"@type\":\"ListItem\",\"position\":2,\"name\":\"Poplave 2012: Avstrijski Verbund to\u017ei Slovenijo\"}]},{\"@type\":\"WebSite\",\"@id\":\"https:\/\/hudo.com\/si\/#website\",\"url\":\"https:\/\/hudo.com\/si\/\",\"name\":\"Hudo Slovenija\",\"description\":\"Vse novice iz Slovenije in sveta\",\"publisher\":{\"@id\":\"https:\/\/hudo.com\/si\/#organization\"},\"potentialAction\":[{\"@type\":\"SearchAction\",\"target\":{\"@type\":\"EntryPoint\",\"urlTemplate\":\"https:\/\/hudo.com\/si\/?s={search_term_string}\"},\"query-input\":\"required name=search_term_string\"}],\"inLanguage\":\"sl-SI\"},{\"@type\":\"Organization\",\"@id\":\"https:\/\/hudo.com\/si\/#organization\",\"name\":\"VSN Media\",\"url\":\"https:\/\/hudo.com\/si\/\",\"logo\":{\"@type\":\"ImageObject\",\"inLanguage\":\"sl-SI\",\"@id\":\"https:\/\/hudo.com\/si\/#\/schema\/logo\/image\/\",\"url\":\"https:\/\/hudo.com\/si\/wp-content\/uploads\/sites\/2\/2021\/03\/hudo-app-2.png\",\"contentUrl\":\"https:\/\/hudo.com\/si\/wp-content\/uploads\/sites\/2\/2021\/03\/hudo-app-2.png\",\"width\":2185,\"height\":2167,\"caption\":\"VSN Media\"},\"image\":{\"@id\":\"https:\/\/hudo.com\/si\/#\/schema\/logo\/image\/\"},\"sameAs\":[\"https:\/\/www.facebook.com\/hudo.si\",\"https:\/\/twitter.com\/hudo_si\"]},{\"@type\":\"Person\",\"@id\":\"https:\/\/hudo.com\/si\/#\/schema\/person\/601cf3379633985b20f7e50f2bb47707\",\"name\":\"hudo\",\"image\":{\"@type\":\"ImageObject\",\"inLanguage\":\"sl-SI\",\"@id\":\"https:\/\/hudo.com\/si\/#\/schema\/person\/image\/\",\"url\":\"https:\/\/secure.gravatar.com\/avatar\/c4ca25fa72cace7a696b52ff5db9e095?s=96&d=mm&r=g\",\"contentUrl\":\"https:\/\/secure.gravatar.com\/avatar\/c4ca25fa72cace7a696b52ff5db9e095?s=96&d=mm&r=g\",\"caption\":\"hudo\"},\"url\":\"https:\/\/hudo.com\/si\/author\/hudo\/\"}]}<\/script>\n<!-- \/ Yoast SEO plugin. -->","yoast_head_json":{"title":"Poplave 2012: Avstrijski Verbund to\u017ei Slovenijo - Hudo Slovenija","robots":{"index":"index","follow":"follow","max-snippet":"max-snippet:-1","max-image-preview":"max-image-preview:large","max-video-preview":"max-video-preview:-1"},"canonical":"https:\/\/hudo.com\/si\/aktualno\/poplave-2012-avstrijski-verbund-tozi-slovenijo\/","og_locale":"sl_SI","og_type":"article","og_title":"Poplave 2012: Avstrijski Verbund to\u017ei Slovenijo - Hudo Slovenija","og_description":"Danes se je pri\u010dela obravnava v prvi od ve\u010d kot sto od\u0161kodninskih to\u017eb zoper avstrijskega elektrarnarja Verbund Hydro Power GMBH, ki naj bi z nepravilnim ravnanjem 5. novembra leta 2012 povzro\u010dil ob\u0161irno poplavljanje reke Drave na Koro\u0161kem in \u0160tajerskem. Prva obravnava v seriji to\u017eb zoper Verbund v kateri je to\u017enik Mestna ob\u010dina Maribor je nakazala dolg in zapleten postopek. Izkazalo se je namre\u010d, da je Verbund vlo\u017eil negativno ugotovitveno to\u017ebo zoper Slovenijo na de\u017eelnem sodi\u0161\u010du v Celovcu. Ugotovitve sodi\u0161\u010da v Celovcu bi lahko vplivale na postopke v Sloveniji, obstoji tudi mo\u017enost nezdru\u017eljivih odlo\u010db je opozorila sodnica Andreja Veseli\u010d in od zastopnika Verbunda Andreja Andri\u0107a zahtevala, da predlo\u017ei omenjeno to\u017ebo. \u0160e ve\u010d, po njenem mnenju bi morali odvetniki, ki zastopajo avstrijsko stran, storiti \u017ee prej, saj jih je sodi\u0161\u010de pozvalo, naj predlo\u017eijo dokumente o drugih primerih v tej zadevi. Andri\u0107 je ugovarjal, da ne gre za sorodno pravdo, sodnici pa je o\u010dital tudi pristranskost in naklonjenost to\u017ee\u010di strani. Po besedah zastopnice Mestne ob\u010dine Maribor Magde Vrani\u010dar, ki za to\u017ebo prav tako ni vedela, nepri\u010dakovan zaplet ne pomeni pretiranih ovir za postopke v Sloveniji. Pozdravila je tudi odlo\u010ditev Dravskih elektrarn Maribor, da kot stranski udele\u017eenec vstopijo v pravdo, saj \"poizku\u0161a nasprotna stran velik del odgovornosti prevaliti na dravske elektrarne, a po vseh strokovnih mnenjih to ne dr\u017ei\". Vrani\u010darjeva je potrdila, da glavnina izvedeni\u0161kih mnenj ka\u017ee, da so bile poplave posledica dejanj Verbunda. Slovenski o\u0161kodovanci v novembrskih poplavah leta 2012 to\u017eijo Verbund za skupaj 103 milijone evrov, podobni procesi pa te\u010dejo tudi v Avstriji.Maribor","og_url":"https:\/\/hudo.com\/si\/aktualno\/poplave-2012-avstrijski-verbund-tozi-slovenijo\/","og_site_name":"Hudo Slovenija","article_publisher":"https:\/\/www.facebook.com\/hudo.si","article_published_time":"2017-02-07T10:00:00+00:00","article_modified_time":"2017-02-07T15:12:08+00:00","og_image":[{"width":450,"height":299,"url":"https:\/\/hudo.com\/si\/wp-content\/uploads\/sites\/2\/2017\/02\/01103458F-300.jpg","type":"image\/jpeg"}],"author":"hudo","twitter_card":"summary_large_image","twitter_creator":"@hudo_si","twitter_site":"@hudo_si","twitter_misc":{"Written by":"hudo","Est. reading time":"1 minuta"},"schema":{"@context":"https:\/\/schema.org","@graph":[{"@type":"Article","@id":"https:\/\/hudo.com\/si\/aktualno\/poplave-2012-avstrijski-verbund-tozi-slovenijo\/#article","isPartOf":{"@id":"https:\/\/hudo.com\/si\/aktualno\/poplave-2012-avstrijski-verbund-tozi-slovenijo\/"},"author":{"name":"hudo","@id":"https:\/\/hudo.com\/si\/#\/schema\/person\/601cf3379633985b20f7e50f2bb47707"},"headline":"Poplave 2012: Avstrijski Verbund to\u017ei Slovenijo","datePublished":"2017-02-07T10:00:00+00:00","dateModified":"2017-02-07T15:12:08+00:00","mainEntityOfPage":{"@id":"https:\/\/hudo.com\/si\/aktualno\/poplave-2012-avstrijski-verbund-tozi-slovenijo\/"},"wordCount":293,"publisher":{"@id":"https:\/\/hudo.com\/si\/#organization"},"articleSection":["Aktualno"],"inLanguage":"sl-SI"},{"@type":"WebPage","@id":"https:\/\/hudo.com\/si\/aktualno\/poplave-2012-avstrijski-verbund-tozi-slovenijo\/","url":"https:\/\/hudo.com\/si\/aktualno\/poplave-2012-avstrijski-verbund-tozi-slovenijo\/","name":"Poplave 2012: Avstrijski Verbund to\u017ei Slovenijo - Hudo Slovenija","isPartOf":{"@id":"https:\/\/hudo.com\/si\/#website"},"datePublished":"2017-02-07T10:00:00+00:00","dateModified":"2017-02-07T15:12:08+00:00","breadcrumb":{"@id":"https:\/\/hudo.com\/si\/aktualno\/poplave-2012-avstrijski-verbund-tozi-slovenijo\/#breadcrumb"},"inLanguage":"sl-SI","potentialAction":[{"@type":"ReadAction","target":["https:\/\/hudo.com\/si\/aktualno\/poplave-2012-avstrijski-verbund-tozi-slovenijo\/"]}]},{"@type":"BreadcrumbList","@id":"https:\/\/hudo.com\/si\/aktualno\/poplave-2012-avstrijski-verbund-tozi-slovenijo\/#breadcrumb","itemListElement":[{"@type":"ListItem","position":1,"name":"Home","item":"https:\/\/hudo.com\/si\/"},{"@type":"ListItem","position":2,"name":"Poplave 2012: Avstrijski Verbund to\u017ei Slovenijo"}]},{"@type":"WebSite","@id":"https:\/\/hudo.com\/si\/#website","url":"https:\/\/hudo.com\/si\/","name":"Hudo Slovenija","description":"Vse novice iz Slovenije in sveta","publisher":{"@id":"https:\/\/hudo.com\/si\/#organization"},"potentialAction":[{"@type":"SearchAction","target":{"@type":"EntryPoint","urlTemplate":"https:\/\/hudo.com\/si\/?s={search_term_string}"},"query-input":"required name=search_term_string"}],"inLanguage":"sl-SI"},{"@type":"Organization","@id":"https:\/\/hudo.com\/si\/#organization","name":"VSN Media","url":"https:\/\/hudo.com\/si\/","logo":{"@type":"ImageObject","inLanguage":"sl-SI","@id":"https:\/\/hudo.com\/si\/#\/schema\/logo\/image\/","url":"https:\/\/hudo.com\/si\/wp-content\/uploads\/sites\/2\/2021\/03\/hudo-app-2.png","contentUrl":"https:\/\/hudo.com\/si\/wp-content\/uploads\/sites\/2\/2021\/03\/hudo-app-2.png","width":2185,"height":2167,"caption":"VSN Media"},"image":{"@id":"https:\/\/hudo.com\/si\/#\/schema\/logo\/image\/"},"sameAs":["https:\/\/www.facebook.com\/hudo.si","https:\/\/twitter.com\/hudo_si"]},{"@type":"Person","@id":"https:\/\/hudo.com\/si\/#\/schema\/person\/601cf3379633985b20f7e50f2bb47707","name":"hudo","image":{"@type":"ImageObject","inLanguage":"sl-SI","@id":"https:\/\/hudo.com\/si\/#\/schema\/person\/image\/","url":"https:\/\/secure.gravatar.com\/avatar\/c4ca25fa72cace7a696b52ff5db9e095?s=96&d=mm&r=g","contentUrl":"https:\/\/secure.gravatar.com\/avatar\/c4ca25fa72cace7a696b52ff5db9e095?s=96&d=mm&r=g","caption":"hudo"},"url":"https:\/\/hudo.com\/si\/author\/hudo\/"}]}},"amp_enabled":true,"_links":{"self":[{"href":"https:\/\/hudo.com\/si\/wp-json\/wp\/v2\/posts\/206046"}],"collection":[{"href":"https:\/\/hudo.com\/si\/wp-json\/wp\/v2\/posts"}],"about":[{"href":"https:\/\/hudo.com\/si\/wp-json\/wp\/v2\/types\/post"}],"author":[{"embeddable":true,"href":"https:\/\/hudo.com\/si\/wp-json\/wp\/v2\/users\/1"}],"replies":[{"embeddable":true,"href":"https:\/\/hudo.com\/si\/wp-json\/wp\/v2\/comments?post=206046"}],"version-history":[{"count":1,"href":"https:\/\/hudo.com\/si\/wp-json\/wp\/v2\/posts\/206046\/revisions"}],"predecessor-version":[{"id":206103,"href":"https:\/\/hudo.com\/si\/wp-json\/wp\/v2\/posts\/206046\/revisions\/206103"}],"wp:attachment":[{"href":"https:\/\/hudo.com\/si\/wp-json\/wp\/v2\/media?parent=206046"}],"wp:term":[{"taxonomy":"category","embeddable":true,"href":"https:\/\/hudo.com\/si\/wp-json\/wp\/v2\/categories?post=206046"},{"taxonomy":"post_tag","embeddable":true,"href":"https:\/\/hudo.com\/si\/wp-json\/wp\/v2\/tags?post=206046"},{"taxonomy":"source","embeddable":true,"href":"https:\/\/hudo.com\/si\/wp-json\/wp\/v2\/source?post=206046"},{"taxonomy":"supertag","embeddable":true,"href":"https:\/\/hudo.com\/si\/wp-json\/wp\/v2\/supertag?post=206046"}],"curies":[{"name":"wp","href":"https:\/\/api.w.org\/{rel}","templated":true}]}}