{"id":207270,"date":"2017-02-09T20:00:00","date_gmt":"2017-02-09T19:00:00","guid":{"rendered":"http:\/\/hudo.com\/si\/2017\/02\/09\/schengenska-luknja-tudi-teroristicna-groznja\/"},"modified":"2017-02-09T20:00:00","modified_gmt":"2017-02-09T19:00:00","slug":"schengenska-luknja-tudi-teroristicna-groznja","status":"publish","type":"post","link":"https:\/\/hudo.com\/si\/aktualno\/schengenska-luknja-tudi-teroristicna-groznja\/","title":{"rendered":"Schengenska luknja tudi teroristi\u010dna gro\u017enja"},"content":{"rendered":"<p>Kategorija: Evropa Thu, 09 Feb 2017 21:00:00 +0100  Bruselj \u2013 Pravih razprav o vseh posledicah nadzora potnikov na nekaj mejah znotraj schengna, tudi na avstrijsko-slovenski meji, ki se je za\u010del med begunsko krizo septembra 2015, do zdaj \u0161e ni bilo. Evropska komisija je v svojih odlo\u010ditvah vedno imela posluh za \u017eelje Avstrije in Nem\u010dije, ki si \u017eelita podalj\u0161evati pravico do nadzora s sklicevanjem na pomanjkljiv nadzor zunanje meje v Gr\u010diji in razmere ob balkanski poti. Nadzor je na delu meja odobren \u0161e Danski, Norve\u0161ki in \u0160vedski. Tudi v odboru evropskega parlamenta za notranje zadeve opozarjajo, da nimajo na voljo verodostojnih podatkov o gospodarskih in drugih u\u010dinkih nadzora. Raz\u0161irjene so \u0161tudije, po katerih zaradi nadzora nastaja milijardna \u0161koda. Spomladi morda spet po dublinskih pravilih Redna poro\u010dila \u010dlanic, ki so uvedle nadzor, niso obljavljena. Evropska komisija je januarja s stisnjenimi\u00a0&#8230;<\/p>\n","protected":false},"excerpt":{"rendered":"<p>Kategorija: Evropa Thu, 09 Feb 2017 21:00:00 +0100  Bruselj \u2013 Pravih razprav o vseh posledicah nadzora potnikov na nekaj mejah znotraj schengna, tudi na avstrijsko-slovenski meji, ki se je za\u010del med begunsko krizo septembra 2015, do zdaj \u0161e ni bilo. Evropska komisija je v svojih odlo\u010ditvah vedno imela posluh za \u017eelje Avstrije in Nem\u010dije, ki si \u017eelita podalj\u0161evati pravico do nadzora s sklicevanjem na pomanjkljiv nadzor zunanje meje v Gr\u010diji in razmere ob balkanski poti. Nadzor je na delu meja odobren \u0161e Danski, Norve\u0161ki in \u0160vedski. Tudi v odboru evropskega parlamenta za notranje zadeve opozarjajo, da nimajo na voljo verodostojnih podatkov o gospodarskih in drugih u\u010dinkih nadzora. Raz\u0161irjene so \u0161tudije, po katerih zaradi nadzora nastaja milijardna \u0161koda. Spomladi morda spet po dublinskih pravilih Redna poro\u010dila \u010dlanic, ki so uvedle nadzor, niso obljavljena. Evropska komisija je januarja s stisnjenimi\u00a0&#8230;<\/p>\n","protected":false},"author":1,"featured_media":0,"comment_status":"closed","ping_status":"closed","sticky":false,"template":"","format":"standard","meta":{"footnotes":""},"categories":[1179],"tags":[],"source":[1703],"supertag":[],"acf":[],"yoast_head":"<!-- This site is optimized with the Yoast SEO plugin v21.3 - https:\/\/yoast.com\/wordpress\/plugins\/seo\/ -->\n<title>Schengenska luknja tudi teroristi\u010dna gro\u017enja - Hudo Slovenija<\/title>\n<meta name=\"robots\" content=\"index, follow, max-snippet:-1, max-image-preview:large, max-video-preview:-1\" \/>\n<link rel=\"canonical\" href=\"https:\/\/hudo.com\/si\/aktualno\/schengenska-luknja-tudi-teroristicna-groznja\/\" \/>\n<meta property=\"og:locale\" content=\"sl_SI\" \/>\n<meta property=\"og:type\" content=\"article\" \/>\n<meta property=\"og:title\" content=\"Schengenska luknja tudi teroristi\u010dna gro\u017enja - Hudo Slovenija\" \/>\n<meta property=\"og:description\" content=\"Kategorija: Evropa Thu, 09 Feb 2017 21:00:00 +0100 Bruselj \u2013 Pravih razprav o vseh posledicah nadzora potnikov na nekaj mejah znotraj schengna, tudi na avstrijsko-slovenski meji, ki se je za\u010del med begunsko krizo septembra 2015, do zdaj \u0161e ni bilo. Evropska komisija je v svojih odlo\u010ditvah vedno imela posluh za \u017eelje Avstrije in Nem\u010dije, ki si \u017eelita podalj\u0161evati pravico do nadzora s sklicevanjem na pomanjkljiv nadzor zunanje meje v Gr\u010diji in razmere ob balkanski poti. Nadzor je na delu meja odobren \u0161e Danski, Norve\u0161ki in \u0160vedski. Tudi v odboru evropskega parlamenta za notranje zadeve opozarjajo, da nimajo na voljo verodostojnih podatkov o gospodarskih in drugih u\u010dinkih nadzora. Raz\u0161irjene so \u0161tudije, po katerih zaradi nadzora nastaja milijardna \u0161koda. Spomladi morda spet po dublinskih pravilih Redna poro\u010dila \u010dlanic, ki so uvedle nadzor, niso obljavljena. Evropska komisija je januarja s stisnjenimi\u00a0...\" \/>\n<meta property=\"og:url\" content=\"https:\/\/hudo.com\/si\/aktualno\/schengenska-luknja-tudi-teroristicna-groznja\/\" \/>\n<meta property=\"og:site_name\" content=\"Hudo Slovenija\" \/>\n<meta property=\"article:publisher\" content=\"https:\/\/www.facebook.com\/hudo.si\" \/>\n<meta property=\"article:published_time\" content=\"2017-02-09T19:00:00+00:00\" \/>\n<meta property=\"og:image\" content=\"https:\/\/hudo.com\/si\/wp-content\/uploads\/sites\/2\/2017\/02\/480x290_3_stran__djvu_2464263_mdr_r_hires0.jpeg\" \/>\n\t<meta property=\"og:image:width\" content=\"480\" \/>\n\t<meta property=\"og:image:height\" content=\"290\" \/>\n\t<meta property=\"og:image:type\" content=\"image\/jpeg\" \/>\n<meta name=\"author\" content=\"hudo\" \/>\n<meta name=\"twitter:card\" content=\"summary_large_image\" \/>\n<meta name=\"twitter:creator\" content=\"@hudo_si\" \/>\n<meta name=\"twitter:site\" content=\"@hudo_si\" \/>\n<meta name=\"twitter:label1\" content=\"Written by\" \/>\n\t<meta name=\"twitter:data1\" content=\"hudo\" \/>\n\t<meta name=\"twitter:label2\" content=\"Est. reading time\" \/>\n\t<meta name=\"twitter:data2\" content=\"1 minuta\" \/>\n<script type=\"application\/ld+json\" class=\"yoast-schema-graph\">{\"@context\":\"https:\/\/schema.org\",\"@graph\":[{\"@type\":\"Article\",\"@id\":\"https:\/\/hudo.com\/si\/aktualno\/schengenska-luknja-tudi-teroristicna-groznja\/#article\",\"isPartOf\":{\"@id\":\"https:\/\/hudo.com\/si\/aktualno\/schengenska-luknja-tudi-teroristicna-groznja\/\"},\"author\":{\"name\":\"hudo\",\"@id\":\"https:\/\/hudo.com\/si\/#\/schema\/person\/601cf3379633985b20f7e50f2bb47707\"},\"headline\":\"Schengenska luknja tudi teroristi\u010dna gro\u017enja\",\"datePublished\":\"2017-02-09T19:00:00+00:00\",\"dateModified\":\"2017-02-09T19:00:00+00:00\",\"mainEntityOfPage\":{\"@id\":\"https:\/\/hudo.com\/si\/aktualno\/schengenska-luknja-tudi-teroristicna-groznja\/\"},\"wordCount\":148,\"publisher\":{\"@id\":\"https:\/\/hudo.com\/si\/#organization\"},\"articleSection\":[\"Aktualno\"],\"inLanguage\":\"sl-SI\"},{\"@type\":\"WebPage\",\"@id\":\"https:\/\/hudo.com\/si\/aktualno\/schengenska-luknja-tudi-teroristicna-groznja\/\",\"url\":\"https:\/\/hudo.com\/si\/aktualno\/schengenska-luknja-tudi-teroristicna-groznja\/\",\"name\":\"Schengenska luknja tudi teroristi\u010dna gro\u017enja - Hudo Slovenija\",\"isPartOf\":{\"@id\":\"https:\/\/hudo.com\/si\/#website\"},\"datePublished\":\"2017-02-09T19:00:00+00:00\",\"dateModified\":\"2017-02-09T19:00:00+00:00\",\"breadcrumb\":{\"@id\":\"https:\/\/hudo.com\/si\/aktualno\/schengenska-luknja-tudi-teroristicna-groznja\/#breadcrumb\"},\"inLanguage\":\"sl-SI\",\"potentialAction\":[{\"@type\":\"ReadAction\",\"target\":[\"https:\/\/hudo.com\/si\/aktualno\/schengenska-luknja-tudi-teroristicna-groznja\/\"]}]},{\"@type\":\"BreadcrumbList\",\"@id\":\"https:\/\/hudo.com\/si\/aktualno\/schengenska-luknja-tudi-teroristicna-groznja\/#breadcrumb\",\"itemListElement\":[{\"@type\":\"ListItem\",\"position\":1,\"name\":\"Home\",\"item\":\"https:\/\/hudo.com\/si\/\"},{\"@type\":\"ListItem\",\"position\":2,\"name\":\"Schengenska luknja tudi teroristi\u010dna gro\u017enja\"}]},{\"@type\":\"WebSite\",\"@id\":\"https:\/\/hudo.com\/si\/#website\",\"url\":\"https:\/\/hudo.com\/si\/\",\"name\":\"Hudo Slovenija\",\"description\":\"Vse novice iz Slovenije in sveta\",\"publisher\":{\"@id\":\"https:\/\/hudo.com\/si\/#organization\"},\"potentialAction\":[{\"@type\":\"SearchAction\",\"target\":{\"@type\":\"EntryPoint\",\"urlTemplate\":\"https:\/\/hudo.com\/si\/?s={search_term_string}\"},\"query-input\":\"required name=search_term_string\"}],\"inLanguage\":\"sl-SI\"},{\"@type\":\"Organization\",\"@id\":\"https:\/\/hudo.com\/si\/#organization\",\"name\":\"VSN Media\",\"url\":\"https:\/\/hudo.com\/si\/\",\"logo\":{\"@type\":\"ImageObject\",\"inLanguage\":\"sl-SI\",\"@id\":\"https:\/\/hudo.com\/si\/#\/schema\/logo\/image\/\",\"url\":\"https:\/\/hudo.com\/si\/wp-content\/uploads\/sites\/2\/2021\/03\/hudo-app-2.png\",\"contentUrl\":\"https:\/\/hudo.com\/si\/wp-content\/uploads\/sites\/2\/2021\/03\/hudo-app-2.png\",\"width\":2185,\"height\":2167,\"caption\":\"VSN Media\"},\"image\":{\"@id\":\"https:\/\/hudo.com\/si\/#\/schema\/logo\/image\/\"},\"sameAs\":[\"https:\/\/www.facebook.com\/hudo.si\",\"https:\/\/twitter.com\/hudo_si\"]},{\"@type\":\"Person\",\"@id\":\"https:\/\/hudo.com\/si\/#\/schema\/person\/601cf3379633985b20f7e50f2bb47707\",\"name\":\"hudo\",\"image\":{\"@type\":\"ImageObject\",\"inLanguage\":\"sl-SI\",\"@id\":\"https:\/\/hudo.com\/si\/#\/schema\/person\/image\/\",\"url\":\"https:\/\/secure.gravatar.com\/avatar\/c4ca25fa72cace7a696b52ff5db9e095?s=96&d=mm&r=g\",\"contentUrl\":\"https:\/\/secure.gravatar.com\/avatar\/c4ca25fa72cace7a696b52ff5db9e095?s=96&d=mm&r=g\",\"caption\":\"hudo\"},\"url\":\"https:\/\/hudo.com\/si\/author\/hudo\/\"}]}<\/script>\n<!-- \/ Yoast SEO plugin. -->","yoast_head_json":{"title":"Schengenska luknja tudi teroristi\u010dna gro\u017enja - Hudo Slovenija","robots":{"index":"index","follow":"follow","max-snippet":"max-snippet:-1","max-image-preview":"max-image-preview:large","max-video-preview":"max-video-preview:-1"},"canonical":"https:\/\/hudo.com\/si\/aktualno\/schengenska-luknja-tudi-teroristicna-groznja\/","og_locale":"sl_SI","og_type":"article","og_title":"Schengenska luknja tudi teroristi\u010dna gro\u017enja - Hudo Slovenija","og_description":"Kategorija: Evropa Thu, 09 Feb 2017 21:00:00 +0100 Bruselj \u2013 Pravih razprav o vseh posledicah nadzora potnikov na nekaj mejah znotraj schengna, tudi na avstrijsko-slovenski meji, ki se je za\u010del med begunsko krizo septembra 2015, do zdaj \u0161e ni bilo. Evropska komisija je v svojih odlo\u010ditvah vedno imela posluh za \u017eelje Avstrije in Nem\u010dije, ki si \u017eelita podalj\u0161evati pravico do nadzora s sklicevanjem na pomanjkljiv nadzor zunanje meje v Gr\u010diji in razmere ob balkanski poti. Nadzor je na delu meja odobren \u0161e Danski, Norve\u0161ki in \u0160vedski. Tudi v odboru evropskega parlamenta za notranje zadeve opozarjajo, da nimajo na voljo verodostojnih podatkov o gospodarskih in drugih u\u010dinkih nadzora. Raz\u0161irjene so \u0161tudije, po katerih zaradi nadzora nastaja milijardna \u0161koda. Spomladi morda spet po dublinskih pravilih Redna poro\u010dila \u010dlanic, ki so uvedle nadzor, niso obljavljena. Evropska komisija je januarja s stisnjenimi\u00a0...","og_url":"https:\/\/hudo.com\/si\/aktualno\/schengenska-luknja-tudi-teroristicna-groznja\/","og_site_name":"Hudo Slovenija","article_publisher":"https:\/\/www.facebook.com\/hudo.si","article_published_time":"2017-02-09T19:00:00+00:00","og_image":[{"width":480,"height":290,"url":"https:\/\/hudo.com\/si\/wp-content\/uploads\/sites\/2\/2017\/02\/480x290_3_stran__djvu_2464263_mdr_r_hires0.jpeg","type":"image\/jpeg"}],"author":"hudo","twitter_card":"summary_large_image","twitter_creator":"@hudo_si","twitter_site":"@hudo_si","twitter_misc":{"Written by":"hudo","Est. reading time":"1 minuta"},"schema":{"@context":"https:\/\/schema.org","@graph":[{"@type":"Article","@id":"https:\/\/hudo.com\/si\/aktualno\/schengenska-luknja-tudi-teroristicna-groznja\/#article","isPartOf":{"@id":"https:\/\/hudo.com\/si\/aktualno\/schengenska-luknja-tudi-teroristicna-groznja\/"},"author":{"name":"hudo","@id":"https:\/\/hudo.com\/si\/#\/schema\/person\/601cf3379633985b20f7e50f2bb47707"},"headline":"Schengenska luknja tudi teroristi\u010dna gro\u017enja","datePublished":"2017-02-09T19:00:00+00:00","dateModified":"2017-02-09T19:00:00+00:00","mainEntityOfPage":{"@id":"https:\/\/hudo.com\/si\/aktualno\/schengenska-luknja-tudi-teroristicna-groznja\/"},"wordCount":148,"publisher":{"@id":"https:\/\/hudo.com\/si\/#organization"},"articleSection":["Aktualno"],"inLanguage":"sl-SI"},{"@type":"WebPage","@id":"https:\/\/hudo.com\/si\/aktualno\/schengenska-luknja-tudi-teroristicna-groznja\/","url":"https:\/\/hudo.com\/si\/aktualno\/schengenska-luknja-tudi-teroristicna-groznja\/","name":"Schengenska luknja tudi teroristi\u010dna gro\u017enja - Hudo Slovenija","isPartOf":{"@id":"https:\/\/hudo.com\/si\/#website"},"datePublished":"2017-02-09T19:00:00+00:00","dateModified":"2017-02-09T19:00:00+00:00","breadcrumb":{"@id":"https:\/\/hudo.com\/si\/aktualno\/schengenska-luknja-tudi-teroristicna-groznja\/#breadcrumb"},"inLanguage":"sl-SI","potentialAction":[{"@type":"ReadAction","target":["https:\/\/hudo.com\/si\/aktualno\/schengenska-luknja-tudi-teroristicna-groznja\/"]}]},{"@type":"BreadcrumbList","@id":"https:\/\/hudo.com\/si\/aktualno\/schengenska-luknja-tudi-teroristicna-groznja\/#breadcrumb","itemListElement":[{"@type":"ListItem","position":1,"name":"Home","item":"https:\/\/hudo.com\/si\/"},{"@type":"ListItem","position":2,"name":"Schengenska luknja tudi teroristi\u010dna gro\u017enja"}]},{"@type":"WebSite","@id":"https:\/\/hudo.com\/si\/#website","url":"https:\/\/hudo.com\/si\/","name":"Hudo Slovenija","description":"Vse novice iz Slovenije in sveta","publisher":{"@id":"https:\/\/hudo.com\/si\/#organization"},"potentialAction":[{"@type":"SearchAction","target":{"@type":"EntryPoint","urlTemplate":"https:\/\/hudo.com\/si\/?s={search_term_string}"},"query-input":"required name=search_term_string"}],"inLanguage":"sl-SI"},{"@type":"Organization","@id":"https:\/\/hudo.com\/si\/#organization","name":"VSN Media","url":"https:\/\/hudo.com\/si\/","logo":{"@type":"ImageObject","inLanguage":"sl-SI","@id":"https:\/\/hudo.com\/si\/#\/schema\/logo\/image\/","url":"https:\/\/hudo.com\/si\/wp-content\/uploads\/sites\/2\/2021\/03\/hudo-app-2.png","contentUrl":"https:\/\/hudo.com\/si\/wp-content\/uploads\/sites\/2\/2021\/03\/hudo-app-2.png","width":2185,"height":2167,"caption":"VSN Media"},"image":{"@id":"https:\/\/hudo.com\/si\/#\/schema\/logo\/image\/"},"sameAs":["https:\/\/www.facebook.com\/hudo.si","https:\/\/twitter.com\/hudo_si"]},{"@type":"Person","@id":"https:\/\/hudo.com\/si\/#\/schema\/person\/601cf3379633985b20f7e50f2bb47707","name":"hudo","image":{"@type":"ImageObject","inLanguage":"sl-SI","@id":"https:\/\/hudo.com\/si\/#\/schema\/person\/image\/","url":"https:\/\/secure.gravatar.com\/avatar\/c4ca25fa72cace7a696b52ff5db9e095?s=96&d=mm&r=g","contentUrl":"https:\/\/secure.gravatar.com\/avatar\/c4ca25fa72cace7a696b52ff5db9e095?s=96&d=mm&r=g","caption":"hudo"},"url":"https:\/\/hudo.com\/si\/author\/hudo\/"}]}},"amp_enabled":true,"_links":{"self":[{"href":"https:\/\/hudo.com\/si\/wp-json\/wp\/v2\/posts\/207270"}],"collection":[{"href":"https:\/\/hudo.com\/si\/wp-json\/wp\/v2\/posts"}],"about":[{"href":"https:\/\/hudo.com\/si\/wp-json\/wp\/v2\/types\/post"}],"author":[{"embeddable":true,"href":"https:\/\/hudo.com\/si\/wp-json\/wp\/v2\/users\/1"}],"replies":[{"embeddable":true,"href":"https:\/\/hudo.com\/si\/wp-json\/wp\/v2\/comments?post=207270"}],"version-history":[{"count":0,"href":"https:\/\/hudo.com\/si\/wp-json\/wp\/v2\/posts\/207270\/revisions"}],"wp:attachment":[{"href":"https:\/\/hudo.com\/si\/wp-json\/wp\/v2\/media?parent=207270"}],"wp:term":[{"taxonomy":"category","embeddable":true,"href":"https:\/\/hudo.com\/si\/wp-json\/wp\/v2\/categories?post=207270"},{"taxonomy":"post_tag","embeddable":true,"href":"https:\/\/hudo.com\/si\/wp-json\/wp\/v2\/tags?post=207270"},{"taxonomy":"source","embeddable":true,"href":"https:\/\/hudo.com\/si\/wp-json\/wp\/v2\/source?post=207270"},{"taxonomy":"supertag","embeddable":true,"href":"https:\/\/hudo.com\/si\/wp-json\/wp\/v2\/supertag?post=207270"}],"curies":[{"name":"wp","href":"https:\/\/api.w.org\/{rel}","templated":true}]}}