{"id":207579,"date":"2017-02-10T09:44:00","date_gmt":"2017-02-10T08:44:00","guid":{"rendered":"http:\/\/hudo.com\/si\/2017\/02\/10\/velenjska-decka-bi-ze-lahko-bila-pri-starih-starsih-a-kopac-mrakova-ne-ukrepa\/"},"modified":"2017-02-10T13:13:02","modified_gmt":"2017-02-10T12:13:02","slug":"velenjska-decka-bi-ze-lahko-bila-pri-starih-starsih-a-kopac-mrakova-ne-ukrepa","status":"publish","type":"post","link":"https:\/\/hudo.com\/si\/aktualno\/velenjska-decka-bi-ze-lahko-bila-pri-starih-starsih-a-kopac-mrakova-ne-ukrepa\/","title":{"rendered":"Velenjska de\u010dka bi \u017ee lahko bila pri starih star\u0161ih, a Kopa\u010d Mrakova ne ukrepa"},"content":{"rendered":"<p>Velenjska de\u010dka kljub odlo\u010ditvi vrhovnega in ustavnega sodi\u0161\u010da ostajata v rejni\u0161ki dru\u017eini. Nova direktorica CSD Valerija Kidri\u010d ne ukrepa, ministrica Anja Kopa\u010d Mrak zadeve ne komentira.\u00a0&#8220;Ministrstvo bi moralo odlo\u010dbo CSD odpraviti, de\u010dka pa vrniti starim star\u0161em,&#8221; je prepri\u010dan socialni delavec Franci Donko.<\/p>\n","protected":false},"excerpt":{"rendered":"<p>Velenjska de\u010dka kljub odlo\u010ditvi vrhovnega in ustavnega sodi\u0161\u010da ostajata v rejni\u0161ki dru\u017eini. Nova direktorica CSD Valerija Kidri\u010d ne ukrepa, ministrica Anja Kopa\u010d Mrak zadeve ne komentira.\u00a0&#8220;Ministrstvo bi moralo odlo\u010dbo CSD odpraviti, de\u010dka pa vrniti starim star\u0161em,&#8221; je prepri\u010dan socialni delavec Franci Donko.<\/p>\n","protected":false},"author":1,"featured_media":0,"comment_status":"closed","ping_status":"closed","sticky":false,"template":"","format":"standard","meta":{"footnotes":""},"categories":[1179],"tags":[],"source":[1717],"supertag":[],"acf":[],"yoast_head":"<!-- This site is optimized with the Yoast SEO plugin v21.3 - https:\/\/yoast.com\/wordpress\/plugins\/seo\/ -->\n<title>Velenjska de\u010dka bi \u017ee lahko bila pri starih star\u0161ih, a Kopa\u010d Mrakova ne ukrepa - Hudo Slovenija<\/title>\n<meta name=\"robots\" content=\"index, follow, max-snippet:-1, max-image-preview:large, max-video-preview:-1\" \/>\n<link rel=\"canonical\" href=\"https:\/\/hudo.com\/si\/aktualno\/velenjska-decka-bi-ze-lahko-bila-pri-starih-starsih-a-kopac-mrakova-ne-ukrepa\/\" \/>\n<meta property=\"og:locale\" content=\"sl_SI\" \/>\n<meta property=\"og:type\" content=\"article\" \/>\n<meta property=\"og:title\" content=\"Velenjska de\u010dka bi \u017ee lahko bila pri starih star\u0161ih, a Kopa\u010d Mrakova ne ukrepa - Hudo Slovenija\" \/>\n<meta property=\"og:description\" content=\"Velenjska de\u010dka kljub odlo\u010ditvi vrhovnega in ustavnega sodi\u0161\u010da ostajata v rejni\u0161ki dru\u017eini. Nova direktorica CSD Valerija Kidri\u010d ne ukrepa, ministrica Anja Kopa\u010d Mrak zadeve ne komentira.\u00a0&quot;Ministrstvo bi moralo odlo\u010dbo CSD odpraviti, de\u010dka pa vrniti starim star\u0161em,&quot; je prepri\u010dan socialni delavec Franci Donko.\" \/>\n<meta property=\"og:url\" content=\"https:\/\/hudo.com\/si\/aktualno\/velenjska-decka-bi-ze-lahko-bila-pri-starih-starsih-a-kopac-mrakova-ne-ukrepa\/\" \/>\n<meta property=\"og:site_name\" content=\"Hudo Slovenija\" \/>\n<meta property=\"article:publisher\" content=\"https:\/\/www.facebook.com\/hudo.si\" \/>\n<meta property=\"article:published_time\" content=\"2017-02-10T08:44:00+00:00\" \/>\n<meta property=\"article:modified_time\" content=\"2017-02-10T12:13:02+00:00\" \/>\n<meta property=\"og:image\" content=\"https:\/\/hudo.com\/si\/wp-content\/uploads\/sites\/2\/2017\/02\/63d523658d953143deea.jpeg\" \/>\n\t<meta property=\"og:image:width\" content=\"400\" \/>\n\t<meta property=\"og:image:height\" content=\"400\" \/>\n\t<meta property=\"og:image:type\" content=\"image\/jpeg\" \/>\n<meta name=\"author\" content=\"hudo\" \/>\n<meta name=\"twitter:card\" content=\"summary_large_image\" \/>\n<meta name=\"twitter:creator\" content=\"@hudo_si\" \/>\n<meta name=\"twitter:site\" content=\"@hudo_si\" \/>\n<meta name=\"twitter:label1\" content=\"Written by\" \/>\n\t<meta name=\"twitter:data1\" content=\"hudo\" \/>\n<script type=\"application\/ld+json\" class=\"yoast-schema-graph\">{\"@context\":\"https:\/\/schema.org\",\"@graph\":[{\"@type\":\"Article\",\"@id\":\"https:\/\/hudo.com\/si\/aktualno\/velenjska-decka-bi-ze-lahko-bila-pri-starih-starsih-a-kopac-mrakova-ne-ukrepa\/#article\",\"isPartOf\":{\"@id\":\"https:\/\/hudo.com\/si\/aktualno\/velenjska-decka-bi-ze-lahko-bila-pri-starih-starsih-a-kopac-mrakova-ne-ukrepa\/\"},\"author\":{\"name\":\"hudo\",\"@id\":\"https:\/\/hudo.com\/si\/#\/schema\/person\/601cf3379633985b20f7e50f2bb47707\"},\"headline\":\"Velenjska de\u010dka bi \u017ee lahko bila pri starih star\u0161ih, a Kopa\u010d Mrakova ne ukrepa\",\"datePublished\":\"2017-02-10T08:44:00+00:00\",\"dateModified\":\"2017-02-10T12:13:02+00:00\",\"mainEntityOfPage\":{\"@id\":\"https:\/\/hudo.com\/si\/aktualno\/velenjska-decka-bi-ze-lahko-bila-pri-starih-starsih-a-kopac-mrakova-ne-ukrepa\/\"},\"wordCount\":68,\"publisher\":{\"@id\":\"https:\/\/hudo.com\/si\/#organization\"},\"articleSection\":[\"Aktualno\"],\"inLanguage\":\"sl-SI\"},{\"@type\":\"WebPage\",\"@id\":\"https:\/\/hudo.com\/si\/aktualno\/velenjska-decka-bi-ze-lahko-bila-pri-starih-starsih-a-kopac-mrakova-ne-ukrepa\/\",\"url\":\"https:\/\/hudo.com\/si\/aktualno\/velenjska-decka-bi-ze-lahko-bila-pri-starih-starsih-a-kopac-mrakova-ne-ukrepa\/\",\"name\":\"Velenjska de\u010dka bi \u017ee lahko bila pri starih star\u0161ih, a Kopa\u010d Mrakova ne ukrepa - Hudo Slovenija\",\"isPartOf\":{\"@id\":\"https:\/\/hudo.com\/si\/#website\"},\"datePublished\":\"2017-02-10T08:44:00+00:00\",\"dateModified\":\"2017-02-10T12:13:02+00:00\",\"breadcrumb\":{\"@id\":\"https:\/\/hudo.com\/si\/aktualno\/velenjska-decka-bi-ze-lahko-bila-pri-starih-starsih-a-kopac-mrakova-ne-ukrepa\/#breadcrumb\"},\"inLanguage\":\"sl-SI\",\"potentialAction\":[{\"@type\":\"ReadAction\",\"target\":[\"https:\/\/hudo.com\/si\/aktualno\/velenjska-decka-bi-ze-lahko-bila-pri-starih-starsih-a-kopac-mrakova-ne-ukrepa\/\"]}]},{\"@type\":\"BreadcrumbList\",\"@id\":\"https:\/\/hudo.com\/si\/aktualno\/velenjska-decka-bi-ze-lahko-bila-pri-starih-starsih-a-kopac-mrakova-ne-ukrepa\/#breadcrumb\",\"itemListElement\":[{\"@type\":\"ListItem\",\"position\":1,\"name\":\"Home\",\"item\":\"https:\/\/hudo.com\/si\/\"},{\"@type\":\"ListItem\",\"position\":2,\"name\":\"Velenjska de\u010dka bi \u017ee lahko bila pri starih star\u0161ih, a Kopa\u010d Mrakova ne ukrepa\"}]},{\"@type\":\"WebSite\",\"@id\":\"https:\/\/hudo.com\/si\/#website\",\"url\":\"https:\/\/hudo.com\/si\/\",\"name\":\"Hudo Slovenija\",\"description\":\"Vse novice iz Slovenije in sveta\",\"publisher\":{\"@id\":\"https:\/\/hudo.com\/si\/#organization\"},\"potentialAction\":[{\"@type\":\"SearchAction\",\"target\":{\"@type\":\"EntryPoint\",\"urlTemplate\":\"https:\/\/hudo.com\/si\/?s={search_term_string}\"},\"query-input\":\"required name=search_term_string\"}],\"inLanguage\":\"sl-SI\"},{\"@type\":\"Organization\",\"@id\":\"https:\/\/hudo.com\/si\/#organization\",\"name\":\"VSN Media\",\"url\":\"https:\/\/hudo.com\/si\/\",\"logo\":{\"@type\":\"ImageObject\",\"inLanguage\":\"sl-SI\",\"@id\":\"https:\/\/hudo.com\/si\/#\/schema\/logo\/image\/\",\"url\":\"https:\/\/hudo.com\/si\/wp-content\/uploads\/sites\/2\/2021\/03\/hudo-app-2.png\",\"contentUrl\":\"https:\/\/hudo.com\/si\/wp-content\/uploads\/sites\/2\/2021\/03\/hudo-app-2.png\",\"width\":2185,\"height\":2167,\"caption\":\"VSN Media\"},\"image\":{\"@id\":\"https:\/\/hudo.com\/si\/#\/schema\/logo\/image\/\"},\"sameAs\":[\"https:\/\/www.facebook.com\/hudo.si\",\"https:\/\/twitter.com\/hudo_si\"]},{\"@type\":\"Person\",\"@id\":\"https:\/\/hudo.com\/si\/#\/schema\/person\/601cf3379633985b20f7e50f2bb47707\",\"name\":\"hudo\",\"image\":{\"@type\":\"ImageObject\",\"inLanguage\":\"sl-SI\",\"@id\":\"https:\/\/hudo.com\/si\/#\/schema\/person\/image\/\",\"url\":\"https:\/\/secure.gravatar.com\/avatar\/c4ca25fa72cace7a696b52ff5db9e095?s=96&d=mm&r=g\",\"contentUrl\":\"https:\/\/secure.gravatar.com\/avatar\/c4ca25fa72cace7a696b52ff5db9e095?s=96&d=mm&r=g\",\"caption\":\"hudo\"},\"url\":\"https:\/\/hudo.com\/si\/author\/hudo\/\"}]}<\/script>\n<!-- \/ Yoast SEO plugin. -->","yoast_head_json":{"title":"Velenjska de\u010dka bi \u017ee lahko bila pri starih star\u0161ih, a Kopa\u010d Mrakova ne ukrepa - Hudo Slovenija","robots":{"index":"index","follow":"follow","max-snippet":"max-snippet:-1","max-image-preview":"max-image-preview:large","max-video-preview":"max-video-preview:-1"},"canonical":"https:\/\/hudo.com\/si\/aktualno\/velenjska-decka-bi-ze-lahko-bila-pri-starih-starsih-a-kopac-mrakova-ne-ukrepa\/","og_locale":"sl_SI","og_type":"article","og_title":"Velenjska de\u010dka bi \u017ee lahko bila pri starih star\u0161ih, a Kopa\u010d Mrakova ne ukrepa - Hudo Slovenija","og_description":"Velenjska de\u010dka kljub odlo\u010ditvi vrhovnega in ustavnega sodi\u0161\u010da ostajata v rejni\u0161ki dru\u017eini. Nova direktorica CSD Valerija Kidri\u010d ne ukrepa, ministrica Anja Kopa\u010d Mrak zadeve ne komentira.\u00a0\"Ministrstvo bi moralo odlo\u010dbo CSD odpraviti, de\u010dka pa vrniti starim star\u0161em,\" je prepri\u010dan socialni delavec Franci Donko.","og_url":"https:\/\/hudo.com\/si\/aktualno\/velenjska-decka-bi-ze-lahko-bila-pri-starih-starsih-a-kopac-mrakova-ne-ukrepa\/","og_site_name":"Hudo Slovenija","article_publisher":"https:\/\/www.facebook.com\/hudo.si","article_published_time":"2017-02-10T08:44:00+00:00","article_modified_time":"2017-02-10T12:13:02+00:00","og_image":[{"width":400,"height":400,"url":"https:\/\/hudo.com\/si\/wp-content\/uploads\/sites\/2\/2017\/02\/63d523658d953143deea.jpeg","type":"image\/jpeg"}],"author":"hudo","twitter_card":"summary_large_image","twitter_creator":"@hudo_si","twitter_site":"@hudo_si","twitter_misc":{"Written by":"hudo"},"schema":{"@context":"https:\/\/schema.org","@graph":[{"@type":"Article","@id":"https:\/\/hudo.com\/si\/aktualno\/velenjska-decka-bi-ze-lahko-bila-pri-starih-starsih-a-kopac-mrakova-ne-ukrepa\/#article","isPartOf":{"@id":"https:\/\/hudo.com\/si\/aktualno\/velenjska-decka-bi-ze-lahko-bila-pri-starih-starsih-a-kopac-mrakova-ne-ukrepa\/"},"author":{"name":"hudo","@id":"https:\/\/hudo.com\/si\/#\/schema\/person\/601cf3379633985b20f7e50f2bb47707"},"headline":"Velenjska de\u010dka bi \u017ee lahko bila pri starih star\u0161ih, a Kopa\u010d Mrakova ne ukrepa","datePublished":"2017-02-10T08:44:00+00:00","dateModified":"2017-02-10T12:13:02+00:00","mainEntityOfPage":{"@id":"https:\/\/hudo.com\/si\/aktualno\/velenjska-decka-bi-ze-lahko-bila-pri-starih-starsih-a-kopac-mrakova-ne-ukrepa\/"},"wordCount":68,"publisher":{"@id":"https:\/\/hudo.com\/si\/#organization"},"articleSection":["Aktualno"],"inLanguage":"sl-SI"},{"@type":"WebPage","@id":"https:\/\/hudo.com\/si\/aktualno\/velenjska-decka-bi-ze-lahko-bila-pri-starih-starsih-a-kopac-mrakova-ne-ukrepa\/","url":"https:\/\/hudo.com\/si\/aktualno\/velenjska-decka-bi-ze-lahko-bila-pri-starih-starsih-a-kopac-mrakova-ne-ukrepa\/","name":"Velenjska de\u010dka bi \u017ee lahko bila pri starih star\u0161ih, a Kopa\u010d Mrakova ne ukrepa - Hudo Slovenija","isPartOf":{"@id":"https:\/\/hudo.com\/si\/#website"},"datePublished":"2017-02-10T08:44:00+00:00","dateModified":"2017-02-10T12:13:02+00:00","breadcrumb":{"@id":"https:\/\/hudo.com\/si\/aktualno\/velenjska-decka-bi-ze-lahko-bila-pri-starih-starsih-a-kopac-mrakova-ne-ukrepa\/#breadcrumb"},"inLanguage":"sl-SI","potentialAction":[{"@type":"ReadAction","target":["https:\/\/hudo.com\/si\/aktualno\/velenjska-decka-bi-ze-lahko-bila-pri-starih-starsih-a-kopac-mrakova-ne-ukrepa\/"]}]},{"@type":"BreadcrumbList","@id":"https:\/\/hudo.com\/si\/aktualno\/velenjska-decka-bi-ze-lahko-bila-pri-starih-starsih-a-kopac-mrakova-ne-ukrepa\/#breadcrumb","itemListElement":[{"@type":"ListItem","position":1,"name":"Home","item":"https:\/\/hudo.com\/si\/"},{"@type":"ListItem","position":2,"name":"Velenjska de\u010dka bi \u017ee lahko bila pri starih star\u0161ih, a Kopa\u010d Mrakova ne ukrepa"}]},{"@type":"WebSite","@id":"https:\/\/hudo.com\/si\/#website","url":"https:\/\/hudo.com\/si\/","name":"Hudo Slovenija","description":"Vse novice iz Slovenije in sveta","publisher":{"@id":"https:\/\/hudo.com\/si\/#organization"},"potentialAction":[{"@type":"SearchAction","target":{"@type":"EntryPoint","urlTemplate":"https:\/\/hudo.com\/si\/?s={search_term_string}"},"query-input":"required name=search_term_string"}],"inLanguage":"sl-SI"},{"@type":"Organization","@id":"https:\/\/hudo.com\/si\/#organization","name":"VSN Media","url":"https:\/\/hudo.com\/si\/","logo":{"@type":"ImageObject","inLanguage":"sl-SI","@id":"https:\/\/hudo.com\/si\/#\/schema\/logo\/image\/","url":"https:\/\/hudo.com\/si\/wp-content\/uploads\/sites\/2\/2021\/03\/hudo-app-2.png","contentUrl":"https:\/\/hudo.com\/si\/wp-content\/uploads\/sites\/2\/2021\/03\/hudo-app-2.png","width":2185,"height":2167,"caption":"VSN Media"},"image":{"@id":"https:\/\/hudo.com\/si\/#\/schema\/logo\/image\/"},"sameAs":["https:\/\/www.facebook.com\/hudo.si","https:\/\/twitter.com\/hudo_si"]},{"@type":"Person","@id":"https:\/\/hudo.com\/si\/#\/schema\/person\/601cf3379633985b20f7e50f2bb47707","name":"hudo","image":{"@type":"ImageObject","inLanguage":"sl-SI","@id":"https:\/\/hudo.com\/si\/#\/schema\/person\/image\/","url":"https:\/\/secure.gravatar.com\/avatar\/c4ca25fa72cace7a696b52ff5db9e095?s=96&d=mm&r=g","contentUrl":"https:\/\/secure.gravatar.com\/avatar\/c4ca25fa72cace7a696b52ff5db9e095?s=96&d=mm&r=g","caption":"hudo"},"url":"https:\/\/hudo.com\/si\/author\/hudo\/"}]}},"amp_enabled":true,"_links":{"self":[{"href":"https:\/\/hudo.com\/si\/wp-json\/wp\/v2\/posts\/207579"}],"collection":[{"href":"https:\/\/hudo.com\/si\/wp-json\/wp\/v2\/posts"}],"about":[{"href":"https:\/\/hudo.com\/si\/wp-json\/wp\/v2\/types\/post"}],"author":[{"embeddable":true,"href":"https:\/\/hudo.com\/si\/wp-json\/wp\/v2\/users\/1"}],"replies":[{"embeddable":true,"href":"https:\/\/hudo.com\/si\/wp-json\/wp\/v2\/comments?post=207579"}],"version-history":[{"count":1,"href":"https:\/\/hudo.com\/si\/wp-json\/wp\/v2\/posts\/207579\/revisions"}],"predecessor-version":[{"id":207653,"href":"https:\/\/hudo.com\/si\/wp-json\/wp\/v2\/posts\/207579\/revisions\/207653"}],"wp:attachment":[{"href":"https:\/\/hudo.com\/si\/wp-json\/wp\/v2\/media?parent=207579"}],"wp:term":[{"taxonomy":"category","embeddable":true,"href":"https:\/\/hudo.com\/si\/wp-json\/wp\/v2\/categories?post=207579"},{"taxonomy":"post_tag","embeddable":true,"href":"https:\/\/hudo.com\/si\/wp-json\/wp\/v2\/tags?post=207579"},{"taxonomy":"source","embeddable":true,"href":"https:\/\/hudo.com\/si\/wp-json\/wp\/v2\/source?post=207579"},{"taxonomy":"supertag","embeddable":true,"href":"https:\/\/hudo.com\/si\/wp-json\/wp\/v2\/supertag?post=207579"}],"curies":[{"name":"wp","href":"https:\/\/api.w.org\/{rel}","templated":true}]}}