{"id":207619,"date":"2017-02-10T11:28:00","date_gmt":"2017-02-10T10:28:00","guid":{"rendered":"http:\/\/hudo.com\/si\/2017\/02\/10\/peter-prevc-v-kvalifikacijah-velik-korak-pred-konkurenco\/"},"modified":"2017-02-10T15:12:29","modified_gmt":"2017-02-10T14:12:29","slug":"peter-prevc-v-kvalifikacijah-velik-korak-pred-konkurenco","status":"publish","type":"post","link":"https:\/\/hudo.com\/si\/aktualno\/peter-prevc-v-kvalifikacijah-velik-korak-pred-konkurenco\/","title":{"rendered":"Peter Prevc v kvalifikacijah velik korak pred konkurenco"},"content":{"rendered":"<p>Kategorija: Zimski Fri, 10 Feb 2017 12:28:00 +0100  Saporo &#8211; \u010ce so bile tekme svetovnega pokala smu\u010darskih skakalcev v Saporu minula leta zelo okrnjene in pogosto pravcata \u00bbodprta prvenstva Slovenije\u00ab, letos ni tako, saj je konkurenca mo\u010dna kot \u017ee dolgo ne. Azijske mini turneje tako ne bo izpustil nobeden od najresnej\u0161ih kandidatov za veliki kristalni globus. Danes so v Saporu \u017ee spravili pod streho kvalifikacije za jutri\u0161njo prvo posami\u010dno preizku\u0161njo (s \u0161tartom ob 8.30 po srednjeevropskem \u010dasu), v katerih je blestel Peter Prevc, ki je s konkurenco v Saporu opravil \u017ee v minulih treh letih (vsaki\u010d po enkrat) in mu ta naprava zelo ustreza. Danes je na skakalnici z rekordom 143.5 metra, ki se je lani posre\u010dil Norve\u017eanu Andersu Fannemelu, jadral kar 138 metrov dale\u010d, s \u010dimer je prvega kvalifikacijskega zasledovalca, Francoza Vincenta Descombesa Sevoieja, preletel za kar deset\u00a0&#8230;<\/p>\n","protected":false},"excerpt":{"rendered":"<p>Kategorija: Zimski Fri, 10 Feb 2017 12:28:00 +0100  Saporo &#8211; \u010ce so bile tekme svetovnega pokala smu\u010darskih skakalcev v Saporu minula leta zelo okrnjene in pogosto pravcata \u00bbodprta prvenstva Slovenije\u00ab, letos ni tako, saj je konkurenca mo\u010dna kot \u017ee dolgo ne. Azijske mini turneje tako ne bo izpustil nobeden od najresnej\u0161ih kandidatov za veliki kristalni globus. Danes so v Saporu \u017ee spravili pod streho kvalifikacije za jutri\u0161njo prvo posami\u010dno preizku\u0161njo (s \u0161tartom ob 8.30 po srednjeevropskem \u010dasu), v katerih je blestel Peter Prevc, ki je s konkurenco v Saporu opravil \u017ee v minulih treh letih (vsaki\u010d po enkrat) in mu ta naprava zelo ustreza. Danes je na skakalnici z rekordom 143.5 metra, ki se je lani posre\u010dil Norve\u017eanu Andersu Fannemelu, jadral kar 138 metrov dale\u010d, s \u010dimer je prvega kvalifikacijskega zasledovalca, Francoza Vincenta Descombesa Sevoieja, preletel za kar deset\u00a0&#8230;<\/p>\n","protected":false},"author":1,"featured_media":0,"comment_status":"closed","ping_status":"closed","sticky":false,"template":"","format":"standard","meta":{"footnotes":""},"categories":[1179],"tags":[],"source":[1703],"supertag":[],"acf":[],"yoast_head":"<!-- This site is optimized with the Yoast SEO plugin v21.3 - https:\/\/yoast.com\/wordpress\/plugins\/seo\/ -->\n<title>Peter Prevc v kvalifikacijah velik korak pred konkurenco - Hudo Slovenija<\/title>\n<meta name=\"robots\" content=\"index, follow, max-snippet:-1, max-image-preview:large, max-video-preview:-1\" \/>\n<link rel=\"canonical\" href=\"https:\/\/hudo.com\/si\/aktualno\/peter-prevc-v-kvalifikacijah-velik-korak-pred-konkurenco\/\" \/>\n<meta property=\"og:locale\" content=\"sl_SI\" \/>\n<meta property=\"og:type\" content=\"article\" \/>\n<meta property=\"og:title\" content=\"Peter Prevc v kvalifikacijah velik korak pred konkurenco - Hudo Slovenija\" \/>\n<meta property=\"og:description\" content=\"Kategorija: Zimski Fri, 10 Feb 2017 12:28:00 +0100 Saporo - \u010ce so bile tekme svetovnega pokala smu\u010darskih skakalcev v Saporu minula leta zelo okrnjene in pogosto pravcata \u00bbodprta prvenstva Slovenije\u00ab, letos ni tako, saj je konkurenca mo\u010dna kot \u017ee dolgo ne. Azijske mini turneje tako ne bo izpustil nobeden od najresnej\u0161ih kandidatov za veliki kristalni globus. Danes so v Saporu \u017ee spravili pod streho kvalifikacije za jutri\u0161njo prvo posami\u010dno preizku\u0161njo (s \u0161tartom ob 8.30 po srednjeevropskem \u010dasu), v katerih je blestel Peter Prevc, ki je s konkurenco v Saporu opravil \u017ee v minulih treh letih (vsaki\u010d po enkrat) in mu ta naprava zelo ustreza. Danes je na skakalnici z rekordom 143.5 metra, ki se je lani posre\u010dil Norve\u017eanu Andersu Fannemelu, jadral kar 138 metrov dale\u010d, s \u010dimer je prvega kvalifikacijskega zasledovalca, Francoza Vincenta Descombesa Sevoieja, preletel za kar deset\u00a0...\" \/>\n<meta property=\"og:url\" content=\"https:\/\/hudo.com\/si\/aktualno\/peter-prevc-v-kvalifikacijah-velik-korak-pred-konkurenco\/\" \/>\n<meta property=\"og:site_name\" content=\"Hudo Slovenija\" \/>\n<meta property=\"article:publisher\" content=\"https:\/\/www.facebook.com\/hudo.si\" \/>\n<meta property=\"article:published_time\" content=\"2017-02-10T10:28:00+00:00\" \/>\n<meta property=\"article:modified_time\" content=\"2017-02-10T14:12:29+00:00\" \/>\n<meta property=\"og:image\" content=\"https:\/\/hudo.com\/si\/wp-content\/uploads\/sites\/2\/2017\/02\/480x290_AP_Pictures-20170205165112-49283700.jpeg\" \/>\n\t<meta property=\"og:image:width\" content=\"480\" \/>\n\t<meta property=\"og:image:height\" content=\"290\" \/>\n\t<meta property=\"og:image:type\" content=\"image\/jpeg\" \/>\n<meta name=\"author\" content=\"hudo\" \/>\n<meta name=\"twitter:card\" content=\"summary_large_image\" \/>\n<meta name=\"twitter:creator\" content=\"@hudo_si\" \/>\n<meta name=\"twitter:site\" content=\"@hudo_si\" \/>\n<meta name=\"twitter:label1\" content=\"Written by\" \/>\n\t<meta name=\"twitter:data1\" content=\"hudo\" \/>\n\t<meta name=\"twitter:label2\" content=\"Est. reading time\" \/>\n\t<meta name=\"twitter:data2\" content=\"1 minuta\" \/>\n<script type=\"application\/ld+json\" class=\"yoast-schema-graph\">{\"@context\":\"https:\/\/schema.org\",\"@graph\":[{\"@type\":\"Article\",\"@id\":\"https:\/\/hudo.com\/si\/aktualno\/peter-prevc-v-kvalifikacijah-velik-korak-pred-konkurenco\/#article\",\"isPartOf\":{\"@id\":\"https:\/\/hudo.com\/si\/aktualno\/peter-prevc-v-kvalifikacijah-velik-korak-pred-konkurenco\/\"},\"author\":{\"name\":\"hudo\",\"@id\":\"https:\/\/hudo.com\/si\/#\/schema\/person\/601cf3379633985b20f7e50f2bb47707\"},\"headline\":\"Peter Prevc v kvalifikacijah velik korak pred konkurenco\",\"datePublished\":\"2017-02-10T10:28:00+00:00\",\"dateModified\":\"2017-02-10T14:12:29+00:00\",\"mainEntityOfPage\":{\"@id\":\"https:\/\/hudo.com\/si\/aktualno\/peter-prevc-v-kvalifikacijah-velik-korak-pred-konkurenco\/\"},\"wordCount\":148,\"publisher\":{\"@id\":\"https:\/\/hudo.com\/si\/#organization\"},\"articleSection\":[\"Aktualno\"],\"inLanguage\":\"sl-SI\"},{\"@type\":\"WebPage\",\"@id\":\"https:\/\/hudo.com\/si\/aktualno\/peter-prevc-v-kvalifikacijah-velik-korak-pred-konkurenco\/\",\"url\":\"https:\/\/hudo.com\/si\/aktualno\/peter-prevc-v-kvalifikacijah-velik-korak-pred-konkurenco\/\",\"name\":\"Peter Prevc v kvalifikacijah velik korak pred konkurenco - Hudo Slovenija\",\"isPartOf\":{\"@id\":\"https:\/\/hudo.com\/si\/#website\"},\"datePublished\":\"2017-02-10T10:28:00+00:00\",\"dateModified\":\"2017-02-10T14:12:29+00:00\",\"breadcrumb\":{\"@id\":\"https:\/\/hudo.com\/si\/aktualno\/peter-prevc-v-kvalifikacijah-velik-korak-pred-konkurenco\/#breadcrumb\"},\"inLanguage\":\"sl-SI\",\"potentialAction\":[{\"@type\":\"ReadAction\",\"target\":[\"https:\/\/hudo.com\/si\/aktualno\/peter-prevc-v-kvalifikacijah-velik-korak-pred-konkurenco\/\"]}]},{\"@type\":\"BreadcrumbList\",\"@id\":\"https:\/\/hudo.com\/si\/aktualno\/peter-prevc-v-kvalifikacijah-velik-korak-pred-konkurenco\/#breadcrumb\",\"itemListElement\":[{\"@type\":\"ListItem\",\"position\":1,\"name\":\"Home\",\"item\":\"https:\/\/hudo.com\/si\/\"},{\"@type\":\"ListItem\",\"position\":2,\"name\":\"Peter Prevc v kvalifikacijah velik korak pred konkurenco\"}]},{\"@type\":\"WebSite\",\"@id\":\"https:\/\/hudo.com\/si\/#website\",\"url\":\"https:\/\/hudo.com\/si\/\",\"name\":\"Hudo Slovenija\",\"description\":\"Vse novice iz Slovenije in sveta\",\"publisher\":{\"@id\":\"https:\/\/hudo.com\/si\/#organization\"},\"potentialAction\":[{\"@type\":\"SearchAction\",\"target\":{\"@type\":\"EntryPoint\",\"urlTemplate\":\"https:\/\/hudo.com\/si\/?s={search_term_string}\"},\"query-input\":\"required name=search_term_string\"}],\"inLanguage\":\"sl-SI\"},{\"@type\":\"Organization\",\"@id\":\"https:\/\/hudo.com\/si\/#organization\",\"name\":\"VSN Media\",\"url\":\"https:\/\/hudo.com\/si\/\",\"logo\":{\"@type\":\"ImageObject\",\"inLanguage\":\"sl-SI\",\"@id\":\"https:\/\/hudo.com\/si\/#\/schema\/logo\/image\/\",\"url\":\"https:\/\/hudo.com\/si\/wp-content\/uploads\/sites\/2\/2021\/03\/hudo-app-2.png\",\"contentUrl\":\"https:\/\/hudo.com\/si\/wp-content\/uploads\/sites\/2\/2021\/03\/hudo-app-2.png\",\"width\":2185,\"height\":2167,\"caption\":\"VSN Media\"},\"image\":{\"@id\":\"https:\/\/hudo.com\/si\/#\/schema\/logo\/image\/\"},\"sameAs\":[\"https:\/\/www.facebook.com\/hudo.si\",\"https:\/\/twitter.com\/hudo_si\"]},{\"@type\":\"Person\",\"@id\":\"https:\/\/hudo.com\/si\/#\/schema\/person\/601cf3379633985b20f7e50f2bb47707\",\"name\":\"hudo\",\"image\":{\"@type\":\"ImageObject\",\"inLanguage\":\"sl-SI\",\"@id\":\"https:\/\/hudo.com\/si\/#\/schema\/person\/image\/\",\"url\":\"https:\/\/secure.gravatar.com\/avatar\/c4ca25fa72cace7a696b52ff5db9e095?s=96&d=mm&r=g\",\"contentUrl\":\"https:\/\/secure.gravatar.com\/avatar\/c4ca25fa72cace7a696b52ff5db9e095?s=96&d=mm&r=g\",\"caption\":\"hudo\"},\"url\":\"https:\/\/hudo.com\/si\/author\/hudo\/\"}]}<\/script>\n<!-- \/ Yoast SEO plugin. -->","yoast_head_json":{"title":"Peter Prevc v kvalifikacijah velik korak pred konkurenco - Hudo Slovenija","robots":{"index":"index","follow":"follow","max-snippet":"max-snippet:-1","max-image-preview":"max-image-preview:large","max-video-preview":"max-video-preview:-1"},"canonical":"https:\/\/hudo.com\/si\/aktualno\/peter-prevc-v-kvalifikacijah-velik-korak-pred-konkurenco\/","og_locale":"sl_SI","og_type":"article","og_title":"Peter Prevc v kvalifikacijah velik korak pred konkurenco - Hudo Slovenija","og_description":"Kategorija: Zimski Fri, 10 Feb 2017 12:28:00 +0100 Saporo - \u010ce so bile tekme svetovnega pokala smu\u010darskih skakalcev v Saporu minula leta zelo okrnjene in pogosto pravcata \u00bbodprta prvenstva Slovenije\u00ab, letos ni tako, saj je konkurenca mo\u010dna kot \u017ee dolgo ne. Azijske mini turneje tako ne bo izpustil nobeden od najresnej\u0161ih kandidatov za veliki kristalni globus. Danes so v Saporu \u017ee spravili pod streho kvalifikacije za jutri\u0161njo prvo posami\u010dno preizku\u0161njo (s \u0161tartom ob 8.30 po srednjeevropskem \u010dasu), v katerih je blestel Peter Prevc, ki je s konkurenco v Saporu opravil \u017ee v minulih treh letih (vsaki\u010d po enkrat) in mu ta naprava zelo ustreza. Danes je na skakalnici z rekordom 143.5 metra, ki se je lani posre\u010dil Norve\u017eanu Andersu Fannemelu, jadral kar 138 metrov dale\u010d, s \u010dimer je prvega kvalifikacijskega zasledovalca, Francoza Vincenta Descombesa Sevoieja, preletel za kar deset\u00a0...","og_url":"https:\/\/hudo.com\/si\/aktualno\/peter-prevc-v-kvalifikacijah-velik-korak-pred-konkurenco\/","og_site_name":"Hudo Slovenija","article_publisher":"https:\/\/www.facebook.com\/hudo.si","article_published_time":"2017-02-10T10:28:00+00:00","article_modified_time":"2017-02-10T14:12:29+00:00","og_image":[{"width":480,"height":290,"url":"https:\/\/hudo.com\/si\/wp-content\/uploads\/sites\/2\/2017\/02\/480x290_AP_Pictures-20170205165112-49283700.jpeg","type":"image\/jpeg"}],"author":"hudo","twitter_card":"summary_large_image","twitter_creator":"@hudo_si","twitter_site":"@hudo_si","twitter_misc":{"Written by":"hudo","Est. reading time":"1 minuta"},"schema":{"@context":"https:\/\/schema.org","@graph":[{"@type":"Article","@id":"https:\/\/hudo.com\/si\/aktualno\/peter-prevc-v-kvalifikacijah-velik-korak-pred-konkurenco\/#article","isPartOf":{"@id":"https:\/\/hudo.com\/si\/aktualno\/peter-prevc-v-kvalifikacijah-velik-korak-pred-konkurenco\/"},"author":{"name":"hudo","@id":"https:\/\/hudo.com\/si\/#\/schema\/person\/601cf3379633985b20f7e50f2bb47707"},"headline":"Peter Prevc v kvalifikacijah velik korak pred konkurenco","datePublished":"2017-02-10T10:28:00+00:00","dateModified":"2017-02-10T14:12:29+00:00","mainEntityOfPage":{"@id":"https:\/\/hudo.com\/si\/aktualno\/peter-prevc-v-kvalifikacijah-velik-korak-pred-konkurenco\/"},"wordCount":148,"publisher":{"@id":"https:\/\/hudo.com\/si\/#organization"},"articleSection":["Aktualno"],"inLanguage":"sl-SI"},{"@type":"WebPage","@id":"https:\/\/hudo.com\/si\/aktualno\/peter-prevc-v-kvalifikacijah-velik-korak-pred-konkurenco\/","url":"https:\/\/hudo.com\/si\/aktualno\/peter-prevc-v-kvalifikacijah-velik-korak-pred-konkurenco\/","name":"Peter Prevc v kvalifikacijah velik korak pred konkurenco - Hudo Slovenija","isPartOf":{"@id":"https:\/\/hudo.com\/si\/#website"},"datePublished":"2017-02-10T10:28:00+00:00","dateModified":"2017-02-10T14:12:29+00:00","breadcrumb":{"@id":"https:\/\/hudo.com\/si\/aktualno\/peter-prevc-v-kvalifikacijah-velik-korak-pred-konkurenco\/#breadcrumb"},"inLanguage":"sl-SI","potentialAction":[{"@type":"ReadAction","target":["https:\/\/hudo.com\/si\/aktualno\/peter-prevc-v-kvalifikacijah-velik-korak-pred-konkurenco\/"]}]},{"@type":"BreadcrumbList","@id":"https:\/\/hudo.com\/si\/aktualno\/peter-prevc-v-kvalifikacijah-velik-korak-pred-konkurenco\/#breadcrumb","itemListElement":[{"@type":"ListItem","position":1,"name":"Home","item":"https:\/\/hudo.com\/si\/"},{"@type":"ListItem","position":2,"name":"Peter Prevc v kvalifikacijah velik korak pred konkurenco"}]},{"@type":"WebSite","@id":"https:\/\/hudo.com\/si\/#website","url":"https:\/\/hudo.com\/si\/","name":"Hudo Slovenija","description":"Vse novice iz Slovenije in sveta","publisher":{"@id":"https:\/\/hudo.com\/si\/#organization"},"potentialAction":[{"@type":"SearchAction","target":{"@type":"EntryPoint","urlTemplate":"https:\/\/hudo.com\/si\/?s={search_term_string}"},"query-input":"required name=search_term_string"}],"inLanguage":"sl-SI"},{"@type":"Organization","@id":"https:\/\/hudo.com\/si\/#organization","name":"VSN Media","url":"https:\/\/hudo.com\/si\/","logo":{"@type":"ImageObject","inLanguage":"sl-SI","@id":"https:\/\/hudo.com\/si\/#\/schema\/logo\/image\/","url":"https:\/\/hudo.com\/si\/wp-content\/uploads\/sites\/2\/2021\/03\/hudo-app-2.png","contentUrl":"https:\/\/hudo.com\/si\/wp-content\/uploads\/sites\/2\/2021\/03\/hudo-app-2.png","width":2185,"height":2167,"caption":"VSN Media"},"image":{"@id":"https:\/\/hudo.com\/si\/#\/schema\/logo\/image\/"},"sameAs":["https:\/\/www.facebook.com\/hudo.si","https:\/\/twitter.com\/hudo_si"]},{"@type":"Person","@id":"https:\/\/hudo.com\/si\/#\/schema\/person\/601cf3379633985b20f7e50f2bb47707","name":"hudo","image":{"@type":"ImageObject","inLanguage":"sl-SI","@id":"https:\/\/hudo.com\/si\/#\/schema\/person\/image\/","url":"https:\/\/secure.gravatar.com\/avatar\/c4ca25fa72cace7a696b52ff5db9e095?s=96&d=mm&r=g","contentUrl":"https:\/\/secure.gravatar.com\/avatar\/c4ca25fa72cace7a696b52ff5db9e095?s=96&d=mm&r=g","caption":"hudo"},"url":"https:\/\/hudo.com\/si\/author\/hudo\/"}]}},"amp_enabled":true,"_links":{"self":[{"href":"https:\/\/hudo.com\/si\/wp-json\/wp\/v2\/posts\/207619"}],"collection":[{"href":"https:\/\/hudo.com\/si\/wp-json\/wp\/v2\/posts"}],"about":[{"href":"https:\/\/hudo.com\/si\/wp-json\/wp\/v2\/types\/post"}],"author":[{"embeddable":true,"href":"https:\/\/hudo.com\/si\/wp-json\/wp\/v2\/users\/1"}],"replies":[{"embeddable":true,"href":"https:\/\/hudo.com\/si\/wp-json\/wp\/v2\/comments?post=207619"}],"version-history":[{"count":1,"href":"https:\/\/hudo.com\/si\/wp-json\/wp\/v2\/posts\/207619\/revisions"}],"predecessor-version":[{"id":207689,"href":"https:\/\/hudo.com\/si\/wp-json\/wp\/v2\/posts\/207619\/revisions\/207689"}],"wp:attachment":[{"href":"https:\/\/hudo.com\/si\/wp-json\/wp\/v2\/media?parent=207619"}],"wp:term":[{"taxonomy":"category","embeddable":true,"href":"https:\/\/hudo.com\/si\/wp-json\/wp\/v2\/categories?post=207619"},{"taxonomy":"post_tag","embeddable":true,"href":"https:\/\/hudo.com\/si\/wp-json\/wp\/v2\/tags?post=207619"},{"taxonomy":"source","embeddable":true,"href":"https:\/\/hudo.com\/si\/wp-json\/wp\/v2\/source?post=207619"},{"taxonomy":"supertag","embeddable":true,"href":"https:\/\/hudo.com\/si\/wp-json\/wp\/v2\/supertag?post=207619"}],"curies":[{"name":"wp","href":"https:\/\/api.w.org\/{rel}","templated":true}]}}