{"id":207629,"date":"2017-02-10T11:08:00","date_gmt":"2017-02-10T10:08:00","guid":{"rendered":"http:\/\/hudo.com\/si\/2017\/02\/10\/orbanova-nova-protibegunska-fronta\/"},"modified":"2017-02-10T15:12:41","modified_gmt":"2017-02-10T14:12:41","slug":"orbanova-nova-protibegunska-fronta","status":"publish","type":"post","link":"https:\/\/hudo.com\/si\/aktualno\/orbanova-nova-protibegunska-fronta\/","title":{"rendered":"Orbanova nova protibegunska fronta"},"content":{"rendered":"<p>Mad\u017earska snuje nov protibegunski na\u010drt, s katerim \u017eeli od vstopa v dr\u017eavo in vlo\u017eitve pro\u0161nje za azil \u0161e dodatno odvrniti morebitne prosilce za azil. Slednje nameravajo namestiti v centre za pridr\u017eanje, ker bodo imeli omejeno gibanje, je danes napovedal J\u00e1nos L\u00e1z\u00e1r, minister v kabinetu predsednika mlad\u017earske vlade Viktor Orb\u00e1n. V ta namen nameravajo spremeniti \u0161tiri zakone, med njimi zakon o dr\u017eavni meji in zakon o azilu. Ob tem je Orban odkrito priznal, da bodo nova pravila najbr\u017e v nasprotju z zakonodajo EU, a je po njegovem zaradi samoobrambe potrebno spremeniti vso zakonodajo, ki olaj\u0161uje izvedbo teroristi\u010dnih dejanj.Orban je tudi sicer znan po svojih ksenofobnih protibegunskih stali\u0161\u010dih, tako je \u017ee ve\u010dkrat ponovil, da za begunce islamske veroizpovedi ni prostora v kr\u0161\u010danski Evropi. Prosilci za azil, trenutno jih je na Mad\u017earskem 586 in se lahko za zdaj \u0161e svobodno gibljejo po dr\u017eavi, bodo preme\u0161\u010deni v centre za pridr\u017eanje, ki bodo postavljeni ob meji. Bivali bodo v kontejnerjih, njihovo gibanje pa bo omejeno na same centre, kjer bo prostora za 200 do 300 ljudi, vse dokler ne bo odlo\u010deno o njihovi pro\u0161nji za mednarodno za\u0161\u010dito, je na dana\u0161nji novinarski konferenci pojasnil L\u00e1z\u00e1r. A to ni edini ukrep, s katerim bodo Mad\u017eari \u0161e dodatno poskusili onemogo\u010diti prihod prosilcev za azil preko Srbije. Pred dnevi je Mad\u017earska npovedala, da bo na ju\u017eni meji postavila \u0161e drugo obrambno linijo &#8211; torej nov pas rezilne \u017eice. Ob tem pa so ravnokar ob tej isti meji postavili prvo od \u0161tirih na\u010drtovanih voja\u0161kih baz, v katerih bo bivalo po 150 vojakov, ki skupaj s policisti nadzirajo mad\u017earsko-srbski meji. Prva baza stoji v Kelebiji, kjer zdaj mad\u017earski organi dnevno v dr\u017eavo sprejmejo deset prosilcev za azil. \u0160e deset jih vsak dan spustijo \u010dez mejo tudi v Horgosu.\u0160port<\/p>\n","protected":false},"excerpt":{"rendered":"<p>Mad\u017earska snuje nov protibegunski na\u010drt, s katerim \u017eeli od vstopa v dr\u017eavo in vlo\u017eitve pro\u0161nje za azil \u0161e dodatno odvrniti morebitne prosilce za azil. Slednje nameravajo namestiti v centre za pridr\u017eanje, ker bodo imeli omejeno gibanje, je danes napovedal J\u00e1nos L\u00e1z\u00e1r, minister v kabinetu predsednika mlad\u017earske vlade Viktor Orb\u00e1n. V ta namen nameravajo spremeniti \u0161tiri zakone, med njimi zakon o dr\u017eavni meji in zakon o azilu. Ob tem je Orban odkrito priznal, da bodo nova pravila najbr\u017e v nasprotju z zakonodajo EU, a je po njegovem zaradi samoobrambe potrebno spremeniti vso zakonodajo, ki olaj\u0161uje izvedbo teroristi\u010dnih dejanj.Orban je tudi sicer znan po svojih ksenofobnih protibegunskih stali\u0161\u010dih, tako je \u017ee ve\u010dkrat ponovil, da za begunce islamske veroizpovedi ni prostora v kr\u0161\u010danski Evropi. Prosilci za azil, trenutno jih je na Mad\u017earskem 586 in se lahko za zdaj \u0161e svobodno gibljejo po dr\u017eavi, bodo preme\u0161\u010deni v centre za pridr\u017eanje, ki bodo postavljeni ob meji. Bivali bodo v kontejnerjih, njihovo gibanje pa bo omejeno na same centre, kjer bo prostora za 200 do 300 ljudi, vse dokler ne bo odlo\u010deno o njihovi pro\u0161nji za mednarodno za\u0161\u010dito, je na dana\u0161nji novinarski konferenci pojasnil L\u00e1z\u00e1r. A to ni edini ukrep, s katerim bodo Mad\u017eari \u0161e dodatno poskusili onemogo\u010diti prihod prosilcev za azil preko Srbije. Pred dnevi je Mad\u017earska npovedala, da bo na ju\u017eni meji postavila \u0161e drugo obrambno linijo &#8211; torej nov pas rezilne \u017eice. Ob tem pa so ravnokar ob tej isti meji postavili prvo od \u0161tirih na\u010drtovanih voja\u0161kih baz, v katerih bo bivalo po 150 vojakov, ki skupaj s policisti nadzirajo mad\u017earsko-srbski meji. Prva baza stoji v Kelebiji, kjer zdaj mad\u017earski organi dnevno v dr\u017eavo sprejmejo deset prosilcev za azil. \u0160e deset jih vsak dan spustijo \u010dez mejo tudi v Horgosu.\u0160port<\/p>\n","protected":false},"author":1,"featured_media":0,"comment_status":"closed","ping_status":"closed","sticky":false,"template":"","format":"standard","meta":{"footnotes":""},"categories":[1179],"tags":[],"source":[1711],"supertag":[],"acf":[],"yoast_head":"<!-- This site is optimized with the Yoast SEO plugin v21.3 - https:\/\/yoast.com\/wordpress\/plugins\/seo\/ -->\n<title>Orbanova nova protibegunska fronta - Hudo Slovenija<\/title>\n<meta name=\"robots\" content=\"index, follow, max-snippet:-1, max-image-preview:large, max-video-preview:-1\" \/>\n<link rel=\"canonical\" href=\"https:\/\/hudo.com\/si\/aktualno\/orbanova-nova-protibegunska-fronta\/\" \/>\n<meta property=\"og:locale\" content=\"sl_SI\" \/>\n<meta property=\"og:type\" content=\"article\" \/>\n<meta property=\"og:title\" content=\"Orbanova nova protibegunska fronta - Hudo Slovenija\" \/>\n<meta property=\"og:description\" content=\"Mad\u017earska snuje nov protibegunski na\u010drt, s katerim \u017eeli od vstopa v dr\u017eavo in vlo\u017eitve pro\u0161nje za azil \u0161e dodatno odvrniti morebitne prosilce za azil. Slednje nameravajo namestiti v centre za pridr\u017eanje, ker bodo imeli omejeno gibanje, je danes napovedal J\u00e1nos L\u00e1z\u00e1r, minister v kabinetu predsednika mlad\u017earske vlade Viktor Orb\u00e1n. V ta namen nameravajo spremeniti \u0161tiri zakone, med njimi zakon o dr\u017eavni meji in zakon o azilu. Ob tem je Orban odkrito priznal, da bodo nova pravila najbr\u017e v nasprotju z zakonodajo EU, a je po njegovem zaradi samoobrambe potrebno spremeniti vso zakonodajo, ki olaj\u0161uje izvedbo teroristi\u010dnih dejanj.Orban je tudi sicer znan po svojih ksenofobnih protibegunskih stali\u0161\u010dih, tako je \u017ee ve\u010dkrat ponovil, da za begunce islamske veroizpovedi ni prostora v kr\u0161\u010danski Evropi. Prosilci za azil, trenutno jih je na Mad\u017earskem 586 in se lahko za zdaj \u0161e svobodno gibljejo po dr\u017eavi, bodo preme\u0161\u010deni v centre za pridr\u017eanje, ki bodo postavljeni ob meji. Bivali bodo v kontejnerjih, njihovo gibanje pa bo omejeno na same centre, kjer bo prostora za 200 do 300 ljudi, vse dokler ne bo odlo\u010deno o njihovi pro\u0161nji za mednarodno za\u0161\u010dito, je na dana\u0161nji novinarski konferenci pojasnil L\u00e1z\u00e1r. A to ni edini ukrep, s katerim bodo Mad\u017eari \u0161e dodatno poskusili onemogo\u010diti prihod prosilcev za azil preko Srbije. Pred dnevi je Mad\u017earska npovedala, da bo na ju\u017eni meji postavila \u0161e drugo obrambno linijo - torej nov pas rezilne \u017eice. Ob tem pa so ravnokar ob tej isti meji postavili prvo od \u0161tirih na\u010drtovanih voja\u0161kih baz, v katerih bo bivalo po 150 vojakov, ki skupaj s policisti nadzirajo mad\u017earsko-srbski meji. Prva baza stoji v Kelebiji, kjer zdaj mad\u017earski organi dnevno v dr\u017eavo sprejmejo deset prosilcev za azil. \u0160e deset jih vsak dan spustijo \u010dez mejo tudi v Horgosu.\u0160port\" \/>\n<meta property=\"og:url\" content=\"https:\/\/hudo.com\/si\/aktualno\/orbanova-nova-protibegunska-fronta\/\" \/>\n<meta property=\"og:site_name\" content=\"Hudo Slovenija\" \/>\n<meta property=\"article:publisher\" content=\"https:\/\/www.facebook.com\/hudo.si\" \/>\n<meta property=\"article:published_time\" content=\"2017-02-10T10:08:00+00:00\" \/>\n<meta property=\"article:modified_time\" content=\"2017-02-10T14:12:41+00:00\" \/>\n<meta property=\"og:image\" content=\"https:\/\/hudo.com\/si\/wp-content\/uploads\/sites\/2\/2017\/02\/05769226-300.jpg\" \/>\n\t<meta property=\"og:image:width\" content=\"450\" \/>\n\t<meta property=\"og:image:height\" content=\"340\" \/>\n\t<meta property=\"og:image:type\" content=\"image\/jpeg\" \/>\n<meta name=\"author\" content=\"hudo\" \/>\n<meta name=\"twitter:card\" content=\"summary_large_image\" \/>\n<meta name=\"twitter:creator\" content=\"@hudo_si\" \/>\n<meta name=\"twitter:site\" content=\"@hudo_si\" \/>\n<meta name=\"twitter:label1\" content=\"Written by\" \/>\n\t<meta name=\"twitter:data1\" content=\"hudo\" \/>\n\t<meta name=\"twitter:label2\" content=\"Est. reading time\" \/>\n\t<meta name=\"twitter:data2\" content=\"2 minuti\" \/>\n<script type=\"application\/ld+json\" class=\"yoast-schema-graph\">{\"@context\":\"https:\/\/schema.org\",\"@graph\":[{\"@type\":\"Article\",\"@id\":\"https:\/\/hudo.com\/si\/aktualno\/orbanova-nova-protibegunska-fronta\/#article\",\"isPartOf\":{\"@id\":\"https:\/\/hudo.com\/si\/aktualno\/orbanova-nova-protibegunska-fronta\/\"},\"author\":{\"name\":\"hudo\",\"@id\":\"https:\/\/hudo.com\/si\/#\/schema\/person\/601cf3379633985b20f7e50f2bb47707\"},\"headline\":\"Orbanova nova protibegunska fronta\",\"datePublished\":\"2017-02-10T10:08:00+00:00\",\"dateModified\":\"2017-02-10T14:12:41+00:00\",\"mainEntityOfPage\":{\"@id\":\"https:\/\/hudo.com\/si\/aktualno\/orbanova-nova-protibegunska-fronta\/\"},\"wordCount\":325,\"publisher\":{\"@id\":\"https:\/\/hudo.com\/si\/#organization\"},\"articleSection\":[\"Aktualno\"],\"inLanguage\":\"sl-SI\"},{\"@type\":\"WebPage\",\"@id\":\"https:\/\/hudo.com\/si\/aktualno\/orbanova-nova-protibegunska-fronta\/\",\"url\":\"https:\/\/hudo.com\/si\/aktualno\/orbanova-nova-protibegunska-fronta\/\",\"name\":\"Orbanova nova protibegunska fronta - Hudo Slovenija\",\"isPartOf\":{\"@id\":\"https:\/\/hudo.com\/si\/#website\"},\"datePublished\":\"2017-02-10T10:08:00+00:00\",\"dateModified\":\"2017-02-10T14:12:41+00:00\",\"breadcrumb\":{\"@id\":\"https:\/\/hudo.com\/si\/aktualno\/orbanova-nova-protibegunska-fronta\/#breadcrumb\"},\"inLanguage\":\"sl-SI\",\"potentialAction\":[{\"@type\":\"ReadAction\",\"target\":[\"https:\/\/hudo.com\/si\/aktualno\/orbanova-nova-protibegunska-fronta\/\"]}]},{\"@type\":\"BreadcrumbList\",\"@id\":\"https:\/\/hudo.com\/si\/aktualno\/orbanova-nova-protibegunska-fronta\/#breadcrumb\",\"itemListElement\":[{\"@type\":\"ListItem\",\"position\":1,\"name\":\"Home\",\"item\":\"https:\/\/hudo.com\/si\/\"},{\"@type\":\"ListItem\",\"position\":2,\"name\":\"Orbanova nova protibegunska fronta\"}]},{\"@type\":\"WebSite\",\"@id\":\"https:\/\/hudo.com\/si\/#website\",\"url\":\"https:\/\/hudo.com\/si\/\",\"name\":\"Hudo Slovenija\",\"description\":\"Vse novice iz Slovenije in sveta\",\"publisher\":{\"@id\":\"https:\/\/hudo.com\/si\/#organization\"},\"potentialAction\":[{\"@type\":\"SearchAction\",\"target\":{\"@type\":\"EntryPoint\",\"urlTemplate\":\"https:\/\/hudo.com\/si\/?s={search_term_string}\"},\"query-input\":\"required name=search_term_string\"}],\"inLanguage\":\"sl-SI\"},{\"@type\":\"Organization\",\"@id\":\"https:\/\/hudo.com\/si\/#organization\",\"name\":\"VSN Media\",\"url\":\"https:\/\/hudo.com\/si\/\",\"logo\":{\"@type\":\"ImageObject\",\"inLanguage\":\"sl-SI\",\"@id\":\"https:\/\/hudo.com\/si\/#\/schema\/logo\/image\/\",\"url\":\"https:\/\/hudo.com\/si\/wp-content\/uploads\/sites\/2\/2021\/03\/hudo-app-2.png\",\"contentUrl\":\"https:\/\/hudo.com\/si\/wp-content\/uploads\/sites\/2\/2021\/03\/hudo-app-2.png\",\"width\":2185,\"height\":2167,\"caption\":\"VSN Media\"},\"image\":{\"@id\":\"https:\/\/hudo.com\/si\/#\/schema\/logo\/image\/\"},\"sameAs\":[\"https:\/\/www.facebook.com\/hudo.si\",\"https:\/\/twitter.com\/hudo_si\"]},{\"@type\":\"Person\",\"@id\":\"https:\/\/hudo.com\/si\/#\/schema\/person\/601cf3379633985b20f7e50f2bb47707\",\"name\":\"hudo\",\"image\":{\"@type\":\"ImageObject\",\"inLanguage\":\"sl-SI\",\"@id\":\"https:\/\/hudo.com\/si\/#\/schema\/person\/image\/\",\"url\":\"https:\/\/secure.gravatar.com\/avatar\/c4ca25fa72cace7a696b52ff5db9e095?s=96&d=mm&r=g\",\"contentUrl\":\"https:\/\/secure.gravatar.com\/avatar\/c4ca25fa72cace7a696b52ff5db9e095?s=96&d=mm&r=g\",\"caption\":\"hudo\"},\"url\":\"https:\/\/hudo.com\/si\/author\/hudo\/\"}]}<\/script>\n<!-- \/ Yoast SEO plugin. -->","yoast_head_json":{"title":"Orbanova nova protibegunska fronta - Hudo Slovenija","robots":{"index":"index","follow":"follow","max-snippet":"max-snippet:-1","max-image-preview":"max-image-preview:large","max-video-preview":"max-video-preview:-1"},"canonical":"https:\/\/hudo.com\/si\/aktualno\/orbanova-nova-protibegunska-fronta\/","og_locale":"sl_SI","og_type":"article","og_title":"Orbanova nova protibegunska fronta - Hudo Slovenija","og_description":"Mad\u017earska snuje nov protibegunski na\u010drt, s katerim \u017eeli od vstopa v dr\u017eavo in vlo\u017eitve pro\u0161nje za azil \u0161e dodatno odvrniti morebitne prosilce za azil. Slednje nameravajo namestiti v centre za pridr\u017eanje, ker bodo imeli omejeno gibanje, je danes napovedal J\u00e1nos L\u00e1z\u00e1r, minister v kabinetu predsednika mlad\u017earske vlade Viktor Orb\u00e1n. V ta namen nameravajo spremeniti \u0161tiri zakone, med njimi zakon o dr\u017eavni meji in zakon o azilu. Ob tem je Orban odkrito priznal, da bodo nova pravila najbr\u017e v nasprotju z zakonodajo EU, a je po njegovem zaradi samoobrambe potrebno spremeniti vso zakonodajo, ki olaj\u0161uje izvedbo teroristi\u010dnih dejanj.Orban je tudi sicer znan po svojih ksenofobnih protibegunskih stali\u0161\u010dih, tako je \u017ee ve\u010dkrat ponovil, da za begunce islamske veroizpovedi ni prostora v kr\u0161\u010danski Evropi. Prosilci za azil, trenutno jih je na Mad\u017earskem 586 in se lahko za zdaj \u0161e svobodno gibljejo po dr\u017eavi, bodo preme\u0161\u010deni v centre za pridr\u017eanje, ki bodo postavljeni ob meji. Bivali bodo v kontejnerjih, njihovo gibanje pa bo omejeno na same centre, kjer bo prostora za 200 do 300 ljudi, vse dokler ne bo odlo\u010deno o njihovi pro\u0161nji za mednarodno za\u0161\u010dito, je na dana\u0161nji novinarski konferenci pojasnil L\u00e1z\u00e1r. A to ni edini ukrep, s katerim bodo Mad\u017eari \u0161e dodatno poskusili onemogo\u010diti prihod prosilcev za azil preko Srbije. Pred dnevi je Mad\u017earska npovedala, da bo na ju\u017eni meji postavila \u0161e drugo obrambno linijo - torej nov pas rezilne \u017eice. Ob tem pa so ravnokar ob tej isti meji postavili prvo od \u0161tirih na\u010drtovanih voja\u0161kih baz, v katerih bo bivalo po 150 vojakov, ki skupaj s policisti nadzirajo mad\u017earsko-srbski meji. Prva baza stoji v Kelebiji, kjer zdaj mad\u017earski organi dnevno v dr\u017eavo sprejmejo deset prosilcev za azil. \u0160e deset jih vsak dan spustijo \u010dez mejo tudi v Horgosu.\u0160port","og_url":"https:\/\/hudo.com\/si\/aktualno\/orbanova-nova-protibegunska-fronta\/","og_site_name":"Hudo Slovenija","article_publisher":"https:\/\/www.facebook.com\/hudo.si","article_published_time":"2017-02-10T10:08:00+00:00","article_modified_time":"2017-02-10T14:12:41+00:00","og_image":[{"width":450,"height":340,"url":"https:\/\/hudo.com\/si\/wp-content\/uploads\/sites\/2\/2017\/02\/05769226-300.jpg","type":"image\/jpeg"}],"author":"hudo","twitter_card":"summary_large_image","twitter_creator":"@hudo_si","twitter_site":"@hudo_si","twitter_misc":{"Written by":"hudo","Est. reading time":"2 minuti"},"schema":{"@context":"https:\/\/schema.org","@graph":[{"@type":"Article","@id":"https:\/\/hudo.com\/si\/aktualno\/orbanova-nova-protibegunska-fronta\/#article","isPartOf":{"@id":"https:\/\/hudo.com\/si\/aktualno\/orbanova-nova-protibegunska-fronta\/"},"author":{"name":"hudo","@id":"https:\/\/hudo.com\/si\/#\/schema\/person\/601cf3379633985b20f7e50f2bb47707"},"headline":"Orbanova nova protibegunska fronta","datePublished":"2017-02-10T10:08:00+00:00","dateModified":"2017-02-10T14:12:41+00:00","mainEntityOfPage":{"@id":"https:\/\/hudo.com\/si\/aktualno\/orbanova-nova-protibegunska-fronta\/"},"wordCount":325,"publisher":{"@id":"https:\/\/hudo.com\/si\/#organization"},"articleSection":["Aktualno"],"inLanguage":"sl-SI"},{"@type":"WebPage","@id":"https:\/\/hudo.com\/si\/aktualno\/orbanova-nova-protibegunska-fronta\/","url":"https:\/\/hudo.com\/si\/aktualno\/orbanova-nova-protibegunska-fronta\/","name":"Orbanova nova protibegunska fronta - Hudo Slovenija","isPartOf":{"@id":"https:\/\/hudo.com\/si\/#website"},"datePublished":"2017-02-10T10:08:00+00:00","dateModified":"2017-02-10T14:12:41+00:00","breadcrumb":{"@id":"https:\/\/hudo.com\/si\/aktualno\/orbanova-nova-protibegunska-fronta\/#breadcrumb"},"inLanguage":"sl-SI","potentialAction":[{"@type":"ReadAction","target":["https:\/\/hudo.com\/si\/aktualno\/orbanova-nova-protibegunska-fronta\/"]}]},{"@type":"BreadcrumbList","@id":"https:\/\/hudo.com\/si\/aktualno\/orbanova-nova-protibegunska-fronta\/#breadcrumb","itemListElement":[{"@type":"ListItem","position":1,"name":"Home","item":"https:\/\/hudo.com\/si\/"},{"@type":"ListItem","position":2,"name":"Orbanova nova protibegunska fronta"}]},{"@type":"WebSite","@id":"https:\/\/hudo.com\/si\/#website","url":"https:\/\/hudo.com\/si\/","name":"Hudo Slovenija","description":"Vse novice iz Slovenije in sveta","publisher":{"@id":"https:\/\/hudo.com\/si\/#organization"},"potentialAction":[{"@type":"SearchAction","target":{"@type":"EntryPoint","urlTemplate":"https:\/\/hudo.com\/si\/?s={search_term_string}"},"query-input":"required name=search_term_string"}],"inLanguage":"sl-SI"},{"@type":"Organization","@id":"https:\/\/hudo.com\/si\/#organization","name":"VSN Media","url":"https:\/\/hudo.com\/si\/","logo":{"@type":"ImageObject","inLanguage":"sl-SI","@id":"https:\/\/hudo.com\/si\/#\/schema\/logo\/image\/","url":"https:\/\/hudo.com\/si\/wp-content\/uploads\/sites\/2\/2021\/03\/hudo-app-2.png","contentUrl":"https:\/\/hudo.com\/si\/wp-content\/uploads\/sites\/2\/2021\/03\/hudo-app-2.png","width":2185,"height":2167,"caption":"VSN Media"},"image":{"@id":"https:\/\/hudo.com\/si\/#\/schema\/logo\/image\/"},"sameAs":["https:\/\/www.facebook.com\/hudo.si","https:\/\/twitter.com\/hudo_si"]},{"@type":"Person","@id":"https:\/\/hudo.com\/si\/#\/schema\/person\/601cf3379633985b20f7e50f2bb47707","name":"hudo","image":{"@type":"ImageObject","inLanguage":"sl-SI","@id":"https:\/\/hudo.com\/si\/#\/schema\/person\/image\/","url":"https:\/\/secure.gravatar.com\/avatar\/c4ca25fa72cace7a696b52ff5db9e095?s=96&d=mm&r=g","contentUrl":"https:\/\/secure.gravatar.com\/avatar\/c4ca25fa72cace7a696b52ff5db9e095?s=96&d=mm&r=g","caption":"hudo"},"url":"https:\/\/hudo.com\/si\/author\/hudo\/"}]}},"amp_enabled":true,"_links":{"self":[{"href":"https:\/\/hudo.com\/si\/wp-json\/wp\/v2\/posts\/207629"}],"collection":[{"href":"https:\/\/hudo.com\/si\/wp-json\/wp\/v2\/posts"}],"about":[{"href":"https:\/\/hudo.com\/si\/wp-json\/wp\/v2\/types\/post"}],"author":[{"embeddable":true,"href":"https:\/\/hudo.com\/si\/wp-json\/wp\/v2\/users\/1"}],"replies":[{"embeddable":true,"href":"https:\/\/hudo.com\/si\/wp-json\/wp\/v2\/comments?post=207629"}],"version-history":[{"count":1,"href":"https:\/\/hudo.com\/si\/wp-json\/wp\/v2\/posts\/207629\/revisions"}],"predecessor-version":[{"id":207695,"href":"https:\/\/hudo.com\/si\/wp-json\/wp\/v2\/posts\/207629\/revisions\/207695"}],"wp:attachment":[{"href":"https:\/\/hudo.com\/si\/wp-json\/wp\/v2\/media?parent=207629"}],"wp:term":[{"taxonomy":"category","embeddable":true,"href":"https:\/\/hudo.com\/si\/wp-json\/wp\/v2\/categories?post=207629"},{"taxonomy":"post_tag","embeddable":true,"href":"https:\/\/hudo.com\/si\/wp-json\/wp\/v2\/tags?post=207629"},{"taxonomy":"source","embeddable":true,"href":"https:\/\/hudo.com\/si\/wp-json\/wp\/v2\/source?post=207629"},{"taxonomy":"supertag","embeddable":true,"href":"https:\/\/hudo.com\/si\/wp-json\/wp\/v2\/supertag?post=207629"}],"curies":[{"name":"wp","href":"https:\/\/api.w.org\/{rel}","templated":true}]}}