{"id":207714,"date":"2017-02-10T13:41:00","date_gmt":"2017-02-10T12:41:00","guid":{"rendered":"http:\/\/hudo.com\/si\/2017\/02\/10\/prevc-umirja-strasti-to-se-nicesar-ne-prinese-k-boljsemu-jutri\/"},"modified":"2017-02-10T23:12:51","modified_gmt":"2017-02-10T22:12:51","slug":"prevc-umirja-strasti-to-se-nicesar-ne-prinese-k-boljsemu-jutri","status":"publish","type":"post","link":"https:\/\/hudo.com\/si\/aktualno\/prevc-umirja-strasti-to-se-nicesar-ne-prinese-k-boljsemu-jutri\/","title":{"rendered":"Prevc umirja strasti: &#8220;To \u0161e ni\u010desar ne prinese k bolj\u0161emu jutri&#8221;"},"content":{"rendered":"<p>Peter Prevc je pred sobotno tekmo v japonskem Sapporu prepri\u010dljivo dobil kvalifikacije, prvega zasledovalca je ugnal za velikih deset metrov in tako spomnil na formo iz lanske sezone, ko je zmagoval kot za \u0161alo. Po kvalifikacijah je za Smu\u010darsko zvezo Slovenije povedal, da se je treba umiriti in iti iz skoka v skok.<\/p>\n","protected":false},"excerpt":{"rendered":"<p>Peter Prevc je pred sobotno tekmo v japonskem Sapporu prepri\u010dljivo dobil kvalifikacije, prvega zasledovalca je ugnal za velikih deset metrov in tako spomnil na formo iz lanske sezone, ko je zmagoval kot za \u0161alo. Po kvalifikacijah je za Smu\u010darsko zvezo Slovenije povedal, da se je treba umiriti in iti iz skoka v skok.<\/p>\n","protected":false},"author":1,"featured_media":0,"comment_status":"closed","ping_status":"closed","sticky":false,"template":"","format":"standard","meta":{"footnotes":""},"categories":[1179],"tags":[],"source":[1706],"supertag":[],"acf":[],"yoast_head":"<!-- This site is optimized with the Yoast SEO plugin v21.3 - https:\/\/yoast.com\/wordpress\/plugins\/seo\/ -->\n<title>Prevc umirja strasti: &quot;To \u0161e ni\u010desar ne prinese k bolj\u0161emu jutri&quot; - Hudo Slovenija<\/title>\n<meta name=\"robots\" content=\"index, follow, max-snippet:-1, max-image-preview:large, max-video-preview:-1\" \/>\n<link rel=\"canonical\" href=\"https:\/\/hudo.com\/si\/aktualno\/prevc-umirja-strasti-to-se-nicesar-ne-prinese-k-boljsemu-jutri\/\" \/>\n<meta property=\"og:locale\" content=\"sl_SI\" \/>\n<meta property=\"og:type\" content=\"article\" \/>\n<meta property=\"og:title\" content=\"Prevc umirja strasti: &quot;To \u0161e ni\u010desar ne prinese k bolj\u0161emu jutri&quot; - Hudo Slovenija\" \/>\n<meta property=\"og:description\" content=\"Peter Prevc je pred sobotno tekmo v japonskem Sapporu prepri\u010dljivo dobil kvalifikacije, prvega zasledovalca je ugnal za velikih deset metrov in tako spomnil na formo iz lanske sezone, ko je zmagoval kot za \u0161alo. Po kvalifikacijah je za Smu\u010darsko zvezo Slovenije povedal, da se je treba umiriti in iti iz skoka v skok.\" \/>\n<meta property=\"og:url\" content=\"https:\/\/hudo.com\/si\/aktualno\/prevc-umirja-strasti-to-se-nicesar-ne-prinese-k-boljsemu-jutri\/\" \/>\n<meta property=\"og:site_name\" content=\"Hudo Slovenija\" \/>\n<meta property=\"article:publisher\" content=\"https:\/\/www.facebook.com\/hudo.si\" \/>\n<meta property=\"article:published_time\" content=\"2017-02-10T12:41:00+00:00\" \/>\n<meta property=\"article:modified_time\" content=\"2017-02-10T22:12:51+00:00\" \/>\n<meta property=\"og:image\" content=\"https:\/\/hudo.com\/si\/wp-content\/uploads\/sites\/2\/2017\/02\/089086jUXB9.jpg\" \/>\n\t<meta property=\"og:image:width\" content=\"504\" \/>\n\t<meta property=\"og:image:height\" content=\"284\" \/>\n\t<meta property=\"og:image:type\" content=\"image\/jpeg\" \/>\n<meta name=\"author\" content=\"hudo\" \/>\n<meta name=\"twitter:card\" content=\"summary_large_image\" \/>\n<meta name=\"twitter:creator\" content=\"@hudo_si\" \/>\n<meta name=\"twitter:site\" content=\"@hudo_si\" \/>\n<meta name=\"twitter:label1\" content=\"Written by\" \/>\n\t<meta name=\"twitter:data1\" content=\"hudo\" \/>\n<script type=\"application\/ld+json\" class=\"yoast-schema-graph\">{\"@context\":\"https:\/\/schema.org\",\"@graph\":[{\"@type\":\"Article\",\"@id\":\"https:\/\/hudo.com\/si\/aktualno\/prevc-umirja-strasti-to-se-nicesar-ne-prinese-k-boljsemu-jutri\/#article\",\"isPartOf\":{\"@id\":\"https:\/\/hudo.com\/si\/aktualno\/prevc-umirja-strasti-to-se-nicesar-ne-prinese-k-boljsemu-jutri\/\"},\"author\":{\"name\":\"hudo\",\"@id\":\"https:\/\/hudo.com\/si\/#\/schema\/person\/601cf3379633985b20f7e50f2bb47707\"},\"headline\":\"Prevc umirja strasti: &#8220;To \u0161e ni\u010desar ne prinese k bolj\u0161emu jutri&#8221;\",\"datePublished\":\"2017-02-10T12:41:00+00:00\",\"dateModified\":\"2017-02-10T22:12:51+00:00\",\"mainEntityOfPage\":{\"@id\":\"https:\/\/hudo.com\/si\/aktualno\/prevc-umirja-strasti-to-se-nicesar-ne-prinese-k-boljsemu-jutri\/\"},\"wordCount\":68,\"publisher\":{\"@id\":\"https:\/\/hudo.com\/si\/#organization\"},\"articleSection\":[\"Aktualno\"],\"inLanguage\":\"sl-SI\"},{\"@type\":\"WebPage\",\"@id\":\"https:\/\/hudo.com\/si\/aktualno\/prevc-umirja-strasti-to-se-nicesar-ne-prinese-k-boljsemu-jutri\/\",\"url\":\"https:\/\/hudo.com\/si\/aktualno\/prevc-umirja-strasti-to-se-nicesar-ne-prinese-k-boljsemu-jutri\/\",\"name\":\"Prevc umirja strasti: \\\"To \u0161e ni\u010desar ne prinese k bolj\u0161emu jutri\\\" - Hudo Slovenija\",\"isPartOf\":{\"@id\":\"https:\/\/hudo.com\/si\/#website\"},\"datePublished\":\"2017-02-10T12:41:00+00:00\",\"dateModified\":\"2017-02-10T22:12:51+00:00\",\"breadcrumb\":{\"@id\":\"https:\/\/hudo.com\/si\/aktualno\/prevc-umirja-strasti-to-se-nicesar-ne-prinese-k-boljsemu-jutri\/#breadcrumb\"},\"inLanguage\":\"sl-SI\",\"potentialAction\":[{\"@type\":\"ReadAction\",\"target\":[\"https:\/\/hudo.com\/si\/aktualno\/prevc-umirja-strasti-to-se-nicesar-ne-prinese-k-boljsemu-jutri\/\"]}]},{\"@type\":\"BreadcrumbList\",\"@id\":\"https:\/\/hudo.com\/si\/aktualno\/prevc-umirja-strasti-to-se-nicesar-ne-prinese-k-boljsemu-jutri\/#breadcrumb\",\"itemListElement\":[{\"@type\":\"ListItem\",\"position\":1,\"name\":\"Home\",\"item\":\"https:\/\/hudo.com\/si\/\"},{\"@type\":\"ListItem\",\"position\":2,\"name\":\"Prevc umirja strasti: &#8220;To \u0161e ni\u010desar ne prinese k bolj\u0161emu jutri&#8221;\"}]},{\"@type\":\"WebSite\",\"@id\":\"https:\/\/hudo.com\/si\/#website\",\"url\":\"https:\/\/hudo.com\/si\/\",\"name\":\"Hudo Slovenija\",\"description\":\"Vse novice iz Slovenije in sveta\",\"publisher\":{\"@id\":\"https:\/\/hudo.com\/si\/#organization\"},\"potentialAction\":[{\"@type\":\"SearchAction\",\"target\":{\"@type\":\"EntryPoint\",\"urlTemplate\":\"https:\/\/hudo.com\/si\/?s={search_term_string}\"},\"query-input\":\"required name=search_term_string\"}],\"inLanguage\":\"sl-SI\"},{\"@type\":\"Organization\",\"@id\":\"https:\/\/hudo.com\/si\/#organization\",\"name\":\"VSN Media\",\"url\":\"https:\/\/hudo.com\/si\/\",\"logo\":{\"@type\":\"ImageObject\",\"inLanguage\":\"sl-SI\",\"@id\":\"https:\/\/hudo.com\/si\/#\/schema\/logo\/image\/\",\"url\":\"https:\/\/hudo.com\/si\/wp-content\/uploads\/sites\/2\/2021\/03\/hudo-app-2.png\",\"contentUrl\":\"https:\/\/hudo.com\/si\/wp-content\/uploads\/sites\/2\/2021\/03\/hudo-app-2.png\",\"width\":2185,\"height\":2167,\"caption\":\"VSN Media\"},\"image\":{\"@id\":\"https:\/\/hudo.com\/si\/#\/schema\/logo\/image\/\"},\"sameAs\":[\"https:\/\/www.facebook.com\/hudo.si\",\"https:\/\/twitter.com\/hudo_si\"]},{\"@type\":\"Person\",\"@id\":\"https:\/\/hudo.com\/si\/#\/schema\/person\/601cf3379633985b20f7e50f2bb47707\",\"name\":\"hudo\",\"image\":{\"@type\":\"ImageObject\",\"inLanguage\":\"sl-SI\",\"@id\":\"https:\/\/hudo.com\/si\/#\/schema\/person\/image\/\",\"url\":\"https:\/\/secure.gravatar.com\/avatar\/c4ca25fa72cace7a696b52ff5db9e095?s=96&d=mm&r=g\",\"contentUrl\":\"https:\/\/secure.gravatar.com\/avatar\/c4ca25fa72cace7a696b52ff5db9e095?s=96&d=mm&r=g\",\"caption\":\"hudo\"},\"url\":\"https:\/\/hudo.com\/si\/author\/hudo\/\"}]}<\/script>\n<!-- \/ Yoast SEO plugin. -->","yoast_head_json":{"title":"Prevc umirja strasti: \"To \u0161e ni\u010desar ne prinese k bolj\u0161emu jutri\" - Hudo Slovenija","robots":{"index":"index","follow":"follow","max-snippet":"max-snippet:-1","max-image-preview":"max-image-preview:large","max-video-preview":"max-video-preview:-1"},"canonical":"https:\/\/hudo.com\/si\/aktualno\/prevc-umirja-strasti-to-se-nicesar-ne-prinese-k-boljsemu-jutri\/","og_locale":"sl_SI","og_type":"article","og_title":"Prevc umirja strasti: \"To \u0161e ni\u010desar ne prinese k bolj\u0161emu jutri\" - Hudo Slovenija","og_description":"Peter Prevc je pred sobotno tekmo v japonskem Sapporu prepri\u010dljivo dobil kvalifikacije, prvega zasledovalca je ugnal za velikih deset metrov in tako spomnil na formo iz lanske sezone, ko je zmagoval kot za \u0161alo. Po kvalifikacijah je za Smu\u010darsko zvezo Slovenije povedal, da se je treba umiriti in iti iz skoka v skok.","og_url":"https:\/\/hudo.com\/si\/aktualno\/prevc-umirja-strasti-to-se-nicesar-ne-prinese-k-boljsemu-jutri\/","og_site_name":"Hudo Slovenija","article_publisher":"https:\/\/www.facebook.com\/hudo.si","article_published_time":"2017-02-10T12:41:00+00:00","article_modified_time":"2017-02-10T22:12:51+00:00","og_image":[{"width":504,"height":284,"url":"https:\/\/hudo.com\/si\/wp-content\/uploads\/sites\/2\/2017\/02\/089086jUXB9.jpg","type":"image\/jpeg"}],"author":"hudo","twitter_card":"summary_large_image","twitter_creator":"@hudo_si","twitter_site":"@hudo_si","twitter_misc":{"Written by":"hudo"},"schema":{"@context":"https:\/\/schema.org","@graph":[{"@type":"Article","@id":"https:\/\/hudo.com\/si\/aktualno\/prevc-umirja-strasti-to-se-nicesar-ne-prinese-k-boljsemu-jutri\/#article","isPartOf":{"@id":"https:\/\/hudo.com\/si\/aktualno\/prevc-umirja-strasti-to-se-nicesar-ne-prinese-k-boljsemu-jutri\/"},"author":{"name":"hudo","@id":"https:\/\/hudo.com\/si\/#\/schema\/person\/601cf3379633985b20f7e50f2bb47707"},"headline":"Prevc umirja strasti: &#8220;To \u0161e ni\u010desar ne prinese k bolj\u0161emu jutri&#8221;","datePublished":"2017-02-10T12:41:00+00:00","dateModified":"2017-02-10T22:12:51+00:00","mainEntityOfPage":{"@id":"https:\/\/hudo.com\/si\/aktualno\/prevc-umirja-strasti-to-se-nicesar-ne-prinese-k-boljsemu-jutri\/"},"wordCount":68,"publisher":{"@id":"https:\/\/hudo.com\/si\/#organization"},"articleSection":["Aktualno"],"inLanguage":"sl-SI"},{"@type":"WebPage","@id":"https:\/\/hudo.com\/si\/aktualno\/prevc-umirja-strasti-to-se-nicesar-ne-prinese-k-boljsemu-jutri\/","url":"https:\/\/hudo.com\/si\/aktualno\/prevc-umirja-strasti-to-se-nicesar-ne-prinese-k-boljsemu-jutri\/","name":"Prevc umirja strasti: \"To \u0161e ni\u010desar ne prinese k bolj\u0161emu jutri\" - Hudo Slovenija","isPartOf":{"@id":"https:\/\/hudo.com\/si\/#website"},"datePublished":"2017-02-10T12:41:00+00:00","dateModified":"2017-02-10T22:12:51+00:00","breadcrumb":{"@id":"https:\/\/hudo.com\/si\/aktualno\/prevc-umirja-strasti-to-se-nicesar-ne-prinese-k-boljsemu-jutri\/#breadcrumb"},"inLanguage":"sl-SI","potentialAction":[{"@type":"ReadAction","target":["https:\/\/hudo.com\/si\/aktualno\/prevc-umirja-strasti-to-se-nicesar-ne-prinese-k-boljsemu-jutri\/"]}]},{"@type":"BreadcrumbList","@id":"https:\/\/hudo.com\/si\/aktualno\/prevc-umirja-strasti-to-se-nicesar-ne-prinese-k-boljsemu-jutri\/#breadcrumb","itemListElement":[{"@type":"ListItem","position":1,"name":"Home","item":"https:\/\/hudo.com\/si\/"},{"@type":"ListItem","position":2,"name":"Prevc umirja strasti: &#8220;To \u0161e ni\u010desar ne prinese k bolj\u0161emu jutri&#8221;"}]},{"@type":"WebSite","@id":"https:\/\/hudo.com\/si\/#website","url":"https:\/\/hudo.com\/si\/","name":"Hudo Slovenija","description":"Vse novice iz Slovenije in sveta","publisher":{"@id":"https:\/\/hudo.com\/si\/#organization"},"potentialAction":[{"@type":"SearchAction","target":{"@type":"EntryPoint","urlTemplate":"https:\/\/hudo.com\/si\/?s={search_term_string}"},"query-input":"required name=search_term_string"}],"inLanguage":"sl-SI"},{"@type":"Organization","@id":"https:\/\/hudo.com\/si\/#organization","name":"VSN Media","url":"https:\/\/hudo.com\/si\/","logo":{"@type":"ImageObject","inLanguage":"sl-SI","@id":"https:\/\/hudo.com\/si\/#\/schema\/logo\/image\/","url":"https:\/\/hudo.com\/si\/wp-content\/uploads\/sites\/2\/2021\/03\/hudo-app-2.png","contentUrl":"https:\/\/hudo.com\/si\/wp-content\/uploads\/sites\/2\/2021\/03\/hudo-app-2.png","width":2185,"height":2167,"caption":"VSN Media"},"image":{"@id":"https:\/\/hudo.com\/si\/#\/schema\/logo\/image\/"},"sameAs":["https:\/\/www.facebook.com\/hudo.si","https:\/\/twitter.com\/hudo_si"]},{"@type":"Person","@id":"https:\/\/hudo.com\/si\/#\/schema\/person\/601cf3379633985b20f7e50f2bb47707","name":"hudo","image":{"@type":"ImageObject","inLanguage":"sl-SI","@id":"https:\/\/hudo.com\/si\/#\/schema\/person\/image\/","url":"https:\/\/secure.gravatar.com\/avatar\/c4ca25fa72cace7a696b52ff5db9e095?s=96&d=mm&r=g","contentUrl":"https:\/\/secure.gravatar.com\/avatar\/c4ca25fa72cace7a696b52ff5db9e095?s=96&d=mm&r=g","caption":"hudo"},"url":"https:\/\/hudo.com\/si\/author\/hudo\/"}]}},"amp_enabled":true,"_links":{"self":[{"href":"https:\/\/hudo.com\/si\/wp-json\/wp\/v2\/posts\/207714"}],"collection":[{"href":"https:\/\/hudo.com\/si\/wp-json\/wp\/v2\/posts"}],"about":[{"href":"https:\/\/hudo.com\/si\/wp-json\/wp\/v2\/types\/post"}],"author":[{"embeddable":true,"href":"https:\/\/hudo.com\/si\/wp-json\/wp\/v2\/users\/1"}],"replies":[{"embeddable":true,"href":"https:\/\/hudo.com\/si\/wp-json\/wp\/v2\/comments?post=207714"}],"version-history":[{"count":1,"href":"https:\/\/hudo.com\/si\/wp-json\/wp\/v2\/posts\/207714\/revisions"}],"predecessor-version":[{"id":207791,"href":"https:\/\/hudo.com\/si\/wp-json\/wp\/v2\/posts\/207714\/revisions\/207791"}],"wp:attachment":[{"href":"https:\/\/hudo.com\/si\/wp-json\/wp\/v2\/media?parent=207714"}],"wp:term":[{"taxonomy":"category","embeddable":true,"href":"https:\/\/hudo.com\/si\/wp-json\/wp\/v2\/categories?post=207714"},{"taxonomy":"post_tag","embeddable":true,"href":"https:\/\/hudo.com\/si\/wp-json\/wp\/v2\/tags?post=207714"},{"taxonomy":"source","embeddable":true,"href":"https:\/\/hudo.com\/si\/wp-json\/wp\/v2\/source?post=207714"},{"taxonomy":"supertag","embeddable":true,"href":"https:\/\/hudo.com\/si\/wp-json\/wp\/v2\/supertag?post=207714"}],"curies":[{"name":"wp","href":"https:\/\/api.w.org\/{rel}","templated":true}]}}