{"id":207745,"date":"2017-02-10T15:00:00","date_gmt":"2017-02-10T14:00:00","guid":{"rendered":"http:\/\/hudo.com\/si\/2017\/02\/10\/za-evro-visjih-poloznic-letos-se-ne-bo\/"},"modified":"2017-02-10T17:21:59","modified_gmt":"2017-02-10T16:21:59","slug":"za-evro-visjih-poloznic-letos-se-ne-bo","status":"publish","type":"post","link":"https:\/\/hudo.com\/si\/aktualno\/za-evro-visjih-poloznic-letos-se-ne-bo\/","title":{"rendered":"Za evro vi\u0161jih polo\u017enic letos \u0161e ne bo"},"content":{"rendered":"<p>Kategorija: Infrastruktura Fri, 10 Feb 2017 16:00:00 +0100  Ljubljana \u2013 Spremembe energetskega zakona bodo v javni obravnavi do 7. marca. Podporo za Te\u0161 6 pa bo morala odobriti vlada, nato DZ, vsoto bo predlagal Eles, vsemu pa mora dati zeleno lu\u010d \u0161e Evropska komisija, kar pomeni, da za evro vi\u0161jih ra\u010dunov \u0161e ne bo. \u00bbZakon ureja prenos dveh evropskih direktiv, priklop elektrike za ranljive odjemalce, upravljanje 110 kilovoltnega omre\u017eja, zanesljivost oskrbe z energijo, priklop in odklop ranljivih odjemalcev, energetske izkaznice, upravljanje energetskih dru\u017eb in kazenske dolo\u010dbe. Predlog \u010dlena zakona, ki je v javnosti dele\u017een najve\u010dje pozornosti, pa se nana\u0161a na zanesljivo oskrbo z elektri\u010dno energijo in prednostno dispe\u010diranje oziroma zagotovljen odkup,\u00ab je o predlaganih spremembah in dopolnitvah energetskega zakona, ki je \u0161e v javni razpravi (ta se ni kon\u010dala \u017ee v torek, temve\u010d se bo 7. marca) dejal\u00a0&#8230;<\/p>\n","protected":false},"excerpt":{"rendered":"<p>Kategorija: Infrastruktura Fri, 10 Feb 2017 16:00:00 +0100  Ljubljana \u2013 Spremembe energetskega zakona bodo v javni obravnavi do 7. marca. Podporo za Te\u0161 6 pa bo morala odobriti vlada, nato DZ, vsoto bo predlagal Eles, vsemu pa mora dati zeleno lu\u010d \u0161e Evropska komisija, kar pomeni, da za evro vi\u0161jih ra\u010dunov \u0161e ne bo. \u00bbZakon ureja prenos dveh evropskih direktiv, priklop elektrike za ranljive odjemalce, upravljanje 110 kilovoltnega omre\u017eja, zanesljivost oskrbe z energijo, priklop in odklop ranljivih odjemalcev, energetske izkaznice, upravljanje energetskih dru\u017eb in kazenske dolo\u010dbe. Predlog \u010dlena zakona, ki je v javnosti dele\u017een najve\u010dje pozornosti, pa se nana\u0161a na zanesljivo oskrbo z elektri\u010dno energijo in prednostno dispe\u010diranje oziroma zagotovljen odkup,\u00ab je o predlaganih spremembah in dopolnitvah energetskega zakona, ki je \u0161e v javni razpravi (ta se ni kon\u010dala \u017ee v torek, temve\u010d se bo 7. marca) dejal\u00a0&#8230;<\/p>\n","protected":false},"author":1,"featured_media":0,"comment_status":"closed","ping_status":"closed","sticky":false,"template":"","format":"standard","meta":{"footnotes":""},"categories":[1179],"tags":[],"source":[1703],"supertag":[],"acf":[],"yoast_head":"<!-- This site is optimized with the Yoast SEO plugin v21.3 - https:\/\/yoast.com\/wordpress\/plugins\/seo\/ -->\n<title>Za evro vi\u0161jih polo\u017enic letos \u0161e ne bo - Hudo Slovenija<\/title>\n<meta name=\"robots\" content=\"index, follow, max-snippet:-1, max-image-preview:large, max-video-preview:-1\" \/>\n<link rel=\"canonical\" href=\"https:\/\/hudo.com\/si\/aktualno\/za-evro-visjih-poloznic-letos-se-ne-bo\/\" \/>\n<meta property=\"og:locale\" content=\"sl_SI\" \/>\n<meta property=\"og:type\" content=\"article\" \/>\n<meta property=\"og:title\" content=\"Za evro vi\u0161jih polo\u017enic letos \u0161e ne bo - Hudo Slovenija\" \/>\n<meta property=\"og:description\" content=\"Kategorija: Infrastruktura Fri, 10 Feb 2017 16:00:00 +0100 Ljubljana \u2013 Spremembe energetskega zakona bodo v javni obravnavi do 7. marca. Podporo za Te\u0161 6 pa bo morala odobriti vlada, nato DZ, vsoto bo predlagal Eles, vsemu pa mora dati zeleno lu\u010d \u0161e Evropska komisija, kar pomeni, da za evro vi\u0161jih ra\u010dunov \u0161e ne bo. \u00bbZakon ureja prenos dveh evropskih direktiv, priklop elektrike za ranljive odjemalce, upravljanje 110 kilovoltnega omre\u017eja, zanesljivost oskrbe z energijo, priklop in odklop ranljivih odjemalcev, energetske izkaznice, upravljanje energetskih dru\u017eb in kazenske dolo\u010dbe. Predlog \u010dlena zakona, ki je v javnosti dele\u017een najve\u010dje pozornosti, pa se nana\u0161a na zanesljivo oskrbo z elektri\u010dno energijo in prednostno dispe\u010diranje oziroma zagotovljen odkup,\u00ab je o predlaganih spremembah in dopolnitvah energetskega zakona, ki je \u0161e v javni razpravi (ta se ni kon\u010dala \u017ee v torek, temve\u010d se bo 7. marca) dejal\u00a0...\" \/>\n<meta property=\"og:url\" content=\"https:\/\/hudo.com\/si\/aktualno\/za-evro-visjih-poloznic-letos-se-ne-bo\/\" \/>\n<meta property=\"og:site_name\" content=\"Hudo Slovenija\" \/>\n<meta property=\"article:publisher\" content=\"https:\/\/www.facebook.com\/hudo.si\" \/>\n<meta property=\"article:published_time\" content=\"2017-02-10T14:00:00+00:00\" \/>\n<meta property=\"article:modified_time\" content=\"2017-02-10T16:21:59+00:00\" \/>\n<meta property=\"og:image\" content=\"https:\/\/hudo.com\/si\/wp-content\/uploads\/sites\/2\/2017\/02\/480x290_4_stran__Delo_Foto_20170210_hires2.jpeg\" \/>\n\t<meta property=\"og:image:width\" content=\"480\" \/>\n\t<meta property=\"og:image:height\" content=\"290\" \/>\n\t<meta property=\"og:image:type\" content=\"image\/jpeg\" \/>\n<meta name=\"author\" content=\"hudo\" \/>\n<meta name=\"twitter:card\" content=\"summary_large_image\" \/>\n<meta name=\"twitter:creator\" content=\"@hudo_si\" \/>\n<meta name=\"twitter:site\" content=\"@hudo_si\" \/>\n<meta name=\"twitter:label1\" content=\"Written by\" \/>\n\t<meta name=\"twitter:data1\" content=\"hudo\" \/>\n\t<meta name=\"twitter:label2\" content=\"Est. reading time\" \/>\n\t<meta name=\"twitter:data2\" content=\"1 minuta\" \/>\n<script type=\"application\/ld+json\" class=\"yoast-schema-graph\">{\"@context\":\"https:\/\/schema.org\",\"@graph\":[{\"@type\":\"Article\",\"@id\":\"https:\/\/hudo.com\/si\/aktualno\/za-evro-visjih-poloznic-letos-se-ne-bo\/#article\",\"isPartOf\":{\"@id\":\"https:\/\/hudo.com\/si\/aktualno\/za-evro-visjih-poloznic-letos-se-ne-bo\/\"},\"author\":{\"name\":\"hudo\",\"@id\":\"https:\/\/hudo.com\/si\/#\/schema\/person\/601cf3379633985b20f7e50f2bb47707\"},\"headline\":\"Za evro vi\u0161jih polo\u017enic letos \u0161e ne bo\",\"datePublished\":\"2017-02-10T14:00:00+00:00\",\"dateModified\":\"2017-02-10T16:21:59+00:00\",\"mainEntityOfPage\":{\"@id\":\"https:\/\/hudo.com\/si\/aktualno\/za-evro-visjih-poloznic-letos-se-ne-bo\/\"},\"wordCount\":150,\"publisher\":{\"@id\":\"https:\/\/hudo.com\/si\/#organization\"},\"articleSection\":[\"Aktualno\"],\"inLanguage\":\"sl-SI\"},{\"@type\":\"WebPage\",\"@id\":\"https:\/\/hudo.com\/si\/aktualno\/za-evro-visjih-poloznic-letos-se-ne-bo\/\",\"url\":\"https:\/\/hudo.com\/si\/aktualno\/za-evro-visjih-poloznic-letos-se-ne-bo\/\",\"name\":\"Za evro vi\u0161jih polo\u017enic letos \u0161e ne bo - Hudo Slovenija\",\"isPartOf\":{\"@id\":\"https:\/\/hudo.com\/si\/#website\"},\"datePublished\":\"2017-02-10T14:00:00+00:00\",\"dateModified\":\"2017-02-10T16:21:59+00:00\",\"breadcrumb\":{\"@id\":\"https:\/\/hudo.com\/si\/aktualno\/za-evro-visjih-poloznic-letos-se-ne-bo\/#breadcrumb\"},\"inLanguage\":\"sl-SI\",\"potentialAction\":[{\"@type\":\"ReadAction\",\"target\":[\"https:\/\/hudo.com\/si\/aktualno\/za-evro-visjih-poloznic-letos-se-ne-bo\/\"]}]},{\"@type\":\"BreadcrumbList\",\"@id\":\"https:\/\/hudo.com\/si\/aktualno\/za-evro-visjih-poloznic-letos-se-ne-bo\/#breadcrumb\",\"itemListElement\":[{\"@type\":\"ListItem\",\"position\":1,\"name\":\"Home\",\"item\":\"https:\/\/hudo.com\/si\/\"},{\"@type\":\"ListItem\",\"position\":2,\"name\":\"Za evro vi\u0161jih polo\u017enic letos \u0161e ne bo\"}]},{\"@type\":\"WebSite\",\"@id\":\"https:\/\/hudo.com\/si\/#website\",\"url\":\"https:\/\/hudo.com\/si\/\",\"name\":\"Hudo Slovenija\",\"description\":\"Vse novice iz Slovenije in sveta\",\"publisher\":{\"@id\":\"https:\/\/hudo.com\/si\/#organization\"},\"potentialAction\":[{\"@type\":\"SearchAction\",\"target\":{\"@type\":\"EntryPoint\",\"urlTemplate\":\"https:\/\/hudo.com\/si\/?s={search_term_string}\"},\"query-input\":\"required name=search_term_string\"}],\"inLanguage\":\"sl-SI\"},{\"@type\":\"Organization\",\"@id\":\"https:\/\/hudo.com\/si\/#organization\",\"name\":\"VSN Media\",\"url\":\"https:\/\/hudo.com\/si\/\",\"logo\":{\"@type\":\"ImageObject\",\"inLanguage\":\"sl-SI\",\"@id\":\"https:\/\/hudo.com\/si\/#\/schema\/logo\/image\/\",\"url\":\"https:\/\/hudo.com\/si\/wp-content\/uploads\/sites\/2\/2021\/03\/hudo-app-2.png\",\"contentUrl\":\"https:\/\/hudo.com\/si\/wp-content\/uploads\/sites\/2\/2021\/03\/hudo-app-2.png\",\"width\":2185,\"height\":2167,\"caption\":\"VSN Media\"},\"image\":{\"@id\":\"https:\/\/hudo.com\/si\/#\/schema\/logo\/image\/\"},\"sameAs\":[\"https:\/\/www.facebook.com\/hudo.si\",\"https:\/\/twitter.com\/hudo_si\"]},{\"@type\":\"Person\",\"@id\":\"https:\/\/hudo.com\/si\/#\/schema\/person\/601cf3379633985b20f7e50f2bb47707\",\"name\":\"hudo\",\"image\":{\"@type\":\"ImageObject\",\"inLanguage\":\"sl-SI\",\"@id\":\"https:\/\/hudo.com\/si\/#\/schema\/person\/image\/\",\"url\":\"https:\/\/secure.gravatar.com\/avatar\/c4ca25fa72cace7a696b52ff5db9e095?s=96&d=mm&r=g\",\"contentUrl\":\"https:\/\/secure.gravatar.com\/avatar\/c4ca25fa72cace7a696b52ff5db9e095?s=96&d=mm&r=g\",\"caption\":\"hudo\"},\"url\":\"https:\/\/hudo.com\/si\/author\/hudo\/\"}]}<\/script>\n<!-- \/ Yoast SEO plugin. -->","yoast_head_json":{"title":"Za evro vi\u0161jih polo\u017enic letos \u0161e ne bo - Hudo Slovenija","robots":{"index":"index","follow":"follow","max-snippet":"max-snippet:-1","max-image-preview":"max-image-preview:large","max-video-preview":"max-video-preview:-1"},"canonical":"https:\/\/hudo.com\/si\/aktualno\/za-evro-visjih-poloznic-letos-se-ne-bo\/","og_locale":"sl_SI","og_type":"article","og_title":"Za evro vi\u0161jih polo\u017enic letos \u0161e ne bo - Hudo Slovenija","og_description":"Kategorija: Infrastruktura Fri, 10 Feb 2017 16:00:00 +0100 Ljubljana \u2013 Spremembe energetskega zakona bodo v javni obravnavi do 7. marca. Podporo za Te\u0161 6 pa bo morala odobriti vlada, nato DZ, vsoto bo predlagal Eles, vsemu pa mora dati zeleno lu\u010d \u0161e Evropska komisija, kar pomeni, da za evro vi\u0161jih ra\u010dunov \u0161e ne bo. \u00bbZakon ureja prenos dveh evropskih direktiv, priklop elektrike za ranljive odjemalce, upravljanje 110 kilovoltnega omre\u017eja, zanesljivost oskrbe z energijo, priklop in odklop ranljivih odjemalcev, energetske izkaznice, upravljanje energetskih dru\u017eb in kazenske dolo\u010dbe. Predlog \u010dlena zakona, ki je v javnosti dele\u017een najve\u010dje pozornosti, pa se nana\u0161a na zanesljivo oskrbo z elektri\u010dno energijo in prednostno dispe\u010diranje oziroma zagotovljen odkup,\u00ab je o predlaganih spremembah in dopolnitvah energetskega zakona, ki je \u0161e v javni razpravi (ta se ni kon\u010dala \u017ee v torek, temve\u010d se bo 7. marca) dejal\u00a0...","og_url":"https:\/\/hudo.com\/si\/aktualno\/za-evro-visjih-poloznic-letos-se-ne-bo\/","og_site_name":"Hudo Slovenija","article_publisher":"https:\/\/www.facebook.com\/hudo.si","article_published_time":"2017-02-10T14:00:00+00:00","article_modified_time":"2017-02-10T16:21:59+00:00","og_image":[{"width":480,"height":290,"url":"https:\/\/hudo.com\/si\/wp-content\/uploads\/sites\/2\/2017\/02\/480x290_4_stran__Delo_Foto_20170210_hires2.jpeg","type":"image\/jpeg"}],"author":"hudo","twitter_card":"summary_large_image","twitter_creator":"@hudo_si","twitter_site":"@hudo_si","twitter_misc":{"Written by":"hudo","Est. reading time":"1 minuta"},"schema":{"@context":"https:\/\/schema.org","@graph":[{"@type":"Article","@id":"https:\/\/hudo.com\/si\/aktualno\/za-evro-visjih-poloznic-letos-se-ne-bo\/#article","isPartOf":{"@id":"https:\/\/hudo.com\/si\/aktualno\/za-evro-visjih-poloznic-letos-se-ne-bo\/"},"author":{"name":"hudo","@id":"https:\/\/hudo.com\/si\/#\/schema\/person\/601cf3379633985b20f7e50f2bb47707"},"headline":"Za evro vi\u0161jih polo\u017enic letos \u0161e ne bo","datePublished":"2017-02-10T14:00:00+00:00","dateModified":"2017-02-10T16:21:59+00:00","mainEntityOfPage":{"@id":"https:\/\/hudo.com\/si\/aktualno\/za-evro-visjih-poloznic-letos-se-ne-bo\/"},"wordCount":150,"publisher":{"@id":"https:\/\/hudo.com\/si\/#organization"},"articleSection":["Aktualno"],"inLanguage":"sl-SI"},{"@type":"WebPage","@id":"https:\/\/hudo.com\/si\/aktualno\/za-evro-visjih-poloznic-letos-se-ne-bo\/","url":"https:\/\/hudo.com\/si\/aktualno\/za-evro-visjih-poloznic-letos-se-ne-bo\/","name":"Za evro vi\u0161jih polo\u017enic letos \u0161e ne bo - Hudo Slovenija","isPartOf":{"@id":"https:\/\/hudo.com\/si\/#website"},"datePublished":"2017-02-10T14:00:00+00:00","dateModified":"2017-02-10T16:21:59+00:00","breadcrumb":{"@id":"https:\/\/hudo.com\/si\/aktualno\/za-evro-visjih-poloznic-letos-se-ne-bo\/#breadcrumb"},"inLanguage":"sl-SI","potentialAction":[{"@type":"ReadAction","target":["https:\/\/hudo.com\/si\/aktualno\/za-evro-visjih-poloznic-letos-se-ne-bo\/"]}]},{"@type":"BreadcrumbList","@id":"https:\/\/hudo.com\/si\/aktualno\/za-evro-visjih-poloznic-letos-se-ne-bo\/#breadcrumb","itemListElement":[{"@type":"ListItem","position":1,"name":"Home","item":"https:\/\/hudo.com\/si\/"},{"@type":"ListItem","position":2,"name":"Za evro vi\u0161jih polo\u017enic letos \u0161e ne bo"}]},{"@type":"WebSite","@id":"https:\/\/hudo.com\/si\/#website","url":"https:\/\/hudo.com\/si\/","name":"Hudo Slovenija","description":"Vse novice iz Slovenije in sveta","publisher":{"@id":"https:\/\/hudo.com\/si\/#organization"},"potentialAction":[{"@type":"SearchAction","target":{"@type":"EntryPoint","urlTemplate":"https:\/\/hudo.com\/si\/?s={search_term_string}"},"query-input":"required name=search_term_string"}],"inLanguage":"sl-SI"},{"@type":"Organization","@id":"https:\/\/hudo.com\/si\/#organization","name":"VSN Media","url":"https:\/\/hudo.com\/si\/","logo":{"@type":"ImageObject","inLanguage":"sl-SI","@id":"https:\/\/hudo.com\/si\/#\/schema\/logo\/image\/","url":"https:\/\/hudo.com\/si\/wp-content\/uploads\/sites\/2\/2021\/03\/hudo-app-2.png","contentUrl":"https:\/\/hudo.com\/si\/wp-content\/uploads\/sites\/2\/2021\/03\/hudo-app-2.png","width":2185,"height":2167,"caption":"VSN Media"},"image":{"@id":"https:\/\/hudo.com\/si\/#\/schema\/logo\/image\/"},"sameAs":["https:\/\/www.facebook.com\/hudo.si","https:\/\/twitter.com\/hudo_si"]},{"@type":"Person","@id":"https:\/\/hudo.com\/si\/#\/schema\/person\/601cf3379633985b20f7e50f2bb47707","name":"hudo","image":{"@type":"ImageObject","inLanguage":"sl-SI","@id":"https:\/\/hudo.com\/si\/#\/schema\/person\/image\/","url":"https:\/\/secure.gravatar.com\/avatar\/c4ca25fa72cace7a696b52ff5db9e095?s=96&d=mm&r=g","contentUrl":"https:\/\/secure.gravatar.com\/avatar\/c4ca25fa72cace7a696b52ff5db9e095?s=96&d=mm&r=g","caption":"hudo"},"url":"https:\/\/hudo.com\/si\/author\/hudo\/"}]}},"amp_enabled":true,"_links":{"self":[{"href":"https:\/\/hudo.com\/si\/wp-json\/wp\/v2\/posts\/207745"}],"collection":[{"href":"https:\/\/hudo.com\/si\/wp-json\/wp\/v2\/posts"}],"about":[{"href":"https:\/\/hudo.com\/si\/wp-json\/wp\/v2\/types\/post"}],"author":[{"embeddable":true,"href":"https:\/\/hudo.com\/si\/wp-json\/wp\/v2\/users\/1"}],"replies":[{"embeddable":true,"href":"https:\/\/hudo.com\/si\/wp-json\/wp\/v2\/comments?post=207745"}],"version-history":[{"count":1,"href":"https:\/\/hudo.com\/si\/wp-json\/wp\/v2\/posts\/207745\/revisions"}],"predecessor-version":[{"id":207817,"href":"https:\/\/hudo.com\/si\/wp-json\/wp\/v2\/posts\/207745\/revisions\/207817"}],"wp:attachment":[{"href":"https:\/\/hudo.com\/si\/wp-json\/wp\/v2\/media?parent=207745"}],"wp:term":[{"taxonomy":"category","embeddable":true,"href":"https:\/\/hudo.com\/si\/wp-json\/wp\/v2\/categories?post=207745"},{"taxonomy":"post_tag","embeddable":true,"href":"https:\/\/hudo.com\/si\/wp-json\/wp\/v2\/tags?post=207745"},{"taxonomy":"source","embeddable":true,"href":"https:\/\/hudo.com\/si\/wp-json\/wp\/v2\/source?post=207745"},{"taxonomy":"supertag","embeddable":true,"href":"https:\/\/hudo.com\/si\/wp-json\/wp\/v2\/supertag?post=207745"}],"curies":[{"name":"wp","href":"https:\/\/api.w.org\/{rel}","templated":true}]}}