{"id":207753,"date":"2017-02-10T14:45:00","date_gmt":"2017-02-10T13:45:00","guid":{"rendered":"http:\/\/hudo.com\/si\/2017\/02\/10\/z-vlakom-na-informativni-dan-kot-ovcke-gredo\/"},"modified":"2017-02-10T23:12:16","modified_gmt":"2017-02-10T22:12:16","slug":"z-vlakom-na-informativni-dan-kot-ovcke-gredo","status":"publish","type":"post","link":"https:\/\/hudo.com\/si\/aktualno\/z-vlakom-na-informativni-dan-kot-ovcke-gredo\/","title":{"rendered":"Z vlakom na informativni dan: &#8220;Kot ov\u010dke gredo&#8221;"},"content":{"rendered":"<p>\u201ePotni\u0161ki vlak iz Sevnice, Dobove in Zidanega Mosta prihaja na deseti tir,\u201c nekaj \u010dez osmo uro zjutraj odmeva iz zvo\u010dnikov ljubljanske \u017eelezni\u0161ke postaje. Potniki izstopijo iz vlaka, slo\u017eno zapustijo peron in se po stopnicah povzpnejo do izhoda postaje. Hitro je opaziti, da dana\u0161nja mno\u017eica ni tak\u0161na kot obi\u010dajno, veliko ve\u010d je mladih, zvedavih in zmedenih obrazov. Dijaki z vseh koncev Slovenije so pri\u0161li na informativne dneve. \u201eGremo stat tja gor. Tam bodo sigurno \u0161li mimo, saj ve\u0161 kako gredo \u2013 kot ov\u010dice,\u201c re\u010de fant in se skupaj s kolegicami odpravi k izhodu \u017eelezni\u0161ke postaje, kjer bodo mladim nadebudne\u017eem delili promocijski material Nove ljubljanske banke. Prav ima, pretok dijakov se v hipu zgosti in letake jim za\u010dnejo podajati v roke kot za stavo. Nedale\u010d stran pa stoji Boris, ki ima na mizici zalepljena dva lista, na enemu se s tiskanimi \u010drkami izpisuje \u201einformativni dnevi\u201c, na drugem pa \u201eLjubljanski potni\u0161ki promet\u201c. Po povr\u0161ini je zlo\u017eenih cel kup tiskanih shem pisanih dnevnih linij avtobusov, ki jih razdeljuje dijakom. \u201eZdaj je najve\u010dji naval, trajal bo nekje do desete ure, potem pa bo \u0161e en med prvo in tretjo uro,\u201c pripoveduje. \u201eDijaki pogosto vpra\u0161ajo kaj glede pla\u010dilnega sistema, kje kupiti urbano in kako deluje, v\u010dasih jih zanima \u0161e kje je kak\u0161na lokacija, kjer so zmenjeni, da se s kom dobijo. To je v glavnem to,\u201c pove. Informacije jim bo danes nudil od sedme ure zjutraj do pribli\u017eno treh popoldne. Dodali vagone in dva vlaka Blizu Borisovega informativnega pulta si v krogu ogledujejo okolico in na\u010drtujejo pot Tja\u0161 in njegovi kolegi. \u201eVerjetno bom \u0161e nekaj \u010dasa malo izgubljen,\u201c se nasmeji. \u201eNe vem, kako bomo \u0161li naprej, najbr\u017e kar s taksijem.\u201c Danes je namenjen na Akademijo za glasbo, pripotoval pa je iz Celja. \u201eNa vlaku je bila kar gne\u010da, tako da smo v bistvu stali. \u017de ko smo vstopili, je bilo polno, \u0161e huje pa je bilo za tiste, ki so vstopili bli\u017eje kon\u010dni postaji,\u201c pripoveduje. Na slovenskih \u017eeleznicah so sicer zaradi pri\u010dakovanega pove\u010danega \u0161tevila<\/p>\n","protected":false},"excerpt":{"rendered":"<p>\u201ePotni\u0161ki vlak iz Sevnice, Dobove in Zidanega Mosta prihaja na deseti tir,\u201c nekaj \u010dez osmo uro zjutraj odmeva iz zvo\u010dnikov ljubljanske \u017eelezni\u0161ke postaje. Potniki izstopijo iz vlaka, slo\u017eno zapustijo peron in se po stopnicah povzpnejo do izhoda postaje. Hitro je opaziti, da dana\u0161nja mno\u017eica ni tak\u0161na kot obi\u010dajno, veliko ve\u010d je mladih, zvedavih in zmedenih obrazov. Dijaki z vseh koncev Slovenije so pri\u0161li na informativne dneve. \u201eGremo stat tja gor. Tam bodo sigurno \u0161li mimo, saj ve\u0161 kako gredo \u2013 kot ov\u010dice,\u201c re\u010de fant in se skupaj s kolegicami odpravi k izhodu \u017eelezni\u0161ke postaje, kjer bodo mladim nadebudne\u017eem delili promocijski material Nove ljubljanske banke. Prav ima, pretok dijakov se v hipu zgosti in letake jim za\u010dnejo podajati v roke kot za stavo. Nedale\u010d stran pa stoji Boris, ki ima na mizici zalepljena dva lista, na enemu se s tiskanimi \u010drkami izpisuje \u201einformativni dnevi\u201c, na drugem pa \u201eLjubljanski potni\u0161ki promet\u201c. Po povr\u0161ini je zlo\u017eenih cel kup tiskanih shem pisanih dnevnih linij avtobusov, ki jih razdeljuje dijakom. \u201eZdaj je najve\u010dji naval, trajal bo nekje do desete ure, potem pa bo \u0161e en med prvo in tretjo uro,\u201c pripoveduje. \u201eDijaki pogosto vpra\u0161ajo kaj glede pla\u010dilnega sistema, kje kupiti urbano in kako deluje, v\u010dasih jih zanima \u0161e kje je kak\u0161na lokacija, kjer so zmenjeni, da se s kom dobijo. To je v glavnem to,\u201c pove. Informacije jim bo danes nudil od sedme ure zjutraj do pribli\u017eno treh popoldne. Dodali vagone in dva vlaka Blizu Borisovega informativnega pulta si v krogu ogledujejo okolico in na\u010drtujejo pot Tja\u0161 in njegovi kolegi. \u201eVerjetno bom \u0161e nekaj \u010dasa malo izgubljen,\u201c se nasmeji. \u201eNe vem, kako bomo \u0161li naprej, najbr\u017e kar s taksijem.\u201c Danes je namenjen na Akademijo za glasbo, pripotoval pa je iz Celja. \u201eNa vlaku je bila kar gne\u010da, tako da smo v bistvu stali. \u017de ko smo vstopili, je bilo polno, \u0161e huje pa je bilo za tiste, ki so vstopili bli\u017eje kon\u010dni postaji,\u201c pripoveduje. Na slovenskih \u017eeleznicah so sicer zaradi pri\u010dakovanega pove\u010danega \u0161tevila<\/p>\n","protected":false},"author":1,"featured_media":0,"comment_status":"closed","ping_status":"closed","sticky":false,"template":"","format":"standard","meta":{"footnotes":""},"categories":[1179],"tags":[],"source":[1711],"supertag":[],"acf":[],"yoast_head":"<!-- This site is optimized with the Yoast SEO plugin v21.3 - https:\/\/yoast.com\/wordpress\/plugins\/seo\/ -->\n<title>Z vlakom na informativni dan: &quot;Kot ov\u010dke gredo&quot; - Hudo Slovenija<\/title>\n<meta name=\"robots\" content=\"index, follow, max-snippet:-1, max-image-preview:large, max-video-preview:-1\" \/>\n<link rel=\"canonical\" href=\"https:\/\/hudo.com\/si\/aktualno\/z-vlakom-na-informativni-dan-kot-ovcke-gredo\/\" \/>\n<meta property=\"og:locale\" content=\"sl_SI\" \/>\n<meta property=\"og:type\" content=\"article\" \/>\n<meta property=\"og:title\" content=\"Z vlakom na informativni dan: &quot;Kot ov\u010dke gredo&quot; - Hudo Slovenija\" \/>\n<meta property=\"og:description\" content=\"\u201ePotni\u0161ki vlak iz Sevnice, Dobove in Zidanega Mosta prihaja na deseti tir,\u201c nekaj \u010dez osmo uro zjutraj odmeva iz zvo\u010dnikov ljubljanske \u017eelezni\u0161ke postaje. Potniki izstopijo iz vlaka, slo\u017eno zapustijo peron in se po stopnicah povzpnejo do izhoda postaje. Hitro je opaziti, da dana\u0161nja mno\u017eica ni tak\u0161na kot obi\u010dajno, veliko ve\u010d je mladih, zvedavih in zmedenih obrazov. Dijaki z vseh koncev Slovenije so pri\u0161li na informativne dneve. \u201eGremo stat tja gor. Tam bodo sigurno \u0161li mimo, saj ve\u0161 kako gredo \u2013 kot ov\u010dice,\u201c re\u010de fant in se skupaj s kolegicami odpravi k izhodu \u017eelezni\u0161ke postaje, kjer bodo mladim nadebudne\u017eem delili promocijski material Nove ljubljanske banke. Prav ima, pretok dijakov se v hipu zgosti in letake jim za\u010dnejo podajati v roke kot za stavo. Nedale\u010d stran pa stoji Boris, ki ima na mizici zalepljena dva lista, na enemu se s tiskanimi \u010drkami izpisuje \u201einformativni dnevi\u201c, na drugem pa \u201eLjubljanski potni\u0161ki promet\u201c. Po povr\u0161ini je zlo\u017eenih cel kup tiskanih shem pisanih dnevnih linij avtobusov, ki jih razdeljuje dijakom. \u201eZdaj je najve\u010dji naval, trajal bo nekje do desete ure, potem pa bo \u0161e en med prvo in tretjo uro,\u201c pripoveduje. \u201eDijaki pogosto vpra\u0161ajo kaj glede pla\u010dilnega sistema, kje kupiti urbano in kako deluje, v\u010dasih jih zanima \u0161e kje je kak\u0161na lokacija, kjer so zmenjeni, da se s kom dobijo. To je v glavnem to,\u201c pove. Informacije jim bo danes nudil od sedme ure zjutraj do pribli\u017eno treh popoldne. Dodali vagone in dva vlaka Blizu Borisovega informativnega pulta si v krogu ogledujejo okolico in na\u010drtujejo pot Tja\u0161 in njegovi kolegi. \u201eVerjetno bom \u0161e nekaj \u010dasa malo izgubljen,\u201c se nasmeji. \u201eNe vem, kako bomo \u0161li naprej, najbr\u017e kar s taksijem.\u201c Danes je namenjen na Akademijo za glasbo, pripotoval pa je iz Celja. \u201eNa vlaku je bila kar gne\u010da, tako da smo v bistvu stali. \u017de ko smo vstopili, je bilo polno, \u0161e huje pa je bilo za tiste, ki so vstopili bli\u017eje kon\u010dni postaji,\u201c pripoveduje. Na slovenskih \u017eeleznicah so sicer zaradi pri\u010dakovanega pove\u010danega \u0161tevila\" \/>\n<meta property=\"og:url\" content=\"https:\/\/hudo.com\/si\/aktualno\/z-vlakom-na-informativni-dan-kot-ovcke-gredo\/\" \/>\n<meta property=\"og:site_name\" content=\"Hudo Slovenija\" \/>\n<meta property=\"article:publisher\" content=\"https:\/\/www.facebook.com\/hudo.si\" \/>\n<meta property=\"article:published_time\" content=\"2017-02-10T13:45:00+00:00\" \/>\n<meta property=\"article:modified_time\" content=\"2017-02-10T22:12:16+00:00\" \/>\n<meta property=\"og:image\" content=\"https:\/\/hudo.com\/si\/wp-content\/uploads\/sites\/2\/2017\/02\/0210studenti211-300.jpg\" \/>\n\t<meta property=\"og:image:width\" content=\"450\" \/>\n\t<meta property=\"og:image:height\" content=\"300\" \/>\n\t<meta property=\"og:image:type\" content=\"image\/jpeg\" \/>\n<meta name=\"author\" content=\"hudo\" \/>\n<meta name=\"twitter:card\" content=\"summary_large_image\" \/>\n<meta name=\"twitter:creator\" content=\"@hudo_si\" \/>\n<meta name=\"twitter:site\" content=\"@hudo_si\" \/>\n<meta name=\"twitter:label1\" content=\"Written by\" \/>\n\t<meta name=\"twitter:data1\" content=\"hudo\" \/>\n\t<meta name=\"twitter:label2\" content=\"Est. reading time\" \/>\n\t<meta name=\"twitter:data2\" content=\"2 minuti\" \/>\n<script type=\"application\/ld+json\" class=\"yoast-schema-graph\">{\"@context\":\"https:\/\/schema.org\",\"@graph\":[{\"@type\":\"Article\",\"@id\":\"https:\/\/hudo.com\/si\/aktualno\/z-vlakom-na-informativni-dan-kot-ovcke-gredo\/#article\",\"isPartOf\":{\"@id\":\"https:\/\/hudo.com\/si\/aktualno\/z-vlakom-na-informativni-dan-kot-ovcke-gredo\/\"},\"author\":{\"name\":\"hudo\",\"@id\":\"https:\/\/hudo.com\/si\/#\/schema\/person\/601cf3379633985b20f7e50f2bb47707\"},\"headline\":\"Z vlakom na informativni dan: &#8220;Kot ov\u010dke gredo&#8221;\",\"datePublished\":\"2017-02-10T13:45:00+00:00\",\"dateModified\":\"2017-02-10T22:12:16+00:00\",\"mainEntityOfPage\":{\"@id\":\"https:\/\/hudo.com\/si\/aktualno\/z-vlakom-na-informativni-dan-kot-ovcke-gredo\/\"},\"wordCount\":365,\"publisher\":{\"@id\":\"https:\/\/hudo.com\/si\/#organization\"},\"articleSection\":[\"Aktualno\"],\"inLanguage\":\"sl-SI\"},{\"@type\":\"WebPage\",\"@id\":\"https:\/\/hudo.com\/si\/aktualno\/z-vlakom-na-informativni-dan-kot-ovcke-gredo\/\",\"url\":\"https:\/\/hudo.com\/si\/aktualno\/z-vlakom-na-informativni-dan-kot-ovcke-gredo\/\",\"name\":\"Z vlakom na informativni dan: \\\"Kot ov\u010dke gredo\\\" - Hudo Slovenija\",\"isPartOf\":{\"@id\":\"https:\/\/hudo.com\/si\/#website\"},\"datePublished\":\"2017-02-10T13:45:00+00:00\",\"dateModified\":\"2017-02-10T22:12:16+00:00\",\"breadcrumb\":{\"@id\":\"https:\/\/hudo.com\/si\/aktualno\/z-vlakom-na-informativni-dan-kot-ovcke-gredo\/#breadcrumb\"},\"inLanguage\":\"sl-SI\",\"potentialAction\":[{\"@type\":\"ReadAction\",\"target\":[\"https:\/\/hudo.com\/si\/aktualno\/z-vlakom-na-informativni-dan-kot-ovcke-gredo\/\"]}]},{\"@type\":\"BreadcrumbList\",\"@id\":\"https:\/\/hudo.com\/si\/aktualno\/z-vlakom-na-informativni-dan-kot-ovcke-gredo\/#breadcrumb\",\"itemListElement\":[{\"@type\":\"ListItem\",\"position\":1,\"name\":\"Home\",\"item\":\"https:\/\/hudo.com\/si\/\"},{\"@type\":\"ListItem\",\"position\":2,\"name\":\"Z vlakom na informativni dan: &#8220;Kot ov\u010dke gredo&#8221;\"}]},{\"@type\":\"WebSite\",\"@id\":\"https:\/\/hudo.com\/si\/#website\",\"url\":\"https:\/\/hudo.com\/si\/\",\"name\":\"Hudo Slovenija\",\"description\":\"Vse novice iz Slovenije in sveta\",\"publisher\":{\"@id\":\"https:\/\/hudo.com\/si\/#organization\"},\"potentialAction\":[{\"@type\":\"SearchAction\",\"target\":{\"@type\":\"EntryPoint\",\"urlTemplate\":\"https:\/\/hudo.com\/si\/?s={search_term_string}\"},\"query-input\":\"required name=search_term_string\"}],\"inLanguage\":\"sl-SI\"},{\"@type\":\"Organization\",\"@id\":\"https:\/\/hudo.com\/si\/#organization\",\"name\":\"VSN Media\",\"url\":\"https:\/\/hudo.com\/si\/\",\"logo\":{\"@type\":\"ImageObject\",\"inLanguage\":\"sl-SI\",\"@id\":\"https:\/\/hudo.com\/si\/#\/schema\/logo\/image\/\",\"url\":\"https:\/\/hudo.com\/si\/wp-content\/uploads\/sites\/2\/2021\/03\/hudo-app-2.png\",\"contentUrl\":\"https:\/\/hudo.com\/si\/wp-content\/uploads\/sites\/2\/2021\/03\/hudo-app-2.png\",\"width\":2185,\"height\":2167,\"caption\":\"VSN Media\"},\"image\":{\"@id\":\"https:\/\/hudo.com\/si\/#\/schema\/logo\/image\/\"},\"sameAs\":[\"https:\/\/www.facebook.com\/hudo.si\",\"https:\/\/twitter.com\/hudo_si\"]},{\"@type\":\"Person\",\"@id\":\"https:\/\/hudo.com\/si\/#\/schema\/person\/601cf3379633985b20f7e50f2bb47707\",\"name\":\"hudo\",\"image\":{\"@type\":\"ImageObject\",\"inLanguage\":\"sl-SI\",\"@id\":\"https:\/\/hudo.com\/si\/#\/schema\/person\/image\/\",\"url\":\"https:\/\/secure.gravatar.com\/avatar\/c4ca25fa72cace7a696b52ff5db9e095?s=96&d=mm&r=g\",\"contentUrl\":\"https:\/\/secure.gravatar.com\/avatar\/c4ca25fa72cace7a696b52ff5db9e095?s=96&d=mm&r=g\",\"caption\":\"hudo\"},\"url\":\"https:\/\/hudo.com\/si\/author\/hudo\/\"}]}<\/script>\n<!-- \/ Yoast SEO plugin. -->","yoast_head_json":{"title":"Z vlakom na informativni dan: \"Kot ov\u010dke gredo\" - Hudo Slovenija","robots":{"index":"index","follow":"follow","max-snippet":"max-snippet:-1","max-image-preview":"max-image-preview:large","max-video-preview":"max-video-preview:-1"},"canonical":"https:\/\/hudo.com\/si\/aktualno\/z-vlakom-na-informativni-dan-kot-ovcke-gredo\/","og_locale":"sl_SI","og_type":"article","og_title":"Z vlakom na informativni dan: \"Kot ov\u010dke gredo\" - Hudo Slovenija","og_description":"\u201ePotni\u0161ki vlak iz Sevnice, Dobove in Zidanega Mosta prihaja na deseti tir,\u201c nekaj \u010dez osmo uro zjutraj odmeva iz zvo\u010dnikov ljubljanske \u017eelezni\u0161ke postaje. Potniki izstopijo iz vlaka, slo\u017eno zapustijo peron in se po stopnicah povzpnejo do izhoda postaje. Hitro je opaziti, da dana\u0161nja mno\u017eica ni tak\u0161na kot obi\u010dajno, veliko ve\u010d je mladih, zvedavih in zmedenih obrazov. Dijaki z vseh koncev Slovenije so pri\u0161li na informativne dneve. \u201eGremo stat tja gor. Tam bodo sigurno \u0161li mimo, saj ve\u0161 kako gredo \u2013 kot ov\u010dice,\u201c re\u010de fant in se skupaj s kolegicami odpravi k izhodu \u017eelezni\u0161ke postaje, kjer bodo mladim nadebudne\u017eem delili promocijski material Nove ljubljanske banke. Prav ima, pretok dijakov se v hipu zgosti in letake jim za\u010dnejo podajati v roke kot za stavo. Nedale\u010d stran pa stoji Boris, ki ima na mizici zalepljena dva lista, na enemu se s tiskanimi \u010drkami izpisuje \u201einformativni dnevi\u201c, na drugem pa \u201eLjubljanski potni\u0161ki promet\u201c. Po povr\u0161ini je zlo\u017eenih cel kup tiskanih shem pisanih dnevnih linij avtobusov, ki jih razdeljuje dijakom. \u201eZdaj je najve\u010dji naval, trajal bo nekje do desete ure, potem pa bo \u0161e en med prvo in tretjo uro,\u201c pripoveduje. \u201eDijaki pogosto vpra\u0161ajo kaj glede pla\u010dilnega sistema, kje kupiti urbano in kako deluje, v\u010dasih jih zanima \u0161e kje je kak\u0161na lokacija, kjer so zmenjeni, da se s kom dobijo. To je v glavnem to,\u201c pove. Informacije jim bo danes nudil od sedme ure zjutraj do pribli\u017eno treh popoldne. Dodali vagone in dva vlaka Blizu Borisovega informativnega pulta si v krogu ogledujejo okolico in na\u010drtujejo pot Tja\u0161 in njegovi kolegi. \u201eVerjetno bom \u0161e nekaj \u010dasa malo izgubljen,\u201c se nasmeji. \u201eNe vem, kako bomo \u0161li naprej, najbr\u017e kar s taksijem.\u201c Danes je namenjen na Akademijo za glasbo, pripotoval pa je iz Celja. \u201eNa vlaku je bila kar gne\u010da, tako da smo v bistvu stali. \u017de ko smo vstopili, je bilo polno, \u0161e huje pa je bilo za tiste, ki so vstopili bli\u017eje kon\u010dni postaji,\u201c pripoveduje. Na slovenskih \u017eeleznicah so sicer zaradi pri\u010dakovanega pove\u010danega \u0161tevila","og_url":"https:\/\/hudo.com\/si\/aktualno\/z-vlakom-na-informativni-dan-kot-ovcke-gredo\/","og_site_name":"Hudo Slovenija","article_publisher":"https:\/\/www.facebook.com\/hudo.si","article_published_time":"2017-02-10T13:45:00+00:00","article_modified_time":"2017-02-10T22:12:16+00:00","og_image":[{"width":450,"height":300,"url":"https:\/\/hudo.com\/si\/wp-content\/uploads\/sites\/2\/2017\/02\/0210studenti211-300.jpg","type":"image\/jpeg"}],"author":"hudo","twitter_card":"summary_large_image","twitter_creator":"@hudo_si","twitter_site":"@hudo_si","twitter_misc":{"Written by":"hudo","Est. reading time":"2 minuti"},"schema":{"@context":"https:\/\/schema.org","@graph":[{"@type":"Article","@id":"https:\/\/hudo.com\/si\/aktualno\/z-vlakom-na-informativni-dan-kot-ovcke-gredo\/#article","isPartOf":{"@id":"https:\/\/hudo.com\/si\/aktualno\/z-vlakom-na-informativni-dan-kot-ovcke-gredo\/"},"author":{"name":"hudo","@id":"https:\/\/hudo.com\/si\/#\/schema\/person\/601cf3379633985b20f7e50f2bb47707"},"headline":"Z vlakom na informativni dan: &#8220;Kot ov\u010dke gredo&#8221;","datePublished":"2017-02-10T13:45:00+00:00","dateModified":"2017-02-10T22:12:16+00:00","mainEntityOfPage":{"@id":"https:\/\/hudo.com\/si\/aktualno\/z-vlakom-na-informativni-dan-kot-ovcke-gredo\/"},"wordCount":365,"publisher":{"@id":"https:\/\/hudo.com\/si\/#organization"},"articleSection":["Aktualno"],"inLanguage":"sl-SI"},{"@type":"WebPage","@id":"https:\/\/hudo.com\/si\/aktualno\/z-vlakom-na-informativni-dan-kot-ovcke-gredo\/","url":"https:\/\/hudo.com\/si\/aktualno\/z-vlakom-na-informativni-dan-kot-ovcke-gredo\/","name":"Z vlakom na informativni dan: \"Kot ov\u010dke gredo\" - Hudo Slovenija","isPartOf":{"@id":"https:\/\/hudo.com\/si\/#website"},"datePublished":"2017-02-10T13:45:00+00:00","dateModified":"2017-02-10T22:12:16+00:00","breadcrumb":{"@id":"https:\/\/hudo.com\/si\/aktualno\/z-vlakom-na-informativni-dan-kot-ovcke-gredo\/#breadcrumb"},"inLanguage":"sl-SI","potentialAction":[{"@type":"ReadAction","target":["https:\/\/hudo.com\/si\/aktualno\/z-vlakom-na-informativni-dan-kot-ovcke-gredo\/"]}]},{"@type":"BreadcrumbList","@id":"https:\/\/hudo.com\/si\/aktualno\/z-vlakom-na-informativni-dan-kot-ovcke-gredo\/#breadcrumb","itemListElement":[{"@type":"ListItem","position":1,"name":"Home","item":"https:\/\/hudo.com\/si\/"},{"@type":"ListItem","position":2,"name":"Z vlakom na informativni dan: &#8220;Kot ov\u010dke gredo&#8221;"}]},{"@type":"WebSite","@id":"https:\/\/hudo.com\/si\/#website","url":"https:\/\/hudo.com\/si\/","name":"Hudo Slovenija","description":"Vse novice iz Slovenije in sveta","publisher":{"@id":"https:\/\/hudo.com\/si\/#organization"},"potentialAction":[{"@type":"SearchAction","target":{"@type":"EntryPoint","urlTemplate":"https:\/\/hudo.com\/si\/?s={search_term_string}"},"query-input":"required name=search_term_string"}],"inLanguage":"sl-SI"},{"@type":"Organization","@id":"https:\/\/hudo.com\/si\/#organization","name":"VSN Media","url":"https:\/\/hudo.com\/si\/","logo":{"@type":"ImageObject","inLanguage":"sl-SI","@id":"https:\/\/hudo.com\/si\/#\/schema\/logo\/image\/","url":"https:\/\/hudo.com\/si\/wp-content\/uploads\/sites\/2\/2021\/03\/hudo-app-2.png","contentUrl":"https:\/\/hudo.com\/si\/wp-content\/uploads\/sites\/2\/2021\/03\/hudo-app-2.png","width":2185,"height":2167,"caption":"VSN Media"},"image":{"@id":"https:\/\/hudo.com\/si\/#\/schema\/logo\/image\/"},"sameAs":["https:\/\/www.facebook.com\/hudo.si","https:\/\/twitter.com\/hudo_si"]},{"@type":"Person","@id":"https:\/\/hudo.com\/si\/#\/schema\/person\/601cf3379633985b20f7e50f2bb47707","name":"hudo","image":{"@type":"ImageObject","inLanguage":"sl-SI","@id":"https:\/\/hudo.com\/si\/#\/schema\/person\/image\/","url":"https:\/\/secure.gravatar.com\/avatar\/c4ca25fa72cace7a696b52ff5db9e095?s=96&d=mm&r=g","contentUrl":"https:\/\/secure.gravatar.com\/avatar\/c4ca25fa72cace7a696b52ff5db9e095?s=96&d=mm&r=g","caption":"hudo"},"url":"https:\/\/hudo.com\/si\/author\/hudo\/"}]}},"amp_enabled":true,"_links":{"self":[{"href":"https:\/\/hudo.com\/si\/wp-json\/wp\/v2\/posts\/207753"}],"collection":[{"href":"https:\/\/hudo.com\/si\/wp-json\/wp\/v2\/posts"}],"about":[{"href":"https:\/\/hudo.com\/si\/wp-json\/wp\/v2\/types\/post"}],"author":[{"embeddable":true,"href":"https:\/\/hudo.com\/si\/wp-json\/wp\/v2\/users\/1"}],"replies":[{"embeddable":true,"href":"https:\/\/hudo.com\/si\/wp-json\/wp\/v2\/comments?post=207753"}],"version-history":[{"count":1,"href":"https:\/\/hudo.com\/si\/wp-json\/wp\/v2\/posts\/207753\/revisions"}],"predecessor-version":[{"id":207823,"href":"https:\/\/hudo.com\/si\/wp-json\/wp\/v2\/posts\/207753\/revisions\/207823"}],"wp:attachment":[{"href":"https:\/\/hudo.com\/si\/wp-json\/wp\/v2\/media?parent=207753"}],"wp:term":[{"taxonomy":"category","embeddable":true,"href":"https:\/\/hudo.com\/si\/wp-json\/wp\/v2\/categories?post=207753"},{"taxonomy":"post_tag","embeddable":true,"href":"https:\/\/hudo.com\/si\/wp-json\/wp\/v2\/tags?post=207753"},{"taxonomy":"source","embeddable":true,"href":"https:\/\/hudo.com\/si\/wp-json\/wp\/v2\/source?post=207753"},{"taxonomy":"supertag","embeddable":true,"href":"https:\/\/hudo.com\/si\/wp-json\/wp\/v2\/supertag?post=207753"}],"curies":[{"name":"wp","href":"https:\/\/api.w.org\/{rel}","templated":true}]}}