{"id":207767,"date":"2017-02-10T14:15:00","date_gmt":"2017-02-10T13:15:00","guid":{"rendered":"http:\/\/hudo.com\/si\/2017\/02\/10\/nekoc-najvecji-slovenski-up-zdaj-razocarana-sraka\/"},"modified":"2017-02-10T23:12:27","modified_gmt":"2017-02-10T22:12:27","slug":"nekoc-najvecji-slovenski-up-zdaj-razocarana-sraka","status":"publish","type":"post","link":"https:\/\/hudo.com\/si\/aktualno\/nekoc-najvecji-slovenski-up-zdaj-razocarana-sraka\/","title":{"rendered":"Neko\u010d najve\u010dji slovenski up, zdaj razo\u010darana sraka"},"content":{"rendered":"<p>Ko se je Dom\u017eal\u010dan Haris Vu\u010dki\u0107 leta 2009 odpravil na Otok, je spadal med najbolj nadarjene evropske nogometa\u0161e. Star je bil 17 let in ogromno obetal. Sedem let pozneje se je po neiz\u017eivetih sanjah pri Newcastlu, \u0161tevilnih selitvah in peklu, ki ga je do\u017eivljal zaradi zdravstvenih te\u017eav, zna\u0161el pred novo \u017eivljenjsko prelomnico.<\/p>\n","protected":false},"excerpt":{"rendered":"<p>Ko se je Dom\u017eal\u010dan Haris Vu\u010dki\u0107 leta 2009 odpravil na Otok, je spadal med najbolj nadarjene evropske nogometa\u0161e. Star je bil 17 let in ogromno obetal. Sedem let pozneje se je po neiz\u017eivetih sanjah pri Newcastlu, \u0161tevilnih selitvah in peklu, ki ga je do\u017eivljal zaradi zdravstvenih te\u017eav, zna\u0161el pred novo \u017eivljenjsko prelomnico.<\/p>\n","protected":false},"author":1,"featured_media":0,"comment_status":"closed","ping_status":"closed","sticky":false,"template":"","format":"standard","meta":{"footnotes":""},"categories":[1179],"tags":[],"source":[1717],"supertag":[],"acf":[],"yoast_head":"<!-- This site is optimized with the Yoast SEO plugin v21.3 - https:\/\/yoast.com\/wordpress\/plugins\/seo\/ -->\n<title>Neko\u010d najve\u010dji slovenski up, zdaj razo\u010darana sraka - Hudo Slovenija<\/title>\n<meta name=\"robots\" content=\"index, follow, max-snippet:-1, max-image-preview:large, max-video-preview:-1\" \/>\n<link rel=\"canonical\" href=\"https:\/\/hudo.com\/si\/aktualno\/nekoc-najvecji-slovenski-up-zdaj-razocarana-sraka\/\" \/>\n<meta property=\"og:locale\" content=\"sl_SI\" \/>\n<meta property=\"og:type\" content=\"article\" \/>\n<meta property=\"og:title\" content=\"Neko\u010d najve\u010dji slovenski up, zdaj razo\u010darana sraka - Hudo Slovenija\" \/>\n<meta property=\"og:description\" content=\"Ko se je Dom\u017eal\u010dan Haris Vu\u010dki\u0107 leta 2009 odpravil na Otok, je spadal med najbolj nadarjene evropske nogometa\u0161e. Star je bil 17 let in ogromno obetal. Sedem let pozneje se je po neiz\u017eivetih sanjah pri Newcastlu, \u0161tevilnih selitvah in peklu, ki ga je do\u017eivljal zaradi zdravstvenih te\u017eav, zna\u0161el pred novo \u017eivljenjsko prelomnico.\" \/>\n<meta property=\"og:url\" content=\"https:\/\/hudo.com\/si\/aktualno\/nekoc-najvecji-slovenski-up-zdaj-razocarana-sraka\/\" \/>\n<meta property=\"og:site_name\" content=\"Hudo Slovenija\" \/>\n<meta property=\"article:publisher\" content=\"https:\/\/www.facebook.com\/hudo.si\" \/>\n<meta property=\"article:published_time\" content=\"2017-02-10T13:15:00+00:00\" \/>\n<meta property=\"article:modified_time\" content=\"2017-02-10T22:12:27+00:00\" \/>\n<meta property=\"og:image\" content=\"https:\/\/hudo.com\/si\/wp-content\/uploads\/sites\/2\/2017\/02\/9307797db08136f8d3d8.jpeg\" \/>\n\t<meta property=\"og:image:width\" content=\"400\" \/>\n\t<meta property=\"og:image:height\" content=\"400\" \/>\n\t<meta property=\"og:image:type\" content=\"image\/jpeg\" \/>\n<meta name=\"author\" content=\"hudo\" \/>\n<meta name=\"twitter:card\" content=\"summary_large_image\" \/>\n<meta name=\"twitter:creator\" content=\"@hudo_si\" \/>\n<meta name=\"twitter:site\" content=\"@hudo_si\" \/>\n<meta name=\"twitter:label1\" content=\"Written by\" \/>\n\t<meta name=\"twitter:data1\" content=\"hudo\" \/>\n<script type=\"application\/ld+json\" class=\"yoast-schema-graph\">{\"@context\":\"https:\/\/schema.org\",\"@graph\":[{\"@type\":\"Article\",\"@id\":\"https:\/\/hudo.com\/si\/aktualno\/nekoc-najvecji-slovenski-up-zdaj-razocarana-sraka\/#article\",\"isPartOf\":{\"@id\":\"https:\/\/hudo.com\/si\/aktualno\/nekoc-najvecji-slovenski-up-zdaj-razocarana-sraka\/\"},\"author\":{\"name\":\"hudo\",\"@id\":\"https:\/\/hudo.com\/si\/#\/schema\/person\/601cf3379633985b20f7e50f2bb47707\"},\"headline\":\"Neko\u010d najve\u010dji slovenski up, zdaj razo\u010darana sraka\",\"datePublished\":\"2017-02-10T13:15:00+00:00\",\"dateModified\":\"2017-02-10T22:12:27+00:00\",\"mainEntityOfPage\":{\"@id\":\"https:\/\/hudo.com\/si\/aktualno\/nekoc-najvecji-slovenski-up-zdaj-razocarana-sraka\/\"},\"wordCount\":67,\"publisher\":{\"@id\":\"https:\/\/hudo.com\/si\/#organization\"},\"articleSection\":[\"Aktualno\"],\"inLanguage\":\"sl-SI\"},{\"@type\":\"WebPage\",\"@id\":\"https:\/\/hudo.com\/si\/aktualno\/nekoc-najvecji-slovenski-up-zdaj-razocarana-sraka\/\",\"url\":\"https:\/\/hudo.com\/si\/aktualno\/nekoc-najvecji-slovenski-up-zdaj-razocarana-sraka\/\",\"name\":\"Neko\u010d najve\u010dji slovenski up, zdaj razo\u010darana sraka - Hudo Slovenija\",\"isPartOf\":{\"@id\":\"https:\/\/hudo.com\/si\/#website\"},\"datePublished\":\"2017-02-10T13:15:00+00:00\",\"dateModified\":\"2017-02-10T22:12:27+00:00\",\"breadcrumb\":{\"@id\":\"https:\/\/hudo.com\/si\/aktualno\/nekoc-najvecji-slovenski-up-zdaj-razocarana-sraka\/#breadcrumb\"},\"inLanguage\":\"sl-SI\",\"potentialAction\":[{\"@type\":\"ReadAction\",\"target\":[\"https:\/\/hudo.com\/si\/aktualno\/nekoc-najvecji-slovenski-up-zdaj-razocarana-sraka\/\"]}]},{\"@type\":\"BreadcrumbList\",\"@id\":\"https:\/\/hudo.com\/si\/aktualno\/nekoc-najvecji-slovenski-up-zdaj-razocarana-sraka\/#breadcrumb\",\"itemListElement\":[{\"@type\":\"ListItem\",\"position\":1,\"name\":\"Home\",\"item\":\"https:\/\/hudo.com\/si\/\"},{\"@type\":\"ListItem\",\"position\":2,\"name\":\"Neko\u010d najve\u010dji slovenski up, zdaj razo\u010darana sraka\"}]},{\"@type\":\"WebSite\",\"@id\":\"https:\/\/hudo.com\/si\/#website\",\"url\":\"https:\/\/hudo.com\/si\/\",\"name\":\"Hudo Slovenija\",\"description\":\"Vse novice iz Slovenije in sveta\",\"publisher\":{\"@id\":\"https:\/\/hudo.com\/si\/#organization\"},\"potentialAction\":[{\"@type\":\"SearchAction\",\"target\":{\"@type\":\"EntryPoint\",\"urlTemplate\":\"https:\/\/hudo.com\/si\/?s={search_term_string}\"},\"query-input\":\"required name=search_term_string\"}],\"inLanguage\":\"sl-SI\"},{\"@type\":\"Organization\",\"@id\":\"https:\/\/hudo.com\/si\/#organization\",\"name\":\"VSN Media\",\"url\":\"https:\/\/hudo.com\/si\/\",\"logo\":{\"@type\":\"ImageObject\",\"inLanguage\":\"sl-SI\",\"@id\":\"https:\/\/hudo.com\/si\/#\/schema\/logo\/image\/\",\"url\":\"https:\/\/hudo.com\/si\/wp-content\/uploads\/sites\/2\/2021\/03\/hudo-app-2.png\",\"contentUrl\":\"https:\/\/hudo.com\/si\/wp-content\/uploads\/sites\/2\/2021\/03\/hudo-app-2.png\",\"width\":2185,\"height\":2167,\"caption\":\"VSN Media\"},\"image\":{\"@id\":\"https:\/\/hudo.com\/si\/#\/schema\/logo\/image\/\"},\"sameAs\":[\"https:\/\/www.facebook.com\/hudo.si\",\"https:\/\/twitter.com\/hudo_si\"]},{\"@type\":\"Person\",\"@id\":\"https:\/\/hudo.com\/si\/#\/schema\/person\/601cf3379633985b20f7e50f2bb47707\",\"name\":\"hudo\",\"image\":{\"@type\":\"ImageObject\",\"inLanguage\":\"sl-SI\",\"@id\":\"https:\/\/hudo.com\/si\/#\/schema\/person\/image\/\",\"url\":\"https:\/\/secure.gravatar.com\/avatar\/c4ca25fa72cace7a696b52ff5db9e095?s=96&d=mm&r=g\",\"contentUrl\":\"https:\/\/secure.gravatar.com\/avatar\/c4ca25fa72cace7a696b52ff5db9e095?s=96&d=mm&r=g\",\"caption\":\"hudo\"},\"url\":\"https:\/\/hudo.com\/si\/author\/hudo\/\"}]}<\/script>\n<!-- \/ Yoast SEO plugin. -->","yoast_head_json":{"title":"Neko\u010d najve\u010dji slovenski up, zdaj razo\u010darana sraka - Hudo Slovenija","robots":{"index":"index","follow":"follow","max-snippet":"max-snippet:-1","max-image-preview":"max-image-preview:large","max-video-preview":"max-video-preview:-1"},"canonical":"https:\/\/hudo.com\/si\/aktualno\/nekoc-najvecji-slovenski-up-zdaj-razocarana-sraka\/","og_locale":"sl_SI","og_type":"article","og_title":"Neko\u010d najve\u010dji slovenski up, zdaj razo\u010darana sraka - Hudo Slovenija","og_description":"Ko se je Dom\u017eal\u010dan Haris Vu\u010dki\u0107 leta 2009 odpravil na Otok, je spadal med najbolj nadarjene evropske nogometa\u0161e. Star je bil 17 let in ogromno obetal. Sedem let pozneje se je po neiz\u017eivetih sanjah pri Newcastlu, \u0161tevilnih selitvah in peklu, ki ga je do\u017eivljal zaradi zdravstvenih te\u017eav, zna\u0161el pred novo \u017eivljenjsko prelomnico.","og_url":"https:\/\/hudo.com\/si\/aktualno\/nekoc-najvecji-slovenski-up-zdaj-razocarana-sraka\/","og_site_name":"Hudo Slovenija","article_publisher":"https:\/\/www.facebook.com\/hudo.si","article_published_time":"2017-02-10T13:15:00+00:00","article_modified_time":"2017-02-10T22:12:27+00:00","og_image":[{"width":400,"height":400,"url":"https:\/\/hudo.com\/si\/wp-content\/uploads\/sites\/2\/2017\/02\/9307797db08136f8d3d8.jpeg","type":"image\/jpeg"}],"author":"hudo","twitter_card":"summary_large_image","twitter_creator":"@hudo_si","twitter_site":"@hudo_si","twitter_misc":{"Written by":"hudo"},"schema":{"@context":"https:\/\/schema.org","@graph":[{"@type":"Article","@id":"https:\/\/hudo.com\/si\/aktualno\/nekoc-najvecji-slovenski-up-zdaj-razocarana-sraka\/#article","isPartOf":{"@id":"https:\/\/hudo.com\/si\/aktualno\/nekoc-najvecji-slovenski-up-zdaj-razocarana-sraka\/"},"author":{"name":"hudo","@id":"https:\/\/hudo.com\/si\/#\/schema\/person\/601cf3379633985b20f7e50f2bb47707"},"headline":"Neko\u010d najve\u010dji slovenski up, zdaj razo\u010darana sraka","datePublished":"2017-02-10T13:15:00+00:00","dateModified":"2017-02-10T22:12:27+00:00","mainEntityOfPage":{"@id":"https:\/\/hudo.com\/si\/aktualno\/nekoc-najvecji-slovenski-up-zdaj-razocarana-sraka\/"},"wordCount":67,"publisher":{"@id":"https:\/\/hudo.com\/si\/#organization"},"articleSection":["Aktualno"],"inLanguage":"sl-SI"},{"@type":"WebPage","@id":"https:\/\/hudo.com\/si\/aktualno\/nekoc-najvecji-slovenski-up-zdaj-razocarana-sraka\/","url":"https:\/\/hudo.com\/si\/aktualno\/nekoc-najvecji-slovenski-up-zdaj-razocarana-sraka\/","name":"Neko\u010d najve\u010dji slovenski up, zdaj razo\u010darana sraka - Hudo Slovenija","isPartOf":{"@id":"https:\/\/hudo.com\/si\/#website"},"datePublished":"2017-02-10T13:15:00+00:00","dateModified":"2017-02-10T22:12:27+00:00","breadcrumb":{"@id":"https:\/\/hudo.com\/si\/aktualno\/nekoc-najvecji-slovenski-up-zdaj-razocarana-sraka\/#breadcrumb"},"inLanguage":"sl-SI","potentialAction":[{"@type":"ReadAction","target":["https:\/\/hudo.com\/si\/aktualno\/nekoc-najvecji-slovenski-up-zdaj-razocarana-sraka\/"]}]},{"@type":"BreadcrumbList","@id":"https:\/\/hudo.com\/si\/aktualno\/nekoc-najvecji-slovenski-up-zdaj-razocarana-sraka\/#breadcrumb","itemListElement":[{"@type":"ListItem","position":1,"name":"Home","item":"https:\/\/hudo.com\/si\/"},{"@type":"ListItem","position":2,"name":"Neko\u010d najve\u010dji slovenski up, zdaj razo\u010darana sraka"}]},{"@type":"WebSite","@id":"https:\/\/hudo.com\/si\/#website","url":"https:\/\/hudo.com\/si\/","name":"Hudo Slovenija","description":"Vse novice iz Slovenije in sveta","publisher":{"@id":"https:\/\/hudo.com\/si\/#organization"},"potentialAction":[{"@type":"SearchAction","target":{"@type":"EntryPoint","urlTemplate":"https:\/\/hudo.com\/si\/?s={search_term_string}"},"query-input":"required name=search_term_string"}],"inLanguage":"sl-SI"},{"@type":"Organization","@id":"https:\/\/hudo.com\/si\/#organization","name":"VSN Media","url":"https:\/\/hudo.com\/si\/","logo":{"@type":"ImageObject","inLanguage":"sl-SI","@id":"https:\/\/hudo.com\/si\/#\/schema\/logo\/image\/","url":"https:\/\/hudo.com\/si\/wp-content\/uploads\/sites\/2\/2021\/03\/hudo-app-2.png","contentUrl":"https:\/\/hudo.com\/si\/wp-content\/uploads\/sites\/2\/2021\/03\/hudo-app-2.png","width":2185,"height":2167,"caption":"VSN Media"},"image":{"@id":"https:\/\/hudo.com\/si\/#\/schema\/logo\/image\/"},"sameAs":["https:\/\/www.facebook.com\/hudo.si","https:\/\/twitter.com\/hudo_si"]},{"@type":"Person","@id":"https:\/\/hudo.com\/si\/#\/schema\/person\/601cf3379633985b20f7e50f2bb47707","name":"hudo","image":{"@type":"ImageObject","inLanguage":"sl-SI","@id":"https:\/\/hudo.com\/si\/#\/schema\/person\/image\/","url":"https:\/\/secure.gravatar.com\/avatar\/c4ca25fa72cace7a696b52ff5db9e095?s=96&d=mm&r=g","contentUrl":"https:\/\/secure.gravatar.com\/avatar\/c4ca25fa72cace7a696b52ff5db9e095?s=96&d=mm&r=g","caption":"hudo"},"url":"https:\/\/hudo.com\/si\/author\/hudo\/"}]}},"amp_enabled":true,"_links":{"self":[{"href":"https:\/\/hudo.com\/si\/wp-json\/wp\/v2\/posts\/207767"}],"collection":[{"href":"https:\/\/hudo.com\/si\/wp-json\/wp\/v2\/posts"}],"about":[{"href":"https:\/\/hudo.com\/si\/wp-json\/wp\/v2\/types\/post"}],"author":[{"embeddable":true,"href":"https:\/\/hudo.com\/si\/wp-json\/wp\/v2\/users\/1"}],"replies":[{"embeddable":true,"href":"https:\/\/hudo.com\/si\/wp-json\/wp\/v2\/comments?post=207767"}],"version-history":[{"count":1,"href":"https:\/\/hudo.com\/si\/wp-json\/wp\/v2\/posts\/207767\/revisions"}],"predecessor-version":[{"id":207830,"href":"https:\/\/hudo.com\/si\/wp-json\/wp\/v2\/posts\/207767\/revisions\/207830"}],"wp:attachment":[{"href":"https:\/\/hudo.com\/si\/wp-json\/wp\/v2\/media?parent=207767"}],"wp:term":[{"taxonomy":"category","embeddable":true,"href":"https:\/\/hudo.com\/si\/wp-json\/wp\/v2\/categories?post=207767"},{"taxonomy":"post_tag","embeddable":true,"href":"https:\/\/hudo.com\/si\/wp-json\/wp\/v2\/tags?post=207767"},{"taxonomy":"source","embeddable":true,"href":"https:\/\/hudo.com\/si\/wp-json\/wp\/v2\/source?post=207767"},{"taxonomy":"supertag","embeddable":true,"href":"https:\/\/hudo.com\/si\/wp-json\/wp\/v2\/supertag?post=207767"}],"curies":[{"name":"wp","href":"https:\/\/api.w.org\/{rel}","templated":true}]}}