{"id":207875,"date":"2017-02-10T16:48:00","date_gmt":"2017-02-10T15:48:00","guid":{"rendered":"http:\/\/hudo.com\/si\/2017\/02\/10\/bo-referendum-o-ustavnih-spremembah-spremljajo-vprasanje-o-smrtni-kazni\/"},"modified":"2017-02-10T20:11:38","modified_gmt":"2017-02-10T19:11:38","slug":"bo-referendum-o-ustavnih-spremembah-spremljajo-vprasanje-o-smrtni-kazni","status":"publish","type":"post","link":"https:\/\/hudo.com\/si\/aktualno\/bo-referendum-o-ustavnih-spremembah-spremljajo-vprasanje-o-smrtni-kazni\/","title":{"rendered":"Bo referendum o ustavnih spremembah spremljajo vpra\u0161anje o smrtni kazni?"},"content":{"rendered":"<p>Kategorija: Evropa Fri, 10 Feb 2017 17:48:00 +0100  Tur\u0161ki predsednik Recep Tayyip Erdo\u011fan je danes podpisal ustavne spremembe, ki bodo okrepile pristojnosti predsednika dr\u017eave in v bistvu spremenile politi\u010dni sistem v predsedni\u0161kega. O ustavnih spremembah bodo odlo\u010dali \u0161e dr\u017eavljani na referendumu, ki bo, kot je danes napovedal namestnik premierja Numan Kurtulmu\u015f, 16. aprila. \u00bb\u010ce bo bog dal, se bo v Tur\u010diji na ve\u010der 16. aprila za\u010dela nova doba,\u00ab je za dr\u017eavno televizijo TRT dejal Kurtulmu\u015f. Erdo\u011fan pa je danes v okviru prireditve v Istanbulu namignil na ponovno uvedbo smrtne kazni, poro\u010da Slovenska tiskovna agencija. Na pozive mno\u017eice k ponovni uvedbi smrtne kazni je Erdo\u011fan dejal, da \u00bb\u010de bo bog dal, bo 16. april znak za to\u00ab. Nadaljeval je, da je edini mo\u017eni konec za tiste, ki so tur\u0161ke vojake, policiste in druge naredili\u00a0&#8230;<\/p>\n","protected":false},"excerpt":{"rendered":"<p>Kategorija: Evropa Fri, 10 Feb 2017 17:48:00 +0100  Tur\u0161ki predsednik Recep Tayyip Erdo\u011fan je danes podpisal ustavne spremembe, ki bodo okrepile pristojnosti predsednika dr\u017eave in v bistvu spremenile politi\u010dni sistem v predsedni\u0161kega. O ustavnih spremembah bodo odlo\u010dali \u0161e dr\u017eavljani na referendumu, ki bo, kot je danes napovedal namestnik premierja Numan Kurtulmu\u015f, 16. aprila. \u00bb\u010ce bo bog dal, se bo v Tur\u010diji na ve\u010der 16. aprila za\u010dela nova doba,\u00ab je za dr\u017eavno televizijo TRT dejal Kurtulmu\u015f. Erdo\u011fan pa je danes v okviru prireditve v Istanbulu namignil na ponovno uvedbo smrtne kazni, poro\u010da Slovenska tiskovna agencija. Na pozive mno\u017eice k ponovni uvedbi smrtne kazni je Erdo\u011fan dejal, da \u00bb\u010de bo bog dal, bo 16. april znak za to\u00ab. Nadaljeval je, da je edini mo\u017eni konec za tiste, ki so tur\u0161ke vojake, policiste in druge naredili\u00a0&#8230;<\/p>\n","protected":false},"author":1,"featured_media":0,"comment_status":"closed","ping_status":"closed","sticky":false,"template":"","format":"standard","meta":{"footnotes":""},"categories":[1179],"tags":[],"source":[1703],"supertag":[],"acf":[],"yoast_head":"<!-- This site is optimized with the Yoast SEO plugin v21.3 - https:\/\/yoast.com\/wordpress\/plugins\/seo\/ -->\n<title>Bo referendum o ustavnih spremembah spremljajo vpra\u0161anje o smrtni kazni? - Hudo Slovenija<\/title>\n<meta name=\"robots\" content=\"index, follow, max-snippet:-1, max-image-preview:large, max-video-preview:-1\" \/>\n<link rel=\"canonical\" href=\"https:\/\/hudo.com\/si\/aktualno\/bo-referendum-o-ustavnih-spremembah-spremljajo-vprasanje-o-smrtni-kazni\/\" \/>\n<meta property=\"og:locale\" content=\"sl_SI\" \/>\n<meta property=\"og:type\" content=\"article\" \/>\n<meta property=\"og:title\" content=\"Bo referendum o ustavnih spremembah spremljajo vpra\u0161anje o smrtni kazni? - Hudo Slovenija\" \/>\n<meta property=\"og:description\" content=\"Kategorija: Evropa Fri, 10 Feb 2017 17:48:00 +0100 Tur\u0161ki predsednik Recep Tayyip Erdo\u011fan je danes podpisal ustavne spremembe, ki bodo okrepile pristojnosti predsednika dr\u017eave in v bistvu spremenile politi\u010dni sistem v predsedni\u0161kega. O ustavnih spremembah bodo odlo\u010dali \u0161e dr\u017eavljani na referendumu, ki bo, kot je danes napovedal namestnik premierja Numan Kurtulmu\u015f, 16. aprila. \u00bb\u010ce bo bog dal, se bo v Tur\u010diji na ve\u010der 16. aprila za\u010dela nova doba,\u00ab je za dr\u017eavno televizijo TRT dejal Kurtulmu\u015f. Erdo\u011fan pa je danes v okviru prireditve v Istanbulu namignil na ponovno uvedbo smrtne kazni, poro\u010da Slovenska tiskovna agencija. Na pozive mno\u017eice k ponovni uvedbi smrtne kazni je Erdo\u011fan dejal, da \u00bb\u010de bo bog dal, bo 16. april znak za to\u00ab. Nadaljeval je, da je edini mo\u017eni konec za tiste, ki so tur\u0161ke vojake, policiste in druge naredili\u00a0...\" \/>\n<meta property=\"og:url\" content=\"https:\/\/hudo.com\/si\/aktualno\/bo-referendum-o-ustavnih-spremembah-spremljajo-vprasanje-o-smrtni-kazni\/\" \/>\n<meta property=\"og:site_name\" content=\"Hudo Slovenija\" \/>\n<meta property=\"article:publisher\" content=\"https:\/\/www.facebook.com\/hudo.si\" \/>\n<meta property=\"article:published_time\" content=\"2017-02-10T15:48:00+00:00\" \/>\n<meta property=\"article:modified_time\" content=\"2017-02-10T19:11:38+00:00\" \/>\n<meta property=\"og:image\" content=\"https:\/\/hudo.com\/si\/wp-content\/uploads\/sites\/2\/2017\/02\/480x290_Reuters_Pictures-20170210143126-40400000.jpeg\" \/>\n\t<meta property=\"og:image:width\" content=\"480\" \/>\n\t<meta property=\"og:image:height\" content=\"290\" \/>\n\t<meta property=\"og:image:type\" content=\"image\/jpeg\" \/>\n<meta name=\"author\" content=\"hudo\" \/>\n<meta name=\"twitter:card\" content=\"summary_large_image\" \/>\n<meta name=\"twitter:creator\" content=\"@hudo_si\" \/>\n<meta name=\"twitter:site\" content=\"@hudo_si\" \/>\n<meta name=\"twitter:label1\" content=\"Written by\" \/>\n\t<meta name=\"twitter:data1\" content=\"hudo\" \/>\n\t<meta name=\"twitter:label2\" content=\"Est. reading time\" \/>\n\t<meta name=\"twitter:data2\" content=\"1 minuta\" \/>\n<script type=\"application\/ld+json\" class=\"yoast-schema-graph\">{\"@context\":\"https:\/\/schema.org\",\"@graph\":[{\"@type\":\"Article\",\"@id\":\"https:\/\/hudo.com\/si\/aktualno\/bo-referendum-o-ustavnih-spremembah-spremljajo-vprasanje-o-smrtni-kazni\/#article\",\"isPartOf\":{\"@id\":\"https:\/\/hudo.com\/si\/aktualno\/bo-referendum-o-ustavnih-spremembah-spremljajo-vprasanje-o-smrtni-kazni\/\"},\"author\":{\"name\":\"hudo\",\"@id\":\"https:\/\/hudo.com\/si\/#\/schema\/person\/601cf3379633985b20f7e50f2bb47707\"},\"headline\":\"Bo referendum o ustavnih spremembah spremljajo vpra\u0161anje o smrtni kazni?\",\"datePublished\":\"2017-02-10T15:48:00+00:00\",\"dateModified\":\"2017-02-10T19:11:38+00:00\",\"mainEntityOfPage\":{\"@id\":\"https:\/\/hudo.com\/si\/aktualno\/bo-referendum-o-ustavnih-spremembah-spremljajo-vprasanje-o-smrtni-kazni\/\"},\"wordCount\":154,\"publisher\":{\"@id\":\"https:\/\/hudo.com\/si\/#organization\"},\"articleSection\":[\"Aktualno\"],\"inLanguage\":\"sl-SI\"},{\"@type\":\"WebPage\",\"@id\":\"https:\/\/hudo.com\/si\/aktualno\/bo-referendum-o-ustavnih-spremembah-spremljajo-vprasanje-o-smrtni-kazni\/\",\"url\":\"https:\/\/hudo.com\/si\/aktualno\/bo-referendum-o-ustavnih-spremembah-spremljajo-vprasanje-o-smrtni-kazni\/\",\"name\":\"Bo referendum o ustavnih spremembah spremljajo vpra\u0161anje o smrtni kazni? - Hudo Slovenija\",\"isPartOf\":{\"@id\":\"https:\/\/hudo.com\/si\/#website\"},\"datePublished\":\"2017-02-10T15:48:00+00:00\",\"dateModified\":\"2017-02-10T19:11:38+00:00\",\"breadcrumb\":{\"@id\":\"https:\/\/hudo.com\/si\/aktualno\/bo-referendum-o-ustavnih-spremembah-spremljajo-vprasanje-o-smrtni-kazni\/#breadcrumb\"},\"inLanguage\":\"sl-SI\",\"potentialAction\":[{\"@type\":\"ReadAction\",\"target\":[\"https:\/\/hudo.com\/si\/aktualno\/bo-referendum-o-ustavnih-spremembah-spremljajo-vprasanje-o-smrtni-kazni\/\"]}]},{\"@type\":\"BreadcrumbList\",\"@id\":\"https:\/\/hudo.com\/si\/aktualno\/bo-referendum-o-ustavnih-spremembah-spremljajo-vprasanje-o-smrtni-kazni\/#breadcrumb\",\"itemListElement\":[{\"@type\":\"ListItem\",\"position\":1,\"name\":\"Home\",\"item\":\"https:\/\/hudo.com\/si\/\"},{\"@type\":\"ListItem\",\"position\":2,\"name\":\"Bo referendum o ustavnih spremembah spremljajo vpra\u0161anje o smrtni kazni?\"}]},{\"@type\":\"WebSite\",\"@id\":\"https:\/\/hudo.com\/si\/#website\",\"url\":\"https:\/\/hudo.com\/si\/\",\"name\":\"Hudo Slovenija\",\"description\":\"Vse novice iz Slovenije in sveta\",\"publisher\":{\"@id\":\"https:\/\/hudo.com\/si\/#organization\"},\"potentialAction\":[{\"@type\":\"SearchAction\",\"target\":{\"@type\":\"EntryPoint\",\"urlTemplate\":\"https:\/\/hudo.com\/si\/?s={search_term_string}\"},\"query-input\":\"required name=search_term_string\"}],\"inLanguage\":\"sl-SI\"},{\"@type\":\"Organization\",\"@id\":\"https:\/\/hudo.com\/si\/#organization\",\"name\":\"VSN Media\",\"url\":\"https:\/\/hudo.com\/si\/\",\"logo\":{\"@type\":\"ImageObject\",\"inLanguage\":\"sl-SI\",\"@id\":\"https:\/\/hudo.com\/si\/#\/schema\/logo\/image\/\",\"url\":\"https:\/\/hudo.com\/si\/wp-content\/uploads\/sites\/2\/2021\/03\/hudo-app-2.png\",\"contentUrl\":\"https:\/\/hudo.com\/si\/wp-content\/uploads\/sites\/2\/2021\/03\/hudo-app-2.png\",\"width\":2185,\"height\":2167,\"caption\":\"VSN Media\"},\"image\":{\"@id\":\"https:\/\/hudo.com\/si\/#\/schema\/logo\/image\/\"},\"sameAs\":[\"https:\/\/www.facebook.com\/hudo.si\",\"https:\/\/twitter.com\/hudo_si\"]},{\"@type\":\"Person\",\"@id\":\"https:\/\/hudo.com\/si\/#\/schema\/person\/601cf3379633985b20f7e50f2bb47707\",\"name\":\"hudo\",\"image\":{\"@type\":\"ImageObject\",\"inLanguage\":\"sl-SI\",\"@id\":\"https:\/\/hudo.com\/si\/#\/schema\/person\/image\/\",\"url\":\"https:\/\/secure.gravatar.com\/avatar\/c4ca25fa72cace7a696b52ff5db9e095?s=96&d=mm&r=g\",\"contentUrl\":\"https:\/\/secure.gravatar.com\/avatar\/c4ca25fa72cace7a696b52ff5db9e095?s=96&d=mm&r=g\",\"caption\":\"hudo\"},\"url\":\"https:\/\/hudo.com\/si\/author\/hudo\/\"}]}<\/script>\n<!-- \/ Yoast SEO plugin. -->","yoast_head_json":{"title":"Bo referendum o ustavnih spremembah spremljajo vpra\u0161anje o smrtni kazni? - Hudo Slovenija","robots":{"index":"index","follow":"follow","max-snippet":"max-snippet:-1","max-image-preview":"max-image-preview:large","max-video-preview":"max-video-preview:-1"},"canonical":"https:\/\/hudo.com\/si\/aktualno\/bo-referendum-o-ustavnih-spremembah-spremljajo-vprasanje-o-smrtni-kazni\/","og_locale":"sl_SI","og_type":"article","og_title":"Bo referendum o ustavnih spremembah spremljajo vpra\u0161anje o smrtni kazni? - Hudo Slovenija","og_description":"Kategorija: Evropa Fri, 10 Feb 2017 17:48:00 +0100 Tur\u0161ki predsednik Recep Tayyip Erdo\u011fan je danes podpisal ustavne spremembe, ki bodo okrepile pristojnosti predsednika dr\u017eave in v bistvu spremenile politi\u010dni sistem v predsedni\u0161kega. O ustavnih spremembah bodo odlo\u010dali \u0161e dr\u017eavljani na referendumu, ki bo, kot je danes napovedal namestnik premierja Numan Kurtulmu\u015f, 16. aprila. \u00bb\u010ce bo bog dal, se bo v Tur\u010diji na ve\u010der 16. aprila za\u010dela nova doba,\u00ab je za dr\u017eavno televizijo TRT dejal Kurtulmu\u015f. Erdo\u011fan pa je danes v okviru prireditve v Istanbulu namignil na ponovno uvedbo smrtne kazni, poro\u010da Slovenska tiskovna agencija. Na pozive mno\u017eice k ponovni uvedbi smrtne kazni je Erdo\u011fan dejal, da \u00bb\u010de bo bog dal, bo 16. april znak za to\u00ab. Nadaljeval je, da je edini mo\u017eni konec za tiste, ki so tur\u0161ke vojake, policiste in druge naredili\u00a0...","og_url":"https:\/\/hudo.com\/si\/aktualno\/bo-referendum-o-ustavnih-spremembah-spremljajo-vprasanje-o-smrtni-kazni\/","og_site_name":"Hudo Slovenija","article_publisher":"https:\/\/www.facebook.com\/hudo.si","article_published_time":"2017-02-10T15:48:00+00:00","article_modified_time":"2017-02-10T19:11:38+00:00","og_image":[{"width":480,"height":290,"url":"https:\/\/hudo.com\/si\/wp-content\/uploads\/sites\/2\/2017\/02\/480x290_Reuters_Pictures-20170210143126-40400000.jpeg","type":"image\/jpeg"}],"author":"hudo","twitter_card":"summary_large_image","twitter_creator":"@hudo_si","twitter_site":"@hudo_si","twitter_misc":{"Written by":"hudo","Est. reading time":"1 minuta"},"schema":{"@context":"https:\/\/schema.org","@graph":[{"@type":"Article","@id":"https:\/\/hudo.com\/si\/aktualno\/bo-referendum-o-ustavnih-spremembah-spremljajo-vprasanje-o-smrtni-kazni\/#article","isPartOf":{"@id":"https:\/\/hudo.com\/si\/aktualno\/bo-referendum-o-ustavnih-spremembah-spremljajo-vprasanje-o-smrtni-kazni\/"},"author":{"name":"hudo","@id":"https:\/\/hudo.com\/si\/#\/schema\/person\/601cf3379633985b20f7e50f2bb47707"},"headline":"Bo referendum o ustavnih spremembah spremljajo vpra\u0161anje o smrtni kazni?","datePublished":"2017-02-10T15:48:00+00:00","dateModified":"2017-02-10T19:11:38+00:00","mainEntityOfPage":{"@id":"https:\/\/hudo.com\/si\/aktualno\/bo-referendum-o-ustavnih-spremembah-spremljajo-vprasanje-o-smrtni-kazni\/"},"wordCount":154,"publisher":{"@id":"https:\/\/hudo.com\/si\/#organization"},"articleSection":["Aktualno"],"inLanguage":"sl-SI"},{"@type":"WebPage","@id":"https:\/\/hudo.com\/si\/aktualno\/bo-referendum-o-ustavnih-spremembah-spremljajo-vprasanje-o-smrtni-kazni\/","url":"https:\/\/hudo.com\/si\/aktualno\/bo-referendum-o-ustavnih-spremembah-spremljajo-vprasanje-o-smrtni-kazni\/","name":"Bo referendum o ustavnih spremembah spremljajo vpra\u0161anje o smrtni kazni? - Hudo Slovenija","isPartOf":{"@id":"https:\/\/hudo.com\/si\/#website"},"datePublished":"2017-02-10T15:48:00+00:00","dateModified":"2017-02-10T19:11:38+00:00","breadcrumb":{"@id":"https:\/\/hudo.com\/si\/aktualno\/bo-referendum-o-ustavnih-spremembah-spremljajo-vprasanje-o-smrtni-kazni\/#breadcrumb"},"inLanguage":"sl-SI","potentialAction":[{"@type":"ReadAction","target":["https:\/\/hudo.com\/si\/aktualno\/bo-referendum-o-ustavnih-spremembah-spremljajo-vprasanje-o-smrtni-kazni\/"]}]},{"@type":"BreadcrumbList","@id":"https:\/\/hudo.com\/si\/aktualno\/bo-referendum-o-ustavnih-spremembah-spremljajo-vprasanje-o-smrtni-kazni\/#breadcrumb","itemListElement":[{"@type":"ListItem","position":1,"name":"Home","item":"https:\/\/hudo.com\/si\/"},{"@type":"ListItem","position":2,"name":"Bo referendum o ustavnih spremembah spremljajo vpra\u0161anje o smrtni kazni?"}]},{"@type":"WebSite","@id":"https:\/\/hudo.com\/si\/#website","url":"https:\/\/hudo.com\/si\/","name":"Hudo Slovenija","description":"Vse novice iz Slovenije in sveta","publisher":{"@id":"https:\/\/hudo.com\/si\/#organization"},"potentialAction":[{"@type":"SearchAction","target":{"@type":"EntryPoint","urlTemplate":"https:\/\/hudo.com\/si\/?s={search_term_string}"},"query-input":"required name=search_term_string"}],"inLanguage":"sl-SI"},{"@type":"Organization","@id":"https:\/\/hudo.com\/si\/#organization","name":"VSN Media","url":"https:\/\/hudo.com\/si\/","logo":{"@type":"ImageObject","inLanguage":"sl-SI","@id":"https:\/\/hudo.com\/si\/#\/schema\/logo\/image\/","url":"https:\/\/hudo.com\/si\/wp-content\/uploads\/sites\/2\/2021\/03\/hudo-app-2.png","contentUrl":"https:\/\/hudo.com\/si\/wp-content\/uploads\/sites\/2\/2021\/03\/hudo-app-2.png","width":2185,"height":2167,"caption":"VSN Media"},"image":{"@id":"https:\/\/hudo.com\/si\/#\/schema\/logo\/image\/"},"sameAs":["https:\/\/www.facebook.com\/hudo.si","https:\/\/twitter.com\/hudo_si"]},{"@type":"Person","@id":"https:\/\/hudo.com\/si\/#\/schema\/person\/601cf3379633985b20f7e50f2bb47707","name":"hudo","image":{"@type":"ImageObject","inLanguage":"sl-SI","@id":"https:\/\/hudo.com\/si\/#\/schema\/person\/image\/","url":"https:\/\/secure.gravatar.com\/avatar\/c4ca25fa72cace7a696b52ff5db9e095?s=96&d=mm&r=g","contentUrl":"https:\/\/secure.gravatar.com\/avatar\/c4ca25fa72cace7a696b52ff5db9e095?s=96&d=mm&r=g","caption":"hudo"},"url":"https:\/\/hudo.com\/si\/author\/hudo\/"}]}},"amp_enabled":true,"_links":{"self":[{"href":"https:\/\/hudo.com\/si\/wp-json\/wp\/v2\/posts\/207875"}],"collection":[{"href":"https:\/\/hudo.com\/si\/wp-json\/wp\/v2\/posts"}],"about":[{"href":"https:\/\/hudo.com\/si\/wp-json\/wp\/v2\/types\/post"}],"author":[{"embeddable":true,"href":"https:\/\/hudo.com\/si\/wp-json\/wp\/v2\/users\/1"}],"replies":[{"embeddable":true,"href":"https:\/\/hudo.com\/si\/wp-json\/wp\/v2\/comments?post=207875"}],"version-history":[{"count":1,"href":"https:\/\/hudo.com\/si\/wp-json\/wp\/v2\/posts\/207875\/revisions"}],"predecessor-version":[{"id":207896,"href":"https:\/\/hudo.com\/si\/wp-json\/wp\/v2\/posts\/207875\/revisions\/207896"}],"wp:attachment":[{"href":"https:\/\/hudo.com\/si\/wp-json\/wp\/v2\/media?parent=207875"}],"wp:term":[{"taxonomy":"category","embeddable":true,"href":"https:\/\/hudo.com\/si\/wp-json\/wp\/v2\/categories?post=207875"},{"taxonomy":"post_tag","embeddable":true,"href":"https:\/\/hudo.com\/si\/wp-json\/wp\/v2\/tags?post=207875"},{"taxonomy":"source","embeddable":true,"href":"https:\/\/hudo.com\/si\/wp-json\/wp\/v2\/source?post=207875"},{"taxonomy":"supertag","embeddable":true,"href":"https:\/\/hudo.com\/si\/wp-json\/wp\/v2\/supertag?post=207875"}],"curies":[{"name":"wp","href":"https:\/\/api.w.org\/{rel}","templated":true}]}}