{"id":208226,"date":"2017-02-11T09:52:00","date_gmt":"2017-02-11T08:52:00","guid":{"rendered":"http:\/\/hudo.com\/si\/2017\/02\/11\/saporo-peter-prevc-se-je-vrnil-na-vrh\/"},"modified":"2017-02-11T13:11:53","modified_gmt":"2017-02-11T12:11:53","slug":"saporo-peter-prevc-se-je-vrnil-na-vrh","status":"publish","type":"post","link":"https:\/\/hudo.com\/si\/aktualno\/saporo-peter-prevc-se-je-vrnil-na-vrh\/","title":{"rendered":"Saporo: Peter Prevc se je vrnil na vrh"},"content":{"rendered":"<p>Kategorija: Zimski Sat, 11 Feb 2017 10:52:00 +0100  Saporo &#8211; Peter Prevc je spet na vrhu! Zmagal je na tekmi za svetovni pokal v Saporu (143 in 134 m, 260,2 to\u010dke), na najvi\u0161jo stopni\u010dko pa je stopil skupaj s Poljakom Maciejem Kotom (139 in 138 m, 260,2). Tretji je bil Avstrijec Stefan Kraft (137 in 139 m, 257,5). Najstarej\u0161i od bratov Prevc je tako \u017ee \u010detrto leto v nizu slavil v Saporu, dosegel pa je 22. zmago v svetovnem pokalu. Veseli so bili tudi nekateri slovenski navija\u010di, ki so se odpravili na dolgo pot na Japonsko, kjer je zdaj \u017ee ve\u010der. Po \u0161tiri zmage na enem prizori\u0161\u010du ima Peter le \u0161e v Planici, skupno pa so slovenski skakalci v svetovnem pokalu dosegli \u017ee 64. zmag. &#8220;Vesel in zadovoljen sem s svojimi predstavami v Saporu. V prvi seriji sem imel\u00a0&#8230;<\/p>\n","protected":false},"excerpt":{"rendered":"<p>Kategorija: Zimski Sat, 11 Feb 2017 10:52:00 +0100  Saporo &#8211; Peter Prevc je spet na vrhu! Zmagal je na tekmi za svetovni pokal v Saporu (143 in 134 m, 260,2 to\u010dke), na najvi\u0161jo stopni\u010dko pa je stopil skupaj s Poljakom Maciejem Kotom (139 in 138 m, 260,2). Tretji je bil Avstrijec Stefan Kraft (137 in 139 m, 257,5). Najstarej\u0161i od bratov Prevc je tako \u017ee \u010detrto leto v nizu slavil v Saporu, dosegel pa je 22. zmago v svetovnem pokalu. Veseli so bili tudi nekateri slovenski navija\u010di, ki so se odpravili na dolgo pot na Japonsko, kjer je zdaj \u017ee ve\u010der. Po \u0161tiri zmage na enem prizori\u0161\u010du ima Peter le \u0161e v Planici, skupno pa so slovenski skakalci v svetovnem pokalu dosegli \u017ee 64. zmag. &#8220;Vesel in zadovoljen sem s svojimi predstavami v Saporu. V prvi seriji sem imel\u00a0&#8230;<\/p>\n","protected":false},"author":1,"featured_media":0,"comment_status":"closed","ping_status":"closed","sticky":false,"template":"","format":"standard","meta":{"footnotes":""},"categories":[1179],"tags":[],"source":[1703],"supertag":[],"acf":[],"yoast_head":"<!-- This site is optimized with the Yoast SEO plugin v21.3 - https:\/\/yoast.com\/wordpress\/plugins\/seo\/ -->\n<title>Saporo: Peter Prevc se je vrnil na vrh - Hudo Slovenija<\/title>\n<meta name=\"robots\" content=\"index, follow, max-snippet:-1, max-image-preview:large, max-video-preview:-1\" \/>\n<link rel=\"canonical\" href=\"https:\/\/hudo.com\/si\/aktualno\/saporo-peter-prevc-se-je-vrnil-na-vrh\/\" \/>\n<meta property=\"og:locale\" content=\"sl_SI\" \/>\n<meta property=\"og:type\" content=\"article\" \/>\n<meta property=\"og:title\" content=\"Saporo: Peter Prevc se je vrnil na vrh - Hudo Slovenija\" \/>\n<meta property=\"og:description\" content=\"Kategorija: Zimski Sat, 11 Feb 2017 10:52:00 +0100 Saporo - Peter Prevc je spet na vrhu! Zmagal je na tekmi za svetovni pokal v Saporu (143 in 134 m, 260,2 to\u010dke), na najvi\u0161jo stopni\u010dko pa je stopil skupaj s Poljakom Maciejem Kotom (139 in 138 m, 260,2). Tretji je bil Avstrijec Stefan Kraft (137 in 139 m, 257,5). Najstarej\u0161i od bratov Prevc je tako \u017ee \u010detrto leto v nizu slavil v Saporu, dosegel pa je 22. zmago v svetovnem pokalu. Veseli so bili tudi nekateri slovenski navija\u010di, ki so se odpravili na dolgo pot na Japonsko, kjer je zdaj \u017ee ve\u010der. Po \u0161tiri zmage na enem prizori\u0161\u010du ima Peter le \u0161e v Planici, skupno pa so slovenski skakalci v svetovnem pokalu dosegli \u017ee 64. zmag. &quot;Vesel in zadovoljen sem s svojimi predstavami v Saporu. V prvi seriji sem imel\u00a0...\" \/>\n<meta property=\"og:url\" content=\"https:\/\/hudo.com\/si\/aktualno\/saporo-peter-prevc-se-je-vrnil-na-vrh\/\" \/>\n<meta property=\"og:site_name\" content=\"Hudo Slovenija\" \/>\n<meta property=\"article:publisher\" content=\"https:\/\/www.facebook.com\/hudo.si\" \/>\n<meta property=\"article:published_time\" content=\"2017-02-11T08:52:00+00:00\" \/>\n<meta property=\"article:modified_time\" content=\"2017-02-11T12:11:53+00:00\" \/>\n<meta property=\"og:image\" content=\"https:\/\/hudo.com\/si\/wp-content\/uploads\/sites\/2\/2017\/02\/480x290_AP_Pictures-20170205165112-49283700-3.jpeg\" \/>\n\t<meta property=\"og:image:width\" content=\"480\" \/>\n\t<meta property=\"og:image:height\" content=\"290\" \/>\n\t<meta property=\"og:image:type\" content=\"image\/jpeg\" \/>\n<meta name=\"author\" content=\"hudo\" \/>\n<meta name=\"twitter:card\" content=\"summary_large_image\" \/>\n<meta name=\"twitter:creator\" content=\"@hudo_si\" \/>\n<meta name=\"twitter:site\" content=\"@hudo_si\" \/>\n<meta name=\"twitter:label1\" content=\"Written by\" \/>\n\t<meta name=\"twitter:data1\" content=\"hudo\" \/>\n\t<meta name=\"twitter:label2\" content=\"Est. reading time\" \/>\n\t<meta name=\"twitter:data2\" content=\"1 minuta\" \/>\n<script type=\"application\/ld+json\" class=\"yoast-schema-graph\">{\"@context\":\"https:\/\/schema.org\",\"@graph\":[{\"@type\":\"Article\",\"@id\":\"https:\/\/hudo.com\/si\/aktualno\/saporo-peter-prevc-se-je-vrnil-na-vrh\/#article\",\"isPartOf\":{\"@id\":\"https:\/\/hudo.com\/si\/aktualno\/saporo-peter-prevc-se-je-vrnil-na-vrh\/\"},\"author\":{\"name\":\"hudo\",\"@id\":\"https:\/\/hudo.com\/si\/#\/schema\/person\/601cf3379633985b20f7e50f2bb47707\"},\"headline\":\"Saporo: Peter Prevc se je vrnil na vrh\",\"datePublished\":\"2017-02-11T08:52:00+00:00\",\"dateModified\":\"2017-02-11T12:11:53+00:00\",\"mainEntityOfPage\":{\"@id\":\"https:\/\/hudo.com\/si\/aktualno\/saporo-peter-prevc-se-je-vrnil-na-vrh\/\"},\"wordCount\":139,\"publisher\":{\"@id\":\"https:\/\/hudo.com\/si\/#organization\"},\"articleSection\":[\"Aktualno\"],\"inLanguage\":\"sl-SI\"},{\"@type\":\"WebPage\",\"@id\":\"https:\/\/hudo.com\/si\/aktualno\/saporo-peter-prevc-se-je-vrnil-na-vrh\/\",\"url\":\"https:\/\/hudo.com\/si\/aktualno\/saporo-peter-prevc-se-je-vrnil-na-vrh\/\",\"name\":\"Saporo: Peter Prevc se je vrnil na vrh - Hudo Slovenija\",\"isPartOf\":{\"@id\":\"https:\/\/hudo.com\/si\/#website\"},\"datePublished\":\"2017-02-11T08:52:00+00:00\",\"dateModified\":\"2017-02-11T12:11:53+00:00\",\"breadcrumb\":{\"@id\":\"https:\/\/hudo.com\/si\/aktualno\/saporo-peter-prevc-se-je-vrnil-na-vrh\/#breadcrumb\"},\"inLanguage\":\"sl-SI\",\"potentialAction\":[{\"@type\":\"ReadAction\",\"target\":[\"https:\/\/hudo.com\/si\/aktualno\/saporo-peter-prevc-se-je-vrnil-na-vrh\/\"]}]},{\"@type\":\"BreadcrumbList\",\"@id\":\"https:\/\/hudo.com\/si\/aktualno\/saporo-peter-prevc-se-je-vrnil-na-vrh\/#breadcrumb\",\"itemListElement\":[{\"@type\":\"ListItem\",\"position\":1,\"name\":\"Home\",\"item\":\"https:\/\/hudo.com\/si\/\"},{\"@type\":\"ListItem\",\"position\":2,\"name\":\"Saporo: Peter Prevc se je vrnil na vrh\"}]},{\"@type\":\"WebSite\",\"@id\":\"https:\/\/hudo.com\/si\/#website\",\"url\":\"https:\/\/hudo.com\/si\/\",\"name\":\"Hudo Slovenija\",\"description\":\"Vse novice iz Slovenije in sveta\",\"publisher\":{\"@id\":\"https:\/\/hudo.com\/si\/#organization\"},\"potentialAction\":[{\"@type\":\"SearchAction\",\"target\":{\"@type\":\"EntryPoint\",\"urlTemplate\":\"https:\/\/hudo.com\/si\/?s={search_term_string}\"},\"query-input\":\"required name=search_term_string\"}],\"inLanguage\":\"sl-SI\"},{\"@type\":\"Organization\",\"@id\":\"https:\/\/hudo.com\/si\/#organization\",\"name\":\"VSN Media\",\"url\":\"https:\/\/hudo.com\/si\/\",\"logo\":{\"@type\":\"ImageObject\",\"inLanguage\":\"sl-SI\",\"@id\":\"https:\/\/hudo.com\/si\/#\/schema\/logo\/image\/\",\"url\":\"https:\/\/hudo.com\/si\/wp-content\/uploads\/sites\/2\/2021\/03\/hudo-app-2.png\",\"contentUrl\":\"https:\/\/hudo.com\/si\/wp-content\/uploads\/sites\/2\/2021\/03\/hudo-app-2.png\",\"width\":2185,\"height\":2167,\"caption\":\"VSN Media\"},\"image\":{\"@id\":\"https:\/\/hudo.com\/si\/#\/schema\/logo\/image\/\"},\"sameAs\":[\"https:\/\/www.facebook.com\/hudo.si\",\"https:\/\/twitter.com\/hudo_si\"]},{\"@type\":\"Person\",\"@id\":\"https:\/\/hudo.com\/si\/#\/schema\/person\/601cf3379633985b20f7e50f2bb47707\",\"name\":\"hudo\",\"image\":{\"@type\":\"ImageObject\",\"inLanguage\":\"sl-SI\",\"@id\":\"https:\/\/hudo.com\/si\/#\/schema\/person\/image\/\",\"url\":\"https:\/\/secure.gravatar.com\/avatar\/c4ca25fa72cace7a696b52ff5db9e095?s=96&d=mm&r=g\",\"contentUrl\":\"https:\/\/secure.gravatar.com\/avatar\/c4ca25fa72cace7a696b52ff5db9e095?s=96&d=mm&r=g\",\"caption\":\"hudo\"},\"url\":\"https:\/\/hudo.com\/si\/author\/hudo\/\"}]}<\/script>\n<!-- \/ Yoast SEO plugin. -->","yoast_head_json":{"title":"Saporo: Peter Prevc se je vrnil na vrh - Hudo Slovenija","robots":{"index":"index","follow":"follow","max-snippet":"max-snippet:-1","max-image-preview":"max-image-preview:large","max-video-preview":"max-video-preview:-1"},"canonical":"https:\/\/hudo.com\/si\/aktualno\/saporo-peter-prevc-se-je-vrnil-na-vrh\/","og_locale":"sl_SI","og_type":"article","og_title":"Saporo: Peter Prevc se je vrnil na vrh - Hudo Slovenija","og_description":"Kategorija: Zimski Sat, 11 Feb 2017 10:52:00 +0100 Saporo - Peter Prevc je spet na vrhu! Zmagal je na tekmi za svetovni pokal v Saporu (143 in 134 m, 260,2 to\u010dke), na najvi\u0161jo stopni\u010dko pa je stopil skupaj s Poljakom Maciejem Kotom (139 in 138 m, 260,2). Tretji je bil Avstrijec Stefan Kraft (137 in 139 m, 257,5). Najstarej\u0161i od bratov Prevc je tako \u017ee \u010detrto leto v nizu slavil v Saporu, dosegel pa je 22. zmago v svetovnem pokalu. Veseli so bili tudi nekateri slovenski navija\u010di, ki so se odpravili na dolgo pot na Japonsko, kjer je zdaj \u017ee ve\u010der. Po \u0161tiri zmage na enem prizori\u0161\u010du ima Peter le \u0161e v Planici, skupno pa so slovenski skakalci v svetovnem pokalu dosegli \u017ee 64. zmag. \"Vesel in zadovoljen sem s svojimi predstavami v Saporu. V prvi seriji sem imel\u00a0...","og_url":"https:\/\/hudo.com\/si\/aktualno\/saporo-peter-prevc-se-je-vrnil-na-vrh\/","og_site_name":"Hudo Slovenija","article_publisher":"https:\/\/www.facebook.com\/hudo.si","article_published_time":"2017-02-11T08:52:00+00:00","article_modified_time":"2017-02-11T12:11:53+00:00","og_image":[{"width":480,"height":290,"url":"https:\/\/hudo.com\/si\/wp-content\/uploads\/sites\/2\/2017\/02\/480x290_AP_Pictures-20170205165112-49283700-3.jpeg","type":"image\/jpeg"}],"author":"hudo","twitter_card":"summary_large_image","twitter_creator":"@hudo_si","twitter_site":"@hudo_si","twitter_misc":{"Written by":"hudo","Est. reading time":"1 minuta"},"schema":{"@context":"https:\/\/schema.org","@graph":[{"@type":"Article","@id":"https:\/\/hudo.com\/si\/aktualno\/saporo-peter-prevc-se-je-vrnil-na-vrh\/#article","isPartOf":{"@id":"https:\/\/hudo.com\/si\/aktualno\/saporo-peter-prevc-se-je-vrnil-na-vrh\/"},"author":{"name":"hudo","@id":"https:\/\/hudo.com\/si\/#\/schema\/person\/601cf3379633985b20f7e50f2bb47707"},"headline":"Saporo: Peter Prevc se je vrnil na vrh","datePublished":"2017-02-11T08:52:00+00:00","dateModified":"2017-02-11T12:11:53+00:00","mainEntityOfPage":{"@id":"https:\/\/hudo.com\/si\/aktualno\/saporo-peter-prevc-se-je-vrnil-na-vrh\/"},"wordCount":139,"publisher":{"@id":"https:\/\/hudo.com\/si\/#organization"},"articleSection":["Aktualno"],"inLanguage":"sl-SI"},{"@type":"WebPage","@id":"https:\/\/hudo.com\/si\/aktualno\/saporo-peter-prevc-se-je-vrnil-na-vrh\/","url":"https:\/\/hudo.com\/si\/aktualno\/saporo-peter-prevc-se-je-vrnil-na-vrh\/","name":"Saporo: Peter Prevc se je vrnil na vrh - Hudo Slovenija","isPartOf":{"@id":"https:\/\/hudo.com\/si\/#website"},"datePublished":"2017-02-11T08:52:00+00:00","dateModified":"2017-02-11T12:11:53+00:00","breadcrumb":{"@id":"https:\/\/hudo.com\/si\/aktualno\/saporo-peter-prevc-se-je-vrnil-na-vrh\/#breadcrumb"},"inLanguage":"sl-SI","potentialAction":[{"@type":"ReadAction","target":["https:\/\/hudo.com\/si\/aktualno\/saporo-peter-prevc-se-je-vrnil-na-vrh\/"]}]},{"@type":"BreadcrumbList","@id":"https:\/\/hudo.com\/si\/aktualno\/saporo-peter-prevc-se-je-vrnil-na-vrh\/#breadcrumb","itemListElement":[{"@type":"ListItem","position":1,"name":"Home","item":"https:\/\/hudo.com\/si\/"},{"@type":"ListItem","position":2,"name":"Saporo: Peter Prevc se je vrnil na vrh"}]},{"@type":"WebSite","@id":"https:\/\/hudo.com\/si\/#website","url":"https:\/\/hudo.com\/si\/","name":"Hudo Slovenija","description":"Vse novice iz Slovenije in sveta","publisher":{"@id":"https:\/\/hudo.com\/si\/#organization"},"potentialAction":[{"@type":"SearchAction","target":{"@type":"EntryPoint","urlTemplate":"https:\/\/hudo.com\/si\/?s={search_term_string}"},"query-input":"required name=search_term_string"}],"inLanguage":"sl-SI"},{"@type":"Organization","@id":"https:\/\/hudo.com\/si\/#organization","name":"VSN Media","url":"https:\/\/hudo.com\/si\/","logo":{"@type":"ImageObject","inLanguage":"sl-SI","@id":"https:\/\/hudo.com\/si\/#\/schema\/logo\/image\/","url":"https:\/\/hudo.com\/si\/wp-content\/uploads\/sites\/2\/2021\/03\/hudo-app-2.png","contentUrl":"https:\/\/hudo.com\/si\/wp-content\/uploads\/sites\/2\/2021\/03\/hudo-app-2.png","width":2185,"height":2167,"caption":"VSN Media"},"image":{"@id":"https:\/\/hudo.com\/si\/#\/schema\/logo\/image\/"},"sameAs":["https:\/\/www.facebook.com\/hudo.si","https:\/\/twitter.com\/hudo_si"]},{"@type":"Person","@id":"https:\/\/hudo.com\/si\/#\/schema\/person\/601cf3379633985b20f7e50f2bb47707","name":"hudo","image":{"@type":"ImageObject","inLanguage":"sl-SI","@id":"https:\/\/hudo.com\/si\/#\/schema\/person\/image\/","url":"https:\/\/secure.gravatar.com\/avatar\/c4ca25fa72cace7a696b52ff5db9e095?s=96&d=mm&r=g","contentUrl":"https:\/\/secure.gravatar.com\/avatar\/c4ca25fa72cace7a696b52ff5db9e095?s=96&d=mm&r=g","caption":"hudo"},"url":"https:\/\/hudo.com\/si\/author\/hudo\/"}]}},"amp_enabled":true,"_links":{"self":[{"href":"https:\/\/hudo.com\/si\/wp-json\/wp\/v2\/posts\/208226"}],"collection":[{"href":"https:\/\/hudo.com\/si\/wp-json\/wp\/v2\/posts"}],"about":[{"href":"https:\/\/hudo.com\/si\/wp-json\/wp\/v2\/types\/post"}],"author":[{"embeddable":true,"href":"https:\/\/hudo.com\/si\/wp-json\/wp\/v2\/users\/1"}],"replies":[{"embeddable":true,"href":"https:\/\/hudo.com\/si\/wp-json\/wp\/v2\/comments?post=208226"}],"version-history":[{"count":1,"href":"https:\/\/hudo.com\/si\/wp-json\/wp\/v2\/posts\/208226\/revisions"}],"predecessor-version":[{"id":208265,"href":"https:\/\/hudo.com\/si\/wp-json\/wp\/v2\/posts\/208226\/revisions\/208265"}],"wp:attachment":[{"href":"https:\/\/hudo.com\/si\/wp-json\/wp\/v2\/media?parent=208226"}],"wp:term":[{"taxonomy":"category","embeddable":true,"href":"https:\/\/hudo.com\/si\/wp-json\/wp\/v2\/categories?post=208226"},{"taxonomy":"post_tag","embeddable":true,"href":"https:\/\/hudo.com\/si\/wp-json\/wp\/v2\/tags?post=208226"},{"taxonomy":"source","embeddable":true,"href":"https:\/\/hudo.com\/si\/wp-json\/wp\/v2\/source?post=208226"},{"taxonomy":"supertag","embeddable":true,"href":"https:\/\/hudo.com\/si\/wp-json\/wp\/v2\/supertag?post=208226"}],"curies":[{"name":"wp","href":"https:\/\/api.w.org\/{rel}","templated":true}]}}