{"id":209613,"date":"2017-02-14T06:03:00","date_gmt":"2017-02-14T05:03:00","guid":{"rendered":"http:\/\/hudo.com\/si\/2017\/02\/14\/smucarsko-sp-slovenija-brez-ilke-uvodoma-z-branilci-brona-svedi\/"},"modified":"2017-02-14T09:11:57","modified_gmt":"2017-02-14T08:11:57","slug":"smucarsko-sp-slovenija-brez-ilke-uvodoma-z-branilci-brona-svedi","status":"publish","type":"post","link":"https:\/\/hudo.com\/si\/aktualno\/smucarsko-sp-slovenija-brez-ilke-uvodoma-z-branilci-brona-svedi\/","title":{"rendered":"Smu\u010darsko SP: Slovenija brez Ilke uvodoma z branilci brona \u0160vedi"},"content":{"rendered":"<p>Kategorija: Zimski Tue, 14 Feb 2017 07:03:00 +0100  St. Moritz &#8211; Z v\u010deraj\u0161njo mo\u0161ko kombinacijo se je na svetovnem prvenstvu v alpskem smu\u010danju v \u0161vicarskem St. Moritzu kon\u010dal prvi del s hitrimi disciplinami, ki bo Slovencem \u0161e posebej ostal v spominu zavoljo nove smuka\u0161ke \u0161ampionke Ilke \u0160tuhec, ki pa bo ob dana\u0161njem nadaljevanju tekmovanja po\u010divala. Natanko opoldne se bo namre\u010d za\u010dela paralelna preizku\u0161nja me\u0161anih ekip, med \u0161estnajsterico udele\u017eenk pa bo tudi Slovenija, ki jo bodo zastopali Ana Bucik, Maru\u0161a Ferk, Sa\u0161a Brezovnik, \u017dan Kranjec, \u0160tefan Hadalin in Miha Hrobat. Uvodoma, v osmini finala, ji bo nasproti stala \u0160vedska, ki brani predlanski bron, tedaj je v malem finalu odpravila \u0160vico, v velikem pa je bila Avstrija prepri\u010dljivej\u0161a od Kanade. Na\u0161a zasedba je v Vailu izpadla \u017ee v osmini finala po porazu proti Norve\u017eanom. Drugi pari so Avstrija &#8211; Belgija, ZDA\u00a0&#8230;<\/p>\n","protected":false},"excerpt":{"rendered":"<p>Kategorija: Zimski Tue, 14 Feb 2017 07:03:00 +0100  St. Moritz &#8211; Z v\u010deraj\u0161njo mo\u0161ko kombinacijo se je na svetovnem prvenstvu v alpskem smu\u010danju v \u0161vicarskem St. Moritzu kon\u010dal prvi del s hitrimi disciplinami, ki bo Slovencem \u0161e posebej ostal v spominu zavoljo nove smuka\u0161ke \u0161ampionke Ilke \u0160tuhec, ki pa bo ob dana\u0161njem nadaljevanju tekmovanja po\u010divala. Natanko opoldne se bo namre\u010d za\u010dela paralelna preizku\u0161nja me\u0161anih ekip, med \u0161estnajsterico udele\u017eenk pa bo tudi Slovenija, ki jo bodo zastopali Ana Bucik, Maru\u0161a Ferk, Sa\u0161a Brezovnik, \u017dan Kranjec, \u0160tefan Hadalin in Miha Hrobat. Uvodoma, v osmini finala, ji bo nasproti stala \u0160vedska, ki brani predlanski bron, tedaj je v malem finalu odpravila \u0160vico, v velikem pa je bila Avstrija prepri\u010dljivej\u0161a od Kanade. Na\u0161a zasedba je v Vailu izpadla \u017ee v osmini finala po porazu proti Norve\u017eanom. Drugi pari so Avstrija &#8211; Belgija, ZDA\u00a0&#8230;<\/p>\n","protected":false},"author":1,"featured_media":0,"comment_status":"closed","ping_status":"closed","sticky":false,"template":"","format":"standard","meta":{"footnotes":""},"categories":[1179],"tags":[],"source":[1703],"supertag":[],"acf":[],"yoast_head":"<!-- This site is optimized with the Yoast SEO plugin v21.3 - https:\/\/yoast.com\/wordpress\/plugins\/seo\/ -->\n<title>Smu\u010darsko SP: Slovenija brez Ilke uvodoma z branilci brona \u0160vedi - Hudo Slovenija<\/title>\n<meta name=\"robots\" content=\"index, follow, max-snippet:-1, max-image-preview:large, max-video-preview:-1\" \/>\n<link rel=\"canonical\" href=\"https:\/\/hudo.com\/si\/aktualno\/smucarsko-sp-slovenija-brez-ilke-uvodoma-z-branilci-brona-svedi\/\" \/>\n<meta property=\"og:locale\" content=\"sl_SI\" \/>\n<meta property=\"og:type\" content=\"article\" \/>\n<meta property=\"og:title\" content=\"Smu\u010darsko SP: Slovenija brez Ilke uvodoma z branilci brona \u0160vedi - Hudo Slovenija\" \/>\n<meta property=\"og:description\" content=\"Kategorija: Zimski Tue, 14 Feb 2017 07:03:00 +0100 St. Moritz - Z v\u010deraj\u0161njo mo\u0161ko kombinacijo se je na svetovnem prvenstvu v alpskem smu\u010danju v \u0161vicarskem St. Moritzu kon\u010dal prvi del s hitrimi disciplinami, ki bo Slovencem \u0161e posebej ostal v spominu zavoljo nove smuka\u0161ke \u0161ampionke Ilke \u0160tuhec, ki pa bo ob dana\u0161njem nadaljevanju tekmovanja po\u010divala. Natanko opoldne se bo namre\u010d za\u010dela paralelna preizku\u0161nja me\u0161anih ekip, med \u0161estnajsterico udele\u017eenk pa bo tudi Slovenija, ki jo bodo zastopali Ana Bucik, Maru\u0161a Ferk, Sa\u0161a Brezovnik, \u017dan Kranjec, \u0160tefan Hadalin in Miha Hrobat. Uvodoma, v osmini finala, ji bo nasproti stala \u0160vedska, ki brani predlanski bron, tedaj je v malem finalu odpravila \u0160vico, v velikem pa je bila Avstrija prepri\u010dljivej\u0161a od Kanade. Na\u0161a zasedba je v Vailu izpadla \u017ee v osmini finala po porazu proti Norve\u017eanom. Drugi pari so Avstrija - Belgija, ZDA\u00a0...\" \/>\n<meta property=\"og:url\" content=\"https:\/\/hudo.com\/si\/aktualno\/smucarsko-sp-slovenija-brez-ilke-uvodoma-z-branilci-brona-svedi\/\" \/>\n<meta property=\"og:site_name\" content=\"Hudo Slovenija\" \/>\n<meta property=\"article:publisher\" content=\"https:\/\/www.facebook.com\/hudo.si\" \/>\n<meta property=\"article:published_time\" content=\"2017-02-14T05:03:00+00:00\" \/>\n<meta property=\"article:modified_time\" content=\"2017-02-14T08:11:57+00:00\" \/>\n<meta property=\"og:image\" content=\"https:\/\/hudo.com\/si\/wp-content\/uploads\/sites\/2\/2017\/02\/480x290_AFP_Photo-20170210111758-27840400.jpeg\" \/>\n\t<meta property=\"og:image:width\" content=\"480\" \/>\n\t<meta property=\"og:image:height\" content=\"290\" \/>\n\t<meta property=\"og:image:type\" content=\"image\/jpeg\" \/>\n<meta name=\"author\" content=\"hudo\" \/>\n<meta name=\"twitter:card\" content=\"summary_large_image\" \/>\n<meta name=\"twitter:creator\" content=\"@hudo_si\" \/>\n<meta name=\"twitter:site\" content=\"@hudo_si\" \/>\n<meta name=\"twitter:label1\" content=\"Written by\" \/>\n\t<meta name=\"twitter:data1\" content=\"hudo\" \/>\n\t<meta name=\"twitter:label2\" content=\"Est. reading time\" \/>\n\t<meta name=\"twitter:data2\" content=\"1 minuta\" \/>\n<script type=\"application\/ld+json\" class=\"yoast-schema-graph\">{\"@context\":\"https:\/\/schema.org\",\"@graph\":[{\"@type\":\"Article\",\"@id\":\"https:\/\/hudo.com\/si\/aktualno\/smucarsko-sp-slovenija-brez-ilke-uvodoma-z-branilci-brona-svedi\/#article\",\"isPartOf\":{\"@id\":\"https:\/\/hudo.com\/si\/aktualno\/smucarsko-sp-slovenija-brez-ilke-uvodoma-z-branilci-brona-svedi\/\"},\"author\":{\"name\":\"hudo\",\"@id\":\"https:\/\/hudo.com\/si\/#\/schema\/person\/601cf3379633985b20f7e50f2bb47707\"},\"headline\":\"Smu\u010darsko SP: Slovenija brez Ilke uvodoma z branilci brona \u0160vedi\",\"datePublished\":\"2017-02-14T05:03:00+00:00\",\"dateModified\":\"2017-02-14T08:11:57+00:00\",\"mainEntityOfPage\":{\"@id\":\"https:\/\/hudo.com\/si\/aktualno\/smucarsko-sp-slovenija-brez-ilke-uvodoma-z-branilci-brona-svedi\/\"},\"wordCount\":164,\"publisher\":{\"@id\":\"https:\/\/hudo.com\/si\/#organization\"},\"articleSection\":[\"Aktualno\"],\"inLanguage\":\"sl-SI\"},{\"@type\":\"WebPage\",\"@id\":\"https:\/\/hudo.com\/si\/aktualno\/smucarsko-sp-slovenija-brez-ilke-uvodoma-z-branilci-brona-svedi\/\",\"url\":\"https:\/\/hudo.com\/si\/aktualno\/smucarsko-sp-slovenija-brez-ilke-uvodoma-z-branilci-brona-svedi\/\",\"name\":\"Smu\u010darsko SP: Slovenija brez Ilke uvodoma z branilci brona \u0160vedi - Hudo Slovenija\",\"isPartOf\":{\"@id\":\"https:\/\/hudo.com\/si\/#website\"},\"datePublished\":\"2017-02-14T05:03:00+00:00\",\"dateModified\":\"2017-02-14T08:11:57+00:00\",\"breadcrumb\":{\"@id\":\"https:\/\/hudo.com\/si\/aktualno\/smucarsko-sp-slovenija-brez-ilke-uvodoma-z-branilci-brona-svedi\/#breadcrumb\"},\"inLanguage\":\"sl-SI\",\"potentialAction\":[{\"@type\":\"ReadAction\",\"target\":[\"https:\/\/hudo.com\/si\/aktualno\/smucarsko-sp-slovenija-brez-ilke-uvodoma-z-branilci-brona-svedi\/\"]}]},{\"@type\":\"BreadcrumbList\",\"@id\":\"https:\/\/hudo.com\/si\/aktualno\/smucarsko-sp-slovenija-brez-ilke-uvodoma-z-branilci-brona-svedi\/#breadcrumb\",\"itemListElement\":[{\"@type\":\"ListItem\",\"position\":1,\"name\":\"Home\",\"item\":\"https:\/\/hudo.com\/si\/\"},{\"@type\":\"ListItem\",\"position\":2,\"name\":\"Smu\u010darsko SP: Slovenija brez Ilke uvodoma z branilci brona \u0160vedi\"}]},{\"@type\":\"WebSite\",\"@id\":\"https:\/\/hudo.com\/si\/#website\",\"url\":\"https:\/\/hudo.com\/si\/\",\"name\":\"Hudo Slovenija\",\"description\":\"Vse novice iz Slovenije in sveta\",\"publisher\":{\"@id\":\"https:\/\/hudo.com\/si\/#organization\"},\"potentialAction\":[{\"@type\":\"SearchAction\",\"target\":{\"@type\":\"EntryPoint\",\"urlTemplate\":\"https:\/\/hudo.com\/si\/?s={search_term_string}\"},\"query-input\":\"required name=search_term_string\"}],\"inLanguage\":\"sl-SI\"},{\"@type\":\"Organization\",\"@id\":\"https:\/\/hudo.com\/si\/#organization\",\"name\":\"VSN Media\",\"url\":\"https:\/\/hudo.com\/si\/\",\"logo\":{\"@type\":\"ImageObject\",\"inLanguage\":\"sl-SI\",\"@id\":\"https:\/\/hudo.com\/si\/#\/schema\/logo\/image\/\",\"url\":\"https:\/\/hudo.com\/si\/wp-content\/uploads\/sites\/2\/2021\/03\/hudo-app-2.png\",\"contentUrl\":\"https:\/\/hudo.com\/si\/wp-content\/uploads\/sites\/2\/2021\/03\/hudo-app-2.png\",\"width\":2185,\"height\":2167,\"caption\":\"VSN Media\"},\"image\":{\"@id\":\"https:\/\/hudo.com\/si\/#\/schema\/logo\/image\/\"},\"sameAs\":[\"https:\/\/www.facebook.com\/hudo.si\",\"https:\/\/twitter.com\/hudo_si\"]},{\"@type\":\"Person\",\"@id\":\"https:\/\/hudo.com\/si\/#\/schema\/person\/601cf3379633985b20f7e50f2bb47707\",\"name\":\"hudo\",\"image\":{\"@type\":\"ImageObject\",\"inLanguage\":\"sl-SI\",\"@id\":\"https:\/\/hudo.com\/si\/#\/schema\/person\/image\/\",\"url\":\"https:\/\/secure.gravatar.com\/avatar\/c4ca25fa72cace7a696b52ff5db9e095?s=96&d=mm&r=g\",\"contentUrl\":\"https:\/\/secure.gravatar.com\/avatar\/c4ca25fa72cace7a696b52ff5db9e095?s=96&d=mm&r=g\",\"caption\":\"hudo\"},\"url\":\"https:\/\/hudo.com\/si\/author\/hudo\/\"}]}<\/script>\n<!-- \/ Yoast SEO plugin. -->","yoast_head_json":{"title":"Smu\u010darsko SP: Slovenija brez Ilke uvodoma z branilci brona \u0160vedi - Hudo Slovenija","robots":{"index":"index","follow":"follow","max-snippet":"max-snippet:-1","max-image-preview":"max-image-preview:large","max-video-preview":"max-video-preview:-1"},"canonical":"https:\/\/hudo.com\/si\/aktualno\/smucarsko-sp-slovenija-brez-ilke-uvodoma-z-branilci-brona-svedi\/","og_locale":"sl_SI","og_type":"article","og_title":"Smu\u010darsko SP: Slovenija brez Ilke uvodoma z branilci brona \u0160vedi - Hudo Slovenija","og_description":"Kategorija: Zimski Tue, 14 Feb 2017 07:03:00 +0100 St. Moritz - Z v\u010deraj\u0161njo mo\u0161ko kombinacijo se je na svetovnem prvenstvu v alpskem smu\u010danju v \u0161vicarskem St. Moritzu kon\u010dal prvi del s hitrimi disciplinami, ki bo Slovencem \u0161e posebej ostal v spominu zavoljo nove smuka\u0161ke \u0161ampionke Ilke \u0160tuhec, ki pa bo ob dana\u0161njem nadaljevanju tekmovanja po\u010divala. Natanko opoldne se bo namre\u010d za\u010dela paralelna preizku\u0161nja me\u0161anih ekip, med \u0161estnajsterico udele\u017eenk pa bo tudi Slovenija, ki jo bodo zastopali Ana Bucik, Maru\u0161a Ferk, Sa\u0161a Brezovnik, \u017dan Kranjec, \u0160tefan Hadalin in Miha Hrobat. Uvodoma, v osmini finala, ji bo nasproti stala \u0160vedska, ki brani predlanski bron, tedaj je v malem finalu odpravila \u0160vico, v velikem pa je bila Avstrija prepri\u010dljivej\u0161a od Kanade. Na\u0161a zasedba je v Vailu izpadla \u017ee v osmini finala po porazu proti Norve\u017eanom. Drugi pari so Avstrija - Belgija, ZDA\u00a0...","og_url":"https:\/\/hudo.com\/si\/aktualno\/smucarsko-sp-slovenija-brez-ilke-uvodoma-z-branilci-brona-svedi\/","og_site_name":"Hudo Slovenija","article_publisher":"https:\/\/www.facebook.com\/hudo.si","article_published_time":"2017-02-14T05:03:00+00:00","article_modified_time":"2017-02-14T08:11:57+00:00","og_image":[{"width":480,"height":290,"url":"https:\/\/hudo.com\/si\/wp-content\/uploads\/sites\/2\/2017\/02\/480x290_AFP_Photo-20170210111758-27840400.jpeg","type":"image\/jpeg"}],"author":"hudo","twitter_card":"summary_large_image","twitter_creator":"@hudo_si","twitter_site":"@hudo_si","twitter_misc":{"Written by":"hudo","Est. reading time":"1 minuta"},"schema":{"@context":"https:\/\/schema.org","@graph":[{"@type":"Article","@id":"https:\/\/hudo.com\/si\/aktualno\/smucarsko-sp-slovenija-brez-ilke-uvodoma-z-branilci-brona-svedi\/#article","isPartOf":{"@id":"https:\/\/hudo.com\/si\/aktualno\/smucarsko-sp-slovenija-brez-ilke-uvodoma-z-branilci-brona-svedi\/"},"author":{"name":"hudo","@id":"https:\/\/hudo.com\/si\/#\/schema\/person\/601cf3379633985b20f7e50f2bb47707"},"headline":"Smu\u010darsko SP: Slovenija brez Ilke uvodoma z branilci brona \u0160vedi","datePublished":"2017-02-14T05:03:00+00:00","dateModified":"2017-02-14T08:11:57+00:00","mainEntityOfPage":{"@id":"https:\/\/hudo.com\/si\/aktualno\/smucarsko-sp-slovenija-brez-ilke-uvodoma-z-branilci-brona-svedi\/"},"wordCount":164,"publisher":{"@id":"https:\/\/hudo.com\/si\/#organization"},"articleSection":["Aktualno"],"inLanguage":"sl-SI"},{"@type":"WebPage","@id":"https:\/\/hudo.com\/si\/aktualno\/smucarsko-sp-slovenija-brez-ilke-uvodoma-z-branilci-brona-svedi\/","url":"https:\/\/hudo.com\/si\/aktualno\/smucarsko-sp-slovenija-brez-ilke-uvodoma-z-branilci-brona-svedi\/","name":"Smu\u010darsko SP: Slovenija brez Ilke uvodoma z branilci brona \u0160vedi - Hudo Slovenija","isPartOf":{"@id":"https:\/\/hudo.com\/si\/#website"},"datePublished":"2017-02-14T05:03:00+00:00","dateModified":"2017-02-14T08:11:57+00:00","breadcrumb":{"@id":"https:\/\/hudo.com\/si\/aktualno\/smucarsko-sp-slovenija-brez-ilke-uvodoma-z-branilci-brona-svedi\/#breadcrumb"},"inLanguage":"sl-SI","potentialAction":[{"@type":"ReadAction","target":["https:\/\/hudo.com\/si\/aktualno\/smucarsko-sp-slovenija-brez-ilke-uvodoma-z-branilci-brona-svedi\/"]}]},{"@type":"BreadcrumbList","@id":"https:\/\/hudo.com\/si\/aktualno\/smucarsko-sp-slovenija-brez-ilke-uvodoma-z-branilci-brona-svedi\/#breadcrumb","itemListElement":[{"@type":"ListItem","position":1,"name":"Home","item":"https:\/\/hudo.com\/si\/"},{"@type":"ListItem","position":2,"name":"Smu\u010darsko SP: Slovenija brez Ilke uvodoma z branilci brona \u0160vedi"}]},{"@type":"WebSite","@id":"https:\/\/hudo.com\/si\/#website","url":"https:\/\/hudo.com\/si\/","name":"Hudo Slovenija","description":"Vse novice iz Slovenije in sveta","publisher":{"@id":"https:\/\/hudo.com\/si\/#organization"},"potentialAction":[{"@type":"SearchAction","target":{"@type":"EntryPoint","urlTemplate":"https:\/\/hudo.com\/si\/?s={search_term_string}"},"query-input":"required name=search_term_string"}],"inLanguage":"sl-SI"},{"@type":"Organization","@id":"https:\/\/hudo.com\/si\/#organization","name":"VSN Media","url":"https:\/\/hudo.com\/si\/","logo":{"@type":"ImageObject","inLanguage":"sl-SI","@id":"https:\/\/hudo.com\/si\/#\/schema\/logo\/image\/","url":"https:\/\/hudo.com\/si\/wp-content\/uploads\/sites\/2\/2021\/03\/hudo-app-2.png","contentUrl":"https:\/\/hudo.com\/si\/wp-content\/uploads\/sites\/2\/2021\/03\/hudo-app-2.png","width":2185,"height":2167,"caption":"VSN Media"},"image":{"@id":"https:\/\/hudo.com\/si\/#\/schema\/logo\/image\/"},"sameAs":["https:\/\/www.facebook.com\/hudo.si","https:\/\/twitter.com\/hudo_si"]},{"@type":"Person","@id":"https:\/\/hudo.com\/si\/#\/schema\/person\/601cf3379633985b20f7e50f2bb47707","name":"hudo","image":{"@type":"ImageObject","inLanguage":"sl-SI","@id":"https:\/\/hudo.com\/si\/#\/schema\/person\/image\/","url":"https:\/\/secure.gravatar.com\/avatar\/c4ca25fa72cace7a696b52ff5db9e095?s=96&d=mm&r=g","contentUrl":"https:\/\/secure.gravatar.com\/avatar\/c4ca25fa72cace7a696b52ff5db9e095?s=96&d=mm&r=g","caption":"hudo"},"url":"https:\/\/hudo.com\/si\/author\/hudo\/"}]}},"amp_enabled":true,"_links":{"self":[{"href":"https:\/\/hudo.com\/si\/wp-json\/wp\/v2\/posts\/209613"}],"collection":[{"href":"https:\/\/hudo.com\/si\/wp-json\/wp\/v2\/posts"}],"about":[{"href":"https:\/\/hudo.com\/si\/wp-json\/wp\/v2\/types\/post"}],"author":[{"embeddable":true,"href":"https:\/\/hudo.com\/si\/wp-json\/wp\/v2\/users\/1"}],"replies":[{"embeddable":true,"href":"https:\/\/hudo.com\/si\/wp-json\/wp\/v2\/comments?post=209613"}],"version-history":[{"count":1,"href":"https:\/\/hudo.com\/si\/wp-json\/wp\/v2\/posts\/209613\/revisions"}],"predecessor-version":[{"id":209668,"href":"https:\/\/hudo.com\/si\/wp-json\/wp\/v2\/posts\/209613\/revisions\/209668"}],"wp:attachment":[{"href":"https:\/\/hudo.com\/si\/wp-json\/wp\/v2\/media?parent=209613"}],"wp:term":[{"taxonomy":"category","embeddable":true,"href":"https:\/\/hudo.com\/si\/wp-json\/wp\/v2\/categories?post=209613"},{"taxonomy":"post_tag","embeddable":true,"href":"https:\/\/hudo.com\/si\/wp-json\/wp\/v2\/tags?post=209613"},{"taxonomy":"source","embeddable":true,"href":"https:\/\/hudo.com\/si\/wp-json\/wp\/v2\/source?post=209613"},{"taxonomy":"supertag","embeddable":true,"href":"https:\/\/hudo.com\/si\/wp-json\/wp\/v2\/supertag?post=209613"}],"curies":[{"name":"wp","href":"https:\/\/api.w.org\/{rel}","templated":true}]}}