{"id":209874,"date":"2017-02-15T10:24:03","date_gmt":"2017-02-15T09:24:03","guid":{"rendered":"http:\/\/hudo.com\/si\/?p=209874"},"modified":"2017-02-15T11:25:28","modified_gmt":"2017-02-15T10:25:28","slug":"za-najlepsim-kriminalcem-na-svetu-sta-sline-cedile-tudi-madonna-kylie-jenner","status":"publish","type":"post","link":"https:\/\/hudo.com\/si\/vip\/za-najlepsim-kriminalcem-na-svetu-sta-sline-cedile-tudi-madonna-kylie-jenner\/","title":{"rendered":"Za najlep\u0161im kriminalcem na svetu sta &#8216;sline cedile&#8217; tudi Madonna in Kylie Jenner"},"content":{"rendered":"<p>O njem smo \u017ee <a href=\"http:\/\/hudo.com\/si\/2017\/01\/03\/bil-je-najbolj-seksi-zapornik-na-svetu-poglejte-v-kaksnem-luksuzu-zivi-danes\/\">pisali<\/a>. Jeremy Meeks je v zaporu pristal leta 2014, kjer je bil hitro razgla\u0161en za \u201cnajbolj seksi kriminalca na svetu\u201d. Po tem, ko je bil izpu\u0161\u010den iz zapora, se mu je \u017eivljenje drasti\u010dno spremenilo.<\/p>\n<figure id=\"attachment_210234\" aria-describedby=\"caption-attachment-210234\" style=\"width: 625px\" class=\"wp-caption alignnone\"><a href=\"http:\/\/hudo.com\/si\/wp-content\/uploads\/sites\/2\/2017\/02\/jeremy.jpg\"><img loading=\"lazy\" decoding=\"async\" class=\"size-full wp-image-210234\" src=\"http:\/\/hudo.com\/si\/wp-content\/uploads\/sites\/2\/2017\/02\/jeremy.jpg\" alt=\"\" width=\"625\" height=\"766\" srcset=\"https:\/\/hudo.com\/si\/wp-content\/uploads\/sites\/2\/2017\/02\/jeremy.jpg 625w, https:\/\/hudo.com\/si\/wp-content\/uploads\/sites\/2\/2017\/02\/jeremy-245x300.jpg 245w, https:\/\/hudo.com\/si\/wp-content\/uploads\/sites\/2\/2017\/02\/jeremy-600x735.jpg 600w, https:\/\/hudo.com\/si\/wp-content\/uploads\/sites\/2\/2017\/02\/jeremy-300x368.jpg 300w\" sizes=\"(max-width: 625px) 100vw, 625px\" \/><\/a><figcaption id=\"caption-attachment-210234\" class=\"wp-caption-text\">Foto: Instagram<\/figcaption><\/figure>\n<p>Kljub dejstvu, da je kr\u0161il zakon, so \u017eenske dobesedno ponorele za njegovim seksi obrazom, tetova\u017eami in turkiznimi o\u010dmi, po tem, ko je njegova fotografija pristala na uradni Facebook strani kalifornijske policije. In ne samo \u017eenske, tudi modni svet.<\/p>\n<figure id=\"attachment_210235\" aria-describedby=\"caption-attachment-210235\" style=\"width: 682px\" class=\"wp-caption alignnone\"><a href=\"http:\/\/hudo.com\/si\/wp-content\/uploads\/sites\/2\/2017\/02\/profimedia-0320923249.jpg\"><img loading=\"lazy\" decoding=\"async\" class=\"size-large wp-image-210235\" src=\"http:\/\/hudo.com\/si\/wp-content\/uploads\/sites\/2\/2017\/02\/profimedia-0320923249-682x1024.jpg\" alt=\"\" width=\"682\" height=\"1024\" srcset=\"https:\/\/hudo.com\/si\/wp-content\/uploads\/sites\/2\/2017\/02\/profimedia-0320923249-682x1024.jpg 682w, https:\/\/hudo.com\/si\/wp-content\/uploads\/sites\/2\/2017\/02\/profimedia-0320923249-200x300.jpg 200w, https:\/\/hudo.com\/si\/wp-content\/uploads\/sites\/2\/2017\/02\/profimedia-0320923249-768x1152.jpg 768w, https:\/\/hudo.com\/si\/wp-content\/uploads\/sites\/2\/2017\/02\/profimedia-0320923249-600x900.jpg 600w, https:\/\/hudo.com\/si\/wp-content\/uploads\/sites\/2\/2017\/02\/profimedia-0320923249-300x450.jpg 300w, https:\/\/hudo.com\/si\/wp-content\/uploads\/sites\/2\/2017\/02\/profimedia-0320923249.jpg 833w\" sizes=\"(max-width: 682px) 100vw, 682px\" \/><\/a><figcaption id=\"caption-attachment-210235\" class=\"wp-caption-text\">Foto: Profimedia<\/figcaption><\/figure>\n<p>Tako je lepi Jeremy po tem, ko je bil izpu\u0161\u010den iz zapora, posnel \u0161tevilne modne kampanje, tokrat pa je nastopil tudi na presti\u017enem Fashion Weeku v New Yorku. Jeremy je nastopil na reviji znanega oblikovalca Philippa Pleina, iz prve vrste pa so ga ob\u010dudovale tudi Kylie Jenner, Paris Hilton in Madonna.<\/p>\n<blockquote class=\"instagram-media\" style=\"background: #FFF; border: 0; border-radius: 3px; box-shadow: 0 0 1px 0 rgba(0,0,0,0.5),0 1px 10px 0 rgba(0,0,0,0.15); margin: 1px; max-width: 658px; padding: 0; width: calc(100% - 2px);\" data-instgrm-version=\"7\">\n<div style=\"padding: 8px;\">\n<div style=\"background: #F8F8F8; line-height: 0; margin-top: 40px; padding: 35.55555555555556% 0; text-align: center; width: 100%;\"><\/div>\n<p style=\"color: #c9c8cd; font-family: Arial,sans-serif; font-size: 14px; line-height: 17px; margin-bottom: 0; margin-top: 8px; overflow: hidden; padding: 8px 0 7px; text-align: center; text-overflow: ellipsis; white-space: nowrap;\"><a style=\"color: #c9c8cd; font-family: Arial,sans-serif; font-size: 14px; font-style: normal; font-weight: normal; line-height: 17px; text-decoration: none;\" href=\"https:\/\/www.instagram.com\/p\/BQfxUOAgyPR\/\" target=\"_blank\">A post shared by Queen Kylie &#x1f451; (@aboutqueenkylie)<\/a> on <time style=\"font-family: Arial,sans-serif; font-size: 14px; line-height: 17px;\" datetime=\"2017-02-14T15:05:56+00:00\">Feb 14, 2017 at 7:05am PST<\/time><\/p>\n<\/div>\n<\/blockquote>\n<p><div class=\"embed-notice\">Za ogled vstavljene vsebine morate omogo\u010diti <a href=\"#\" onclick=\"Optanon.ToggleInfoDisplay()\">shranjevanje pi\u0161kotkov v napravi<\/a><\/div><script async defer type=\"text\/plain\" class=\"optanon-category-C0002-C0003-C0004\" optanon-src=\"\/\/platform.instagram.com\/en_US\/embeds.js\"><\/script><\/p>\n<figure id=\"attachment_210236\" aria-describedby=\"caption-attachment-210236\" style=\"width: 795px\" class=\"wp-caption alignnone\"><a href=\"http:\/\/hudo.com\/si\/wp-content\/uploads\/sites\/2\/2017\/02\/profimedia-0321020511.jpg\"><img loading=\"lazy\" decoding=\"async\" class=\"size-large wp-image-210236\" src=\"http:\/\/hudo.com\/si\/wp-content\/uploads\/sites\/2\/2017\/02\/profimedia-0321020511-795x1024.jpg\" alt=\"\" width=\"795\" height=\"1024\" srcset=\"https:\/\/hudo.com\/si\/wp-content\/uploads\/sites\/2\/2017\/02\/profimedia-0321020511-795x1024.jpg 795w, https:\/\/hudo.com\/si\/wp-content\/uploads\/sites\/2\/2017\/02\/profimedia-0321020511-233x300.jpg 233w, https:\/\/hudo.com\/si\/wp-content\/uploads\/sites\/2\/2017\/02\/profimedia-0321020511-768x990.jpg 768w, https:\/\/hudo.com\/si\/wp-content\/uploads\/sites\/2\/2017\/02\/profimedia-0321020511-600x773.jpg 600w, https:\/\/hudo.com\/si\/wp-content\/uploads\/sites\/2\/2017\/02\/profimedia-0321020511-300x387.jpg 300w, https:\/\/hudo.com\/si\/wp-content\/uploads\/sites\/2\/2017\/02\/profimedia-0321020511.jpg 970w\" sizes=\"(max-width: 795px) 100vw, 795px\" \/><\/a><figcaption id=\"caption-attachment-210236\" class=\"wp-caption-text\">Foto: Profimedia<\/figcaption><\/figure>\n<p>Nekdanji zapornik je sre\u010dno poro\u010den z Melisso, s katero ima \u017ee tri otroke.<\/p>\n<blockquote class=\"instagram-media\" style=\"background: #FFF; border: 0; border-radius: 3px; box-shadow: 0 0 1px 0 rgba(0,0,0,0.5),0 1px 10px 0 rgba(0,0,0,0.15); margin: 1px; max-width: 658px; padding: 0; width: calc(100% - 2px);\" data-instgrm-version=\"7\">\n<div style=\"padding: 8px;\">\n<div style=\"background: #F8F8F8; line-height: 0; margin-top: 40px; padding: 50.0% 0; text-align: center; width: 100%;\"><\/div>\n<p style=\"color: #c9c8cd; font-family: Arial,sans-serif; font-size: 14px; line-height: 17px; margin-bottom: 0; margin-top: 8px; overflow: hidden; padding: 8px 0 7px; text-align: center; text-overflow: ellipsis; white-space: nowrap;\"><a style=\"color: #c9c8cd; font-family: Arial,sans-serif; font-size: 14px; font-style: normal; font-weight: normal; line-height: 17px; text-decoration: none;\" href=\"https:\/\/www.instagram.com\/p\/BOijb-9h2Lp\/\" target=\"_blank\">A post shared by JEREMY MEEKS (@jmeeksofficial)<\/a> on <time style=\"font-family: Arial,sans-serif; font-size: 14px; line-height: 17px;\" datetime=\"2016-12-27T23:59:36+00:00\">Dec 27, 2016 at 3:59pm PST<\/time><\/p>\n<\/div>\n<\/blockquote>\n<p><div class=\"embed-notice\">Za ogled vstavljene vsebine morate omogo\u010diti <a href=\"#\" onclick=\"Optanon.ToggleInfoDisplay()\">shranjevanje pi\u0161kotkov v napravi<\/a><\/div><script async defer type=\"text\/plain\" class=\"optanon-category-C0002-C0003-C0004\" optanon-src=\"\/\/platform.instagram.com\/en_US\/embeds.js\"><\/script><\/p>\n","protected":false},"excerpt":{"rendered":"<p>Le kdo bi lahko pozabil lepega Jeremyja?<\/p>\n","protected":false},"author":6,"featured_media":210297,"comment_status":"closed","ping_status":"closed","sticky":false,"template":"","format":"standard","meta":{"footnotes":""},"categories":[1093],"tags":[7952,7509,1454],"source":[4511],"supertag":[],"acf":[],"yoast_head":"<!-- This site is optimized with the Yoast SEO plugin v21.3 - https:\/\/yoast.com\/wordpress\/plugins\/seo\/ -->\n<title>Za najlep\u0161im kriminalcem na svetu sta &#039;sline cedile&#039; tudi Madonna in Kylie Jenner - Hudo Slovenija<\/title>\n<meta name=\"robots\" content=\"index, follow, max-snippet:-1, max-image-preview:large, max-video-preview:-1\" \/>\n<link rel=\"canonical\" href=\"https:\/\/hudo.com\/si\/vip\/za-najlepsim-kriminalcem-na-svetu-sta-sline-cedile-tudi-madonna-kylie-jenner\/\" \/>\n<meta property=\"og:locale\" content=\"sl_SI\" \/>\n<meta property=\"og:type\" content=\"article\" \/>\n<meta property=\"og:title\" content=\"Za najlep\u0161im kriminalcem na svetu sta &#039;sline cedile&#039; tudi Madonna in Kylie Jenner - Hudo Slovenija\" \/>\n<meta property=\"og:description\" content=\"Le kdo bi lahko pozabil lepega Jeremyja?\" \/>\n<meta property=\"og:url\" content=\"https:\/\/hudo.com\/si\/vip\/za-najlepsim-kriminalcem-na-svetu-sta-sline-cedile-tudi-madonna-kylie-jenner\/\" \/>\n<meta property=\"og:site_name\" content=\"Hudo Slovenija\" \/>\n<meta property=\"article:publisher\" content=\"https:\/\/www.facebook.com\/hudo.si\" \/>\n<meta property=\"article:published_time\" content=\"2017-02-15T09:24:03+00:00\" \/>\n<meta property=\"article:modified_time\" content=\"2017-02-15T10:25:28+00:00\" \/>\n<meta property=\"og:image\" content=\"https:\/\/hudo.com\/si\/wp-content\/uploads\/sites\/2\/2017\/02\/meeks.jpg\" \/>\n\t<meta property=\"og:image:width\" content=\"541\" \/>\n\t<meta property=\"og:image:height\" content=\"415\" \/>\n\t<meta property=\"og:image:type\" content=\"image\/jpeg\" \/>\n<meta name=\"author\" content=\"A. G.\" \/>\n<meta name=\"twitter:card\" content=\"summary_large_image\" \/>\n<meta name=\"twitter:creator\" content=\"@hudo_si\" \/>\n<meta name=\"twitter:site\" content=\"@hudo_si\" \/>\n<meta name=\"twitter:label1\" content=\"Written by\" \/>\n\t<meta name=\"twitter:data1\" content=\"A. G.\" \/>\n\t<meta name=\"twitter:label2\" content=\"Est. reading time\" \/>\n\t<meta name=\"twitter:data2\" content=\"1 minuta\" \/>\n<script type=\"application\/ld+json\" class=\"yoast-schema-graph\">{\"@context\":\"https:\/\/schema.org\",\"@graph\":[{\"@type\":\"Article\",\"@id\":\"https:\/\/hudo.com\/si\/vip\/za-najlepsim-kriminalcem-na-svetu-sta-sline-cedile-tudi-madonna-kylie-jenner\/#article\",\"isPartOf\":{\"@id\":\"https:\/\/hudo.com\/si\/vip\/za-najlepsim-kriminalcem-na-svetu-sta-sline-cedile-tudi-madonna-kylie-jenner\/\"},\"author\":{\"name\":\"A. G.\",\"@id\":\"https:\/\/hudo.com\/si\/#\/schema\/person\/f95639a66e0dd2c682b0568634e85b8b\"},\"headline\":\"Za najlep\u0161im kriminalcem na svetu sta &#8216;sline cedile&#8217; tudi Madonna in Kylie Jenner\",\"datePublished\":\"2017-02-15T09:24:03+00:00\",\"dateModified\":\"2017-02-15T10:25:28+00:00\",\"mainEntityOfPage\":{\"@id\":\"https:\/\/hudo.com\/si\/vip\/za-najlepsim-kriminalcem-na-svetu-sta-sline-cedile-tudi-madonna-kylie-jenner\/\"},\"wordCount\":217,\"publisher\":{\"@id\":\"https:\/\/hudo.com\/si\/#organization\"},\"keywords\":[\"fashion week\",\"Jeremy Meeks\",\"new york\"],\"articleSection\":[\"VIP\"],\"inLanguage\":\"sl-SI\"},{\"@type\":\"WebPage\",\"@id\":\"https:\/\/hudo.com\/si\/vip\/za-najlepsim-kriminalcem-na-svetu-sta-sline-cedile-tudi-madonna-kylie-jenner\/\",\"url\":\"https:\/\/hudo.com\/si\/vip\/za-najlepsim-kriminalcem-na-svetu-sta-sline-cedile-tudi-madonna-kylie-jenner\/\",\"name\":\"Za najlep\u0161im kriminalcem na svetu sta 'sline cedile' tudi Madonna in Kylie Jenner - Hudo Slovenija\",\"isPartOf\":{\"@id\":\"https:\/\/hudo.com\/si\/#website\"},\"datePublished\":\"2017-02-15T09:24:03+00:00\",\"dateModified\":\"2017-02-15T10:25:28+00:00\",\"breadcrumb\":{\"@id\":\"https:\/\/hudo.com\/si\/vip\/za-najlepsim-kriminalcem-na-svetu-sta-sline-cedile-tudi-madonna-kylie-jenner\/#breadcrumb\"},\"inLanguage\":\"sl-SI\",\"potentialAction\":[{\"@type\":\"ReadAction\",\"target\":[\"https:\/\/hudo.com\/si\/vip\/za-najlepsim-kriminalcem-na-svetu-sta-sline-cedile-tudi-madonna-kylie-jenner\/\"]}]},{\"@type\":\"BreadcrumbList\",\"@id\":\"https:\/\/hudo.com\/si\/vip\/za-najlepsim-kriminalcem-na-svetu-sta-sline-cedile-tudi-madonna-kylie-jenner\/#breadcrumb\",\"itemListElement\":[{\"@type\":\"ListItem\",\"position\":1,\"name\":\"Home\",\"item\":\"https:\/\/hudo.com\/si\/\"},{\"@type\":\"ListItem\",\"position\":2,\"name\":\"Za najlep\u0161im kriminalcem na svetu sta &#8216;sline cedile&#8217; tudi Madonna in Kylie Jenner\"}]},{\"@type\":\"WebSite\",\"@id\":\"https:\/\/hudo.com\/si\/#website\",\"url\":\"https:\/\/hudo.com\/si\/\",\"name\":\"Hudo Slovenija\",\"description\":\"Vse novice iz Slovenije in sveta\",\"publisher\":{\"@id\":\"https:\/\/hudo.com\/si\/#organization\"},\"potentialAction\":[{\"@type\":\"SearchAction\",\"target\":{\"@type\":\"EntryPoint\",\"urlTemplate\":\"https:\/\/hudo.com\/si\/?s={search_term_string}\"},\"query-input\":\"required name=search_term_string\"}],\"inLanguage\":\"sl-SI\"},{\"@type\":\"Organization\",\"@id\":\"https:\/\/hudo.com\/si\/#organization\",\"name\":\"VSN Media\",\"url\":\"https:\/\/hudo.com\/si\/\",\"logo\":{\"@type\":\"ImageObject\",\"inLanguage\":\"sl-SI\",\"@id\":\"https:\/\/hudo.com\/si\/#\/schema\/logo\/image\/\",\"url\":\"https:\/\/hudo.com\/si\/wp-content\/uploads\/sites\/2\/2021\/03\/hudo-app-2.png\",\"contentUrl\":\"https:\/\/hudo.com\/si\/wp-content\/uploads\/sites\/2\/2021\/03\/hudo-app-2.png\",\"width\":2185,\"height\":2167,\"caption\":\"VSN Media\"},\"image\":{\"@id\":\"https:\/\/hudo.com\/si\/#\/schema\/logo\/image\/\"},\"sameAs\":[\"https:\/\/www.facebook.com\/hudo.si\",\"https:\/\/twitter.com\/hudo_si\"]},{\"@type\":\"Person\",\"@id\":\"https:\/\/hudo.com\/si\/#\/schema\/person\/f95639a66e0dd2c682b0568634e85b8b\",\"name\":\"A. G.\",\"image\":{\"@type\":\"ImageObject\",\"inLanguage\":\"sl-SI\",\"@id\":\"https:\/\/hudo.com\/si\/#\/schema\/person\/image\/\",\"url\":\"https:\/\/secure.gravatar.com\/avatar\/9f44de561c70d5d80348d3ed0f4b142d?s=96&d=mm&r=g\",\"contentUrl\":\"https:\/\/secure.gravatar.com\/avatar\/9f44de561c70d5d80348d3ed0f4b142d?s=96&d=mm&r=g\",\"caption\":\"A. G.\"},\"url\":\"https:\/\/hudo.com\/si\/author\/alenkagrmek\/\"}]}<\/script>\n<!-- \/ Yoast SEO plugin. -->","yoast_head_json":{"title":"Za najlep\u0161im kriminalcem na svetu sta 'sline cedile' tudi Madonna in Kylie Jenner - Hudo Slovenija","robots":{"index":"index","follow":"follow","max-snippet":"max-snippet:-1","max-image-preview":"max-image-preview:large","max-video-preview":"max-video-preview:-1"},"canonical":"https:\/\/hudo.com\/si\/vip\/za-najlepsim-kriminalcem-na-svetu-sta-sline-cedile-tudi-madonna-kylie-jenner\/","og_locale":"sl_SI","og_type":"article","og_title":"Za najlep\u0161im kriminalcem na svetu sta 'sline cedile' tudi Madonna in Kylie Jenner - Hudo Slovenija","og_description":"Le kdo bi lahko pozabil lepega Jeremyja?","og_url":"https:\/\/hudo.com\/si\/vip\/za-najlepsim-kriminalcem-na-svetu-sta-sline-cedile-tudi-madonna-kylie-jenner\/","og_site_name":"Hudo Slovenija","article_publisher":"https:\/\/www.facebook.com\/hudo.si","article_published_time":"2017-02-15T09:24:03+00:00","article_modified_time":"2017-02-15T10:25:28+00:00","og_image":[{"width":541,"height":415,"url":"https:\/\/hudo.com\/si\/wp-content\/uploads\/sites\/2\/2017\/02\/meeks.jpg","type":"image\/jpeg"}],"author":"A. G.","twitter_card":"summary_large_image","twitter_creator":"@hudo_si","twitter_site":"@hudo_si","twitter_misc":{"Written by":"A. G.","Est. reading time":"1 minuta"},"schema":{"@context":"https:\/\/schema.org","@graph":[{"@type":"Article","@id":"https:\/\/hudo.com\/si\/vip\/za-najlepsim-kriminalcem-na-svetu-sta-sline-cedile-tudi-madonna-kylie-jenner\/#article","isPartOf":{"@id":"https:\/\/hudo.com\/si\/vip\/za-najlepsim-kriminalcem-na-svetu-sta-sline-cedile-tudi-madonna-kylie-jenner\/"},"author":{"name":"A. G.","@id":"https:\/\/hudo.com\/si\/#\/schema\/person\/f95639a66e0dd2c682b0568634e85b8b"},"headline":"Za najlep\u0161im kriminalcem na svetu sta &#8216;sline cedile&#8217; tudi Madonna in Kylie Jenner","datePublished":"2017-02-15T09:24:03+00:00","dateModified":"2017-02-15T10:25:28+00:00","mainEntityOfPage":{"@id":"https:\/\/hudo.com\/si\/vip\/za-najlepsim-kriminalcem-na-svetu-sta-sline-cedile-tudi-madonna-kylie-jenner\/"},"wordCount":217,"publisher":{"@id":"https:\/\/hudo.com\/si\/#organization"},"keywords":["fashion week","Jeremy Meeks","new york"],"articleSection":["VIP"],"inLanguage":"sl-SI"},{"@type":"WebPage","@id":"https:\/\/hudo.com\/si\/vip\/za-najlepsim-kriminalcem-na-svetu-sta-sline-cedile-tudi-madonna-kylie-jenner\/","url":"https:\/\/hudo.com\/si\/vip\/za-najlepsim-kriminalcem-na-svetu-sta-sline-cedile-tudi-madonna-kylie-jenner\/","name":"Za najlep\u0161im kriminalcem na svetu sta 'sline cedile' tudi Madonna in Kylie Jenner - Hudo Slovenija","isPartOf":{"@id":"https:\/\/hudo.com\/si\/#website"},"datePublished":"2017-02-15T09:24:03+00:00","dateModified":"2017-02-15T10:25:28+00:00","breadcrumb":{"@id":"https:\/\/hudo.com\/si\/vip\/za-najlepsim-kriminalcem-na-svetu-sta-sline-cedile-tudi-madonna-kylie-jenner\/#breadcrumb"},"inLanguage":"sl-SI","potentialAction":[{"@type":"ReadAction","target":["https:\/\/hudo.com\/si\/vip\/za-najlepsim-kriminalcem-na-svetu-sta-sline-cedile-tudi-madonna-kylie-jenner\/"]}]},{"@type":"BreadcrumbList","@id":"https:\/\/hudo.com\/si\/vip\/za-najlepsim-kriminalcem-na-svetu-sta-sline-cedile-tudi-madonna-kylie-jenner\/#breadcrumb","itemListElement":[{"@type":"ListItem","position":1,"name":"Home","item":"https:\/\/hudo.com\/si\/"},{"@type":"ListItem","position":2,"name":"Za najlep\u0161im kriminalcem na svetu sta &#8216;sline cedile&#8217; tudi Madonna in Kylie Jenner"}]},{"@type":"WebSite","@id":"https:\/\/hudo.com\/si\/#website","url":"https:\/\/hudo.com\/si\/","name":"Hudo Slovenija","description":"Vse novice iz Slovenije in sveta","publisher":{"@id":"https:\/\/hudo.com\/si\/#organization"},"potentialAction":[{"@type":"SearchAction","target":{"@type":"EntryPoint","urlTemplate":"https:\/\/hudo.com\/si\/?s={search_term_string}"},"query-input":"required name=search_term_string"}],"inLanguage":"sl-SI"},{"@type":"Organization","@id":"https:\/\/hudo.com\/si\/#organization","name":"VSN Media","url":"https:\/\/hudo.com\/si\/","logo":{"@type":"ImageObject","inLanguage":"sl-SI","@id":"https:\/\/hudo.com\/si\/#\/schema\/logo\/image\/","url":"https:\/\/hudo.com\/si\/wp-content\/uploads\/sites\/2\/2021\/03\/hudo-app-2.png","contentUrl":"https:\/\/hudo.com\/si\/wp-content\/uploads\/sites\/2\/2021\/03\/hudo-app-2.png","width":2185,"height":2167,"caption":"VSN Media"},"image":{"@id":"https:\/\/hudo.com\/si\/#\/schema\/logo\/image\/"},"sameAs":["https:\/\/www.facebook.com\/hudo.si","https:\/\/twitter.com\/hudo_si"]},{"@type":"Person","@id":"https:\/\/hudo.com\/si\/#\/schema\/person\/f95639a66e0dd2c682b0568634e85b8b","name":"A. G.","image":{"@type":"ImageObject","inLanguage":"sl-SI","@id":"https:\/\/hudo.com\/si\/#\/schema\/person\/image\/","url":"https:\/\/secure.gravatar.com\/avatar\/9f44de561c70d5d80348d3ed0f4b142d?s=96&d=mm&r=g","contentUrl":"https:\/\/secure.gravatar.com\/avatar\/9f44de561c70d5d80348d3ed0f4b142d?s=96&d=mm&r=g","caption":"A. G."},"url":"https:\/\/hudo.com\/si\/author\/alenkagrmek\/"}]}},"amp_enabled":true,"_links":{"self":[{"href":"https:\/\/hudo.com\/si\/wp-json\/wp\/v2\/posts\/209874"}],"collection":[{"href":"https:\/\/hudo.com\/si\/wp-json\/wp\/v2\/posts"}],"about":[{"href":"https:\/\/hudo.com\/si\/wp-json\/wp\/v2\/types\/post"}],"author":[{"embeddable":true,"href":"https:\/\/hudo.com\/si\/wp-json\/wp\/v2\/users\/6"}],"replies":[{"embeddable":true,"href":"https:\/\/hudo.com\/si\/wp-json\/wp\/v2\/comments?post=209874"}],"version-history":[{"count":5,"href":"https:\/\/hudo.com\/si\/wp-json\/wp\/v2\/posts\/209874\/revisions"}],"predecessor-version":[{"id":210305,"href":"https:\/\/hudo.com\/si\/wp-json\/wp\/v2\/posts\/209874\/revisions\/210305"}],"wp:featuredmedia":[{"embeddable":true,"href":"https:\/\/hudo.com\/si\/wp-json\/wp\/v2\/media\/210297"}],"wp:attachment":[{"href":"https:\/\/hudo.com\/si\/wp-json\/wp\/v2\/media?parent=209874"}],"wp:term":[{"taxonomy":"category","embeddable":true,"href":"https:\/\/hudo.com\/si\/wp-json\/wp\/v2\/categories?post=209874"},{"taxonomy":"post_tag","embeddable":true,"href":"https:\/\/hudo.com\/si\/wp-json\/wp\/v2\/tags?post=209874"},{"taxonomy":"source","embeddable":true,"href":"https:\/\/hudo.com\/si\/wp-json\/wp\/v2\/source?post=209874"},{"taxonomy":"supertag","embeddable":true,"href":"https:\/\/hudo.com\/si\/wp-json\/wp\/v2\/supertag?post=209874"}],"curies":[{"name":"wp","href":"https:\/\/api.w.org\/{rel}","templated":true}]}}