{"id":209976,"date":"2017-02-14T20:25:00","date_gmt":"2017-02-14T19:25:00","guid":{"rendered":"http:\/\/hudo.com\/si\/2017\/02\/14\/prvi-klic-o-posnetku-na-facebooku-na-mariborsko-policijo\/"},"modified":"2017-02-15T06:12:58","modified_gmt":"2017-02-15T05:12:58","slug":"prvi-klic-o-posnetku-na-facebooku-na-mariborsko-policijo","status":"publish","type":"post","link":"https:\/\/hudo.com\/si\/aktualno\/prvi-klic-o-posnetku-na-facebooku-na-mariborsko-policijo\/","title":{"rendered":"Prvi klic o posnetku na facebooku na mariborsko policijo"},"content":{"rendered":"<p>\u017de zjutraj je kazalo slabo z zdravstvenim stanjem 26-letnega mladeni\u010da, ki sta ga v ponedeljek zjutraj v okolici Kr\u0161kega brutalno pretepla dva mo\u0161ka, svoje po\u010detje pa tudi v \u017eivo objavila preko socialnih omre\u017eij. Popoldne pa je iz UKC Ljubljana pri\u0161la \u017ealostna vest: 26-letnik je izgubil bitko za \u017eivljenje. Na novome\u0161ki policijski upravi so predstavili nekaj podrobnosti o dogajanju, ki je \u0161okiralo javnost. Kot je pojasnil Matja\u017e \u0160tern, pomo\u010dnik vodje novome\u0161kih kriminalistov, so bili na novome\u0161ki \u0161tevilki 113 okoli 3. ure obve\u0161\u010deni iz Operativno-komunikacijskega centra mariborske policijske uprave, da so prejeli anonimni klic, da preko enega od socialnih omre\u017eij spremljajo posnetek nasilja nad neznanim mlaj\u0161im mo\u0161kim, ki naj bi imel prerezan vrat in nad katerim se \u0161e kar iz\u017eivljajo. Nekaj minut kasneje so klic s podobno vsebino prejeli \u0161e novome\u0161ki policisti. &#8220;Policisti in kriminalisti so se takoj odzvali na klic. S pregledom posnetkov in zbiranjem obvestil so ugotovili lastnika profila in lokacijo dogajanja. Policisti in re\u0161evalci so bili na kraju v pribli\u017eno eni uri po prvem obvestilu. Ob prihodu na kraj so policisti na travniku, pribli\u017eno 150 metrov od dovozne poti, opazili le\u017eati mlaj\u0161ega mo\u0161kega, v bli\u017eini so izsledili dve osebi,&#8221; je pojasnjeval \u0160tern in povedal, da napadalca dejanja nista ob\u017ealovala. Zahvala policije Policisti in kriminalisti so na kraju zalotena osumljenca, stara 20 in 29 let, po na\u0161ih podatkih Ale\u0161a Olovca in Martina Kova\u010da, pridr\u017eali in ju s kazensko ovadbo zaradi utemeljenega suma storitve kaznivega dejanja posebno hude telesne po\u0161kodbe privedli k preiskovalnemu sodniku Okro\u017enega sodi\u0161\u010da v Kr\u0161kem. Ker je napadeni umrl, se za omenjeno kaznivo dejanje lahko izre\u010de kazen od treh do petnajstih let zapora. \u0160tern je novinarjem pojasnjeval, da so policisti in kriminalisti z zbiranjem obvestil ugotovili, da so se osumljena in o\u0161kodovani preko no\u010di dru\u017eili v bli\u017eini kraja, kjer je napadeni nato oble\u017eal. Med 26-letnikom in enim izmed osumljenih je na<\/p>\n","protected":false},"excerpt":{"rendered":"<p>\u017de zjutraj je kazalo slabo z zdravstvenim stanjem 26-letnega mladeni\u010da, ki sta ga v ponedeljek zjutraj v okolici Kr\u0161kega brutalno pretepla dva mo\u0161ka, svoje po\u010detje pa tudi v \u017eivo objavila preko socialnih omre\u017eij. Popoldne pa je iz UKC Ljubljana pri\u0161la \u017ealostna vest: 26-letnik je izgubil bitko za \u017eivljenje. Na novome\u0161ki policijski upravi so predstavili nekaj podrobnosti o dogajanju, ki je \u0161okiralo javnost. Kot je pojasnil Matja\u017e \u0160tern, pomo\u010dnik vodje novome\u0161kih kriminalistov, so bili na novome\u0161ki \u0161tevilki 113 okoli 3. ure obve\u0161\u010deni iz Operativno-komunikacijskega centra mariborske policijske uprave, da so prejeli anonimni klic, da preko enega od socialnih omre\u017eij spremljajo posnetek nasilja nad neznanim mlaj\u0161im mo\u0161kim, ki naj bi imel prerezan vrat in nad katerim se \u0161e kar iz\u017eivljajo. Nekaj minut kasneje so klic s podobno vsebino prejeli \u0161e novome\u0161ki policisti. &#8220;Policisti in kriminalisti so se takoj odzvali na klic. S pregledom posnetkov in zbiranjem obvestil so ugotovili lastnika profila in lokacijo dogajanja. Policisti in re\u0161evalci so bili na kraju v pribli\u017eno eni uri po prvem obvestilu. Ob prihodu na kraj so policisti na travniku, pribli\u017eno 150 metrov od dovozne poti, opazili le\u017eati mlaj\u0161ega mo\u0161kega, v bli\u017eini so izsledili dve osebi,&#8221; je pojasnjeval \u0160tern in povedal, da napadalca dejanja nista ob\u017ealovala. Zahvala policije Policisti in kriminalisti so na kraju zalotena osumljenca, stara 20 in 29 let, po na\u0161ih podatkih Ale\u0161a Olovca in Martina Kova\u010da, pridr\u017eali in ju s kazensko ovadbo zaradi utemeljenega suma storitve kaznivega dejanja posebno hude telesne po\u0161kodbe privedli k preiskovalnemu sodniku Okro\u017enega sodi\u0161\u010da v Kr\u0161kem. Ker je napadeni umrl, se za omenjeno kaznivo dejanje lahko izre\u010de kazen od treh do petnajstih let zapora. \u0160tern je novinarjem pojasnjeval, da so policisti in kriminalisti z zbiranjem obvestil ugotovili, da so se osumljena in o\u0161kodovani preko no\u010di dru\u017eili v bli\u017eini kraja, kjer je napadeni nato oble\u017eal. Med 26-letnikom in enim izmed osumljenih je na<\/p>\n","protected":false},"author":1,"featured_media":0,"comment_status":"closed","ping_status":"closed","sticky":false,"template":"","format":"standard","meta":{"footnotes":""},"categories":[1179],"tags":[],"source":[1711],"supertag":[],"acf":[],"yoast_head":"<!-- This site is optimized with the Yoast SEO plugin v21.3 - https:\/\/yoast.com\/wordpress\/plugins\/seo\/ -->\n<title>Prvi klic o posnetku na facebooku na mariborsko policijo - Hudo Slovenija<\/title>\n<meta name=\"robots\" content=\"index, follow, max-snippet:-1, max-image-preview:large, max-video-preview:-1\" \/>\n<link rel=\"canonical\" href=\"https:\/\/hudo.com\/si\/aktualno\/prvi-klic-o-posnetku-na-facebooku-na-mariborsko-policijo\/\" \/>\n<meta property=\"og:locale\" content=\"sl_SI\" \/>\n<meta property=\"og:type\" content=\"article\" \/>\n<meta property=\"og:title\" content=\"Prvi klic o posnetku na facebooku na mariborsko policijo - Hudo Slovenija\" \/>\n<meta property=\"og:description\" content=\"\u017de zjutraj je kazalo slabo z zdravstvenim stanjem 26-letnega mladeni\u010da, ki sta ga v ponedeljek zjutraj v okolici Kr\u0161kega brutalno pretepla dva mo\u0161ka, svoje po\u010detje pa tudi v \u017eivo objavila preko socialnih omre\u017eij. Popoldne pa je iz UKC Ljubljana pri\u0161la \u017ealostna vest: 26-letnik je izgubil bitko za \u017eivljenje. Na novome\u0161ki policijski upravi so predstavili nekaj podrobnosti o dogajanju, ki je \u0161okiralo javnost. Kot je pojasnil Matja\u017e \u0160tern, pomo\u010dnik vodje novome\u0161kih kriminalistov, so bili na novome\u0161ki \u0161tevilki 113 okoli 3. ure obve\u0161\u010deni iz Operativno-komunikacijskega centra mariborske policijske uprave, da so prejeli anonimni klic, da preko enega od socialnih omre\u017eij spremljajo posnetek nasilja nad neznanim mlaj\u0161im mo\u0161kim, ki naj bi imel prerezan vrat in nad katerim se \u0161e kar iz\u017eivljajo. Nekaj minut kasneje so klic s podobno vsebino prejeli \u0161e novome\u0161ki policisti. &quot;Policisti in kriminalisti so se takoj odzvali na klic. S pregledom posnetkov in zbiranjem obvestil so ugotovili lastnika profila in lokacijo dogajanja. Policisti in re\u0161evalci so bili na kraju v pribli\u017eno eni uri po prvem obvestilu. Ob prihodu na kraj so policisti na travniku, pribli\u017eno 150 metrov od dovozne poti, opazili le\u017eati mlaj\u0161ega mo\u0161kega, v bli\u017eini so izsledili dve osebi,&quot; je pojasnjeval \u0160tern in povedal, da napadalca dejanja nista ob\u017ealovala. Zahvala policije Policisti in kriminalisti so na kraju zalotena osumljenca, stara 20 in 29 let, po na\u0161ih podatkih Ale\u0161a Olovca in Martina Kova\u010da, pridr\u017eali in ju s kazensko ovadbo zaradi utemeljenega suma storitve kaznivega dejanja posebno hude telesne po\u0161kodbe privedli k preiskovalnemu sodniku Okro\u017enega sodi\u0161\u010da v Kr\u0161kem. Ker je napadeni umrl, se za omenjeno kaznivo dejanje lahko izre\u010de kazen od treh do petnajstih let zapora. \u0160tern je novinarjem pojasnjeval, da so policisti in kriminalisti z zbiranjem obvestil ugotovili, da so se osumljena in o\u0161kodovani preko no\u010di dru\u017eili v bli\u017eini kraja, kjer je napadeni nato oble\u017eal. Med 26-letnikom in enim izmed osumljenih je na\" \/>\n<meta property=\"og:url\" content=\"https:\/\/hudo.com\/si\/aktualno\/prvi-klic-o-posnetku-na-facebooku-na-mariborsko-policijo\/\" \/>\n<meta property=\"og:site_name\" content=\"Hudo Slovenija\" \/>\n<meta property=\"article:publisher\" content=\"https:\/\/www.facebook.com\/hudo.si\" \/>\n<meta property=\"article:published_time\" content=\"2017-02-14T19:25:00+00:00\" \/>\n<meta property=\"article:modified_time\" content=\"2017-02-15T05:12:58+00:00\" \/>\n<meta property=\"og:image\" content=\"https:\/\/hudo.com\/si\/wp-content\/uploads\/sites\/2\/2017\/02\/img_82631-300.jpg\" \/>\n\t<meta property=\"og:image:width\" content=\"450\" \/>\n\t<meta property=\"og:image:height\" content=\"300\" \/>\n\t<meta property=\"og:image:type\" content=\"image\/jpeg\" \/>\n<meta name=\"author\" content=\"hudo\" \/>\n<meta name=\"twitter:card\" content=\"summary_large_image\" \/>\n<meta name=\"twitter:creator\" content=\"@hudo_si\" \/>\n<meta name=\"twitter:site\" content=\"@hudo_si\" \/>\n<meta name=\"twitter:label1\" content=\"Written by\" \/>\n\t<meta name=\"twitter:data1\" content=\"hudo\" \/>\n\t<meta name=\"twitter:label2\" content=\"Est. reading time\" \/>\n\t<meta name=\"twitter:data2\" content=\"2 minuti\" \/>\n<script type=\"application\/ld+json\" class=\"yoast-schema-graph\">{\"@context\":\"https:\/\/schema.org\",\"@graph\":[{\"@type\":\"Article\",\"@id\":\"https:\/\/hudo.com\/si\/aktualno\/prvi-klic-o-posnetku-na-facebooku-na-mariborsko-policijo\/#article\",\"isPartOf\":{\"@id\":\"https:\/\/hudo.com\/si\/aktualno\/prvi-klic-o-posnetku-na-facebooku-na-mariborsko-policijo\/\"},\"author\":{\"name\":\"hudo\",\"@id\":\"https:\/\/hudo.com\/si\/#\/schema\/person\/601cf3379633985b20f7e50f2bb47707\"},\"headline\":\"Prvi klic o posnetku na facebooku na mariborsko policijo\",\"datePublished\":\"2017-02-14T19:25:00+00:00\",\"dateModified\":\"2017-02-15T05:12:58+00:00\",\"mainEntityOfPage\":{\"@id\":\"https:\/\/hudo.com\/si\/aktualno\/prvi-klic-o-posnetku-na-facebooku-na-mariborsko-policijo\/\"},\"wordCount\":345,\"publisher\":{\"@id\":\"https:\/\/hudo.com\/si\/#organization\"},\"articleSection\":[\"Aktualno\"],\"inLanguage\":\"sl-SI\"},{\"@type\":\"WebPage\",\"@id\":\"https:\/\/hudo.com\/si\/aktualno\/prvi-klic-o-posnetku-na-facebooku-na-mariborsko-policijo\/\",\"url\":\"https:\/\/hudo.com\/si\/aktualno\/prvi-klic-o-posnetku-na-facebooku-na-mariborsko-policijo\/\",\"name\":\"Prvi klic o posnetku na facebooku na mariborsko policijo - Hudo Slovenija\",\"isPartOf\":{\"@id\":\"https:\/\/hudo.com\/si\/#website\"},\"datePublished\":\"2017-02-14T19:25:00+00:00\",\"dateModified\":\"2017-02-15T05:12:58+00:00\",\"breadcrumb\":{\"@id\":\"https:\/\/hudo.com\/si\/aktualno\/prvi-klic-o-posnetku-na-facebooku-na-mariborsko-policijo\/#breadcrumb\"},\"inLanguage\":\"sl-SI\",\"potentialAction\":[{\"@type\":\"ReadAction\",\"target\":[\"https:\/\/hudo.com\/si\/aktualno\/prvi-klic-o-posnetku-na-facebooku-na-mariborsko-policijo\/\"]}]},{\"@type\":\"BreadcrumbList\",\"@id\":\"https:\/\/hudo.com\/si\/aktualno\/prvi-klic-o-posnetku-na-facebooku-na-mariborsko-policijo\/#breadcrumb\",\"itemListElement\":[{\"@type\":\"ListItem\",\"position\":1,\"name\":\"Home\",\"item\":\"https:\/\/hudo.com\/si\/\"},{\"@type\":\"ListItem\",\"position\":2,\"name\":\"Prvi klic o posnetku na facebooku na mariborsko policijo\"}]},{\"@type\":\"WebSite\",\"@id\":\"https:\/\/hudo.com\/si\/#website\",\"url\":\"https:\/\/hudo.com\/si\/\",\"name\":\"Hudo Slovenija\",\"description\":\"Vse novice iz Slovenije in sveta\",\"publisher\":{\"@id\":\"https:\/\/hudo.com\/si\/#organization\"},\"potentialAction\":[{\"@type\":\"SearchAction\",\"target\":{\"@type\":\"EntryPoint\",\"urlTemplate\":\"https:\/\/hudo.com\/si\/?s={search_term_string}\"},\"query-input\":\"required name=search_term_string\"}],\"inLanguage\":\"sl-SI\"},{\"@type\":\"Organization\",\"@id\":\"https:\/\/hudo.com\/si\/#organization\",\"name\":\"VSN Media\",\"url\":\"https:\/\/hudo.com\/si\/\",\"logo\":{\"@type\":\"ImageObject\",\"inLanguage\":\"sl-SI\",\"@id\":\"https:\/\/hudo.com\/si\/#\/schema\/logo\/image\/\",\"url\":\"https:\/\/hudo.com\/si\/wp-content\/uploads\/sites\/2\/2021\/03\/hudo-app-2.png\",\"contentUrl\":\"https:\/\/hudo.com\/si\/wp-content\/uploads\/sites\/2\/2021\/03\/hudo-app-2.png\",\"width\":2185,\"height\":2167,\"caption\":\"VSN Media\"},\"image\":{\"@id\":\"https:\/\/hudo.com\/si\/#\/schema\/logo\/image\/\"},\"sameAs\":[\"https:\/\/www.facebook.com\/hudo.si\",\"https:\/\/twitter.com\/hudo_si\"]},{\"@type\":\"Person\",\"@id\":\"https:\/\/hudo.com\/si\/#\/schema\/person\/601cf3379633985b20f7e50f2bb47707\",\"name\":\"hudo\",\"image\":{\"@type\":\"ImageObject\",\"inLanguage\":\"sl-SI\",\"@id\":\"https:\/\/hudo.com\/si\/#\/schema\/person\/image\/\",\"url\":\"https:\/\/secure.gravatar.com\/avatar\/c4ca25fa72cace7a696b52ff5db9e095?s=96&d=mm&r=g\",\"contentUrl\":\"https:\/\/secure.gravatar.com\/avatar\/c4ca25fa72cace7a696b52ff5db9e095?s=96&d=mm&r=g\",\"caption\":\"hudo\"},\"url\":\"https:\/\/hudo.com\/si\/author\/hudo\/\"}]}<\/script>\n<!-- \/ Yoast SEO plugin. -->","yoast_head_json":{"title":"Prvi klic o posnetku na facebooku na mariborsko policijo - Hudo Slovenija","robots":{"index":"index","follow":"follow","max-snippet":"max-snippet:-1","max-image-preview":"max-image-preview:large","max-video-preview":"max-video-preview:-1"},"canonical":"https:\/\/hudo.com\/si\/aktualno\/prvi-klic-o-posnetku-na-facebooku-na-mariborsko-policijo\/","og_locale":"sl_SI","og_type":"article","og_title":"Prvi klic o posnetku na facebooku na mariborsko policijo - Hudo Slovenija","og_description":"\u017de zjutraj je kazalo slabo z zdravstvenim stanjem 26-letnega mladeni\u010da, ki sta ga v ponedeljek zjutraj v okolici Kr\u0161kega brutalno pretepla dva mo\u0161ka, svoje po\u010detje pa tudi v \u017eivo objavila preko socialnih omre\u017eij. Popoldne pa je iz UKC Ljubljana pri\u0161la \u017ealostna vest: 26-letnik je izgubil bitko za \u017eivljenje. Na novome\u0161ki policijski upravi so predstavili nekaj podrobnosti o dogajanju, ki je \u0161okiralo javnost. Kot je pojasnil Matja\u017e \u0160tern, pomo\u010dnik vodje novome\u0161kih kriminalistov, so bili na novome\u0161ki \u0161tevilki 113 okoli 3. ure obve\u0161\u010deni iz Operativno-komunikacijskega centra mariborske policijske uprave, da so prejeli anonimni klic, da preko enega od socialnih omre\u017eij spremljajo posnetek nasilja nad neznanim mlaj\u0161im mo\u0161kim, ki naj bi imel prerezan vrat in nad katerim se \u0161e kar iz\u017eivljajo. Nekaj minut kasneje so klic s podobno vsebino prejeli \u0161e novome\u0161ki policisti. \"Policisti in kriminalisti so se takoj odzvali na klic. S pregledom posnetkov in zbiranjem obvestil so ugotovili lastnika profila in lokacijo dogajanja. Policisti in re\u0161evalci so bili na kraju v pribli\u017eno eni uri po prvem obvestilu. Ob prihodu na kraj so policisti na travniku, pribli\u017eno 150 metrov od dovozne poti, opazili le\u017eati mlaj\u0161ega mo\u0161kega, v bli\u017eini so izsledili dve osebi,\" je pojasnjeval \u0160tern in povedal, da napadalca dejanja nista ob\u017ealovala. Zahvala policije Policisti in kriminalisti so na kraju zalotena osumljenca, stara 20 in 29 let, po na\u0161ih podatkih Ale\u0161a Olovca in Martina Kova\u010da, pridr\u017eali in ju s kazensko ovadbo zaradi utemeljenega suma storitve kaznivega dejanja posebno hude telesne po\u0161kodbe privedli k preiskovalnemu sodniku Okro\u017enega sodi\u0161\u010da v Kr\u0161kem. Ker je napadeni umrl, se za omenjeno kaznivo dejanje lahko izre\u010de kazen od treh do petnajstih let zapora. \u0160tern je novinarjem pojasnjeval, da so policisti in kriminalisti z zbiranjem obvestil ugotovili, da so se osumljena in o\u0161kodovani preko no\u010di dru\u017eili v bli\u017eini kraja, kjer je napadeni nato oble\u017eal. Med 26-letnikom in enim izmed osumljenih je na","og_url":"https:\/\/hudo.com\/si\/aktualno\/prvi-klic-o-posnetku-na-facebooku-na-mariborsko-policijo\/","og_site_name":"Hudo Slovenija","article_publisher":"https:\/\/www.facebook.com\/hudo.si","article_published_time":"2017-02-14T19:25:00+00:00","article_modified_time":"2017-02-15T05:12:58+00:00","og_image":[{"width":450,"height":300,"url":"https:\/\/hudo.com\/si\/wp-content\/uploads\/sites\/2\/2017\/02\/img_82631-300.jpg","type":"image\/jpeg"}],"author":"hudo","twitter_card":"summary_large_image","twitter_creator":"@hudo_si","twitter_site":"@hudo_si","twitter_misc":{"Written by":"hudo","Est. reading time":"2 minuti"},"schema":{"@context":"https:\/\/schema.org","@graph":[{"@type":"Article","@id":"https:\/\/hudo.com\/si\/aktualno\/prvi-klic-o-posnetku-na-facebooku-na-mariborsko-policijo\/#article","isPartOf":{"@id":"https:\/\/hudo.com\/si\/aktualno\/prvi-klic-o-posnetku-na-facebooku-na-mariborsko-policijo\/"},"author":{"name":"hudo","@id":"https:\/\/hudo.com\/si\/#\/schema\/person\/601cf3379633985b20f7e50f2bb47707"},"headline":"Prvi klic o posnetku na facebooku na mariborsko policijo","datePublished":"2017-02-14T19:25:00+00:00","dateModified":"2017-02-15T05:12:58+00:00","mainEntityOfPage":{"@id":"https:\/\/hudo.com\/si\/aktualno\/prvi-klic-o-posnetku-na-facebooku-na-mariborsko-policijo\/"},"wordCount":345,"publisher":{"@id":"https:\/\/hudo.com\/si\/#organization"},"articleSection":["Aktualno"],"inLanguage":"sl-SI"},{"@type":"WebPage","@id":"https:\/\/hudo.com\/si\/aktualno\/prvi-klic-o-posnetku-na-facebooku-na-mariborsko-policijo\/","url":"https:\/\/hudo.com\/si\/aktualno\/prvi-klic-o-posnetku-na-facebooku-na-mariborsko-policijo\/","name":"Prvi klic o posnetku na facebooku na mariborsko policijo - Hudo Slovenija","isPartOf":{"@id":"https:\/\/hudo.com\/si\/#website"},"datePublished":"2017-02-14T19:25:00+00:00","dateModified":"2017-02-15T05:12:58+00:00","breadcrumb":{"@id":"https:\/\/hudo.com\/si\/aktualno\/prvi-klic-o-posnetku-na-facebooku-na-mariborsko-policijo\/#breadcrumb"},"inLanguage":"sl-SI","potentialAction":[{"@type":"ReadAction","target":["https:\/\/hudo.com\/si\/aktualno\/prvi-klic-o-posnetku-na-facebooku-na-mariborsko-policijo\/"]}]},{"@type":"BreadcrumbList","@id":"https:\/\/hudo.com\/si\/aktualno\/prvi-klic-o-posnetku-na-facebooku-na-mariborsko-policijo\/#breadcrumb","itemListElement":[{"@type":"ListItem","position":1,"name":"Home","item":"https:\/\/hudo.com\/si\/"},{"@type":"ListItem","position":2,"name":"Prvi klic o posnetku na facebooku na mariborsko policijo"}]},{"@type":"WebSite","@id":"https:\/\/hudo.com\/si\/#website","url":"https:\/\/hudo.com\/si\/","name":"Hudo Slovenija","description":"Vse novice iz Slovenije in sveta","publisher":{"@id":"https:\/\/hudo.com\/si\/#organization"},"potentialAction":[{"@type":"SearchAction","target":{"@type":"EntryPoint","urlTemplate":"https:\/\/hudo.com\/si\/?s={search_term_string}"},"query-input":"required name=search_term_string"}],"inLanguage":"sl-SI"},{"@type":"Organization","@id":"https:\/\/hudo.com\/si\/#organization","name":"VSN Media","url":"https:\/\/hudo.com\/si\/","logo":{"@type":"ImageObject","inLanguage":"sl-SI","@id":"https:\/\/hudo.com\/si\/#\/schema\/logo\/image\/","url":"https:\/\/hudo.com\/si\/wp-content\/uploads\/sites\/2\/2021\/03\/hudo-app-2.png","contentUrl":"https:\/\/hudo.com\/si\/wp-content\/uploads\/sites\/2\/2021\/03\/hudo-app-2.png","width":2185,"height":2167,"caption":"VSN Media"},"image":{"@id":"https:\/\/hudo.com\/si\/#\/schema\/logo\/image\/"},"sameAs":["https:\/\/www.facebook.com\/hudo.si","https:\/\/twitter.com\/hudo_si"]},{"@type":"Person","@id":"https:\/\/hudo.com\/si\/#\/schema\/person\/601cf3379633985b20f7e50f2bb47707","name":"hudo","image":{"@type":"ImageObject","inLanguage":"sl-SI","@id":"https:\/\/hudo.com\/si\/#\/schema\/person\/image\/","url":"https:\/\/secure.gravatar.com\/avatar\/c4ca25fa72cace7a696b52ff5db9e095?s=96&d=mm&r=g","contentUrl":"https:\/\/secure.gravatar.com\/avatar\/c4ca25fa72cace7a696b52ff5db9e095?s=96&d=mm&r=g","caption":"hudo"},"url":"https:\/\/hudo.com\/si\/author\/hudo\/"}]}},"amp_enabled":true,"_links":{"self":[{"href":"https:\/\/hudo.com\/si\/wp-json\/wp\/v2\/posts\/209976"}],"collection":[{"href":"https:\/\/hudo.com\/si\/wp-json\/wp\/v2\/posts"}],"about":[{"href":"https:\/\/hudo.com\/si\/wp-json\/wp\/v2\/types\/post"}],"author":[{"embeddable":true,"href":"https:\/\/hudo.com\/si\/wp-json\/wp\/v2\/users\/1"}],"replies":[{"embeddable":true,"href":"https:\/\/hudo.com\/si\/wp-json\/wp\/v2\/comments?post=209976"}],"version-history":[{"count":1,"href":"https:\/\/hudo.com\/si\/wp-json\/wp\/v2\/posts\/209976\/revisions"}],"predecessor-version":[{"id":210117,"href":"https:\/\/hudo.com\/si\/wp-json\/wp\/v2\/posts\/209976\/revisions\/210117"}],"wp:attachment":[{"href":"https:\/\/hudo.com\/si\/wp-json\/wp\/v2\/media?parent=209976"}],"wp:term":[{"taxonomy":"category","embeddable":true,"href":"https:\/\/hudo.com\/si\/wp-json\/wp\/v2\/categories?post=209976"},{"taxonomy":"post_tag","embeddable":true,"href":"https:\/\/hudo.com\/si\/wp-json\/wp\/v2\/tags?post=209976"},{"taxonomy":"source","embeddable":true,"href":"https:\/\/hudo.com\/si\/wp-json\/wp\/v2\/source?post=209976"},{"taxonomy":"supertag","embeddable":true,"href":"https:\/\/hudo.com\/si\/wp-json\/wp\/v2\/supertag?post=209976"}],"curies":[{"name":"wp","href":"https:\/\/api.w.org\/{rel}","templated":true}]}}