{"id":20998,"date":"2016-04-05T19:00:00","date_gmt":"2016-04-05T17:00:00","guid":{"rendered":"http:\/\/master.hudo.com\/si\/2016\/04\/05\/mrtvi-ne-smejo-mimo-pozabljenega-parka\/"},"modified":"2016-04-05T22:20:10","modified_gmt":"2016-04-05T20:20:10","slug":"mrtvi-ne-smejo-mimo-pozabljenega-parka","status":"publish","type":"post","link":"https:\/\/hudo.com\/si\/aktualno\/mrtvi-ne-smejo-mimo-pozabljenega-parka\/","title":{"rendered":"Mrtvi ne smejo mimo pozabljenega parka"},"content":{"rendered":"<p>Kategorija: Slovenija Tue, 05 Apr 2016 21:00:00 +0200  Celje \u2013 Franc Zabuko\u0161ek iz Civilne pobude Teharje poziva ministrstvo za delo, dru\u017eino in socialne zadeve, naj spremeni odlo\u010ditev o selitvi posmrtnih ostankov iz Hude jame pri La\u0161kem v kostnico v Mariboru. Po njegovem bi morala vlada tudi dokon\u010dati Spominski park Teharje (SPT) in ga spremeniti v osrednji spomenik \u017ertvam povojnih pobojev v Sloveniji ali vsaj na \u0160tajerskem. Janez Lampret je bil pred leti najbolj zaslu\u017een za postavitev SPT na obmo\u010dju Bukov\u017elaka pri Teharjah, kjer je leta 1945 delovalo koncentracijsko tabori\u0161\u010de, iz katerega so na mori\u0161\u010da v okolici Celja vodili pripadnike slovenskega domobranstva in civiliste. Za projekt SPT arhitekta Marka Mu\u0161i\u010da, ki so ga do leta 2004 zgradili do \u010detrtine, zdaj pa gradnja \u017ee deset let miruje, pravi, da je bil zastavljen kot osrednji pomnik povojnih zlo\u010dinov v\u00a0&#8230;<\/p>\n","protected":false},"excerpt":{"rendered":"<p>Kategorija: Slovenija Tue, 05 Apr 2016 21:00:00 +0200  Celje \u2013 Franc Zabuko\u0161ek iz Civilne pobude Teharje poziva ministrstvo za delo, dru\u017eino in socialne zadeve, naj spremeni odlo\u010ditev o selitvi posmrtnih ostankov iz Hude jame pri La\u0161kem v kostnico v Mariboru. Po njegovem bi morala vlada tudi dokon\u010dati Spominski park Teharje (SPT) in ga spremeniti v osrednji spomenik \u017ertvam povojnih pobojev v Sloveniji ali vsaj na \u0160tajerskem. Janez Lampret je bil pred leti najbolj zaslu\u017een za postavitev SPT na obmo\u010dju Bukov\u017elaka pri Teharjah, kjer je leta 1945 delovalo koncentracijsko tabori\u0161\u010de, iz katerega so na mori\u0161\u010da v okolici Celja vodili pripadnike slovenskega domobranstva in civiliste. Za projekt SPT arhitekta Marka Mu\u0161i\u010da, ki so ga do leta 2004 zgradili do \u010detrtine, zdaj pa gradnja \u017ee deset let miruje, pravi, da je bil zastavljen kot osrednji pomnik povojnih zlo\u010dinov v\u00a0&#8230;<\/p>\n","protected":false},"author":1,"featured_media":0,"comment_status":"closed","ping_status":"closed","sticky":false,"template":"","format":"standard","meta":{"footnotes":""},"categories":[1179],"tags":[],"source":[4511],"supertag":[],"acf":[],"yoast_head":"<!-- This site is optimized with the Yoast SEO plugin v21.3 - https:\/\/yoast.com\/wordpress\/plugins\/seo\/ -->\n<title>Mrtvi ne smejo mimo pozabljenega parka - Hudo Slovenija<\/title>\n<meta name=\"robots\" content=\"index, follow, max-snippet:-1, max-image-preview:large, max-video-preview:-1\" \/>\n<link rel=\"canonical\" href=\"https:\/\/hudo.com\/si\/aktualno\/mrtvi-ne-smejo-mimo-pozabljenega-parka\/\" \/>\n<meta property=\"og:locale\" content=\"sl_SI\" \/>\n<meta property=\"og:type\" content=\"article\" \/>\n<meta property=\"og:title\" content=\"Mrtvi ne smejo mimo pozabljenega parka - Hudo Slovenija\" \/>\n<meta property=\"og:description\" content=\"Kategorija: Slovenija Tue, 05 Apr 2016 21:00:00 +0200 Celje \u2013 Franc Zabuko\u0161ek iz Civilne pobude Teharje poziva ministrstvo za delo, dru\u017eino in socialne zadeve, naj spremeni odlo\u010ditev o selitvi posmrtnih ostankov iz Hude jame pri La\u0161kem v kostnico v Mariboru. Po njegovem bi morala vlada tudi dokon\u010dati Spominski park Teharje (SPT) in ga spremeniti v osrednji spomenik \u017ertvam povojnih pobojev v Sloveniji ali vsaj na \u0160tajerskem. Janez Lampret je bil pred leti najbolj zaslu\u017een za postavitev SPT na obmo\u010dju Bukov\u017elaka pri Teharjah, kjer je leta 1945 delovalo koncentracijsko tabori\u0161\u010de, iz katerega so na mori\u0161\u010da v okolici Celja vodili pripadnike slovenskega domobranstva in civiliste. Za projekt SPT arhitekta Marka Mu\u0161i\u010da, ki so ga do leta 2004 zgradili do \u010detrtine, zdaj pa gradnja \u017ee deset let miruje, pravi, da je bil zastavljen kot osrednji pomnik povojnih zlo\u010dinov v\u00a0...\" \/>\n<meta property=\"og:url\" content=\"https:\/\/hudo.com\/si\/aktualno\/mrtvi-ne-smejo-mimo-pozabljenega-parka\/\" \/>\n<meta property=\"og:site_name\" content=\"Hudo Slovenija\" \/>\n<meta property=\"article:publisher\" content=\"https:\/\/www.facebook.com\/hudo.si\" \/>\n<meta property=\"article:published_time\" content=\"2016-04-05T17:00:00+00:00\" \/>\n<meta property=\"article:modified_time\" content=\"2016-04-05T20:20:10+00:00\" \/>\n<meta property=\"og:image\" content=\"https:\/\/hudo.com\/si\/wp-content\/uploads\/sites\/2\/2016\/04\/480x290_Sl_dopisnistvo__Delo_Foto_2.12_hires0.jpeg\" \/>\n\t<meta property=\"og:image:width\" content=\"480\" \/>\n\t<meta property=\"og:image:height\" content=\"290\" \/>\n\t<meta property=\"og:image:type\" content=\"image\/jpeg\" \/>\n<meta name=\"author\" content=\"hudo\" \/>\n<meta name=\"twitter:card\" content=\"summary_large_image\" \/>\n<meta name=\"twitter:creator\" content=\"@hudo_si\" \/>\n<meta name=\"twitter:site\" content=\"@hudo_si\" \/>\n<meta name=\"twitter:label1\" content=\"Written by\" \/>\n\t<meta name=\"twitter:data1\" content=\"hudo\" \/>\n\t<meta name=\"twitter:label2\" content=\"Est. reading time\" \/>\n\t<meta name=\"twitter:data2\" content=\"1 minuta\" \/>\n<script type=\"application\/ld+json\" class=\"yoast-schema-graph\">{\"@context\":\"https:\/\/schema.org\",\"@graph\":[{\"@type\":\"Article\",\"@id\":\"https:\/\/hudo.com\/si\/aktualno\/mrtvi-ne-smejo-mimo-pozabljenega-parka\/#article\",\"isPartOf\":{\"@id\":\"https:\/\/hudo.com\/si\/aktualno\/mrtvi-ne-smejo-mimo-pozabljenega-parka\/\"},\"author\":{\"name\":\"hudo\",\"@id\":\"https:\/\/hudo.com\/si\/#\/schema\/person\/601cf3379633985b20f7e50f2bb47707\"},\"headline\":\"Mrtvi ne smejo mimo pozabljenega parka\",\"datePublished\":\"2016-04-05T17:00:00+00:00\",\"dateModified\":\"2016-04-05T20:20:10+00:00\",\"mainEntityOfPage\":{\"@id\":\"https:\/\/hudo.com\/si\/aktualno\/mrtvi-ne-smejo-mimo-pozabljenega-parka\/\"},\"wordCount\":148,\"publisher\":{\"@id\":\"https:\/\/hudo.com\/si\/#organization\"},\"articleSection\":[\"Aktualno\"],\"inLanguage\":\"sl-SI\"},{\"@type\":\"WebPage\",\"@id\":\"https:\/\/hudo.com\/si\/aktualno\/mrtvi-ne-smejo-mimo-pozabljenega-parka\/\",\"url\":\"https:\/\/hudo.com\/si\/aktualno\/mrtvi-ne-smejo-mimo-pozabljenega-parka\/\",\"name\":\"Mrtvi ne smejo mimo pozabljenega parka - Hudo Slovenija\",\"isPartOf\":{\"@id\":\"https:\/\/hudo.com\/si\/#website\"},\"datePublished\":\"2016-04-05T17:00:00+00:00\",\"dateModified\":\"2016-04-05T20:20:10+00:00\",\"breadcrumb\":{\"@id\":\"https:\/\/hudo.com\/si\/aktualno\/mrtvi-ne-smejo-mimo-pozabljenega-parka\/#breadcrumb\"},\"inLanguage\":\"sl-SI\",\"potentialAction\":[{\"@type\":\"ReadAction\",\"target\":[\"https:\/\/hudo.com\/si\/aktualno\/mrtvi-ne-smejo-mimo-pozabljenega-parka\/\"]}]},{\"@type\":\"BreadcrumbList\",\"@id\":\"https:\/\/hudo.com\/si\/aktualno\/mrtvi-ne-smejo-mimo-pozabljenega-parka\/#breadcrumb\",\"itemListElement\":[{\"@type\":\"ListItem\",\"position\":1,\"name\":\"Home\",\"item\":\"https:\/\/hudo.com\/si\/\"},{\"@type\":\"ListItem\",\"position\":2,\"name\":\"Mrtvi ne smejo mimo pozabljenega parka\"}]},{\"@type\":\"WebSite\",\"@id\":\"https:\/\/hudo.com\/si\/#website\",\"url\":\"https:\/\/hudo.com\/si\/\",\"name\":\"Hudo Slovenija\",\"description\":\"Vse novice iz Slovenije in sveta\",\"publisher\":{\"@id\":\"https:\/\/hudo.com\/si\/#organization\"},\"potentialAction\":[{\"@type\":\"SearchAction\",\"target\":{\"@type\":\"EntryPoint\",\"urlTemplate\":\"https:\/\/hudo.com\/si\/?s={search_term_string}\"},\"query-input\":\"required name=search_term_string\"}],\"inLanguage\":\"sl-SI\"},{\"@type\":\"Organization\",\"@id\":\"https:\/\/hudo.com\/si\/#organization\",\"name\":\"VSN Media\",\"url\":\"https:\/\/hudo.com\/si\/\",\"logo\":{\"@type\":\"ImageObject\",\"inLanguage\":\"sl-SI\",\"@id\":\"https:\/\/hudo.com\/si\/#\/schema\/logo\/image\/\",\"url\":\"https:\/\/hudo.com\/si\/wp-content\/uploads\/sites\/2\/2021\/03\/hudo-app-2.png\",\"contentUrl\":\"https:\/\/hudo.com\/si\/wp-content\/uploads\/sites\/2\/2021\/03\/hudo-app-2.png\",\"width\":2185,\"height\":2167,\"caption\":\"VSN Media\"},\"image\":{\"@id\":\"https:\/\/hudo.com\/si\/#\/schema\/logo\/image\/\"},\"sameAs\":[\"https:\/\/www.facebook.com\/hudo.si\",\"https:\/\/twitter.com\/hudo_si\"]},{\"@type\":\"Person\",\"@id\":\"https:\/\/hudo.com\/si\/#\/schema\/person\/601cf3379633985b20f7e50f2bb47707\",\"name\":\"hudo\",\"image\":{\"@type\":\"ImageObject\",\"inLanguage\":\"sl-SI\",\"@id\":\"https:\/\/hudo.com\/si\/#\/schema\/person\/image\/\",\"url\":\"https:\/\/secure.gravatar.com\/avatar\/c4ca25fa72cace7a696b52ff5db9e095?s=96&d=mm&r=g\",\"contentUrl\":\"https:\/\/secure.gravatar.com\/avatar\/c4ca25fa72cace7a696b52ff5db9e095?s=96&d=mm&r=g\",\"caption\":\"hudo\"},\"url\":\"https:\/\/hudo.com\/si\/author\/hudo\/\"}]}<\/script>\n<!-- \/ Yoast SEO plugin. -->","yoast_head_json":{"title":"Mrtvi ne smejo mimo pozabljenega parka - Hudo Slovenija","robots":{"index":"index","follow":"follow","max-snippet":"max-snippet:-1","max-image-preview":"max-image-preview:large","max-video-preview":"max-video-preview:-1"},"canonical":"https:\/\/hudo.com\/si\/aktualno\/mrtvi-ne-smejo-mimo-pozabljenega-parka\/","og_locale":"sl_SI","og_type":"article","og_title":"Mrtvi ne smejo mimo pozabljenega parka - Hudo Slovenija","og_description":"Kategorija: Slovenija Tue, 05 Apr 2016 21:00:00 +0200 Celje \u2013 Franc Zabuko\u0161ek iz Civilne pobude Teharje poziva ministrstvo za delo, dru\u017eino in socialne zadeve, naj spremeni odlo\u010ditev o selitvi posmrtnih ostankov iz Hude jame pri La\u0161kem v kostnico v Mariboru. Po njegovem bi morala vlada tudi dokon\u010dati Spominski park Teharje (SPT) in ga spremeniti v osrednji spomenik \u017ertvam povojnih pobojev v Sloveniji ali vsaj na \u0160tajerskem. Janez Lampret je bil pred leti najbolj zaslu\u017een za postavitev SPT na obmo\u010dju Bukov\u017elaka pri Teharjah, kjer je leta 1945 delovalo koncentracijsko tabori\u0161\u010de, iz katerega so na mori\u0161\u010da v okolici Celja vodili pripadnike slovenskega domobranstva in civiliste. Za projekt SPT arhitekta Marka Mu\u0161i\u010da, ki so ga do leta 2004 zgradili do \u010detrtine, zdaj pa gradnja \u017ee deset let miruje, pravi, da je bil zastavljen kot osrednji pomnik povojnih zlo\u010dinov v\u00a0...","og_url":"https:\/\/hudo.com\/si\/aktualno\/mrtvi-ne-smejo-mimo-pozabljenega-parka\/","og_site_name":"Hudo Slovenija","article_publisher":"https:\/\/www.facebook.com\/hudo.si","article_published_time":"2016-04-05T17:00:00+00:00","article_modified_time":"2016-04-05T20:20:10+00:00","og_image":[{"width":480,"height":290,"url":"https:\/\/hudo.com\/si\/wp-content\/uploads\/sites\/2\/2016\/04\/480x290_Sl_dopisnistvo__Delo_Foto_2.12_hires0.jpeg","type":"image\/jpeg"}],"author":"hudo","twitter_card":"summary_large_image","twitter_creator":"@hudo_si","twitter_site":"@hudo_si","twitter_misc":{"Written by":"hudo","Est. reading time":"1 minuta"},"schema":{"@context":"https:\/\/schema.org","@graph":[{"@type":"Article","@id":"https:\/\/hudo.com\/si\/aktualno\/mrtvi-ne-smejo-mimo-pozabljenega-parka\/#article","isPartOf":{"@id":"https:\/\/hudo.com\/si\/aktualno\/mrtvi-ne-smejo-mimo-pozabljenega-parka\/"},"author":{"name":"hudo","@id":"https:\/\/hudo.com\/si\/#\/schema\/person\/601cf3379633985b20f7e50f2bb47707"},"headline":"Mrtvi ne smejo mimo pozabljenega parka","datePublished":"2016-04-05T17:00:00+00:00","dateModified":"2016-04-05T20:20:10+00:00","mainEntityOfPage":{"@id":"https:\/\/hudo.com\/si\/aktualno\/mrtvi-ne-smejo-mimo-pozabljenega-parka\/"},"wordCount":148,"publisher":{"@id":"https:\/\/hudo.com\/si\/#organization"},"articleSection":["Aktualno"],"inLanguage":"sl-SI"},{"@type":"WebPage","@id":"https:\/\/hudo.com\/si\/aktualno\/mrtvi-ne-smejo-mimo-pozabljenega-parka\/","url":"https:\/\/hudo.com\/si\/aktualno\/mrtvi-ne-smejo-mimo-pozabljenega-parka\/","name":"Mrtvi ne smejo mimo pozabljenega parka - Hudo Slovenija","isPartOf":{"@id":"https:\/\/hudo.com\/si\/#website"},"datePublished":"2016-04-05T17:00:00+00:00","dateModified":"2016-04-05T20:20:10+00:00","breadcrumb":{"@id":"https:\/\/hudo.com\/si\/aktualno\/mrtvi-ne-smejo-mimo-pozabljenega-parka\/#breadcrumb"},"inLanguage":"sl-SI","potentialAction":[{"@type":"ReadAction","target":["https:\/\/hudo.com\/si\/aktualno\/mrtvi-ne-smejo-mimo-pozabljenega-parka\/"]}]},{"@type":"BreadcrumbList","@id":"https:\/\/hudo.com\/si\/aktualno\/mrtvi-ne-smejo-mimo-pozabljenega-parka\/#breadcrumb","itemListElement":[{"@type":"ListItem","position":1,"name":"Home","item":"https:\/\/hudo.com\/si\/"},{"@type":"ListItem","position":2,"name":"Mrtvi ne smejo mimo pozabljenega parka"}]},{"@type":"WebSite","@id":"https:\/\/hudo.com\/si\/#website","url":"https:\/\/hudo.com\/si\/","name":"Hudo Slovenija","description":"Vse novice iz Slovenije in sveta","publisher":{"@id":"https:\/\/hudo.com\/si\/#organization"},"potentialAction":[{"@type":"SearchAction","target":{"@type":"EntryPoint","urlTemplate":"https:\/\/hudo.com\/si\/?s={search_term_string}"},"query-input":"required name=search_term_string"}],"inLanguage":"sl-SI"},{"@type":"Organization","@id":"https:\/\/hudo.com\/si\/#organization","name":"VSN Media","url":"https:\/\/hudo.com\/si\/","logo":{"@type":"ImageObject","inLanguage":"sl-SI","@id":"https:\/\/hudo.com\/si\/#\/schema\/logo\/image\/","url":"https:\/\/hudo.com\/si\/wp-content\/uploads\/sites\/2\/2021\/03\/hudo-app-2.png","contentUrl":"https:\/\/hudo.com\/si\/wp-content\/uploads\/sites\/2\/2021\/03\/hudo-app-2.png","width":2185,"height":2167,"caption":"VSN Media"},"image":{"@id":"https:\/\/hudo.com\/si\/#\/schema\/logo\/image\/"},"sameAs":["https:\/\/www.facebook.com\/hudo.si","https:\/\/twitter.com\/hudo_si"]},{"@type":"Person","@id":"https:\/\/hudo.com\/si\/#\/schema\/person\/601cf3379633985b20f7e50f2bb47707","name":"hudo","image":{"@type":"ImageObject","inLanguage":"sl-SI","@id":"https:\/\/hudo.com\/si\/#\/schema\/person\/image\/","url":"https:\/\/secure.gravatar.com\/avatar\/c4ca25fa72cace7a696b52ff5db9e095?s=96&d=mm&r=g","contentUrl":"https:\/\/secure.gravatar.com\/avatar\/c4ca25fa72cace7a696b52ff5db9e095?s=96&d=mm&r=g","caption":"hudo"},"url":"https:\/\/hudo.com\/si\/author\/hudo\/"}]}},"amp_enabled":true,"_links":{"self":[{"href":"https:\/\/hudo.com\/si\/wp-json\/wp\/v2\/posts\/20998"}],"collection":[{"href":"https:\/\/hudo.com\/si\/wp-json\/wp\/v2\/posts"}],"about":[{"href":"https:\/\/hudo.com\/si\/wp-json\/wp\/v2\/types\/post"}],"author":[{"embeddable":true,"href":"https:\/\/hudo.com\/si\/wp-json\/wp\/v2\/users\/1"}],"replies":[{"embeddable":true,"href":"https:\/\/hudo.com\/si\/wp-json\/wp\/v2\/comments?post=20998"}],"version-history":[{"count":1,"href":"https:\/\/hudo.com\/si\/wp-json\/wp\/v2\/posts\/20998\/revisions"}],"predecessor-version":[{"id":21052,"href":"https:\/\/hudo.com\/si\/wp-json\/wp\/v2\/posts\/20998\/revisions\/21052"}],"wp:attachment":[{"href":"https:\/\/hudo.com\/si\/wp-json\/wp\/v2\/media?parent=20998"}],"wp:term":[{"taxonomy":"category","embeddable":true,"href":"https:\/\/hudo.com\/si\/wp-json\/wp\/v2\/categories?post=20998"},{"taxonomy":"post_tag","embeddable":true,"href":"https:\/\/hudo.com\/si\/wp-json\/wp\/v2\/tags?post=20998"},{"taxonomy":"source","embeddable":true,"href":"https:\/\/hudo.com\/si\/wp-json\/wp\/v2\/source?post=20998"},{"taxonomy":"supertag","embeddable":true,"href":"https:\/\/hudo.com\/si\/wp-json\/wp\/v2\/supertag?post=20998"}],"curies":[{"name":"wp","href":"https:\/\/api.w.org\/{rel}","templated":true}]}}