{"id":209988,"date":"2017-02-14T20:00:00","date_gmt":"2017-02-14T19:00:00","guid":{"rendered":"http:\/\/hudo.com\/si\/2017\/02\/14\/korosci-zahtevajo-casovnico-za-hitro-cesto-do-konca-marca\/"},"modified":"2017-02-15T06:21:10","modified_gmt":"2017-02-15T05:21:10","slug":"korosci-zahtevajo-casovnico-za-hitro-cesto-do-konca-marca","status":"publish","type":"post","link":"https:\/\/hudo.com\/si\/aktualno\/korosci-zahtevajo-casovnico-za-hitro-cesto-do-konca-marca\/","title":{"rendered":"Koro\u0161ci zahtevajo \u010dasovnico za hitro cesto do konca marca"},"content":{"rendered":"<p>Koro\u0161ci od vlade najpozneje do 31. marca pri\u010dakujejo podpis sporazuma, v katerem bo jasno opredeljena \u010dasovnica izgradnje hitre ceste na Koro\u0161ko v obliki \u0161tiripasovnice. V nasprotnem primeru napovedujejo opozorilne ukrepe za oviranje prometa. S temi zahtevami so predstavniki Mladinske iniciative za 3. razvojno os, Odbora za izgradnjo hitre ceste na Koro\u0161ko in Sveta koro\u0161ke regije ter poslanca Danilo Anton Ranc in Ivan \u0160kodnik danes v Ljubljani seznanili predstavnike Darsa in ministrstva za infrastrukturo. Na sestanku je delegacija s Koro\u0161ke izrazila zaskrbljenost nad zadnjimi izjavami predsednika uprave Darsa Toma\u017ea Vidica, da se bo hitra cesta na Koro\u0161ko za\u010dela graditi v spodnjem delu, ter da obstaja mo\u017enost, da bo cesta pri\u0161la zgolj do Velenja. Zato so s seboj prinesli zahtevo, naj vlada s predstavniki Koro\u0161ke podpi\u0161e sporazum o izgradnji hitre ceste na Koro\u0161ko, v katerem bo zastavljena realna \u010dasovnica s ciljem za\u010detka gradnje v letu 2019. Cesta mora biti \u0161tiripasovna, na odseku \u0160entrupert-Velenje-Slovenj Gradec pa se mora za\u010deti graditi hkrati na celotnem odseku in ne zgolj na spodnjem delu, zahtevajo. Koro\u0161ci, ki so v Ljubljano prinesli tudi &#8220;semafor&#8221;, prek katerega bo mogo\u010de spremljati vsak korak pristojnih za realizacijo izgradnje hitre ceste na Koro\u0161ko, zahtevajo tudi vpogled v jasno in stabilno finan\u010dno konstrukcijo projekta gradnje hitre ceste. Semafor bo odslej na vpogled na spletni strani iniciative www.hitronakorosko.si, so \u0161e sporo\u010dili iz Mladinske iniciative za 3. razvojno os.Koro\u0161ka<\/p>\n","protected":false},"excerpt":{"rendered":"<p>Koro\u0161ci od vlade najpozneje do 31. marca pri\u010dakujejo podpis sporazuma, v katerem bo jasno opredeljena \u010dasovnica izgradnje hitre ceste na Koro\u0161ko v obliki \u0161tiripasovnice. V nasprotnem primeru napovedujejo opozorilne ukrepe za oviranje prometa. S temi zahtevami so predstavniki Mladinske iniciative za 3. razvojno os, Odbora za izgradnjo hitre ceste na Koro\u0161ko in Sveta koro\u0161ke regije ter poslanca Danilo Anton Ranc in Ivan \u0160kodnik danes v Ljubljani seznanili predstavnike Darsa in ministrstva za infrastrukturo. Na sestanku je delegacija s Koro\u0161ke izrazila zaskrbljenost nad zadnjimi izjavami predsednika uprave Darsa Toma\u017ea Vidica, da se bo hitra cesta na Koro\u0161ko za\u010dela graditi v spodnjem delu, ter da obstaja mo\u017enost, da bo cesta pri\u0161la zgolj do Velenja. Zato so s seboj prinesli zahtevo, naj vlada s predstavniki Koro\u0161ke podpi\u0161e sporazum o izgradnji hitre ceste na Koro\u0161ko, v katerem bo zastavljena realna \u010dasovnica s ciljem za\u010detka gradnje v letu 2019. Cesta mora biti \u0161tiripasovna, na odseku \u0160entrupert-Velenje-Slovenj Gradec pa se mora za\u010deti graditi hkrati na celotnem odseku in ne zgolj na spodnjem delu, zahtevajo. Koro\u0161ci, ki so v Ljubljano prinesli tudi &#8220;semafor&#8221;, prek katerega bo mogo\u010de spremljati vsak korak pristojnih za realizacijo izgradnje hitre ceste na Koro\u0161ko, zahtevajo tudi vpogled v jasno in stabilno finan\u010dno konstrukcijo projekta gradnje hitre ceste. Semafor bo odslej na vpogled na spletni strani iniciative www.hitronakorosko.si, so \u0161e sporo\u010dili iz Mladinske iniciative za 3. razvojno os.Koro\u0161ka<\/p>\n","protected":false},"author":1,"featured_media":0,"comment_status":"closed","ping_status":"closed","sticky":false,"template":"","format":"standard","meta":{"footnotes":""},"categories":[1179],"tags":[],"source":[1711],"supertag":[],"acf":[],"yoast_head":"<!-- This site is optimized with the Yoast SEO plugin v21.3 - https:\/\/yoast.com\/wordpress\/plugins\/seo\/ -->\n<title>Koro\u0161ci zahtevajo \u010dasovnico za hitro cesto do konca marca - Hudo Slovenija<\/title>\n<meta name=\"robots\" content=\"index, follow, max-snippet:-1, max-image-preview:large, max-video-preview:-1\" \/>\n<link rel=\"canonical\" href=\"https:\/\/hudo.com\/si\/aktualno\/korosci-zahtevajo-casovnico-za-hitro-cesto-do-konca-marca\/\" \/>\n<meta property=\"og:locale\" content=\"sl_SI\" \/>\n<meta property=\"og:type\" content=\"article\" \/>\n<meta property=\"og:title\" content=\"Koro\u0161ci zahtevajo \u010dasovnico za hitro cesto do konca marca - Hudo Slovenija\" \/>\n<meta property=\"og:description\" content=\"Koro\u0161ci od vlade najpozneje do 31. marca pri\u010dakujejo podpis sporazuma, v katerem bo jasno opredeljena \u010dasovnica izgradnje hitre ceste na Koro\u0161ko v obliki \u0161tiripasovnice. V nasprotnem primeru napovedujejo opozorilne ukrepe za oviranje prometa. S temi zahtevami so predstavniki Mladinske iniciative za 3. razvojno os, Odbora za izgradnjo hitre ceste na Koro\u0161ko in Sveta koro\u0161ke regije ter poslanca Danilo Anton Ranc in Ivan \u0160kodnik danes v Ljubljani seznanili predstavnike Darsa in ministrstva za infrastrukturo. Na sestanku je delegacija s Koro\u0161ke izrazila zaskrbljenost nad zadnjimi izjavami predsednika uprave Darsa Toma\u017ea Vidica, da se bo hitra cesta na Koro\u0161ko za\u010dela graditi v spodnjem delu, ter da obstaja mo\u017enost, da bo cesta pri\u0161la zgolj do Velenja. Zato so s seboj prinesli zahtevo, naj vlada s predstavniki Koro\u0161ke podpi\u0161e sporazum o izgradnji hitre ceste na Koro\u0161ko, v katerem bo zastavljena realna \u010dasovnica s ciljem za\u010detka gradnje v letu 2019. Cesta mora biti \u0161tiripasovna, na odseku \u0160entrupert-Velenje-Slovenj Gradec pa se mora za\u010deti graditi hkrati na celotnem odseku in ne zgolj na spodnjem delu, zahtevajo. Koro\u0161ci, ki so v Ljubljano prinesli tudi &quot;semafor&quot;, prek katerega bo mogo\u010de spremljati vsak korak pristojnih za realizacijo izgradnje hitre ceste na Koro\u0161ko, zahtevajo tudi vpogled v jasno in stabilno finan\u010dno konstrukcijo projekta gradnje hitre ceste. Semafor bo odslej na vpogled na spletni strani iniciative www.hitronakorosko.si, so \u0161e sporo\u010dili iz Mladinske iniciative za 3. razvojno os.Koro\u0161ka\" \/>\n<meta property=\"og:url\" content=\"https:\/\/hudo.com\/si\/aktualno\/korosci-zahtevajo-casovnico-za-hitro-cesto-do-konca-marca\/\" \/>\n<meta property=\"og:site_name\" content=\"Hudo Slovenija\" \/>\n<meta property=\"article:publisher\" content=\"https:\/\/www.facebook.com\/hudo.si\" \/>\n<meta property=\"article:published_time\" content=\"2017-02-14T19:00:00+00:00\" \/>\n<meta property=\"article:modified_time\" content=\"2017-02-15T05:21:10+00:00\" \/>\n<meta property=\"og:image\" content=\"https:\/\/hudo.com\/si\/wp-content\/uploads\/sites\/2\/2017\/02\/KOROS02-300-2.jpg\" \/>\n\t<meta property=\"og:image:width\" content=\"450\" \/>\n\t<meta property=\"og:image:height\" content=\"252\" \/>\n\t<meta property=\"og:image:type\" content=\"image\/jpeg\" \/>\n<meta name=\"author\" content=\"hudo\" \/>\n<meta name=\"twitter:card\" content=\"summary_large_image\" \/>\n<meta name=\"twitter:creator\" content=\"@hudo_si\" \/>\n<meta name=\"twitter:site\" content=\"@hudo_si\" \/>\n<meta name=\"twitter:label1\" content=\"Written by\" \/>\n\t<meta name=\"twitter:data1\" content=\"hudo\" \/>\n\t<meta name=\"twitter:label2\" content=\"Est. reading time\" \/>\n\t<meta name=\"twitter:data2\" content=\"1 minuta\" \/>\n<script type=\"application\/ld+json\" class=\"yoast-schema-graph\">{\"@context\":\"https:\/\/schema.org\",\"@graph\":[{\"@type\":\"Article\",\"@id\":\"https:\/\/hudo.com\/si\/aktualno\/korosci-zahtevajo-casovnico-za-hitro-cesto-do-konca-marca\/#article\",\"isPartOf\":{\"@id\":\"https:\/\/hudo.com\/si\/aktualno\/korosci-zahtevajo-casovnico-za-hitro-cesto-do-konca-marca\/\"},\"author\":{\"name\":\"hudo\",\"@id\":\"https:\/\/hudo.com\/si\/#\/schema\/person\/601cf3379633985b20f7e50f2bb47707\"},\"headline\":\"Koro\u0161ci zahtevajo \u010dasovnico za hitro cesto do konca marca\",\"datePublished\":\"2017-02-14T19:00:00+00:00\",\"dateModified\":\"2017-02-15T05:21:10+00:00\",\"mainEntityOfPage\":{\"@id\":\"https:\/\/hudo.com\/si\/aktualno\/korosci-zahtevajo-casovnico-za-hitro-cesto-do-konca-marca\/\"},\"wordCount\":255,\"publisher\":{\"@id\":\"https:\/\/hudo.com\/si\/#organization\"},\"articleSection\":[\"Aktualno\"],\"inLanguage\":\"sl-SI\"},{\"@type\":\"WebPage\",\"@id\":\"https:\/\/hudo.com\/si\/aktualno\/korosci-zahtevajo-casovnico-za-hitro-cesto-do-konca-marca\/\",\"url\":\"https:\/\/hudo.com\/si\/aktualno\/korosci-zahtevajo-casovnico-za-hitro-cesto-do-konca-marca\/\",\"name\":\"Koro\u0161ci zahtevajo \u010dasovnico za hitro cesto do konca marca - Hudo Slovenija\",\"isPartOf\":{\"@id\":\"https:\/\/hudo.com\/si\/#website\"},\"datePublished\":\"2017-02-14T19:00:00+00:00\",\"dateModified\":\"2017-02-15T05:21:10+00:00\",\"breadcrumb\":{\"@id\":\"https:\/\/hudo.com\/si\/aktualno\/korosci-zahtevajo-casovnico-za-hitro-cesto-do-konca-marca\/#breadcrumb\"},\"inLanguage\":\"sl-SI\",\"potentialAction\":[{\"@type\":\"ReadAction\",\"target\":[\"https:\/\/hudo.com\/si\/aktualno\/korosci-zahtevajo-casovnico-za-hitro-cesto-do-konca-marca\/\"]}]},{\"@type\":\"BreadcrumbList\",\"@id\":\"https:\/\/hudo.com\/si\/aktualno\/korosci-zahtevajo-casovnico-za-hitro-cesto-do-konca-marca\/#breadcrumb\",\"itemListElement\":[{\"@type\":\"ListItem\",\"position\":1,\"name\":\"Home\",\"item\":\"https:\/\/hudo.com\/si\/\"},{\"@type\":\"ListItem\",\"position\":2,\"name\":\"Koro\u0161ci zahtevajo \u010dasovnico za hitro cesto do konca marca\"}]},{\"@type\":\"WebSite\",\"@id\":\"https:\/\/hudo.com\/si\/#website\",\"url\":\"https:\/\/hudo.com\/si\/\",\"name\":\"Hudo Slovenija\",\"description\":\"Vse novice iz Slovenije in sveta\",\"publisher\":{\"@id\":\"https:\/\/hudo.com\/si\/#organization\"},\"potentialAction\":[{\"@type\":\"SearchAction\",\"target\":{\"@type\":\"EntryPoint\",\"urlTemplate\":\"https:\/\/hudo.com\/si\/?s={search_term_string}\"},\"query-input\":\"required name=search_term_string\"}],\"inLanguage\":\"sl-SI\"},{\"@type\":\"Organization\",\"@id\":\"https:\/\/hudo.com\/si\/#organization\",\"name\":\"VSN Media\",\"url\":\"https:\/\/hudo.com\/si\/\",\"logo\":{\"@type\":\"ImageObject\",\"inLanguage\":\"sl-SI\",\"@id\":\"https:\/\/hudo.com\/si\/#\/schema\/logo\/image\/\",\"url\":\"https:\/\/hudo.com\/si\/wp-content\/uploads\/sites\/2\/2021\/03\/hudo-app-2.png\",\"contentUrl\":\"https:\/\/hudo.com\/si\/wp-content\/uploads\/sites\/2\/2021\/03\/hudo-app-2.png\",\"width\":2185,\"height\":2167,\"caption\":\"VSN Media\"},\"image\":{\"@id\":\"https:\/\/hudo.com\/si\/#\/schema\/logo\/image\/\"},\"sameAs\":[\"https:\/\/www.facebook.com\/hudo.si\",\"https:\/\/twitter.com\/hudo_si\"]},{\"@type\":\"Person\",\"@id\":\"https:\/\/hudo.com\/si\/#\/schema\/person\/601cf3379633985b20f7e50f2bb47707\",\"name\":\"hudo\",\"image\":{\"@type\":\"ImageObject\",\"inLanguage\":\"sl-SI\",\"@id\":\"https:\/\/hudo.com\/si\/#\/schema\/person\/image\/\",\"url\":\"https:\/\/secure.gravatar.com\/avatar\/c4ca25fa72cace7a696b52ff5db9e095?s=96&d=mm&r=g\",\"contentUrl\":\"https:\/\/secure.gravatar.com\/avatar\/c4ca25fa72cace7a696b52ff5db9e095?s=96&d=mm&r=g\",\"caption\":\"hudo\"},\"url\":\"https:\/\/hudo.com\/si\/author\/hudo\/\"}]}<\/script>\n<!-- \/ Yoast SEO plugin. -->","yoast_head_json":{"title":"Koro\u0161ci zahtevajo \u010dasovnico za hitro cesto do konca marca - Hudo Slovenija","robots":{"index":"index","follow":"follow","max-snippet":"max-snippet:-1","max-image-preview":"max-image-preview:large","max-video-preview":"max-video-preview:-1"},"canonical":"https:\/\/hudo.com\/si\/aktualno\/korosci-zahtevajo-casovnico-za-hitro-cesto-do-konca-marca\/","og_locale":"sl_SI","og_type":"article","og_title":"Koro\u0161ci zahtevajo \u010dasovnico za hitro cesto do konca marca - Hudo Slovenija","og_description":"Koro\u0161ci od vlade najpozneje do 31. marca pri\u010dakujejo podpis sporazuma, v katerem bo jasno opredeljena \u010dasovnica izgradnje hitre ceste na Koro\u0161ko v obliki \u0161tiripasovnice. V nasprotnem primeru napovedujejo opozorilne ukrepe za oviranje prometa. S temi zahtevami so predstavniki Mladinske iniciative za 3. razvojno os, Odbora za izgradnjo hitre ceste na Koro\u0161ko in Sveta koro\u0161ke regije ter poslanca Danilo Anton Ranc in Ivan \u0160kodnik danes v Ljubljani seznanili predstavnike Darsa in ministrstva za infrastrukturo. Na sestanku je delegacija s Koro\u0161ke izrazila zaskrbljenost nad zadnjimi izjavami predsednika uprave Darsa Toma\u017ea Vidica, da se bo hitra cesta na Koro\u0161ko za\u010dela graditi v spodnjem delu, ter da obstaja mo\u017enost, da bo cesta pri\u0161la zgolj do Velenja. Zato so s seboj prinesli zahtevo, naj vlada s predstavniki Koro\u0161ke podpi\u0161e sporazum o izgradnji hitre ceste na Koro\u0161ko, v katerem bo zastavljena realna \u010dasovnica s ciljem za\u010detka gradnje v letu 2019. Cesta mora biti \u0161tiripasovna, na odseku \u0160entrupert-Velenje-Slovenj Gradec pa se mora za\u010deti graditi hkrati na celotnem odseku in ne zgolj na spodnjem delu, zahtevajo. Koro\u0161ci, ki so v Ljubljano prinesli tudi \"semafor\", prek katerega bo mogo\u010de spremljati vsak korak pristojnih za realizacijo izgradnje hitre ceste na Koro\u0161ko, zahtevajo tudi vpogled v jasno in stabilno finan\u010dno konstrukcijo projekta gradnje hitre ceste. Semafor bo odslej na vpogled na spletni strani iniciative www.hitronakorosko.si, so \u0161e sporo\u010dili iz Mladinske iniciative za 3. razvojno os.Koro\u0161ka","og_url":"https:\/\/hudo.com\/si\/aktualno\/korosci-zahtevajo-casovnico-za-hitro-cesto-do-konca-marca\/","og_site_name":"Hudo Slovenija","article_publisher":"https:\/\/www.facebook.com\/hudo.si","article_published_time":"2017-02-14T19:00:00+00:00","article_modified_time":"2017-02-15T05:21:10+00:00","og_image":[{"width":450,"height":252,"url":"https:\/\/hudo.com\/si\/wp-content\/uploads\/sites\/2\/2017\/02\/KOROS02-300-2.jpg","type":"image\/jpeg"}],"author":"hudo","twitter_card":"summary_large_image","twitter_creator":"@hudo_si","twitter_site":"@hudo_si","twitter_misc":{"Written by":"hudo","Est. reading time":"1 minuta"},"schema":{"@context":"https:\/\/schema.org","@graph":[{"@type":"Article","@id":"https:\/\/hudo.com\/si\/aktualno\/korosci-zahtevajo-casovnico-za-hitro-cesto-do-konca-marca\/#article","isPartOf":{"@id":"https:\/\/hudo.com\/si\/aktualno\/korosci-zahtevajo-casovnico-za-hitro-cesto-do-konca-marca\/"},"author":{"name":"hudo","@id":"https:\/\/hudo.com\/si\/#\/schema\/person\/601cf3379633985b20f7e50f2bb47707"},"headline":"Koro\u0161ci zahtevajo \u010dasovnico za hitro cesto do konca marca","datePublished":"2017-02-14T19:00:00+00:00","dateModified":"2017-02-15T05:21:10+00:00","mainEntityOfPage":{"@id":"https:\/\/hudo.com\/si\/aktualno\/korosci-zahtevajo-casovnico-za-hitro-cesto-do-konca-marca\/"},"wordCount":255,"publisher":{"@id":"https:\/\/hudo.com\/si\/#organization"},"articleSection":["Aktualno"],"inLanguage":"sl-SI"},{"@type":"WebPage","@id":"https:\/\/hudo.com\/si\/aktualno\/korosci-zahtevajo-casovnico-za-hitro-cesto-do-konca-marca\/","url":"https:\/\/hudo.com\/si\/aktualno\/korosci-zahtevajo-casovnico-za-hitro-cesto-do-konca-marca\/","name":"Koro\u0161ci zahtevajo \u010dasovnico za hitro cesto do konca marca - Hudo Slovenija","isPartOf":{"@id":"https:\/\/hudo.com\/si\/#website"},"datePublished":"2017-02-14T19:00:00+00:00","dateModified":"2017-02-15T05:21:10+00:00","breadcrumb":{"@id":"https:\/\/hudo.com\/si\/aktualno\/korosci-zahtevajo-casovnico-za-hitro-cesto-do-konca-marca\/#breadcrumb"},"inLanguage":"sl-SI","potentialAction":[{"@type":"ReadAction","target":["https:\/\/hudo.com\/si\/aktualno\/korosci-zahtevajo-casovnico-za-hitro-cesto-do-konca-marca\/"]}]},{"@type":"BreadcrumbList","@id":"https:\/\/hudo.com\/si\/aktualno\/korosci-zahtevajo-casovnico-za-hitro-cesto-do-konca-marca\/#breadcrumb","itemListElement":[{"@type":"ListItem","position":1,"name":"Home","item":"https:\/\/hudo.com\/si\/"},{"@type":"ListItem","position":2,"name":"Koro\u0161ci zahtevajo \u010dasovnico za hitro cesto do konca marca"}]},{"@type":"WebSite","@id":"https:\/\/hudo.com\/si\/#website","url":"https:\/\/hudo.com\/si\/","name":"Hudo Slovenija","description":"Vse novice iz Slovenije in sveta","publisher":{"@id":"https:\/\/hudo.com\/si\/#organization"},"potentialAction":[{"@type":"SearchAction","target":{"@type":"EntryPoint","urlTemplate":"https:\/\/hudo.com\/si\/?s={search_term_string}"},"query-input":"required name=search_term_string"}],"inLanguage":"sl-SI"},{"@type":"Organization","@id":"https:\/\/hudo.com\/si\/#organization","name":"VSN Media","url":"https:\/\/hudo.com\/si\/","logo":{"@type":"ImageObject","inLanguage":"sl-SI","@id":"https:\/\/hudo.com\/si\/#\/schema\/logo\/image\/","url":"https:\/\/hudo.com\/si\/wp-content\/uploads\/sites\/2\/2021\/03\/hudo-app-2.png","contentUrl":"https:\/\/hudo.com\/si\/wp-content\/uploads\/sites\/2\/2021\/03\/hudo-app-2.png","width":2185,"height":2167,"caption":"VSN Media"},"image":{"@id":"https:\/\/hudo.com\/si\/#\/schema\/logo\/image\/"},"sameAs":["https:\/\/www.facebook.com\/hudo.si","https:\/\/twitter.com\/hudo_si"]},{"@type":"Person","@id":"https:\/\/hudo.com\/si\/#\/schema\/person\/601cf3379633985b20f7e50f2bb47707","name":"hudo","image":{"@type":"ImageObject","inLanguage":"sl-SI","@id":"https:\/\/hudo.com\/si\/#\/schema\/person\/image\/","url":"https:\/\/secure.gravatar.com\/avatar\/c4ca25fa72cace7a696b52ff5db9e095?s=96&d=mm&r=g","contentUrl":"https:\/\/secure.gravatar.com\/avatar\/c4ca25fa72cace7a696b52ff5db9e095?s=96&d=mm&r=g","caption":"hudo"},"url":"https:\/\/hudo.com\/si\/author\/hudo\/"}]}},"amp_enabled":true,"_links":{"self":[{"href":"https:\/\/hudo.com\/si\/wp-json\/wp\/v2\/posts\/209988"}],"collection":[{"href":"https:\/\/hudo.com\/si\/wp-json\/wp\/v2\/posts"}],"about":[{"href":"https:\/\/hudo.com\/si\/wp-json\/wp\/v2\/types\/post"}],"author":[{"embeddable":true,"href":"https:\/\/hudo.com\/si\/wp-json\/wp\/v2\/users\/1"}],"replies":[{"embeddable":true,"href":"https:\/\/hudo.com\/si\/wp-json\/wp\/v2\/comments?post=209988"}],"version-history":[{"count":1,"href":"https:\/\/hudo.com\/si\/wp-json\/wp\/v2\/posts\/209988\/revisions"}],"predecessor-version":[{"id":210123,"href":"https:\/\/hudo.com\/si\/wp-json\/wp\/v2\/posts\/209988\/revisions\/210123"}],"wp:attachment":[{"href":"https:\/\/hudo.com\/si\/wp-json\/wp\/v2\/media?parent=209988"}],"wp:term":[{"taxonomy":"category","embeddable":true,"href":"https:\/\/hudo.com\/si\/wp-json\/wp\/v2\/categories?post=209988"},{"taxonomy":"post_tag","embeddable":true,"href":"https:\/\/hudo.com\/si\/wp-json\/wp\/v2\/tags?post=209988"},{"taxonomy":"source","embeddable":true,"href":"https:\/\/hudo.com\/si\/wp-json\/wp\/v2\/source?post=209988"},{"taxonomy":"supertag","embeddable":true,"href":"https:\/\/hudo.com\/si\/wp-json\/wp\/v2\/supertag?post=209988"}],"curies":[{"name":"wp","href":"https:\/\/api.w.org\/{rel}","templated":true}]}}