{"id":209990,"date":"2017-02-14T19:55:00","date_gmt":"2017-02-14T18:55:00","guid":{"rendered":"http:\/\/hudo.com\/si\/2017\/02\/14\/pretepeni-umrl-napadalca-v-priporu\/"},"modified":"2017-02-15T06:21:14","modified_gmt":"2017-02-15T05:21:14","slug":"pretepeni-umrl-napadalca-v-priporu","status":"publish","type":"post","link":"https:\/\/hudo.com\/si\/aktualno\/pretepeni-umrl-napadalca-v-priporu\/","title":{"rendered":"Pretepeni umrl, napadalca v priporu"},"content":{"rendered":"<p>Kategorija: Kronika Tue, 14 Feb 2017 20:55:00 +0100  Novo mesto &#8211; Natan\u010dne podrobnosti, kaj to\u010dno se je med trojico prijateljev zalomilo, da sta dva brutalno pretepla 26-letnika, posledice pa celo posnela in v \u017eivo objavila na dru\u017ebenem omre\u017eju facebook, \u0161e niso znane, je pa policija potrdila, da se je med njimi vnel prepir, sprva besedni, potem pa so brezkompromisno zapele pesti. Kmalu potem, ko je policija kon\u010dala novinarsko konferenco o surovem napadu v no\u010di na ponedeljek, je 26-letnik zaradi izjemno hudih po\u0161kodb glave v bolni\u0161nici izgubil bitko za \u017eivljenje. \u010ce je policija sprva govorila, da bo osumljenca doletela kazenska ovadba zaradi povzro\u010ditve posebno hude telesne po\u0161kodbe, je zdaj, ko ima pretep tragi\u010dni epilog, pri\u010dakovati, da ju bodo preganjali (najmanj) zaradi povzro\u010ditve posebno hude telesne po\u0161kodbe, ki ima za posledico smrtni izid. V\u010deraj pozno popoldne sta oba stopila pred preiskovalnega sodnika,\u00a0&#8230;<\/p>\n","protected":false},"excerpt":{"rendered":"<p>Kategorija: Kronika Tue, 14 Feb 2017 20:55:00 +0100  Novo mesto &#8211; Natan\u010dne podrobnosti, kaj to\u010dno se je med trojico prijateljev zalomilo, da sta dva brutalno pretepla 26-letnika, posledice pa celo posnela in v \u017eivo objavila na dru\u017ebenem omre\u017eju facebook, \u0161e niso znane, je pa policija potrdila, da se je med njimi vnel prepir, sprva besedni, potem pa so brezkompromisno zapele pesti. Kmalu potem, ko je policija kon\u010dala novinarsko konferenco o surovem napadu v no\u010di na ponedeljek, je 26-letnik zaradi izjemno hudih po\u0161kodb glave v bolni\u0161nici izgubil bitko za \u017eivljenje. \u010ce je policija sprva govorila, da bo osumljenca doletela kazenska ovadba zaradi povzro\u010ditve posebno hude telesne po\u0161kodbe, je zdaj, ko ima pretep tragi\u010dni epilog, pri\u010dakovati, da ju bodo preganjali (najmanj) zaradi povzro\u010ditve posebno hude telesne po\u0161kodbe, ki ima za posledico smrtni izid. V\u010deraj pozno popoldne sta oba stopila pred preiskovalnega sodnika,\u00a0&#8230;<\/p>\n","protected":false},"author":1,"featured_media":0,"comment_status":"closed","ping_status":"closed","sticky":false,"template":"","format":"standard","meta":{"footnotes":""},"categories":[1179],"tags":[],"source":[1703],"supertag":[],"acf":[],"yoast_head":"<!-- This site is optimized with the Yoast SEO plugin v21.3 - https:\/\/yoast.com\/wordpress\/plugins\/seo\/ -->\n<title>Pretepeni umrl, napadalca v priporu - Hudo Slovenija<\/title>\n<meta name=\"robots\" content=\"index, follow, max-snippet:-1, max-image-preview:large, max-video-preview:-1\" \/>\n<link rel=\"canonical\" href=\"https:\/\/hudo.com\/si\/aktualno\/pretepeni-umrl-napadalca-v-priporu\/\" \/>\n<meta property=\"og:locale\" content=\"sl_SI\" \/>\n<meta property=\"og:type\" content=\"article\" \/>\n<meta property=\"og:title\" content=\"Pretepeni umrl, napadalca v priporu - Hudo Slovenija\" \/>\n<meta property=\"og:description\" content=\"Kategorija: Kronika Tue, 14 Feb 2017 20:55:00 +0100 Novo mesto - Natan\u010dne podrobnosti, kaj to\u010dno se je med trojico prijateljev zalomilo, da sta dva brutalno pretepla 26-letnika, posledice pa celo posnela in v \u017eivo objavila na dru\u017ebenem omre\u017eju facebook, \u0161e niso znane, je pa policija potrdila, da se je med njimi vnel prepir, sprva besedni, potem pa so brezkompromisno zapele pesti. Kmalu potem, ko je policija kon\u010dala novinarsko konferenco o surovem napadu v no\u010di na ponedeljek, je 26-letnik zaradi izjemno hudih po\u0161kodb glave v bolni\u0161nici izgubil bitko za \u017eivljenje. \u010ce je policija sprva govorila, da bo osumljenca doletela kazenska ovadba zaradi povzro\u010ditve posebno hude telesne po\u0161kodbe, je zdaj, ko ima pretep tragi\u010dni epilog, pri\u010dakovati, da ju bodo preganjali (najmanj) zaradi povzro\u010ditve posebno hude telesne po\u0161kodbe, ki ima za posledico smrtni izid. V\u010deraj pozno popoldne sta oba stopila pred preiskovalnega sodnika,\u00a0...\" \/>\n<meta property=\"og:url\" content=\"https:\/\/hudo.com\/si\/aktualno\/pretepeni-umrl-napadalca-v-priporu\/\" \/>\n<meta property=\"og:site_name\" content=\"Hudo Slovenija\" \/>\n<meta property=\"article:publisher\" content=\"https:\/\/www.facebook.com\/hudo.si\" \/>\n<meta property=\"article:published_time\" content=\"2017-02-14T18:55:00+00:00\" \/>\n<meta property=\"article:modified_time\" content=\"2017-02-15T05:21:14+00:00\" \/>\n<meta property=\"og:image\" content=\"https:\/\/hudo.com\/si\/wp-content\/uploads\/sites\/2\/2017\/02\/480x290_pretep-1.jpeg\" \/>\n\t<meta property=\"og:image:width\" content=\"480\" \/>\n\t<meta property=\"og:image:height\" content=\"290\" \/>\n\t<meta property=\"og:image:type\" content=\"image\/jpeg\" \/>\n<meta name=\"author\" content=\"hudo\" \/>\n<meta name=\"twitter:card\" content=\"summary_large_image\" \/>\n<meta name=\"twitter:creator\" content=\"@hudo_si\" \/>\n<meta name=\"twitter:site\" content=\"@hudo_si\" \/>\n<meta name=\"twitter:label1\" content=\"Written by\" \/>\n\t<meta name=\"twitter:data1\" content=\"hudo\" \/>\n\t<meta name=\"twitter:label2\" content=\"Est. reading time\" \/>\n\t<meta name=\"twitter:data2\" content=\"1 minuta\" \/>\n<script type=\"application\/ld+json\" class=\"yoast-schema-graph\">{\"@context\":\"https:\/\/schema.org\",\"@graph\":[{\"@type\":\"Article\",\"@id\":\"https:\/\/hudo.com\/si\/aktualno\/pretepeni-umrl-napadalca-v-priporu\/#article\",\"isPartOf\":{\"@id\":\"https:\/\/hudo.com\/si\/aktualno\/pretepeni-umrl-napadalca-v-priporu\/\"},\"author\":{\"name\":\"hudo\",\"@id\":\"https:\/\/hudo.com\/si\/#\/schema\/person\/601cf3379633985b20f7e50f2bb47707\"},\"headline\":\"Pretepeni umrl, napadalca v priporu\",\"datePublished\":\"2017-02-14T18:55:00+00:00\",\"dateModified\":\"2017-02-15T05:21:14+00:00\",\"mainEntityOfPage\":{\"@id\":\"https:\/\/hudo.com\/si\/aktualno\/pretepeni-umrl-napadalca-v-priporu\/\"},\"wordCount\":156,\"publisher\":{\"@id\":\"https:\/\/hudo.com\/si\/#organization\"},\"articleSection\":[\"Aktualno\"],\"inLanguage\":\"sl-SI\"},{\"@type\":\"WebPage\",\"@id\":\"https:\/\/hudo.com\/si\/aktualno\/pretepeni-umrl-napadalca-v-priporu\/\",\"url\":\"https:\/\/hudo.com\/si\/aktualno\/pretepeni-umrl-napadalca-v-priporu\/\",\"name\":\"Pretepeni umrl, napadalca v priporu - Hudo Slovenija\",\"isPartOf\":{\"@id\":\"https:\/\/hudo.com\/si\/#website\"},\"datePublished\":\"2017-02-14T18:55:00+00:00\",\"dateModified\":\"2017-02-15T05:21:14+00:00\",\"breadcrumb\":{\"@id\":\"https:\/\/hudo.com\/si\/aktualno\/pretepeni-umrl-napadalca-v-priporu\/#breadcrumb\"},\"inLanguage\":\"sl-SI\",\"potentialAction\":[{\"@type\":\"ReadAction\",\"target\":[\"https:\/\/hudo.com\/si\/aktualno\/pretepeni-umrl-napadalca-v-priporu\/\"]}]},{\"@type\":\"BreadcrumbList\",\"@id\":\"https:\/\/hudo.com\/si\/aktualno\/pretepeni-umrl-napadalca-v-priporu\/#breadcrumb\",\"itemListElement\":[{\"@type\":\"ListItem\",\"position\":1,\"name\":\"Home\",\"item\":\"https:\/\/hudo.com\/si\/\"},{\"@type\":\"ListItem\",\"position\":2,\"name\":\"Pretepeni umrl, napadalca v priporu\"}]},{\"@type\":\"WebSite\",\"@id\":\"https:\/\/hudo.com\/si\/#website\",\"url\":\"https:\/\/hudo.com\/si\/\",\"name\":\"Hudo Slovenija\",\"description\":\"Vse novice iz Slovenije in sveta\",\"publisher\":{\"@id\":\"https:\/\/hudo.com\/si\/#organization\"},\"potentialAction\":[{\"@type\":\"SearchAction\",\"target\":{\"@type\":\"EntryPoint\",\"urlTemplate\":\"https:\/\/hudo.com\/si\/?s={search_term_string}\"},\"query-input\":\"required name=search_term_string\"}],\"inLanguage\":\"sl-SI\"},{\"@type\":\"Organization\",\"@id\":\"https:\/\/hudo.com\/si\/#organization\",\"name\":\"VSN Media\",\"url\":\"https:\/\/hudo.com\/si\/\",\"logo\":{\"@type\":\"ImageObject\",\"inLanguage\":\"sl-SI\",\"@id\":\"https:\/\/hudo.com\/si\/#\/schema\/logo\/image\/\",\"url\":\"https:\/\/hudo.com\/si\/wp-content\/uploads\/sites\/2\/2021\/03\/hudo-app-2.png\",\"contentUrl\":\"https:\/\/hudo.com\/si\/wp-content\/uploads\/sites\/2\/2021\/03\/hudo-app-2.png\",\"width\":2185,\"height\":2167,\"caption\":\"VSN Media\"},\"image\":{\"@id\":\"https:\/\/hudo.com\/si\/#\/schema\/logo\/image\/\"},\"sameAs\":[\"https:\/\/www.facebook.com\/hudo.si\",\"https:\/\/twitter.com\/hudo_si\"]},{\"@type\":\"Person\",\"@id\":\"https:\/\/hudo.com\/si\/#\/schema\/person\/601cf3379633985b20f7e50f2bb47707\",\"name\":\"hudo\",\"image\":{\"@type\":\"ImageObject\",\"inLanguage\":\"sl-SI\",\"@id\":\"https:\/\/hudo.com\/si\/#\/schema\/person\/image\/\",\"url\":\"https:\/\/secure.gravatar.com\/avatar\/c4ca25fa72cace7a696b52ff5db9e095?s=96&d=mm&r=g\",\"contentUrl\":\"https:\/\/secure.gravatar.com\/avatar\/c4ca25fa72cace7a696b52ff5db9e095?s=96&d=mm&r=g\",\"caption\":\"hudo\"},\"url\":\"https:\/\/hudo.com\/si\/author\/hudo\/\"}]}<\/script>\n<!-- \/ Yoast SEO plugin. -->","yoast_head_json":{"title":"Pretepeni umrl, napadalca v priporu - Hudo Slovenija","robots":{"index":"index","follow":"follow","max-snippet":"max-snippet:-1","max-image-preview":"max-image-preview:large","max-video-preview":"max-video-preview:-1"},"canonical":"https:\/\/hudo.com\/si\/aktualno\/pretepeni-umrl-napadalca-v-priporu\/","og_locale":"sl_SI","og_type":"article","og_title":"Pretepeni umrl, napadalca v priporu - Hudo Slovenija","og_description":"Kategorija: Kronika Tue, 14 Feb 2017 20:55:00 +0100 Novo mesto - Natan\u010dne podrobnosti, kaj to\u010dno se je med trojico prijateljev zalomilo, da sta dva brutalno pretepla 26-letnika, posledice pa celo posnela in v \u017eivo objavila na dru\u017ebenem omre\u017eju facebook, \u0161e niso znane, je pa policija potrdila, da se je med njimi vnel prepir, sprva besedni, potem pa so brezkompromisno zapele pesti. Kmalu potem, ko je policija kon\u010dala novinarsko konferenco o surovem napadu v no\u010di na ponedeljek, je 26-letnik zaradi izjemno hudih po\u0161kodb glave v bolni\u0161nici izgubil bitko za \u017eivljenje. \u010ce je policija sprva govorila, da bo osumljenca doletela kazenska ovadba zaradi povzro\u010ditve posebno hude telesne po\u0161kodbe, je zdaj, ko ima pretep tragi\u010dni epilog, pri\u010dakovati, da ju bodo preganjali (najmanj) zaradi povzro\u010ditve posebno hude telesne po\u0161kodbe, ki ima za posledico smrtni izid. V\u010deraj pozno popoldne sta oba stopila pred preiskovalnega sodnika,\u00a0...","og_url":"https:\/\/hudo.com\/si\/aktualno\/pretepeni-umrl-napadalca-v-priporu\/","og_site_name":"Hudo Slovenija","article_publisher":"https:\/\/www.facebook.com\/hudo.si","article_published_time":"2017-02-14T18:55:00+00:00","article_modified_time":"2017-02-15T05:21:14+00:00","og_image":[{"width":480,"height":290,"url":"https:\/\/hudo.com\/si\/wp-content\/uploads\/sites\/2\/2017\/02\/480x290_pretep-1.jpeg","type":"image\/jpeg"}],"author":"hudo","twitter_card":"summary_large_image","twitter_creator":"@hudo_si","twitter_site":"@hudo_si","twitter_misc":{"Written by":"hudo","Est. reading time":"1 minuta"},"schema":{"@context":"https:\/\/schema.org","@graph":[{"@type":"Article","@id":"https:\/\/hudo.com\/si\/aktualno\/pretepeni-umrl-napadalca-v-priporu\/#article","isPartOf":{"@id":"https:\/\/hudo.com\/si\/aktualno\/pretepeni-umrl-napadalca-v-priporu\/"},"author":{"name":"hudo","@id":"https:\/\/hudo.com\/si\/#\/schema\/person\/601cf3379633985b20f7e50f2bb47707"},"headline":"Pretepeni umrl, napadalca v priporu","datePublished":"2017-02-14T18:55:00+00:00","dateModified":"2017-02-15T05:21:14+00:00","mainEntityOfPage":{"@id":"https:\/\/hudo.com\/si\/aktualno\/pretepeni-umrl-napadalca-v-priporu\/"},"wordCount":156,"publisher":{"@id":"https:\/\/hudo.com\/si\/#organization"},"articleSection":["Aktualno"],"inLanguage":"sl-SI"},{"@type":"WebPage","@id":"https:\/\/hudo.com\/si\/aktualno\/pretepeni-umrl-napadalca-v-priporu\/","url":"https:\/\/hudo.com\/si\/aktualno\/pretepeni-umrl-napadalca-v-priporu\/","name":"Pretepeni umrl, napadalca v priporu - Hudo Slovenija","isPartOf":{"@id":"https:\/\/hudo.com\/si\/#website"},"datePublished":"2017-02-14T18:55:00+00:00","dateModified":"2017-02-15T05:21:14+00:00","breadcrumb":{"@id":"https:\/\/hudo.com\/si\/aktualno\/pretepeni-umrl-napadalca-v-priporu\/#breadcrumb"},"inLanguage":"sl-SI","potentialAction":[{"@type":"ReadAction","target":["https:\/\/hudo.com\/si\/aktualno\/pretepeni-umrl-napadalca-v-priporu\/"]}]},{"@type":"BreadcrumbList","@id":"https:\/\/hudo.com\/si\/aktualno\/pretepeni-umrl-napadalca-v-priporu\/#breadcrumb","itemListElement":[{"@type":"ListItem","position":1,"name":"Home","item":"https:\/\/hudo.com\/si\/"},{"@type":"ListItem","position":2,"name":"Pretepeni umrl, napadalca v priporu"}]},{"@type":"WebSite","@id":"https:\/\/hudo.com\/si\/#website","url":"https:\/\/hudo.com\/si\/","name":"Hudo Slovenija","description":"Vse novice iz Slovenije in sveta","publisher":{"@id":"https:\/\/hudo.com\/si\/#organization"},"potentialAction":[{"@type":"SearchAction","target":{"@type":"EntryPoint","urlTemplate":"https:\/\/hudo.com\/si\/?s={search_term_string}"},"query-input":"required name=search_term_string"}],"inLanguage":"sl-SI"},{"@type":"Organization","@id":"https:\/\/hudo.com\/si\/#organization","name":"VSN Media","url":"https:\/\/hudo.com\/si\/","logo":{"@type":"ImageObject","inLanguage":"sl-SI","@id":"https:\/\/hudo.com\/si\/#\/schema\/logo\/image\/","url":"https:\/\/hudo.com\/si\/wp-content\/uploads\/sites\/2\/2021\/03\/hudo-app-2.png","contentUrl":"https:\/\/hudo.com\/si\/wp-content\/uploads\/sites\/2\/2021\/03\/hudo-app-2.png","width":2185,"height":2167,"caption":"VSN Media"},"image":{"@id":"https:\/\/hudo.com\/si\/#\/schema\/logo\/image\/"},"sameAs":["https:\/\/www.facebook.com\/hudo.si","https:\/\/twitter.com\/hudo_si"]},{"@type":"Person","@id":"https:\/\/hudo.com\/si\/#\/schema\/person\/601cf3379633985b20f7e50f2bb47707","name":"hudo","image":{"@type":"ImageObject","inLanguage":"sl-SI","@id":"https:\/\/hudo.com\/si\/#\/schema\/person\/image\/","url":"https:\/\/secure.gravatar.com\/avatar\/c4ca25fa72cace7a696b52ff5db9e095?s=96&d=mm&r=g","contentUrl":"https:\/\/secure.gravatar.com\/avatar\/c4ca25fa72cace7a696b52ff5db9e095?s=96&d=mm&r=g","caption":"hudo"},"url":"https:\/\/hudo.com\/si\/author\/hudo\/"}]}},"amp_enabled":true,"_links":{"self":[{"href":"https:\/\/hudo.com\/si\/wp-json\/wp\/v2\/posts\/209990"}],"collection":[{"href":"https:\/\/hudo.com\/si\/wp-json\/wp\/v2\/posts"}],"about":[{"href":"https:\/\/hudo.com\/si\/wp-json\/wp\/v2\/types\/post"}],"author":[{"embeddable":true,"href":"https:\/\/hudo.com\/si\/wp-json\/wp\/v2\/users\/1"}],"replies":[{"embeddable":true,"href":"https:\/\/hudo.com\/si\/wp-json\/wp\/v2\/comments?post=209990"}],"version-history":[{"count":1,"href":"https:\/\/hudo.com\/si\/wp-json\/wp\/v2\/posts\/209990\/revisions"}],"predecessor-version":[{"id":210124,"href":"https:\/\/hudo.com\/si\/wp-json\/wp\/v2\/posts\/209990\/revisions\/210124"}],"wp:attachment":[{"href":"https:\/\/hudo.com\/si\/wp-json\/wp\/v2\/media?parent=209990"}],"wp:term":[{"taxonomy":"category","embeddable":true,"href":"https:\/\/hudo.com\/si\/wp-json\/wp\/v2\/categories?post=209990"},{"taxonomy":"post_tag","embeddable":true,"href":"https:\/\/hudo.com\/si\/wp-json\/wp\/v2\/tags?post=209990"},{"taxonomy":"source","embeddable":true,"href":"https:\/\/hudo.com\/si\/wp-json\/wp\/v2\/source?post=209990"},{"taxonomy":"supertag","embeddable":true,"href":"https:\/\/hudo.com\/si\/wp-json\/wp\/v2\/supertag?post=209990"}],"curies":[{"name":"wp","href":"https:\/\/api.w.org\/{rel}","templated":true}]}}