{"id":210368,"date":"2017-02-15T11:30:00","date_gmt":"2017-02-15T10:30:00","guid":{"rendered":"http:\/\/hudo.com\/si\/2017\/02\/15\/kasper-namignil-na-moznost-smukaskih-kvalifikacij\/"},"modified":"2017-02-15T15:22:38","modified_gmt":"2017-02-15T14:22:38","slug":"kasper-namignil-na-moznost-smukaskih-kvalifikacij","status":"publish","type":"post","link":"https:\/\/hudo.com\/si\/aktualno\/kasper-namignil-na-moznost-smukaskih-kvalifikacij\/","title":{"rendered":"Kasper namignil na mo\u017enost smuka\u0161kih kvalifikacij"},"content":{"rendered":"<p>Kategorija: Zimski Wed, 15 Feb 2017 12:30:00 +0100  St. Moritz &#8211; Predsednik Mednarodne smu\u010darske zveze (FIS) Gian-Franco Kasper ne zavra\u010da mo\u017enosti, da bi na prihodnjih izvedbah smu\u010darskih svetovnih prvenstev uvedli kvalifikacije za smuka\u0161ko preizku\u0161njo. Po \u0160vicarjevih besedah bi te potekale po druga\u010dni, enostavnej\u0161i progi od tiste, ki bi odlo\u010dala o razdelitvi kolajn. V kraljevski disciplini imajo tekmovalci iz eksoti\u010dnih dr\u017eav veliko te\u017eav, redke niso niti po\u0161kodbe, kar se je pripetilo tudi na tokratnem prvenstvu v St. Moritzu. \u00bbVeliko smu\u010darjev iz manj razvitih dr\u017eav precenjuje svoje sposobnosti. V glavi imajo zgolj nastop na svetovnem prvenstvu, pri tem ogromno tvegajo, posledica so lahko tudi hudi padci. Ozreti se je treba tudi na trenerje, ki bi morali znati oceniti in tekmovalcem predlagati, kolik\u0161no tveganje je \u0161e sprejemljivo,\u00ab je potrdil Kasper. Je tudi \u010dlan Mednarodnega olimpijskega komiteja (MOK), ki bo zgodaj jeseni v Peruju\u00a0&#8230;<\/p>\n","protected":false},"excerpt":{"rendered":"<p>Kategorija: Zimski Wed, 15 Feb 2017 12:30:00 +0100  St. Moritz &#8211; Predsednik Mednarodne smu\u010darske zveze (FIS) Gian-Franco Kasper ne zavra\u010da mo\u017enosti, da bi na prihodnjih izvedbah smu\u010darskih svetovnih prvenstev uvedli kvalifikacije za smuka\u0161ko preizku\u0161njo. Po \u0160vicarjevih besedah bi te potekale po druga\u010dni, enostavnej\u0161i progi od tiste, ki bi odlo\u010dala o razdelitvi kolajn. V kraljevski disciplini imajo tekmovalci iz eksoti\u010dnih dr\u017eav veliko te\u017eav, redke niso niti po\u0161kodbe, kar se je pripetilo tudi na tokratnem prvenstvu v St. Moritzu. \u00bbVeliko smu\u010darjev iz manj razvitih dr\u017eav precenjuje svoje sposobnosti. V glavi imajo zgolj nastop na svetovnem prvenstvu, pri tem ogromno tvegajo, posledica so lahko tudi hudi padci. Ozreti se je treba tudi na trenerje, ki bi morali znati oceniti in tekmovalcem predlagati, kolik\u0161no tveganje je \u0161e sprejemljivo,\u00ab je potrdil Kasper. Je tudi \u010dlan Mednarodnega olimpijskega komiteja (MOK), ki bo zgodaj jeseni v Peruju\u00a0&#8230;<\/p>\n","protected":false},"author":1,"featured_media":0,"comment_status":"closed","ping_status":"closed","sticky":false,"template":"","format":"standard","meta":{"footnotes":""},"categories":[1179],"tags":[],"source":[1703],"supertag":[],"acf":[],"yoast_head":"<!-- This site is optimized with the Yoast SEO plugin v21.3 - https:\/\/yoast.com\/wordpress\/plugins\/seo\/ -->\n<title>Kasper namignil na mo\u017enost smuka\u0161kih kvalifikacij - Hudo Slovenija<\/title>\n<meta name=\"robots\" content=\"index, follow, max-snippet:-1, max-image-preview:large, max-video-preview:-1\" \/>\n<link rel=\"canonical\" href=\"https:\/\/hudo.com\/si\/aktualno\/kasper-namignil-na-moznost-smukaskih-kvalifikacij\/\" \/>\n<meta property=\"og:locale\" content=\"sl_SI\" \/>\n<meta property=\"og:type\" content=\"article\" \/>\n<meta property=\"og:title\" content=\"Kasper namignil na mo\u017enost smuka\u0161kih kvalifikacij - Hudo Slovenija\" \/>\n<meta property=\"og:description\" content=\"Kategorija: Zimski Wed, 15 Feb 2017 12:30:00 +0100 St. Moritz - Predsednik Mednarodne smu\u010darske zveze (FIS) Gian-Franco Kasper ne zavra\u010da mo\u017enosti, da bi na prihodnjih izvedbah smu\u010darskih svetovnih prvenstev uvedli kvalifikacije za smuka\u0161ko preizku\u0161njo. Po \u0160vicarjevih besedah bi te potekale po druga\u010dni, enostavnej\u0161i progi od tiste, ki bi odlo\u010dala o razdelitvi kolajn. V kraljevski disciplini imajo tekmovalci iz eksoti\u010dnih dr\u017eav veliko te\u017eav, redke niso niti po\u0161kodbe, kar se je pripetilo tudi na tokratnem prvenstvu v St. Moritzu. \u00bbVeliko smu\u010darjev iz manj razvitih dr\u017eav precenjuje svoje sposobnosti. V glavi imajo zgolj nastop na svetovnem prvenstvu, pri tem ogromno tvegajo, posledica so lahko tudi hudi padci. Ozreti se je treba tudi na trenerje, ki bi morali znati oceniti in tekmovalcem predlagati, kolik\u0161no tveganje je \u0161e sprejemljivo,\u00ab je potrdil Kasper. Je tudi \u010dlan Mednarodnega olimpijskega komiteja (MOK), ki bo zgodaj jeseni v Peruju\u00a0...\" \/>\n<meta property=\"og:url\" content=\"https:\/\/hudo.com\/si\/aktualno\/kasper-namignil-na-moznost-smukaskih-kvalifikacij\/\" \/>\n<meta property=\"og:site_name\" content=\"Hudo Slovenija\" \/>\n<meta property=\"article:publisher\" content=\"https:\/\/www.facebook.com\/hudo.si\" \/>\n<meta property=\"article:published_time\" content=\"2017-02-15T10:30:00+00:00\" \/>\n<meta property=\"article:modified_time\" content=\"2017-02-15T14:22:38+00:00\" \/>\n<meta property=\"og:image\" content=\"https:\/\/hudo.com\/si\/wp-content\/uploads\/sites\/2\/2017\/02\/480x290_AFP_Photo-20170213192502-05006200.jpeg\" \/>\n\t<meta property=\"og:image:width\" content=\"480\" \/>\n\t<meta property=\"og:image:height\" content=\"290\" \/>\n\t<meta property=\"og:image:type\" content=\"image\/jpeg\" \/>\n<meta name=\"author\" content=\"hudo\" \/>\n<meta name=\"twitter:card\" content=\"summary_large_image\" \/>\n<meta name=\"twitter:creator\" content=\"@hudo_si\" \/>\n<meta name=\"twitter:site\" content=\"@hudo_si\" \/>\n<meta name=\"twitter:label1\" content=\"Written by\" \/>\n\t<meta name=\"twitter:data1\" content=\"hudo\" \/>\n\t<meta name=\"twitter:label2\" content=\"Est. reading time\" \/>\n\t<meta name=\"twitter:data2\" content=\"1 minuta\" \/>\n<script type=\"application\/ld+json\" class=\"yoast-schema-graph\">{\"@context\":\"https:\/\/schema.org\",\"@graph\":[{\"@type\":\"Article\",\"@id\":\"https:\/\/hudo.com\/si\/aktualno\/kasper-namignil-na-moznost-smukaskih-kvalifikacij\/#article\",\"isPartOf\":{\"@id\":\"https:\/\/hudo.com\/si\/aktualno\/kasper-namignil-na-moznost-smukaskih-kvalifikacij\/\"},\"author\":{\"name\":\"hudo\",\"@id\":\"https:\/\/hudo.com\/si\/#\/schema\/person\/601cf3379633985b20f7e50f2bb47707\"},\"headline\":\"Kasper namignil na mo\u017enost smuka\u0161kih kvalifikacij\",\"datePublished\":\"2017-02-15T10:30:00+00:00\",\"dateModified\":\"2017-02-15T14:22:38+00:00\",\"mainEntityOfPage\":{\"@id\":\"https:\/\/hudo.com\/si\/aktualno\/kasper-namignil-na-moznost-smukaskih-kvalifikacij\/\"},\"wordCount\":160,\"publisher\":{\"@id\":\"https:\/\/hudo.com\/si\/#organization\"},\"articleSection\":[\"Aktualno\"],\"inLanguage\":\"sl-SI\"},{\"@type\":\"WebPage\",\"@id\":\"https:\/\/hudo.com\/si\/aktualno\/kasper-namignil-na-moznost-smukaskih-kvalifikacij\/\",\"url\":\"https:\/\/hudo.com\/si\/aktualno\/kasper-namignil-na-moznost-smukaskih-kvalifikacij\/\",\"name\":\"Kasper namignil na mo\u017enost smuka\u0161kih kvalifikacij - Hudo Slovenija\",\"isPartOf\":{\"@id\":\"https:\/\/hudo.com\/si\/#website\"},\"datePublished\":\"2017-02-15T10:30:00+00:00\",\"dateModified\":\"2017-02-15T14:22:38+00:00\",\"breadcrumb\":{\"@id\":\"https:\/\/hudo.com\/si\/aktualno\/kasper-namignil-na-moznost-smukaskih-kvalifikacij\/#breadcrumb\"},\"inLanguage\":\"sl-SI\",\"potentialAction\":[{\"@type\":\"ReadAction\",\"target\":[\"https:\/\/hudo.com\/si\/aktualno\/kasper-namignil-na-moznost-smukaskih-kvalifikacij\/\"]}]},{\"@type\":\"BreadcrumbList\",\"@id\":\"https:\/\/hudo.com\/si\/aktualno\/kasper-namignil-na-moznost-smukaskih-kvalifikacij\/#breadcrumb\",\"itemListElement\":[{\"@type\":\"ListItem\",\"position\":1,\"name\":\"Home\",\"item\":\"https:\/\/hudo.com\/si\/\"},{\"@type\":\"ListItem\",\"position\":2,\"name\":\"Kasper namignil na mo\u017enost smuka\u0161kih kvalifikacij\"}]},{\"@type\":\"WebSite\",\"@id\":\"https:\/\/hudo.com\/si\/#website\",\"url\":\"https:\/\/hudo.com\/si\/\",\"name\":\"Hudo Slovenija\",\"description\":\"Vse novice iz Slovenije in sveta\",\"publisher\":{\"@id\":\"https:\/\/hudo.com\/si\/#organization\"},\"potentialAction\":[{\"@type\":\"SearchAction\",\"target\":{\"@type\":\"EntryPoint\",\"urlTemplate\":\"https:\/\/hudo.com\/si\/?s={search_term_string}\"},\"query-input\":\"required name=search_term_string\"}],\"inLanguage\":\"sl-SI\"},{\"@type\":\"Organization\",\"@id\":\"https:\/\/hudo.com\/si\/#organization\",\"name\":\"VSN Media\",\"url\":\"https:\/\/hudo.com\/si\/\",\"logo\":{\"@type\":\"ImageObject\",\"inLanguage\":\"sl-SI\",\"@id\":\"https:\/\/hudo.com\/si\/#\/schema\/logo\/image\/\",\"url\":\"https:\/\/hudo.com\/si\/wp-content\/uploads\/sites\/2\/2021\/03\/hudo-app-2.png\",\"contentUrl\":\"https:\/\/hudo.com\/si\/wp-content\/uploads\/sites\/2\/2021\/03\/hudo-app-2.png\",\"width\":2185,\"height\":2167,\"caption\":\"VSN Media\"},\"image\":{\"@id\":\"https:\/\/hudo.com\/si\/#\/schema\/logo\/image\/\"},\"sameAs\":[\"https:\/\/www.facebook.com\/hudo.si\",\"https:\/\/twitter.com\/hudo_si\"]},{\"@type\":\"Person\",\"@id\":\"https:\/\/hudo.com\/si\/#\/schema\/person\/601cf3379633985b20f7e50f2bb47707\",\"name\":\"hudo\",\"image\":{\"@type\":\"ImageObject\",\"inLanguage\":\"sl-SI\",\"@id\":\"https:\/\/hudo.com\/si\/#\/schema\/person\/image\/\",\"url\":\"https:\/\/secure.gravatar.com\/avatar\/c4ca25fa72cace7a696b52ff5db9e095?s=96&d=mm&r=g\",\"contentUrl\":\"https:\/\/secure.gravatar.com\/avatar\/c4ca25fa72cace7a696b52ff5db9e095?s=96&d=mm&r=g\",\"caption\":\"hudo\"},\"url\":\"https:\/\/hudo.com\/si\/author\/hudo\/\"}]}<\/script>\n<!-- \/ Yoast SEO plugin. -->","yoast_head_json":{"title":"Kasper namignil na mo\u017enost smuka\u0161kih kvalifikacij - Hudo Slovenija","robots":{"index":"index","follow":"follow","max-snippet":"max-snippet:-1","max-image-preview":"max-image-preview:large","max-video-preview":"max-video-preview:-1"},"canonical":"https:\/\/hudo.com\/si\/aktualno\/kasper-namignil-na-moznost-smukaskih-kvalifikacij\/","og_locale":"sl_SI","og_type":"article","og_title":"Kasper namignil na mo\u017enost smuka\u0161kih kvalifikacij - Hudo Slovenija","og_description":"Kategorija: Zimski Wed, 15 Feb 2017 12:30:00 +0100 St. Moritz - Predsednik Mednarodne smu\u010darske zveze (FIS) Gian-Franco Kasper ne zavra\u010da mo\u017enosti, da bi na prihodnjih izvedbah smu\u010darskih svetovnih prvenstev uvedli kvalifikacije za smuka\u0161ko preizku\u0161njo. Po \u0160vicarjevih besedah bi te potekale po druga\u010dni, enostavnej\u0161i progi od tiste, ki bi odlo\u010dala o razdelitvi kolajn. V kraljevski disciplini imajo tekmovalci iz eksoti\u010dnih dr\u017eav veliko te\u017eav, redke niso niti po\u0161kodbe, kar se je pripetilo tudi na tokratnem prvenstvu v St. Moritzu. \u00bbVeliko smu\u010darjev iz manj razvitih dr\u017eav precenjuje svoje sposobnosti. V glavi imajo zgolj nastop na svetovnem prvenstvu, pri tem ogromno tvegajo, posledica so lahko tudi hudi padci. Ozreti se je treba tudi na trenerje, ki bi morali znati oceniti in tekmovalcem predlagati, kolik\u0161no tveganje je \u0161e sprejemljivo,\u00ab je potrdil Kasper. Je tudi \u010dlan Mednarodnega olimpijskega komiteja (MOK), ki bo zgodaj jeseni v Peruju\u00a0...","og_url":"https:\/\/hudo.com\/si\/aktualno\/kasper-namignil-na-moznost-smukaskih-kvalifikacij\/","og_site_name":"Hudo Slovenija","article_publisher":"https:\/\/www.facebook.com\/hudo.si","article_published_time":"2017-02-15T10:30:00+00:00","article_modified_time":"2017-02-15T14:22:38+00:00","og_image":[{"width":480,"height":290,"url":"https:\/\/hudo.com\/si\/wp-content\/uploads\/sites\/2\/2017\/02\/480x290_AFP_Photo-20170213192502-05006200.jpeg","type":"image\/jpeg"}],"author":"hudo","twitter_card":"summary_large_image","twitter_creator":"@hudo_si","twitter_site":"@hudo_si","twitter_misc":{"Written by":"hudo","Est. reading time":"1 minuta"},"schema":{"@context":"https:\/\/schema.org","@graph":[{"@type":"Article","@id":"https:\/\/hudo.com\/si\/aktualno\/kasper-namignil-na-moznost-smukaskih-kvalifikacij\/#article","isPartOf":{"@id":"https:\/\/hudo.com\/si\/aktualno\/kasper-namignil-na-moznost-smukaskih-kvalifikacij\/"},"author":{"name":"hudo","@id":"https:\/\/hudo.com\/si\/#\/schema\/person\/601cf3379633985b20f7e50f2bb47707"},"headline":"Kasper namignil na mo\u017enost smuka\u0161kih kvalifikacij","datePublished":"2017-02-15T10:30:00+00:00","dateModified":"2017-02-15T14:22:38+00:00","mainEntityOfPage":{"@id":"https:\/\/hudo.com\/si\/aktualno\/kasper-namignil-na-moznost-smukaskih-kvalifikacij\/"},"wordCount":160,"publisher":{"@id":"https:\/\/hudo.com\/si\/#organization"},"articleSection":["Aktualno"],"inLanguage":"sl-SI"},{"@type":"WebPage","@id":"https:\/\/hudo.com\/si\/aktualno\/kasper-namignil-na-moznost-smukaskih-kvalifikacij\/","url":"https:\/\/hudo.com\/si\/aktualno\/kasper-namignil-na-moznost-smukaskih-kvalifikacij\/","name":"Kasper namignil na mo\u017enost smuka\u0161kih kvalifikacij - Hudo Slovenija","isPartOf":{"@id":"https:\/\/hudo.com\/si\/#website"},"datePublished":"2017-02-15T10:30:00+00:00","dateModified":"2017-02-15T14:22:38+00:00","breadcrumb":{"@id":"https:\/\/hudo.com\/si\/aktualno\/kasper-namignil-na-moznost-smukaskih-kvalifikacij\/#breadcrumb"},"inLanguage":"sl-SI","potentialAction":[{"@type":"ReadAction","target":["https:\/\/hudo.com\/si\/aktualno\/kasper-namignil-na-moznost-smukaskih-kvalifikacij\/"]}]},{"@type":"BreadcrumbList","@id":"https:\/\/hudo.com\/si\/aktualno\/kasper-namignil-na-moznost-smukaskih-kvalifikacij\/#breadcrumb","itemListElement":[{"@type":"ListItem","position":1,"name":"Home","item":"https:\/\/hudo.com\/si\/"},{"@type":"ListItem","position":2,"name":"Kasper namignil na mo\u017enost smuka\u0161kih kvalifikacij"}]},{"@type":"WebSite","@id":"https:\/\/hudo.com\/si\/#website","url":"https:\/\/hudo.com\/si\/","name":"Hudo Slovenija","description":"Vse novice iz Slovenije in sveta","publisher":{"@id":"https:\/\/hudo.com\/si\/#organization"},"potentialAction":[{"@type":"SearchAction","target":{"@type":"EntryPoint","urlTemplate":"https:\/\/hudo.com\/si\/?s={search_term_string}"},"query-input":"required name=search_term_string"}],"inLanguage":"sl-SI"},{"@type":"Organization","@id":"https:\/\/hudo.com\/si\/#organization","name":"VSN Media","url":"https:\/\/hudo.com\/si\/","logo":{"@type":"ImageObject","inLanguage":"sl-SI","@id":"https:\/\/hudo.com\/si\/#\/schema\/logo\/image\/","url":"https:\/\/hudo.com\/si\/wp-content\/uploads\/sites\/2\/2021\/03\/hudo-app-2.png","contentUrl":"https:\/\/hudo.com\/si\/wp-content\/uploads\/sites\/2\/2021\/03\/hudo-app-2.png","width":2185,"height":2167,"caption":"VSN Media"},"image":{"@id":"https:\/\/hudo.com\/si\/#\/schema\/logo\/image\/"},"sameAs":["https:\/\/www.facebook.com\/hudo.si","https:\/\/twitter.com\/hudo_si"]},{"@type":"Person","@id":"https:\/\/hudo.com\/si\/#\/schema\/person\/601cf3379633985b20f7e50f2bb47707","name":"hudo","image":{"@type":"ImageObject","inLanguage":"sl-SI","@id":"https:\/\/hudo.com\/si\/#\/schema\/person\/image\/","url":"https:\/\/secure.gravatar.com\/avatar\/c4ca25fa72cace7a696b52ff5db9e095?s=96&d=mm&r=g","contentUrl":"https:\/\/secure.gravatar.com\/avatar\/c4ca25fa72cace7a696b52ff5db9e095?s=96&d=mm&r=g","caption":"hudo"},"url":"https:\/\/hudo.com\/si\/author\/hudo\/"}]}},"amp_enabled":true,"_links":{"self":[{"href":"https:\/\/hudo.com\/si\/wp-json\/wp\/v2\/posts\/210368"}],"collection":[{"href":"https:\/\/hudo.com\/si\/wp-json\/wp\/v2\/posts"}],"about":[{"href":"https:\/\/hudo.com\/si\/wp-json\/wp\/v2\/types\/post"}],"author":[{"embeddable":true,"href":"https:\/\/hudo.com\/si\/wp-json\/wp\/v2\/users\/1"}],"replies":[{"embeddable":true,"href":"https:\/\/hudo.com\/si\/wp-json\/wp\/v2\/comments?post=210368"}],"version-history":[{"count":1,"href":"https:\/\/hudo.com\/si\/wp-json\/wp\/v2\/posts\/210368\/revisions"}],"predecessor-version":[{"id":210465,"href":"https:\/\/hudo.com\/si\/wp-json\/wp\/v2\/posts\/210368\/revisions\/210465"}],"wp:attachment":[{"href":"https:\/\/hudo.com\/si\/wp-json\/wp\/v2\/media?parent=210368"}],"wp:term":[{"taxonomy":"category","embeddable":true,"href":"https:\/\/hudo.com\/si\/wp-json\/wp\/v2\/categories?post=210368"},{"taxonomy":"post_tag","embeddable":true,"href":"https:\/\/hudo.com\/si\/wp-json\/wp\/v2\/tags?post=210368"},{"taxonomy":"source","embeddable":true,"href":"https:\/\/hudo.com\/si\/wp-json\/wp\/v2\/source?post=210368"},{"taxonomy":"supertag","embeddable":true,"href":"https:\/\/hudo.com\/si\/wp-json\/wp\/v2\/supertag?post=210368"}],"curies":[{"name":"wp","href":"https:\/\/api.w.org\/{rel}","templated":true}]}}