{"id":210384,"date":"2017-02-15T10:46:00","date_gmt":"2017-02-15T09:46:00","guid":{"rendered":"http:\/\/hudo.com\/si\/2017\/02\/15\/prvoobtozeni-v-zadevi-tehnicni-pregledi-florijan-gasperin-ni-priznal-krivde\/"},"modified":"2017-02-15T15:22:53","modified_gmt":"2017-02-15T14:22:53","slug":"prvoobtozeni-v-zadevi-tehnicni-pregledi-florijan-gasperin-ni-priznal-krivde","status":"publish","type":"post","link":"https:\/\/hudo.com\/si\/aktualno\/prvoobtozeni-v-zadevi-tehnicni-pregledi-florijan-gasperin-ni-priznal-krivde\/","title":{"rendered":"Prvoobto\u017eeni v zadevi tehni\u010dni pregledi Florijan Ga\u0161perin ni priznal krivde"},"content":{"rendered":"<p>Prvoobto\u017eeni v aferi podkupovanja pri tehni\u010dnih pregledih Florijan Ga\u0161perin na dana\u0161njem predobravnavnem naroku v nasprotju s preostalimi soobto\u017eenimi ni priznal krivde. Zato mu bodo na ljubljanskem okro\u017enem sodi\u0161\u010du za\u010deli soditi, a se bo za\u010detek sojenja o\u010ditno zavlekel, saj bo predsednica senata Dejana Fekonja predlagala svojo izlo\u010ditev. Izlo\u010ditev predsednice senata je predlagal Ga\u0161perinov zagovornik Bla\u017e Kova\u010di\u010d Mlinar. Pri tem se je skliceval na nedavno odlo\u010dbo ustavnega sodi\u0161\u010da, ki je v enem izmed primerov ugotovilo, da je bil videz nepristranskosti sodi\u0161\u010da okrnjen, ker je o prito\u017enikovi krivdi odlo\u010dal sodnik, ki je odlo\u010dal \u017ee o krivdi soobdol\u017eenih. Ker je sodnica Dejanja Fekonja \u017ee odlo\u010dala o krivdi Ga\u0161perinovih soobto\u017eenim &#8211; vsi so sicer krivdo priznali -, bi s sojenjem v lo\u010denem postopku prejudicirala svojo presojo, s tem pa bi bil videz nepristranskosti sodi\u0161\u010da okrnjen, je prepri\u010dan Kova\u010di\u010d Mlinar. Kot je dodal, se Ga\u0161perinu o\u010dita dejanje v sostorilstvu, zato je predsednica senata do njegove vloge \u017ee zavzela stali\u0161\u010de, ko je izdala obsodilne sodbe. Sodnica se je z navedbami zagovornika strinjala in bo predlagala svojo izlo\u010ditev. Spis bo tako dodeljen drugemu sodniku, zaradi \u010desar se bo za\u010detek sojenja zavlekel. Dejana Fekonja se je odlo\u010dila, da se bo izlo\u010dila \u0161e pred za\u010detkom glavne obravnave in bo tudi presojo o zakonitosti dokazov prepustila drugemu sodniku. Ga\u0161perinov zagovornik je namre\u010d danes predlagal tudi izlo\u010ditev nekaterih obremenilnih dokazov, saj naj bi bili pridobljeni nezakonito. Problematiziral je tudi posnetke obremenilnih pogovorov med vpletenimi, saj pogovori niso potekali v slovenskem jeziku, zato so odredbe, izdane na njihovi podlagi, za sodi\u0161\u010de nerazumljive. To\u017eilec Bo\u0161tjan Jegli\u010d se do teh predlogov za izlo\u010ditev dokazov danes \u0161e ni opredelil, pa\u010d pa bo to storil pisno. Je pa izrazil nestrinjanje s predlogom obrambe, naj sodi\u0161\u010de postavi izvedenca za motorna vozila, ki naj izdela mnenje, ali so imela vozila res tak\u0161ne pomanjkljivosti, kot j<\/p>\n","protected":false},"excerpt":{"rendered":"<p>Prvoobto\u017eeni v aferi podkupovanja pri tehni\u010dnih pregledih Florijan Ga\u0161perin na dana\u0161njem predobravnavnem naroku v nasprotju s preostalimi soobto\u017eenimi ni priznal krivde. Zato mu bodo na ljubljanskem okro\u017enem sodi\u0161\u010du za\u010deli soditi, a se bo za\u010detek sojenja o\u010ditno zavlekel, saj bo predsednica senata Dejana Fekonja predlagala svojo izlo\u010ditev. Izlo\u010ditev predsednice senata je predlagal Ga\u0161perinov zagovornik Bla\u017e Kova\u010di\u010d Mlinar. Pri tem se je skliceval na nedavno odlo\u010dbo ustavnega sodi\u0161\u010da, ki je v enem izmed primerov ugotovilo, da je bil videz nepristranskosti sodi\u0161\u010da okrnjen, ker je o prito\u017enikovi krivdi odlo\u010dal sodnik, ki je odlo\u010dal \u017ee o krivdi soobdol\u017eenih. Ker je sodnica Dejanja Fekonja \u017ee odlo\u010dala o krivdi Ga\u0161perinovih soobto\u017eenim &#8211; vsi so sicer krivdo priznali -, bi s sojenjem v lo\u010denem postopku prejudicirala svojo presojo, s tem pa bi bil videz nepristranskosti sodi\u0161\u010da okrnjen, je prepri\u010dan Kova\u010di\u010d Mlinar. Kot je dodal, se Ga\u0161perinu o\u010dita dejanje v sostorilstvu, zato je predsednica senata do njegove vloge \u017ee zavzela stali\u0161\u010de, ko je izdala obsodilne sodbe. Sodnica se je z navedbami zagovornika strinjala in bo predlagala svojo izlo\u010ditev. Spis bo tako dodeljen drugemu sodniku, zaradi \u010desar se bo za\u010detek sojenja zavlekel. Dejana Fekonja se je odlo\u010dila, da se bo izlo\u010dila \u0161e pred za\u010detkom glavne obravnave in bo tudi presojo o zakonitosti dokazov prepustila drugemu sodniku. Ga\u0161perinov zagovornik je namre\u010d danes predlagal tudi izlo\u010ditev nekaterih obremenilnih dokazov, saj naj bi bili pridobljeni nezakonito. Problematiziral je tudi posnetke obremenilnih pogovorov med vpletenimi, saj pogovori niso potekali v slovenskem jeziku, zato so odredbe, izdane na njihovi podlagi, za sodi\u0161\u010de nerazumljive. To\u017eilec Bo\u0161tjan Jegli\u010d se do teh predlogov za izlo\u010ditev dokazov danes \u0161e ni opredelil, pa\u010d pa bo to storil pisno. Je pa izrazil nestrinjanje s predlogom obrambe, naj sodi\u0161\u010de postavi izvedenca za motorna vozila, ki naj izdela mnenje, ali so imela vozila res tak\u0161ne pomanjkljivosti, kot j<\/p>\n","protected":false},"author":1,"featured_media":0,"comment_status":"closed","ping_status":"closed","sticky":false,"template":"","format":"standard","meta":{"footnotes":""},"categories":[1179],"tags":[],"source":[1711],"supertag":[],"acf":[],"yoast_head":"<!-- This site is optimized with the Yoast SEO plugin v21.3 - https:\/\/yoast.com\/wordpress\/plugins\/seo\/ -->\n<title>Prvoobto\u017eeni v zadevi tehni\u010dni pregledi Florijan Ga\u0161perin ni priznal krivde - Hudo Slovenija<\/title>\n<meta name=\"robots\" content=\"index, follow, max-snippet:-1, max-image-preview:large, max-video-preview:-1\" \/>\n<link rel=\"canonical\" href=\"https:\/\/hudo.com\/si\/aktualno\/prvoobtozeni-v-zadevi-tehnicni-pregledi-florijan-gasperin-ni-priznal-krivde\/\" \/>\n<meta property=\"og:locale\" content=\"sl_SI\" \/>\n<meta property=\"og:type\" content=\"article\" \/>\n<meta property=\"og:title\" content=\"Prvoobto\u017eeni v zadevi tehni\u010dni pregledi Florijan Ga\u0161perin ni priznal krivde - Hudo Slovenija\" \/>\n<meta property=\"og:description\" content=\"Prvoobto\u017eeni v aferi podkupovanja pri tehni\u010dnih pregledih Florijan Ga\u0161perin na dana\u0161njem predobravnavnem naroku v nasprotju s preostalimi soobto\u017eenimi ni priznal krivde. Zato mu bodo na ljubljanskem okro\u017enem sodi\u0161\u010du za\u010deli soditi, a se bo za\u010detek sojenja o\u010ditno zavlekel, saj bo predsednica senata Dejana Fekonja predlagala svojo izlo\u010ditev. Izlo\u010ditev predsednice senata je predlagal Ga\u0161perinov zagovornik Bla\u017e Kova\u010di\u010d Mlinar. Pri tem se je skliceval na nedavno odlo\u010dbo ustavnega sodi\u0161\u010da, ki je v enem izmed primerov ugotovilo, da je bil videz nepristranskosti sodi\u0161\u010da okrnjen, ker je o prito\u017enikovi krivdi odlo\u010dal sodnik, ki je odlo\u010dal \u017ee o krivdi soobdol\u017eenih. Ker je sodnica Dejanja Fekonja \u017ee odlo\u010dala o krivdi Ga\u0161perinovih soobto\u017eenim - vsi so sicer krivdo priznali -, bi s sojenjem v lo\u010denem postopku prejudicirala svojo presojo, s tem pa bi bil videz nepristranskosti sodi\u0161\u010da okrnjen, je prepri\u010dan Kova\u010di\u010d Mlinar. Kot je dodal, se Ga\u0161perinu o\u010dita dejanje v sostorilstvu, zato je predsednica senata do njegove vloge \u017ee zavzela stali\u0161\u010de, ko je izdala obsodilne sodbe. Sodnica se je z navedbami zagovornika strinjala in bo predlagala svojo izlo\u010ditev. Spis bo tako dodeljen drugemu sodniku, zaradi \u010desar se bo za\u010detek sojenja zavlekel. Dejana Fekonja se je odlo\u010dila, da se bo izlo\u010dila \u0161e pred za\u010detkom glavne obravnave in bo tudi presojo o zakonitosti dokazov prepustila drugemu sodniku. Ga\u0161perinov zagovornik je namre\u010d danes predlagal tudi izlo\u010ditev nekaterih obremenilnih dokazov, saj naj bi bili pridobljeni nezakonito. Problematiziral je tudi posnetke obremenilnih pogovorov med vpletenimi, saj pogovori niso potekali v slovenskem jeziku, zato so odredbe, izdane na njihovi podlagi, za sodi\u0161\u010de nerazumljive. To\u017eilec Bo\u0161tjan Jegli\u010d se do teh predlogov za izlo\u010ditev dokazov danes \u0161e ni opredelil, pa\u010d pa bo to storil pisno. Je pa izrazil nestrinjanje s predlogom obrambe, naj sodi\u0161\u010de postavi izvedenca za motorna vozila, ki naj izdela mnenje, ali so imela vozila res tak\u0161ne pomanjkljivosti, kot j\" \/>\n<meta property=\"og:url\" content=\"https:\/\/hudo.com\/si\/aktualno\/prvoobtozeni-v-zadevi-tehnicni-pregledi-florijan-gasperin-ni-priznal-krivde\/\" \/>\n<meta property=\"og:site_name\" content=\"Hudo Slovenija\" \/>\n<meta property=\"article:publisher\" content=\"https:\/\/www.facebook.com\/hudo.si\" \/>\n<meta property=\"article:published_time\" content=\"2017-02-15T09:46:00+00:00\" \/>\n<meta property=\"article:modified_time\" content=\"2017-02-15T14:22:53+00:00\" \/>\n<meta property=\"og:image\" content=\"https:\/\/hudo.com\/si\/wp-content\/uploads\/sites\/2\/2017\/02\/2016053000696162-300.jpg\" \/>\n\t<meta property=\"og:image:width\" content=\"450\" \/>\n\t<meta property=\"og:image:height\" content=\"300\" \/>\n\t<meta property=\"og:image:type\" content=\"image\/jpeg\" \/>\n<meta name=\"author\" content=\"hudo\" \/>\n<meta name=\"twitter:card\" content=\"summary_large_image\" \/>\n<meta name=\"twitter:creator\" content=\"@hudo_si\" \/>\n<meta name=\"twitter:site\" content=\"@hudo_si\" \/>\n<meta name=\"twitter:label1\" content=\"Written by\" \/>\n\t<meta name=\"twitter:data1\" content=\"hudo\" \/>\n\t<meta name=\"twitter:label2\" content=\"Est. reading time\" \/>\n\t<meta name=\"twitter:data2\" content=\"2 minuti\" \/>\n<script type=\"application\/ld+json\" class=\"yoast-schema-graph\">{\"@context\":\"https:\/\/schema.org\",\"@graph\":[{\"@type\":\"Article\",\"@id\":\"https:\/\/hudo.com\/si\/aktualno\/prvoobtozeni-v-zadevi-tehnicni-pregledi-florijan-gasperin-ni-priznal-krivde\/#article\",\"isPartOf\":{\"@id\":\"https:\/\/hudo.com\/si\/aktualno\/prvoobtozeni-v-zadevi-tehnicni-pregledi-florijan-gasperin-ni-priznal-krivde\/\"},\"author\":{\"name\":\"hudo\",\"@id\":\"https:\/\/hudo.com\/si\/#\/schema\/person\/601cf3379633985b20f7e50f2bb47707\"},\"headline\":\"Prvoobto\u017eeni v zadevi tehni\u010dni pregledi Florijan Ga\u0161perin ni priznal krivde\",\"datePublished\":\"2017-02-15T09:46:00+00:00\",\"dateModified\":\"2017-02-15T14:22:53+00:00\",\"mainEntityOfPage\":{\"@id\":\"https:\/\/hudo.com\/si\/aktualno\/prvoobtozeni-v-zadevi-tehnicni-pregledi-florijan-gasperin-ni-priznal-krivde\/\"},\"wordCount\":353,\"publisher\":{\"@id\":\"https:\/\/hudo.com\/si\/#organization\"},\"articleSection\":[\"Aktualno\"],\"inLanguage\":\"sl-SI\"},{\"@type\":\"WebPage\",\"@id\":\"https:\/\/hudo.com\/si\/aktualno\/prvoobtozeni-v-zadevi-tehnicni-pregledi-florijan-gasperin-ni-priznal-krivde\/\",\"url\":\"https:\/\/hudo.com\/si\/aktualno\/prvoobtozeni-v-zadevi-tehnicni-pregledi-florijan-gasperin-ni-priznal-krivde\/\",\"name\":\"Prvoobto\u017eeni v zadevi tehni\u010dni pregledi Florijan Ga\u0161perin ni priznal krivde - Hudo Slovenija\",\"isPartOf\":{\"@id\":\"https:\/\/hudo.com\/si\/#website\"},\"datePublished\":\"2017-02-15T09:46:00+00:00\",\"dateModified\":\"2017-02-15T14:22:53+00:00\",\"breadcrumb\":{\"@id\":\"https:\/\/hudo.com\/si\/aktualno\/prvoobtozeni-v-zadevi-tehnicni-pregledi-florijan-gasperin-ni-priznal-krivde\/#breadcrumb\"},\"inLanguage\":\"sl-SI\",\"potentialAction\":[{\"@type\":\"ReadAction\",\"target\":[\"https:\/\/hudo.com\/si\/aktualno\/prvoobtozeni-v-zadevi-tehnicni-pregledi-florijan-gasperin-ni-priznal-krivde\/\"]}]},{\"@type\":\"BreadcrumbList\",\"@id\":\"https:\/\/hudo.com\/si\/aktualno\/prvoobtozeni-v-zadevi-tehnicni-pregledi-florijan-gasperin-ni-priznal-krivde\/#breadcrumb\",\"itemListElement\":[{\"@type\":\"ListItem\",\"position\":1,\"name\":\"Home\",\"item\":\"https:\/\/hudo.com\/si\/\"},{\"@type\":\"ListItem\",\"position\":2,\"name\":\"Prvoobto\u017eeni v zadevi tehni\u010dni pregledi Florijan Ga\u0161perin ni priznal krivde\"}]},{\"@type\":\"WebSite\",\"@id\":\"https:\/\/hudo.com\/si\/#website\",\"url\":\"https:\/\/hudo.com\/si\/\",\"name\":\"Hudo Slovenija\",\"description\":\"Vse novice iz Slovenije in sveta\",\"publisher\":{\"@id\":\"https:\/\/hudo.com\/si\/#organization\"},\"potentialAction\":[{\"@type\":\"SearchAction\",\"target\":{\"@type\":\"EntryPoint\",\"urlTemplate\":\"https:\/\/hudo.com\/si\/?s={search_term_string}\"},\"query-input\":\"required name=search_term_string\"}],\"inLanguage\":\"sl-SI\"},{\"@type\":\"Organization\",\"@id\":\"https:\/\/hudo.com\/si\/#organization\",\"name\":\"VSN Media\",\"url\":\"https:\/\/hudo.com\/si\/\",\"logo\":{\"@type\":\"ImageObject\",\"inLanguage\":\"sl-SI\",\"@id\":\"https:\/\/hudo.com\/si\/#\/schema\/logo\/image\/\",\"url\":\"https:\/\/hudo.com\/si\/wp-content\/uploads\/sites\/2\/2021\/03\/hudo-app-2.png\",\"contentUrl\":\"https:\/\/hudo.com\/si\/wp-content\/uploads\/sites\/2\/2021\/03\/hudo-app-2.png\",\"width\":2185,\"height\":2167,\"caption\":\"VSN Media\"},\"image\":{\"@id\":\"https:\/\/hudo.com\/si\/#\/schema\/logo\/image\/\"},\"sameAs\":[\"https:\/\/www.facebook.com\/hudo.si\",\"https:\/\/twitter.com\/hudo_si\"]},{\"@type\":\"Person\",\"@id\":\"https:\/\/hudo.com\/si\/#\/schema\/person\/601cf3379633985b20f7e50f2bb47707\",\"name\":\"hudo\",\"image\":{\"@type\":\"ImageObject\",\"inLanguage\":\"sl-SI\",\"@id\":\"https:\/\/hudo.com\/si\/#\/schema\/person\/image\/\",\"url\":\"https:\/\/secure.gravatar.com\/avatar\/c4ca25fa72cace7a696b52ff5db9e095?s=96&d=mm&r=g\",\"contentUrl\":\"https:\/\/secure.gravatar.com\/avatar\/c4ca25fa72cace7a696b52ff5db9e095?s=96&d=mm&r=g\",\"caption\":\"hudo\"},\"url\":\"https:\/\/hudo.com\/si\/author\/hudo\/\"}]}<\/script>\n<!-- \/ Yoast SEO plugin. -->","yoast_head_json":{"title":"Prvoobto\u017eeni v zadevi tehni\u010dni pregledi Florijan Ga\u0161perin ni priznal krivde - Hudo Slovenija","robots":{"index":"index","follow":"follow","max-snippet":"max-snippet:-1","max-image-preview":"max-image-preview:large","max-video-preview":"max-video-preview:-1"},"canonical":"https:\/\/hudo.com\/si\/aktualno\/prvoobtozeni-v-zadevi-tehnicni-pregledi-florijan-gasperin-ni-priznal-krivde\/","og_locale":"sl_SI","og_type":"article","og_title":"Prvoobto\u017eeni v zadevi tehni\u010dni pregledi Florijan Ga\u0161perin ni priznal krivde - Hudo Slovenija","og_description":"Prvoobto\u017eeni v aferi podkupovanja pri tehni\u010dnih pregledih Florijan Ga\u0161perin na dana\u0161njem predobravnavnem naroku v nasprotju s preostalimi soobto\u017eenimi ni priznal krivde. Zato mu bodo na ljubljanskem okro\u017enem sodi\u0161\u010du za\u010deli soditi, a se bo za\u010detek sojenja o\u010ditno zavlekel, saj bo predsednica senata Dejana Fekonja predlagala svojo izlo\u010ditev. Izlo\u010ditev predsednice senata je predlagal Ga\u0161perinov zagovornik Bla\u017e Kova\u010di\u010d Mlinar. Pri tem se je skliceval na nedavno odlo\u010dbo ustavnega sodi\u0161\u010da, ki je v enem izmed primerov ugotovilo, da je bil videz nepristranskosti sodi\u0161\u010da okrnjen, ker je o prito\u017enikovi krivdi odlo\u010dal sodnik, ki je odlo\u010dal \u017ee o krivdi soobdol\u017eenih. Ker je sodnica Dejanja Fekonja \u017ee odlo\u010dala o krivdi Ga\u0161perinovih soobto\u017eenim - vsi so sicer krivdo priznali -, bi s sojenjem v lo\u010denem postopku prejudicirala svojo presojo, s tem pa bi bil videz nepristranskosti sodi\u0161\u010da okrnjen, je prepri\u010dan Kova\u010di\u010d Mlinar. Kot je dodal, se Ga\u0161perinu o\u010dita dejanje v sostorilstvu, zato je predsednica senata do njegove vloge \u017ee zavzela stali\u0161\u010de, ko je izdala obsodilne sodbe. Sodnica se je z navedbami zagovornika strinjala in bo predlagala svojo izlo\u010ditev. Spis bo tako dodeljen drugemu sodniku, zaradi \u010desar se bo za\u010detek sojenja zavlekel. Dejana Fekonja se je odlo\u010dila, da se bo izlo\u010dila \u0161e pred za\u010detkom glavne obravnave in bo tudi presojo o zakonitosti dokazov prepustila drugemu sodniku. Ga\u0161perinov zagovornik je namre\u010d danes predlagal tudi izlo\u010ditev nekaterih obremenilnih dokazov, saj naj bi bili pridobljeni nezakonito. Problematiziral je tudi posnetke obremenilnih pogovorov med vpletenimi, saj pogovori niso potekali v slovenskem jeziku, zato so odredbe, izdane na njihovi podlagi, za sodi\u0161\u010de nerazumljive. To\u017eilec Bo\u0161tjan Jegli\u010d se do teh predlogov za izlo\u010ditev dokazov danes \u0161e ni opredelil, pa\u010d pa bo to storil pisno. Je pa izrazil nestrinjanje s predlogom obrambe, naj sodi\u0161\u010de postavi izvedenca za motorna vozila, ki naj izdela mnenje, ali so imela vozila res tak\u0161ne pomanjkljivosti, kot j","og_url":"https:\/\/hudo.com\/si\/aktualno\/prvoobtozeni-v-zadevi-tehnicni-pregledi-florijan-gasperin-ni-priznal-krivde\/","og_site_name":"Hudo Slovenija","article_publisher":"https:\/\/www.facebook.com\/hudo.si","article_published_time":"2017-02-15T09:46:00+00:00","article_modified_time":"2017-02-15T14:22:53+00:00","og_image":[{"width":450,"height":300,"url":"https:\/\/hudo.com\/si\/wp-content\/uploads\/sites\/2\/2017\/02\/2016053000696162-300.jpg","type":"image\/jpeg"}],"author":"hudo","twitter_card":"summary_large_image","twitter_creator":"@hudo_si","twitter_site":"@hudo_si","twitter_misc":{"Written by":"hudo","Est. reading time":"2 minuti"},"schema":{"@context":"https:\/\/schema.org","@graph":[{"@type":"Article","@id":"https:\/\/hudo.com\/si\/aktualno\/prvoobtozeni-v-zadevi-tehnicni-pregledi-florijan-gasperin-ni-priznal-krivde\/#article","isPartOf":{"@id":"https:\/\/hudo.com\/si\/aktualno\/prvoobtozeni-v-zadevi-tehnicni-pregledi-florijan-gasperin-ni-priznal-krivde\/"},"author":{"name":"hudo","@id":"https:\/\/hudo.com\/si\/#\/schema\/person\/601cf3379633985b20f7e50f2bb47707"},"headline":"Prvoobto\u017eeni v zadevi tehni\u010dni pregledi Florijan Ga\u0161perin ni priznal krivde","datePublished":"2017-02-15T09:46:00+00:00","dateModified":"2017-02-15T14:22:53+00:00","mainEntityOfPage":{"@id":"https:\/\/hudo.com\/si\/aktualno\/prvoobtozeni-v-zadevi-tehnicni-pregledi-florijan-gasperin-ni-priznal-krivde\/"},"wordCount":353,"publisher":{"@id":"https:\/\/hudo.com\/si\/#organization"},"articleSection":["Aktualno"],"inLanguage":"sl-SI"},{"@type":"WebPage","@id":"https:\/\/hudo.com\/si\/aktualno\/prvoobtozeni-v-zadevi-tehnicni-pregledi-florijan-gasperin-ni-priznal-krivde\/","url":"https:\/\/hudo.com\/si\/aktualno\/prvoobtozeni-v-zadevi-tehnicni-pregledi-florijan-gasperin-ni-priznal-krivde\/","name":"Prvoobto\u017eeni v zadevi tehni\u010dni pregledi Florijan Ga\u0161perin ni priznal krivde - Hudo Slovenija","isPartOf":{"@id":"https:\/\/hudo.com\/si\/#website"},"datePublished":"2017-02-15T09:46:00+00:00","dateModified":"2017-02-15T14:22:53+00:00","breadcrumb":{"@id":"https:\/\/hudo.com\/si\/aktualno\/prvoobtozeni-v-zadevi-tehnicni-pregledi-florijan-gasperin-ni-priznal-krivde\/#breadcrumb"},"inLanguage":"sl-SI","potentialAction":[{"@type":"ReadAction","target":["https:\/\/hudo.com\/si\/aktualno\/prvoobtozeni-v-zadevi-tehnicni-pregledi-florijan-gasperin-ni-priznal-krivde\/"]}]},{"@type":"BreadcrumbList","@id":"https:\/\/hudo.com\/si\/aktualno\/prvoobtozeni-v-zadevi-tehnicni-pregledi-florijan-gasperin-ni-priznal-krivde\/#breadcrumb","itemListElement":[{"@type":"ListItem","position":1,"name":"Home","item":"https:\/\/hudo.com\/si\/"},{"@type":"ListItem","position":2,"name":"Prvoobto\u017eeni v zadevi tehni\u010dni pregledi Florijan Ga\u0161perin ni priznal krivde"}]},{"@type":"WebSite","@id":"https:\/\/hudo.com\/si\/#website","url":"https:\/\/hudo.com\/si\/","name":"Hudo Slovenija","description":"Vse novice iz Slovenije in sveta","publisher":{"@id":"https:\/\/hudo.com\/si\/#organization"},"potentialAction":[{"@type":"SearchAction","target":{"@type":"EntryPoint","urlTemplate":"https:\/\/hudo.com\/si\/?s={search_term_string}"},"query-input":"required name=search_term_string"}],"inLanguage":"sl-SI"},{"@type":"Organization","@id":"https:\/\/hudo.com\/si\/#organization","name":"VSN Media","url":"https:\/\/hudo.com\/si\/","logo":{"@type":"ImageObject","inLanguage":"sl-SI","@id":"https:\/\/hudo.com\/si\/#\/schema\/logo\/image\/","url":"https:\/\/hudo.com\/si\/wp-content\/uploads\/sites\/2\/2021\/03\/hudo-app-2.png","contentUrl":"https:\/\/hudo.com\/si\/wp-content\/uploads\/sites\/2\/2021\/03\/hudo-app-2.png","width":2185,"height":2167,"caption":"VSN Media"},"image":{"@id":"https:\/\/hudo.com\/si\/#\/schema\/logo\/image\/"},"sameAs":["https:\/\/www.facebook.com\/hudo.si","https:\/\/twitter.com\/hudo_si"]},{"@type":"Person","@id":"https:\/\/hudo.com\/si\/#\/schema\/person\/601cf3379633985b20f7e50f2bb47707","name":"hudo","image":{"@type":"ImageObject","inLanguage":"sl-SI","@id":"https:\/\/hudo.com\/si\/#\/schema\/person\/image\/","url":"https:\/\/secure.gravatar.com\/avatar\/c4ca25fa72cace7a696b52ff5db9e095?s=96&d=mm&r=g","contentUrl":"https:\/\/secure.gravatar.com\/avatar\/c4ca25fa72cace7a696b52ff5db9e095?s=96&d=mm&r=g","caption":"hudo"},"url":"https:\/\/hudo.com\/si\/author\/hudo\/"}]}},"amp_enabled":true,"_links":{"self":[{"href":"https:\/\/hudo.com\/si\/wp-json\/wp\/v2\/posts\/210384"}],"collection":[{"href":"https:\/\/hudo.com\/si\/wp-json\/wp\/v2\/posts"}],"about":[{"href":"https:\/\/hudo.com\/si\/wp-json\/wp\/v2\/types\/post"}],"author":[{"embeddable":true,"href":"https:\/\/hudo.com\/si\/wp-json\/wp\/v2\/users\/1"}],"replies":[{"embeddable":true,"href":"https:\/\/hudo.com\/si\/wp-json\/wp\/v2\/comments?post=210384"}],"version-history":[{"count":1,"href":"https:\/\/hudo.com\/si\/wp-json\/wp\/v2\/posts\/210384\/revisions"}],"predecessor-version":[{"id":210470,"href":"https:\/\/hudo.com\/si\/wp-json\/wp\/v2\/posts\/210384\/revisions\/210470"}],"wp:attachment":[{"href":"https:\/\/hudo.com\/si\/wp-json\/wp\/v2\/media?parent=210384"}],"wp:term":[{"taxonomy":"category","embeddable":true,"href":"https:\/\/hudo.com\/si\/wp-json\/wp\/v2\/categories?post=210384"},{"taxonomy":"post_tag","embeddable":true,"href":"https:\/\/hudo.com\/si\/wp-json\/wp\/v2\/tags?post=210384"},{"taxonomy":"source","embeddable":true,"href":"https:\/\/hudo.com\/si\/wp-json\/wp\/v2\/source?post=210384"},{"taxonomy":"supertag","embeddable":true,"href":"https:\/\/hudo.com\/si\/wp-json\/wp\/v2\/supertag?post=210384"}],"curies":[{"name":"wp","href":"https:\/\/api.w.org\/{rel}","templated":true}]}}