{"id":210388,"date":"2017-02-15T10:40:00","date_gmt":"2017-02-15T09:40:00","guid":{"rendered":"http:\/\/hudo.com\/si\/2017\/02\/15\/kontic-ni-pogojev-za-razpis-referenduma-glede-azilnega-doma\/"},"modified":"2017-02-15T15:23:00","modified_gmt":"2017-02-15T14:23:00","slug":"kontic-ni-pogojev-za-razpis-referenduma-glede-azilnega-doma","status":"publish","type":"post","link":"https:\/\/hudo.com\/si\/aktualno\/kontic-ni-pogojev-za-razpis-referenduma-glede-azilnega-doma\/","title":{"rendered":"Konti\u010d: Ni pogojev za razpis referenduma glede azilnega doma"},"content":{"rendered":"<p>Velenjski \u017eupan Bojan Konti\u010d je na dana\u0161nji novinarski konferenci predstavil svojo odlo\u010ditev glede sodbe upravnega sodi\u0161\u010da o zahtevi za razpis naknadnega referenduma v velenjski ob\u010dini. Kot je dejal, pogojev za razpis referenduma, ki ga zahteva Civilna iniciativa Velenje, sploh ni in o njem bi moral odlo\u010dati velenjski mestni svet. Po oceni Konti\u010da ob\u010dina pri omenjeni zahtevi ni ravnala skladno z zakonom o upravnem postopku, zato je sodi\u0161\u010de ta teden zadevo vrnilo \u017eupanu v ponovni postopek. Nikjer pa ni bilo ugotovljeno nezakonito ravnanje \u017eupana, je dejal. Od omenjene civilne iniciative Konti\u010d pri\u010dakuje novo prito\u017ebo na upravo sodi\u0161\u010de, ob tem pa pri\u010dakuje, da bo sodi\u0161\u010de odlo\u010dilo v prid ob\u010dine. Pojasnil je, da je ministrstvo za notranje zadeve velenjsko ob\u010dino obvestilo, da so pogajanja z zasebnim lastnikom samskega doma v Velenju, kjer ministrstvo na\u010drtuje izpostavo azilnega doma, v zaklju\u010dni fazi. Po Konti\u010devih besedah naj bi ministrstvo v azilni dom namestilo do 150 oseb, kar pa je v nasprotju z novembrskim sklepom velenjskega mestnega sveta. Ob\u010dina zato ministrstvu svetuje, naj do razre\u0161itve vpra\u0161anj, povezanih s pobudo za referendum, k podpisu pogodbe z lastnikom prostorov ne pristopi. \u017dupan predlaga tudi, da ministrstvo medtem opravi predstavitev projekta v Krajevni skupnosti Stara vas, kjer se nahaja samski dom Vegrada in kjer so po navedbah \u017eupana &#8220;\u017ee v prvem valu beguncev izrazili pripravljenost, da bi sprejeli deset begunskih dru\u017ein&#8221;.Slovenija<\/p>\n","protected":false},"excerpt":{"rendered":"<p>Velenjski \u017eupan Bojan Konti\u010d je na dana\u0161nji novinarski konferenci predstavil svojo odlo\u010ditev glede sodbe upravnega sodi\u0161\u010da o zahtevi za razpis naknadnega referenduma v velenjski ob\u010dini. Kot je dejal, pogojev za razpis referenduma, ki ga zahteva Civilna iniciativa Velenje, sploh ni in o njem bi moral odlo\u010dati velenjski mestni svet. Po oceni Konti\u010da ob\u010dina pri omenjeni zahtevi ni ravnala skladno z zakonom o upravnem postopku, zato je sodi\u0161\u010de ta teden zadevo vrnilo \u017eupanu v ponovni postopek. Nikjer pa ni bilo ugotovljeno nezakonito ravnanje \u017eupana, je dejal. Od omenjene civilne iniciative Konti\u010d pri\u010dakuje novo prito\u017ebo na upravo sodi\u0161\u010de, ob tem pa pri\u010dakuje, da bo sodi\u0161\u010de odlo\u010dilo v prid ob\u010dine. Pojasnil je, da je ministrstvo za notranje zadeve velenjsko ob\u010dino obvestilo, da so pogajanja z zasebnim lastnikom samskega doma v Velenju, kjer ministrstvo na\u010drtuje izpostavo azilnega doma, v zaklju\u010dni fazi. Po Konti\u010devih besedah naj bi ministrstvo v azilni dom namestilo do 150 oseb, kar pa je v nasprotju z novembrskim sklepom velenjskega mestnega sveta. Ob\u010dina zato ministrstvu svetuje, naj do razre\u0161itve vpra\u0161anj, povezanih s pobudo za referendum, k podpisu pogodbe z lastnikom prostorov ne pristopi. \u017dupan predlaga tudi, da ministrstvo medtem opravi predstavitev projekta v Krajevni skupnosti Stara vas, kjer se nahaja samski dom Vegrada in kjer so po navedbah \u017eupana &#8220;\u017ee v prvem valu beguncev izrazili pripravljenost, da bi sprejeli deset begunskih dru\u017ein&#8221;.Slovenija<\/p>\n","protected":false},"author":1,"featured_media":0,"comment_status":"closed","ping_status":"closed","sticky":false,"template":"","format":"standard","meta":{"footnotes":""},"categories":[1179],"tags":[],"source":[1711],"supertag":[],"acf":[],"yoast_head":"<!-- This site is optimized with the Yoast SEO plugin v21.3 - https:\/\/yoast.com\/wordpress\/plugins\/seo\/ -->\n<title>Konti\u010d: Ni pogojev za razpis referenduma glede azilnega doma - Hudo Slovenija<\/title>\n<meta name=\"robots\" content=\"index, follow, max-snippet:-1, max-image-preview:large, max-video-preview:-1\" \/>\n<link rel=\"canonical\" href=\"https:\/\/hudo.com\/si\/aktualno\/kontic-ni-pogojev-za-razpis-referenduma-glede-azilnega-doma\/\" \/>\n<meta property=\"og:locale\" content=\"sl_SI\" \/>\n<meta property=\"og:type\" content=\"article\" \/>\n<meta property=\"og:title\" content=\"Konti\u010d: Ni pogojev za razpis referenduma glede azilnega doma - Hudo Slovenija\" \/>\n<meta property=\"og:description\" content=\"Velenjski \u017eupan Bojan Konti\u010d je na dana\u0161nji novinarski konferenci predstavil svojo odlo\u010ditev glede sodbe upravnega sodi\u0161\u010da o zahtevi za razpis naknadnega referenduma v velenjski ob\u010dini. Kot je dejal, pogojev za razpis referenduma, ki ga zahteva Civilna iniciativa Velenje, sploh ni in o njem bi moral odlo\u010dati velenjski mestni svet. Po oceni Konti\u010da ob\u010dina pri omenjeni zahtevi ni ravnala skladno z zakonom o upravnem postopku, zato je sodi\u0161\u010de ta teden zadevo vrnilo \u017eupanu v ponovni postopek. Nikjer pa ni bilo ugotovljeno nezakonito ravnanje \u017eupana, je dejal. Od omenjene civilne iniciative Konti\u010d pri\u010dakuje novo prito\u017ebo na upravo sodi\u0161\u010de, ob tem pa pri\u010dakuje, da bo sodi\u0161\u010de odlo\u010dilo v prid ob\u010dine. Pojasnil je, da je ministrstvo za notranje zadeve velenjsko ob\u010dino obvestilo, da so pogajanja z zasebnim lastnikom samskega doma v Velenju, kjer ministrstvo na\u010drtuje izpostavo azilnega doma, v zaklju\u010dni fazi. Po Konti\u010devih besedah naj bi ministrstvo v azilni dom namestilo do 150 oseb, kar pa je v nasprotju z novembrskim sklepom velenjskega mestnega sveta. Ob\u010dina zato ministrstvu svetuje, naj do razre\u0161itve vpra\u0161anj, povezanih s pobudo za referendum, k podpisu pogodbe z lastnikom prostorov ne pristopi. \u017dupan predlaga tudi, da ministrstvo medtem opravi predstavitev projekta v Krajevni skupnosti Stara vas, kjer se nahaja samski dom Vegrada in kjer so po navedbah \u017eupana &quot;\u017ee v prvem valu beguncev izrazili pripravljenost, da bi sprejeli deset begunskih dru\u017ein&quot;.Slovenija\" \/>\n<meta property=\"og:url\" content=\"https:\/\/hudo.com\/si\/aktualno\/kontic-ni-pogojev-za-razpis-referenduma-glede-azilnega-doma\/\" \/>\n<meta property=\"og:site_name\" content=\"Hudo Slovenija\" \/>\n<meta property=\"article:publisher\" content=\"https:\/\/www.facebook.com\/hudo.si\" \/>\n<meta property=\"article:published_time\" content=\"2017-02-15T09:40:00+00:00\" \/>\n<meta property=\"article:modified_time\" content=\"2017-02-15T14:23:00+00:00\" \/>\n<meta property=\"og:image\" content=\"https:\/\/hudo.com\/si\/wp-content\/uploads\/sites\/2\/2017\/02\/01432822F-300.jpg\" \/>\n\t<meta property=\"og:image:width\" content=\"450\" \/>\n\t<meta property=\"og:image:height\" content=\"362\" \/>\n\t<meta property=\"og:image:type\" content=\"image\/jpeg\" \/>\n<meta name=\"author\" content=\"hudo\" \/>\n<meta name=\"twitter:card\" content=\"summary_large_image\" \/>\n<meta name=\"twitter:creator\" content=\"@hudo_si\" \/>\n<meta name=\"twitter:site\" content=\"@hudo_si\" \/>\n<meta name=\"twitter:label1\" content=\"Written by\" \/>\n\t<meta name=\"twitter:data1\" content=\"hudo\" \/>\n\t<meta name=\"twitter:label2\" content=\"Est. reading time\" \/>\n\t<meta name=\"twitter:data2\" content=\"1 minuta\" \/>\n<script type=\"application\/ld+json\" class=\"yoast-schema-graph\">{\"@context\":\"https:\/\/schema.org\",\"@graph\":[{\"@type\":\"Article\",\"@id\":\"https:\/\/hudo.com\/si\/aktualno\/kontic-ni-pogojev-za-razpis-referenduma-glede-azilnega-doma\/#article\",\"isPartOf\":{\"@id\":\"https:\/\/hudo.com\/si\/aktualno\/kontic-ni-pogojev-za-razpis-referenduma-glede-azilnega-doma\/\"},\"author\":{\"name\":\"hudo\",\"@id\":\"https:\/\/hudo.com\/si\/#\/schema\/person\/601cf3379633985b20f7e50f2bb47707\"},\"headline\":\"Konti\u010d: Ni pogojev za razpis referenduma glede azilnega doma\",\"datePublished\":\"2017-02-15T09:40:00+00:00\",\"dateModified\":\"2017-02-15T14:23:00+00:00\",\"mainEntityOfPage\":{\"@id\":\"https:\/\/hudo.com\/si\/aktualno\/kontic-ni-pogojev-za-razpis-referenduma-glede-azilnega-doma\/\"},\"wordCount\":253,\"publisher\":{\"@id\":\"https:\/\/hudo.com\/si\/#organization\"},\"articleSection\":[\"Aktualno\"],\"inLanguage\":\"sl-SI\"},{\"@type\":\"WebPage\",\"@id\":\"https:\/\/hudo.com\/si\/aktualno\/kontic-ni-pogojev-za-razpis-referenduma-glede-azilnega-doma\/\",\"url\":\"https:\/\/hudo.com\/si\/aktualno\/kontic-ni-pogojev-za-razpis-referenduma-glede-azilnega-doma\/\",\"name\":\"Konti\u010d: Ni pogojev za razpis referenduma glede azilnega doma - Hudo Slovenija\",\"isPartOf\":{\"@id\":\"https:\/\/hudo.com\/si\/#website\"},\"datePublished\":\"2017-02-15T09:40:00+00:00\",\"dateModified\":\"2017-02-15T14:23:00+00:00\",\"breadcrumb\":{\"@id\":\"https:\/\/hudo.com\/si\/aktualno\/kontic-ni-pogojev-za-razpis-referenduma-glede-azilnega-doma\/#breadcrumb\"},\"inLanguage\":\"sl-SI\",\"potentialAction\":[{\"@type\":\"ReadAction\",\"target\":[\"https:\/\/hudo.com\/si\/aktualno\/kontic-ni-pogojev-za-razpis-referenduma-glede-azilnega-doma\/\"]}]},{\"@type\":\"BreadcrumbList\",\"@id\":\"https:\/\/hudo.com\/si\/aktualno\/kontic-ni-pogojev-za-razpis-referenduma-glede-azilnega-doma\/#breadcrumb\",\"itemListElement\":[{\"@type\":\"ListItem\",\"position\":1,\"name\":\"Home\",\"item\":\"https:\/\/hudo.com\/si\/\"},{\"@type\":\"ListItem\",\"position\":2,\"name\":\"Konti\u010d: Ni pogojev za razpis referenduma glede azilnega doma\"}]},{\"@type\":\"WebSite\",\"@id\":\"https:\/\/hudo.com\/si\/#website\",\"url\":\"https:\/\/hudo.com\/si\/\",\"name\":\"Hudo Slovenija\",\"description\":\"Vse novice iz Slovenije in sveta\",\"publisher\":{\"@id\":\"https:\/\/hudo.com\/si\/#organization\"},\"potentialAction\":[{\"@type\":\"SearchAction\",\"target\":{\"@type\":\"EntryPoint\",\"urlTemplate\":\"https:\/\/hudo.com\/si\/?s={search_term_string}\"},\"query-input\":\"required name=search_term_string\"}],\"inLanguage\":\"sl-SI\"},{\"@type\":\"Organization\",\"@id\":\"https:\/\/hudo.com\/si\/#organization\",\"name\":\"VSN Media\",\"url\":\"https:\/\/hudo.com\/si\/\",\"logo\":{\"@type\":\"ImageObject\",\"inLanguage\":\"sl-SI\",\"@id\":\"https:\/\/hudo.com\/si\/#\/schema\/logo\/image\/\",\"url\":\"https:\/\/hudo.com\/si\/wp-content\/uploads\/sites\/2\/2021\/03\/hudo-app-2.png\",\"contentUrl\":\"https:\/\/hudo.com\/si\/wp-content\/uploads\/sites\/2\/2021\/03\/hudo-app-2.png\",\"width\":2185,\"height\":2167,\"caption\":\"VSN Media\"},\"image\":{\"@id\":\"https:\/\/hudo.com\/si\/#\/schema\/logo\/image\/\"},\"sameAs\":[\"https:\/\/www.facebook.com\/hudo.si\",\"https:\/\/twitter.com\/hudo_si\"]},{\"@type\":\"Person\",\"@id\":\"https:\/\/hudo.com\/si\/#\/schema\/person\/601cf3379633985b20f7e50f2bb47707\",\"name\":\"hudo\",\"image\":{\"@type\":\"ImageObject\",\"inLanguage\":\"sl-SI\",\"@id\":\"https:\/\/hudo.com\/si\/#\/schema\/person\/image\/\",\"url\":\"https:\/\/secure.gravatar.com\/avatar\/c4ca25fa72cace7a696b52ff5db9e095?s=96&d=mm&r=g\",\"contentUrl\":\"https:\/\/secure.gravatar.com\/avatar\/c4ca25fa72cace7a696b52ff5db9e095?s=96&d=mm&r=g\",\"caption\":\"hudo\"},\"url\":\"https:\/\/hudo.com\/si\/author\/hudo\/\"}]}<\/script>\n<!-- \/ Yoast SEO plugin. -->","yoast_head_json":{"title":"Konti\u010d: Ni pogojev za razpis referenduma glede azilnega doma - Hudo Slovenija","robots":{"index":"index","follow":"follow","max-snippet":"max-snippet:-1","max-image-preview":"max-image-preview:large","max-video-preview":"max-video-preview:-1"},"canonical":"https:\/\/hudo.com\/si\/aktualno\/kontic-ni-pogojev-za-razpis-referenduma-glede-azilnega-doma\/","og_locale":"sl_SI","og_type":"article","og_title":"Konti\u010d: Ni pogojev za razpis referenduma glede azilnega doma - Hudo Slovenija","og_description":"Velenjski \u017eupan Bojan Konti\u010d je na dana\u0161nji novinarski konferenci predstavil svojo odlo\u010ditev glede sodbe upravnega sodi\u0161\u010da o zahtevi za razpis naknadnega referenduma v velenjski ob\u010dini. Kot je dejal, pogojev za razpis referenduma, ki ga zahteva Civilna iniciativa Velenje, sploh ni in o njem bi moral odlo\u010dati velenjski mestni svet. Po oceni Konti\u010da ob\u010dina pri omenjeni zahtevi ni ravnala skladno z zakonom o upravnem postopku, zato je sodi\u0161\u010de ta teden zadevo vrnilo \u017eupanu v ponovni postopek. Nikjer pa ni bilo ugotovljeno nezakonito ravnanje \u017eupana, je dejal. Od omenjene civilne iniciative Konti\u010d pri\u010dakuje novo prito\u017ebo na upravo sodi\u0161\u010de, ob tem pa pri\u010dakuje, da bo sodi\u0161\u010de odlo\u010dilo v prid ob\u010dine. Pojasnil je, da je ministrstvo za notranje zadeve velenjsko ob\u010dino obvestilo, da so pogajanja z zasebnim lastnikom samskega doma v Velenju, kjer ministrstvo na\u010drtuje izpostavo azilnega doma, v zaklju\u010dni fazi. Po Konti\u010devih besedah naj bi ministrstvo v azilni dom namestilo do 150 oseb, kar pa je v nasprotju z novembrskim sklepom velenjskega mestnega sveta. Ob\u010dina zato ministrstvu svetuje, naj do razre\u0161itve vpra\u0161anj, povezanih s pobudo za referendum, k podpisu pogodbe z lastnikom prostorov ne pristopi. \u017dupan predlaga tudi, da ministrstvo medtem opravi predstavitev projekta v Krajevni skupnosti Stara vas, kjer se nahaja samski dom Vegrada in kjer so po navedbah \u017eupana \"\u017ee v prvem valu beguncev izrazili pripravljenost, da bi sprejeli deset begunskih dru\u017ein\".Slovenija","og_url":"https:\/\/hudo.com\/si\/aktualno\/kontic-ni-pogojev-za-razpis-referenduma-glede-azilnega-doma\/","og_site_name":"Hudo Slovenija","article_publisher":"https:\/\/www.facebook.com\/hudo.si","article_published_time":"2017-02-15T09:40:00+00:00","article_modified_time":"2017-02-15T14:23:00+00:00","og_image":[{"width":450,"height":362,"url":"https:\/\/hudo.com\/si\/wp-content\/uploads\/sites\/2\/2017\/02\/01432822F-300.jpg","type":"image\/jpeg"}],"author":"hudo","twitter_card":"summary_large_image","twitter_creator":"@hudo_si","twitter_site":"@hudo_si","twitter_misc":{"Written by":"hudo","Est. reading time":"1 minuta"},"schema":{"@context":"https:\/\/schema.org","@graph":[{"@type":"Article","@id":"https:\/\/hudo.com\/si\/aktualno\/kontic-ni-pogojev-za-razpis-referenduma-glede-azilnega-doma\/#article","isPartOf":{"@id":"https:\/\/hudo.com\/si\/aktualno\/kontic-ni-pogojev-za-razpis-referenduma-glede-azilnega-doma\/"},"author":{"name":"hudo","@id":"https:\/\/hudo.com\/si\/#\/schema\/person\/601cf3379633985b20f7e50f2bb47707"},"headline":"Konti\u010d: Ni pogojev za razpis referenduma glede azilnega doma","datePublished":"2017-02-15T09:40:00+00:00","dateModified":"2017-02-15T14:23:00+00:00","mainEntityOfPage":{"@id":"https:\/\/hudo.com\/si\/aktualno\/kontic-ni-pogojev-za-razpis-referenduma-glede-azilnega-doma\/"},"wordCount":253,"publisher":{"@id":"https:\/\/hudo.com\/si\/#organization"},"articleSection":["Aktualno"],"inLanguage":"sl-SI"},{"@type":"WebPage","@id":"https:\/\/hudo.com\/si\/aktualno\/kontic-ni-pogojev-za-razpis-referenduma-glede-azilnega-doma\/","url":"https:\/\/hudo.com\/si\/aktualno\/kontic-ni-pogojev-za-razpis-referenduma-glede-azilnega-doma\/","name":"Konti\u010d: Ni pogojev za razpis referenduma glede azilnega doma - Hudo Slovenija","isPartOf":{"@id":"https:\/\/hudo.com\/si\/#website"},"datePublished":"2017-02-15T09:40:00+00:00","dateModified":"2017-02-15T14:23:00+00:00","breadcrumb":{"@id":"https:\/\/hudo.com\/si\/aktualno\/kontic-ni-pogojev-za-razpis-referenduma-glede-azilnega-doma\/#breadcrumb"},"inLanguage":"sl-SI","potentialAction":[{"@type":"ReadAction","target":["https:\/\/hudo.com\/si\/aktualno\/kontic-ni-pogojev-za-razpis-referenduma-glede-azilnega-doma\/"]}]},{"@type":"BreadcrumbList","@id":"https:\/\/hudo.com\/si\/aktualno\/kontic-ni-pogojev-za-razpis-referenduma-glede-azilnega-doma\/#breadcrumb","itemListElement":[{"@type":"ListItem","position":1,"name":"Home","item":"https:\/\/hudo.com\/si\/"},{"@type":"ListItem","position":2,"name":"Konti\u010d: Ni pogojev za razpis referenduma glede azilnega doma"}]},{"@type":"WebSite","@id":"https:\/\/hudo.com\/si\/#website","url":"https:\/\/hudo.com\/si\/","name":"Hudo Slovenija","description":"Vse novice iz Slovenije in sveta","publisher":{"@id":"https:\/\/hudo.com\/si\/#organization"},"potentialAction":[{"@type":"SearchAction","target":{"@type":"EntryPoint","urlTemplate":"https:\/\/hudo.com\/si\/?s={search_term_string}"},"query-input":"required name=search_term_string"}],"inLanguage":"sl-SI"},{"@type":"Organization","@id":"https:\/\/hudo.com\/si\/#organization","name":"VSN Media","url":"https:\/\/hudo.com\/si\/","logo":{"@type":"ImageObject","inLanguage":"sl-SI","@id":"https:\/\/hudo.com\/si\/#\/schema\/logo\/image\/","url":"https:\/\/hudo.com\/si\/wp-content\/uploads\/sites\/2\/2021\/03\/hudo-app-2.png","contentUrl":"https:\/\/hudo.com\/si\/wp-content\/uploads\/sites\/2\/2021\/03\/hudo-app-2.png","width":2185,"height":2167,"caption":"VSN Media"},"image":{"@id":"https:\/\/hudo.com\/si\/#\/schema\/logo\/image\/"},"sameAs":["https:\/\/www.facebook.com\/hudo.si","https:\/\/twitter.com\/hudo_si"]},{"@type":"Person","@id":"https:\/\/hudo.com\/si\/#\/schema\/person\/601cf3379633985b20f7e50f2bb47707","name":"hudo","image":{"@type":"ImageObject","inLanguage":"sl-SI","@id":"https:\/\/hudo.com\/si\/#\/schema\/person\/image\/","url":"https:\/\/secure.gravatar.com\/avatar\/c4ca25fa72cace7a696b52ff5db9e095?s=96&d=mm&r=g","contentUrl":"https:\/\/secure.gravatar.com\/avatar\/c4ca25fa72cace7a696b52ff5db9e095?s=96&d=mm&r=g","caption":"hudo"},"url":"https:\/\/hudo.com\/si\/author\/hudo\/"}]}},"amp_enabled":true,"_links":{"self":[{"href":"https:\/\/hudo.com\/si\/wp-json\/wp\/v2\/posts\/210388"}],"collection":[{"href":"https:\/\/hudo.com\/si\/wp-json\/wp\/v2\/posts"}],"about":[{"href":"https:\/\/hudo.com\/si\/wp-json\/wp\/v2\/types\/post"}],"author":[{"embeddable":true,"href":"https:\/\/hudo.com\/si\/wp-json\/wp\/v2\/users\/1"}],"replies":[{"embeddable":true,"href":"https:\/\/hudo.com\/si\/wp-json\/wp\/v2\/comments?post=210388"}],"version-history":[{"count":1,"href":"https:\/\/hudo.com\/si\/wp-json\/wp\/v2\/posts\/210388\/revisions"}],"predecessor-version":[{"id":210472,"href":"https:\/\/hudo.com\/si\/wp-json\/wp\/v2\/posts\/210388\/revisions\/210472"}],"wp:attachment":[{"href":"https:\/\/hudo.com\/si\/wp-json\/wp\/v2\/media?parent=210388"}],"wp:term":[{"taxonomy":"category","embeddable":true,"href":"https:\/\/hudo.com\/si\/wp-json\/wp\/v2\/categories?post=210388"},{"taxonomy":"post_tag","embeddable":true,"href":"https:\/\/hudo.com\/si\/wp-json\/wp\/v2\/tags?post=210388"},{"taxonomy":"source","embeddable":true,"href":"https:\/\/hudo.com\/si\/wp-json\/wp\/v2\/source?post=210388"},{"taxonomy":"supertag","embeddable":true,"href":"https:\/\/hudo.com\/si\/wp-json\/wp\/v2\/supertag?post=210388"}],"curies":[{"name":"wp","href":"https:\/\/api.w.org\/{rel}","templated":true}]}}