{"id":210788,"date":"2017-02-16T08:25:45","date_gmt":"2017-02-16T07:25:45","guid":{"rendered":"http:\/\/hudo.com\/si\/?p=210788"},"modified":"2017-02-16T08:26:07","modified_gmt":"2017-02-16T07:26:07","slug":"v-zivo-prenasali-spopad-dveh-tolp-v-katerem-je-umrl-dvoletni-decek","status":"publish","type":"post","link":"https:\/\/hudo.com\/si\/aktualno\/v-zivo-prenasali-spopad-dveh-tolp-v-katerem-je-umrl-dvoletni-decek\/","title":{"rendered":"V \u017eivo prena\u0161ali spopad dveh tolp, v katerem je umrl dveletni de\u010dek"},"content":{"rendered":"<div class=\"text\">\n<p>Otrok je bil kolateralna \u017ertev napada na 26-letnega kriminalca in \u010dlana uli\u010dne tolpe, ki se je vozil z nose\u010dim 20-letnim dekletom in Whitom na zadnjem sede\u017eu avtomobila skozi revni zahodni predel mesta.<\/p>\n<p>Nose\u010dnica je med vo\u017enjo snemala in v \u017eivo prena\u0161ala na Facebooku, kako s fantom pojeta. Avtomobilu je nenadoma presekal pot drugi avtomobil, iz njega je stopil strelec in za\u010del streljati.<\/p>\n<p>Otrok in njegov stric sta bila takoj ubita s kroglo v glavo, nose\u010dnica pa je dobila kroglo v trebuh in je uspela zbe\u017eati do bli\u017enje hi\u0161e, kjer je zaprosila za pomo\u010d. Policija je prepri\u010dana, da bo storilca kmalu ujela, saj ima njegov posnetek.<\/p>\n<p>White je bil drugi otrok, ki je v zadnjih dneh umrl zaradi nasilja uli\u010dnih tolp. Nekaj ur pred njegovo smrtjo je po\u0161kodbam podlegla 11-letna Takiya Holmes, ki jo je zadela v glavo krogla namenjena \u010dlanu uli\u010dne tolpe, na katerega je meril \u010dlan druge tolpe.<\/p>\n<p>Druga krogla je zadela 12-letnico, ki je bila v kriti\u010dnem stanju do srede zve\u010der, nakar je tudi ona podlegla ranam.<\/p>\n<p>Policija je strelca na dekleti Antwana Jonesa s kilometer dolgo kartoteko, \u010deprav je star \u0161ele 19 let, ujela. To\u017eilstvo ga je obto\u017eilo umora.<\/p>\n<p>\u017dupan Chicaga demokrat Rahm Emanuel je me\u0161\u010danom povedal, da bi morali biti ti zadnji primeri budnica. Pozval je k smiselnim zakonom proti oro\u017eju in vi\u0161jim kaznim za kriminalce, ki posedujejo oro\u017eje.<\/p>\n<\/div>\n","protected":false},"excerpt":{"rendered":"<p>Komaj dveletni Lavontay White je v torek zve\u010der postal zadnja in najbolj znana \u017ertev nasilja uli\u010dnih tolp v Chicagu, zlo\u010din pa se je prena\u0161al v \u017eivo po Facebooku, kar bo policiji pomagalo prijeti storilca. Predsednik ZDA Donald Trump je Chicagu \u017ee zagrozil, da bo tja poslal zvezno policijo.<\/p>\n","protected":false},"author":5,"featured_media":210789,"comment_status":"closed","ping_status":"closed","sticky":false,"template":"","format":"standard","meta":{"footnotes":""},"categories":[1179],"tags":[3090,1682],"source":[4511],"supertag":[7150,6103],"acf":[],"yoast_head":"<!-- This site is optimized with the Yoast SEO plugin v21.3 - https:\/\/yoast.com\/wordpress\/plugins\/seo\/ -->\n<title>V \u017eivo prena\u0161ali spopad dveh tolp, v katerem je umrl dveletni de\u010dek - Hudo Slovenija<\/title>\n<meta name=\"robots\" content=\"index, follow, max-snippet:-1, max-image-preview:large, max-video-preview:-1\" \/>\n<link rel=\"canonical\" href=\"https:\/\/hudo.com\/si\/aktualno\/v-zivo-prenasali-spopad-dveh-tolp-v-katerem-je-umrl-dvoletni-decek\/\" \/>\n<meta property=\"og:locale\" content=\"sl_SI\" \/>\n<meta property=\"og:type\" content=\"article\" \/>\n<meta property=\"og:title\" content=\"V \u017eivo prena\u0161ali spopad dveh tolp, v katerem je umrl dveletni de\u010dek - Hudo Slovenija\" \/>\n<meta property=\"og:description\" content=\"Komaj dveletni Lavontay White je v torek zve\u010der postal zadnja in najbolj znana \u017ertev nasilja uli\u010dnih tolp v Chicagu, zlo\u010din pa se je prena\u0161al v \u017eivo po Facebooku, kar bo policiji pomagalo prijeti storilca. Predsednik ZDA Donald Trump je Chicagu \u017ee zagrozil, da bo tja poslal zvezno policijo.\" \/>\n<meta property=\"og:url\" content=\"https:\/\/hudo.com\/si\/aktualno\/v-zivo-prenasali-spopad-dveh-tolp-v-katerem-je-umrl-dvoletni-decek\/\" \/>\n<meta property=\"og:site_name\" content=\"Hudo Slovenija\" \/>\n<meta property=\"article:publisher\" content=\"https:\/\/www.facebook.com\/hudo.si\" \/>\n<meta property=\"article:published_time\" content=\"2017-02-16T07:25:45+00:00\" \/>\n<meta property=\"article:modified_time\" content=\"2017-02-16T07:26:07+00:00\" \/>\n<meta property=\"og:image\" content=\"https:\/\/hudo.com\/si\/wp-content\/uploads\/sites\/2\/2017\/02\/profimedia-0320841746.jpg\" \/>\n\t<meta property=\"og:image:width\" content=\"1250\" \/>\n\t<meta property=\"og:image:height\" content=\"754\" \/>\n\t<meta property=\"og:image:type\" content=\"image\/jpeg\" \/>\n<meta name=\"author\" content=\"A. G., STA\" \/>\n<meta name=\"twitter:card\" content=\"summary_large_image\" \/>\n<meta name=\"twitter:creator\" content=\"@hudo_si\" \/>\n<meta name=\"twitter:site\" content=\"@hudo_si\" \/>\n<meta name=\"twitter:label1\" content=\"Written by\" \/>\n\t<meta name=\"twitter:data1\" content=\"A. G., STA\" \/>\n\t<meta name=\"twitter:label2\" content=\"Est. reading time\" \/>\n\t<meta name=\"twitter:data2\" content=\"1 minuta\" \/>\n<script type=\"application\/ld+json\" class=\"yoast-schema-graph\">{\"@context\":\"https:\/\/schema.org\",\"@graph\":[{\"@type\":\"Article\",\"@id\":\"https:\/\/hudo.com\/si\/aktualno\/v-zivo-prenasali-spopad-dveh-tolp-v-katerem-je-umrl-dvoletni-decek\/#article\",\"isPartOf\":{\"@id\":\"https:\/\/hudo.com\/si\/aktualno\/v-zivo-prenasali-spopad-dveh-tolp-v-katerem-je-umrl-dvoletni-decek\/\"},\"author\":{\"name\":\"A. G., STA\",\"@id\":\"https:\/\/hudo.com\/si\/#\/schema\/person\/2391667a63ea075ba94f2f2dc6b77537\"},\"headline\":\"V \u017eivo prena\u0161ali spopad dveh tolp, v katerem je umrl dveletni de\u010dek\",\"datePublished\":\"2017-02-16T07:25:45+00:00\",\"dateModified\":\"2017-02-16T07:26:07+00:00\",\"mainEntityOfPage\":{\"@id\":\"https:\/\/hudo.com\/si\/aktualno\/v-zivo-prenasali-spopad-dveh-tolp-v-katerem-je-umrl-dvoletni-decek\/\"},\"wordCount\":259,\"publisher\":{\"@id\":\"https:\/\/hudo.com\/si\/#organization\"},\"keywords\":[\"nasilje\",\"ZDA\"],\"articleSection\":[\"Aktualno\"],\"inLanguage\":\"sl-SI\"},{\"@type\":\"WebPage\",\"@id\":\"https:\/\/hudo.com\/si\/aktualno\/v-zivo-prenasali-spopad-dveh-tolp-v-katerem-je-umrl-dvoletni-decek\/\",\"url\":\"https:\/\/hudo.com\/si\/aktualno\/v-zivo-prenasali-spopad-dveh-tolp-v-katerem-je-umrl-dvoletni-decek\/\",\"name\":\"V \u017eivo prena\u0161ali spopad dveh tolp, v katerem je umrl dveletni de\u010dek - Hudo Slovenija\",\"isPartOf\":{\"@id\":\"https:\/\/hudo.com\/si\/#website\"},\"datePublished\":\"2017-02-16T07:25:45+00:00\",\"dateModified\":\"2017-02-16T07:26:07+00:00\",\"breadcrumb\":{\"@id\":\"https:\/\/hudo.com\/si\/aktualno\/v-zivo-prenasali-spopad-dveh-tolp-v-katerem-je-umrl-dvoletni-decek\/#breadcrumb\"},\"inLanguage\":\"sl-SI\",\"potentialAction\":[{\"@type\":\"ReadAction\",\"target\":[\"https:\/\/hudo.com\/si\/aktualno\/v-zivo-prenasali-spopad-dveh-tolp-v-katerem-je-umrl-dvoletni-decek\/\"]}]},{\"@type\":\"BreadcrumbList\",\"@id\":\"https:\/\/hudo.com\/si\/aktualno\/v-zivo-prenasali-spopad-dveh-tolp-v-katerem-je-umrl-dvoletni-decek\/#breadcrumb\",\"itemListElement\":[{\"@type\":\"ListItem\",\"position\":1,\"name\":\"Home\",\"item\":\"https:\/\/hudo.com\/si\/\"},{\"@type\":\"ListItem\",\"position\":2,\"name\":\"V \u017eivo prena\u0161ali spopad dveh tolp, v katerem je umrl dveletni de\u010dek\"}]},{\"@type\":\"WebSite\",\"@id\":\"https:\/\/hudo.com\/si\/#website\",\"url\":\"https:\/\/hudo.com\/si\/\",\"name\":\"Hudo Slovenija\",\"description\":\"Vse novice iz Slovenije in sveta\",\"publisher\":{\"@id\":\"https:\/\/hudo.com\/si\/#organization\"},\"potentialAction\":[{\"@type\":\"SearchAction\",\"target\":{\"@type\":\"EntryPoint\",\"urlTemplate\":\"https:\/\/hudo.com\/si\/?s={search_term_string}\"},\"query-input\":\"required name=search_term_string\"}],\"inLanguage\":\"sl-SI\"},{\"@type\":\"Organization\",\"@id\":\"https:\/\/hudo.com\/si\/#organization\",\"name\":\"VSN Media\",\"url\":\"https:\/\/hudo.com\/si\/\",\"logo\":{\"@type\":\"ImageObject\",\"inLanguage\":\"sl-SI\",\"@id\":\"https:\/\/hudo.com\/si\/#\/schema\/logo\/image\/\",\"url\":\"https:\/\/hudo.com\/si\/wp-content\/uploads\/sites\/2\/2021\/03\/hudo-app-2.png\",\"contentUrl\":\"https:\/\/hudo.com\/si\/wp-content\/uploads\/sites\/2\/2021\/03\/hudo-app-2.png\",\"width\":2185,\"height\":2167,\"caption\":\"VSN Media\"},\"image\":{\"@id\":\"https:\/\/hudo.com\/si\/#\/schema\/logo\/image\/\"},\"sameAs\":[\"https:\/\/www.facebook.com\/hudo.si\",\"https:\/\/twitter.com\/hudo_si\"]},{\"@type\":\"Person\",\"@id\":\"https:\/\/hudo.com\/si\/#\/schema\/person\/2391667a63ea075ba94f2f2dc6b77537\",\"name\":\"A. G., STA\",\"image\":{\"@type\":\"ImageObject\",\"inLanguage\":\"sl-SI\",\"@id\":\"https:\/\/hudo.com\/si\/#\/schema\/person\/image\/\",\"url\":\"https:\/\/secure.gravatar.com\/avatar\/e13d22ac3e442658d5025fbbe6238a79?s=96&d=mm&r=g\",\"contentUrl\":\"https:\/\/secure.gravatar.com\/avatar\/e13d22ac3e442658d5025fbbe6238a79?s=96&d=mm&r=g\",\"caption\":\"A. G., STA\"},\"url\":\"https:\/\/hudo.com\/si\/author\/alenka\/\"}]}<\/script>\n<!-- \/ Yoast SEO plugin. -->","yoast_head_json":{"title":"V \u017eivo prena\u0161ali spopad dveh tolp, v katerem je umrl dveletni de\u010dek - Hudo Slovenija","robots":{"index":"index","follow":"follow","max-snippet":"max-snippet:-1","max-image-preview":"max-image-preview:large","max-video-preview":"max-video-preview:-1"},"canonical":"https:\/\/hudo.com\/si\/aktualno\/v-zivo-prenasali-spopad-dveh-tolp-v-katerem-je-umrl-dvoletni-decek\/","og_locale":"sl_SI","og_type":"article","og_title":"V \u017eivo prena\u0161ali spopad dveh tolp, v katerem je umrl dveletni de\u010dek - Hudo Slovenija","og_description":"Komaj dveletni Lavontay White je v torek zve\u010der postal zadnja in najbolj znana \u017ertev nasilja uli\u010dnih tolp v Chicagu, zlo\u010din pa se je prena\u0161al v \u017eivo po Facebooku, kar bo policiji pomagalo prijeti storilca. Predsednik ZDA Donald Trump je Chicagu \u017ee zagrozil, da bo tja poslal zvezno policijo.","og_url":"https:\/\/hudo.com\/si\/aktualno\/v-zivo-prenasali-spopad-dveh-tolp-v-katerem-je-umrl-dvoletni-decek\/","og_site_name":"Hudo Slovenija","article_publisher":"https:\/\/www.facebook.com\/hudo.si","article_published_time":"2017-02-16T07:25:45+00:00","article_modified_time":"2017-02-16T07:26:07+00:00","og_image":[{"width":1250,"height":754,"url":"https:\/\/hudo.com\/si\/wp-content\/uploads\/sites\/2\/2017\/02\/profimedia-0320841746.jpg","type":"image\/jpeg"}],"author":"A. G., STA","twitter_card":"summary_large_image","twitter_creator":"@hudo_si","twitter_site":"@hudo_si","twitter_misc":{"Written by":"A. G., STA","Est. reading time":"1 minuta"},"schema":{"@context":"https:\/\/schema.org","@graph":[{"@type":"Article","@id":"https:\/\/hudo.com\/si\/aktualno\/v-zivo-prenasali-spopad-dveh-tolp-v-katerem-je-umrl-dvoletni-decek\/#article","isPartOf":{"@id":"https:\/\/hudo.com\/si\/aktualno\/v-zivo-prenasali-spopad-dveh-tolp-v-katerem-je-umrl-dvoletni-decek\/"},"author":{"name":"A. G., STA","@id":"https:\/\/hudo.com\/si\/#\/schema\/person\/2391667a63ea075ba94f2f2dc6b77537"},"headline":"V \u017eivo prena\u0161ali spopad dveh tolp, v katerem je umrl dveletni de\u010dek","datePublished":"2017-02-16T07:25:45+00:00","dateModified":"2017-02-16T07:26:07+00:00","mainEntityOfPage":{"@id":"https:\/\/hudo.com\/si\/aktualno\/v-zivo-prenasali-spopad-dveh-tolp-v-katerem-je-umrl-dvoletni-decek\/"},"wordCount":259,"publisher":{"@id":"https:\/\/hudo.com\/si\/#organization"},"keywords":["nasilje","ZDA"],"articleSection":["Aktualno"],"inLanguage":"sl-SI"},{"@type":"WebPage","@id":"https:\/\/hudo.com\/si\/aktualno\/v-zivo-prenasali-spopad-dveh-tolp-v-katerem-je-umrl-dvoletni-decek\/","url":"https:\/\/hudo.com\/si\/aktualno\/v-zivo-prenasali-spopad-dveh-tolp-v-katerem-je-umrl-dvoletni-decek\/","name":"V \u017eivo prena\u0161ali spopad dveh tolp, v katerem je umrl dveletni de\u010dek - Hudo Slovenija","isPartOf":{"@id":"https:\/\/hudo.com\/si\/#website"},"datePublished":"2017-02-16T07:25:45+00:00","dateModified":"2017-02-16T07:26:07+00:00","breadcrumb":{"@id":"https:\/\/hudo.com\/si\/aktualno\/v-zivo-prenasali-spopad-dveh-tolp-v-katerem-je-umrl-dvoletni-decek\/#breadcrumb"},"inLanguage":"sl-SI","potentialAction":[{"@type":"ReadAction","target":["https:\/\/hudo.com\/si\/aktualno\/v-zivo-prenasali-spopad-dveh-tolp-v-katerem-je-umrl-dvoletni-decek\/"]}]},{"@type":"BreadcrumbList","@id":"https:\/\/hudo.com\/si\/aktualno\/v-zivo-prenasali-spopad-dveh-tolp-v-katerem-je-umrl-dvoletni-decek\/#breadcrumb","itemListElement":[{"@type":"ListItem","position":1,"name":"Home","item":"https:\/\/hudo.com\/si\/"},{"@type":"ListItem","position":2,"name":"V \u017eivo prena\u0161ali spopad dveh tolp, v katerem je umrl dveletni de\u010dek"}]},{"@type":"WebSite","@id":"https:\/\/hudo.com\/si\/#website","url":"https:\/\/hudo.com\/si\/","name":"Hudo Slovenija","description":"Vse novice iz Slovenije in sveta","publisher":{"@id":"https:\/\/hudo.com\/si\/#organization"},"potentialAction":[{"@type":"SearchAction","target":{"@type":"EntryPoint","urlTemplate":"https:\/\/hudo.com\/si\/?s={search_term_string}"},"query-input":"required name=search_term_string"}],"inLanguage":"sl-SI"},{"@type":"Organization","@id":"https:\/\/hudo.com\/si\/#organization","name":"VSN Media","url":"https:\/\/hudo.com\/si\/","logo":{"@type":"ImageObject","inLanguage":"sl-SI","@id":"https:\/\/hudo.com\/si\/#\/schema\/logo\/image\/","url":"https:\/\/hudo.com\/si\/wp-content\/uploads\/sites\/2\/2021\/03\/hudo-app-2.png","contentUrl":"https:\/\/hudo.com\/si\/wp-content\/uploads\/sites\/2\/2021\/03\/hudo-app-2.png","width":2185,"height":2167,"caption":"VSN Media"},"image":{"@id":"https:\/\/hudo.com\/si\/#\/schema\/logo\/image\/"},"sameAs":["https:\/\/www.facebook.com\/hudo.si","https:\/\/twitter.com\/hudo_si"]},{"@type":"Person","@id":"https:\/\/hudo.com\/si\/#\/schema\/person\/2391667a63ea075ba94f2f2dc6b77537","name":"A. G., STA","image":{"@type":"ImageObject","inLanguage":"sl-SI","@id":"https:\/\/hudo.com\/si\/#\/schema\/person\/image\/","url":"https:\/\/secure.gravatar.com\/avatar\/e13d22ac3e442658d5025fbbe6238a79?s=96&d=mm&r=g","contentUrl":"https:\/\/secure.gravatar.com\/avatar\/e13d22ac3e442658d5025fbbe6238a79?s=96&d=mm&r=g","caption":"A. G., STA"},"url":"https:\/\/hudo.com\/si\/author\/alenka\/"}]}},"amp_enabled":true,"_links":{"self":[{"href":"https:\/\/hudo.com\/si\/wp-json\/wp\/v2\/posts\/210788"}],"collection":[{"href":"https:\/\/hudo.com\/si\/wp-json\/wp\/v2\/posts"}],"about":[{"href":"https:\/\/hudo.com\/si\/wp-json\/wp\/v2\/types\/post"}],"author":[{"embeddable":true,"href":"https:\/\/hudo.com\/si\/wp-json\/wp\/v2\/users\/5"}],"replies":[{"embeddable":true,"href":"https:\/\/hudo.com\/si\/wp-json\/wp\/v2\/comments?post=210788"}],"version-history":[{"count":2,"href":"https:\/\/hudo.com\/si\/wp-json\/wp\/v2\/posts\/210788\/revisions"}],"predecessor-version":[{"id":210791,"href":"https:\/\/hudo.com\/si\/wp-json\/wp\/v2\/posts\/210788\/revisions\/210791"}],"wp:featuredmedia":[{"embeddable":true,"href":"https:\/\/hudo.com\/si\/wp-json\/wp\/v2\/media\/210789"}],"wp:attachment":[{"href":"https:\/\/hudo.com\/si\/wp-json\/wp\/v2\/media?parent=210788"}],"wp:term":[{"taxonomy":"category","embeddable":true,"href":"https:\/\/hudo.com\/si\/wp-json\/wp\/v2\/categories?post=210788"},{"taxonomy":"post_tag","embeddable":true,"href":"https:\/\/hudo.com\/si\/wp-json\/wp\/v2\/tags?post=210788"},{"taxonomy":"source","embeddable":true,"href":"https:\/\/hudo.com\/si\/wp-json\/wp\/v2\/source?post=210788"},{"taxonomy":"supertag","embeddable":true,"href":"https:\/\/hudo.com\/si\/wp-json\/wp\/v2\/supertag?post=210788"}],"curies":[{"name":"wp","href":"https:\/\/api.w.org\/{rel}","templated":true}]}}