{"id":211272,"date":"2017-02-16T16:20:00","date_gmt":"2017-02-16T15:20:00","guid":{"rendered":"http:\/\/hudo.com\/si\/2017\/02\/16\/koalicija-o-izzivih-za-2017\/"},"modified":"2017-02-16T16:20:00","modified_gmt":"2017-02-16T15:20:00","slug":"koalicija-o-izzivih-za-2017","status":"publish","type":"post","link":"https:\/\/hudo.com\/si\/aktualno\/koalicija-o-izzivih-za-2017\/","title":{"rendered":"Koalicija o izzivih za 2017"},"content":{"rendered":"<p>Danes pozno popoldne bo na Brdu pri Kranju potekal prvi koalicijski vrh ministrske posadke in poslancev koalicijskih strank. Po razre\u0161itvi notranjih zadev v najve\u010dji koalicijski stranki SMC ga je sklical predsednik vlade Miro Cerar. Koalicijski vrh se bo tokrat dotaknil aktualnih politi\u010dnih tem s poudarkom na zdravstveni reformi, demografskem skladu ter socialni in dru\u017einski politiki. Po nekaterih infomacijah pa naj bi se koalicija dotaknila tudi vpra\u0161anja drugega tira Diva\u010da Koper. Po tem, ko je bil razre\u0161en spor med predsednikom SMC Cerarej in drugim najmo\u010dnej\u0161im politikom te stranke, podpredsednikom Milanom Brglezom, ki se je vlekel dva tedna, se o\u010ditno sedaj pozornost preusmerja na manj\u0161i koalicijski partnerici, Socialne demokrate in Desus. Neuradno v SMC niso zadovoljni z razvojem dela na podro\u010dju socialne politike, zato je na koalicijskem sre\u010danju pri\u010dakovati kritike v pogovoru o tej temi. Kritik bo torej dele\u017ena ministrica za delo in socialne zadeve Anja Kopa\u010d Mrak, ki prihaja iz ministrske kvote SD. V polnem teku je tudi priprava zakona o demografskem skladu, ki naj bi bil nared letos. Ministrstvo za finance predlog zakona pripravlja na podlagi koalicijsko usklajenih izhodi\u0161\u010d. Nekatera vpra\u0161anja so \u0161e odprta in jih bodo re\u0161evali v okviru delovne skupine. Za koalicijo pa najve\u010dji izziv predstavlja zdravstvena reforma, glede katere sopri\u010dakovanja koalicijskih partnerjev precej razli\u010dne. Predlog zakona o zdravstvenem varstvu in zdravstvenem zavarovanju, ki je v javni razpravi, je bil dele\u017een \u0161tevilnih ostrih odzivov, koalicijski partnerji pa so v\u010deraj prejeli zadnji dopolnjen predlog novele zakona o zdravstveni dejavnosti. Ministrica Milojka Kolar Celarc pri\u010dakuje, da bo v petih dneh na to temo potekal \u0161e en koalicijski vrh. Ob tem pa ultimativno napoveduje, da je to njen zadnji predlog zakona in ga bo poslala v vladno obravnavo, tudi \u010de bo neusklajen. Najbolj vro\u010da tema znotraj zakona o zdravni\u0161ki dejavnosti so koncesije, ki bi jih bilo mogo\u010de podeljevati za n<\/p>\n","protected":false},"excerpt":{"rendered":"<p>Danes pozno popoldne bo na Brdu pri Kranju potekal prvi koalicijski vrh ministrske posadke in poslancev koalicijskih strank. Po razre\u0161itvi notranjih zadev v najve\u010dji koalicijski stranki SMC ga je sklical predsednik vlade Miro Cerar. Koalicijski vrh se bo tokrat dotaknil aktualnih politi\u010dnih tem s poudarkom na zdravstveni reformi, demografskem skladu ter socialni in dru\u017einski politiki. Po nekaterih infomacijah pa naj bi se koalicija dotaknila tudi vpra\u0161anja drugega tira Diva\u010da Koper. Po tem, ko je bil razre\u0161en spor med predsednikom SMC Cerarej in drugim najmo\u010dnej\u0161im politikom te stranke, podpredsednikom Milanom Brglezom, ki se je vlekel dva tedna, se o\u010ditno sedaj pozornost preusmerja na manj\u0161i koalicijski partnerici, Socialne demokrate in Desus. Neuradno v SMC niso zadovoljni z razvojem dela na podro\u010dju socialne politike, zato je na koalicijskem sre\u010danju pri\u010dakovati kritike v pogovoru o tej temi. Kritik bo torej dele\u017ena ministrica za delo in socialne zadeve Anja Kopa\u010d Mrak, ki prihaja iz ministrske kvote SD. V polnem teku je tudi priprava zakona o demografskem skladu, ki naj bi bil nared letos. Ministrstvo za finance predlog zakona pripravlja na podlagi koalicijsko usklajenih izhodi\u0161\u010d. Nekatera vpra\u0161anja so \u0161e odprta in jih bodo re\u0161evali v okviru delovne skupine. Za koalicijo pa najve\u010dji izziv predstavlja zdravstvena reforma, glede katere sopri\u010dakovanja koalicijskih partnerjev precej razli\u010dne. Predlog zakona o zdravstvenem varstvu in zdravstvenem zavarovanju, ki je v javni razpravi, je bil dele\u017een \u0161tevilnih ostrih odzivov, koalicijski partnerji pa so v\u010deraj prejeli zadnji dopolnjen predlog novele zakona o zdravstveni dejavnosti. Ministrica Milojka Kolar Celarc pri\u010dakuje, da bo v petih dneh na to temo potekal \u0161e en koalicijski vrh. Ob tem pa ultimativno napoveduje, da je to njen zadnji predlog zakona in ga bo poslala v vladno obravnavo, tudi \u010de bo neusklajen. Najbolj vro\u010da tema znotraj zakona o zdravni\u0161ki dejavnosti so koncesije, ki bi jih bilo mogo\u010de podeljevati za n<\/p>\n","protected":false},"author":1,"featured_media":0,"comment_status":"closed","ping_status":"closed","sticky":false,"template":"","format":"standard","meta":{"footnotes":""},"categories":[1179],"tags":[],"source":[1711],"supertag":[],"acf":[],"yoast_head":"<!-- This site is optimized with the Yoast SEO plugin v21.3 - https:\/\/yoast.com\/wordpress\/plugins\/seo\/ -->\n<title>Koalicija o izzivih za 2017 - Hudo Slovenija<\/title>\n<meta name=\"robots\" content=\"index, follow, max-snippet:-1, max-image-preview:large, max-video-preview:-1\" \/>\n<link rel=\"canonical\" href=\"https:\/\/hudo.com\/si\/aktualno\/koalicija-o-izzivih-za-2017\/\" \/>\n<meta property=\"og:locale\" content=\"sl_SI\" \/>\n<meta property=\"og:type\" content=\"article\" \/>\n<meta property=\"og:title\" content=\"Koalicija o izzivih za 2017 - Hudo Slovenija\" \/>\n<meta property=\"og:description\" content=\"Danes pozno popoldne bo na Brdu pri Kranju potekal prvi koalicijski vrh ministrske posadke in poslancev koalicijskih strank. Po razre\u0161itvi notranjih zadev v najve\u010dji koalicijski stranki SMC ga je sklical predsednik vlade Miro Cerar. Koalicijski vrh se bo tokrat dotaknil aktualnih politi\u010dnih tem s poudarkom na zdravstveni reformi, demografskem skladu ter socialni in dru\u017einski politiki. Po nekaterih infomacijah pa naj bi se koalicija dotaknila tudi vpra\u0161anja drugega tira Diva\u010da Koper. Po tem, ko je bil razre\u0161en spor med predsednikom SMC Cerarej in drugim najmo\u010dnej\u0161im politikom te stranke, podpredsednikom Milanom Brglezom, ki se je vlekel dva tedna, se o\u010ditno sedaj pozornost preusmerja na manj\u0161i koalicijski partnerici, Socialne demokrate in Desus. Neuradno v SMC niso zadovoljni z razvojem dela na podro\u010dju socialne politike, zato je na koalicijskem sre\u010danju pri\u010dakovati kritike v pogovoru o tej temi. Kritik bo torej dele\u017ena ministrica za delo in socialne zadeve Anja Kopa\u010d Mrak, ki prihaja iz ministrske kvote SD. V polnem teku je tudi priprava zakona o demografskem skladu, ki naj bi bil nared letos. Ministrstvo za finance predlog zakona pripravlja na podlagi koalicijsko usklajenih izhodi\u0161\u010d. Nekatera vpra\u0161anja so \u0161e odprta in jih bodo re\u0161evali v okviru delovne skupine. Za koalicijo pa najve\u010dji izziv predstavlja zdravstvena reforma, glede katere sopri\u010dakovanja koalicijskih partnerjev precej razli\u010dne. Predlog zakona o zdravstvenem varstvu in zdravstvenem zavarovanju, ki je v javni razpravi, je bil dele\u017een \u0161tevilnih ostrih odzivov, koalicijski partnerji pa so v\u010deraj prejeli zadnji dopolnjen predlog novele zakona o zdravstveni dejavnosti. Ministrica Milojka Kolar Celarc pri\u010dakuje, da bo v petih dneh na to temo potekal \u0161e en koalicijski vrh. Ob tem pa ultimativno napoveduje, da je to njen zadnji predlog zakona in ga bo poslala v vladno obravnavo, tudi \u010de bo neusklajen. Najbolj vro\u010da tema znotraj zakona o zdravni\u0161ki dejavnosti so koncesije, ki bi jih bilo mogo\u010de podeljevati za n\" \/>\n<meta property=\"og:url\" content=\"https:\/\/hudo.com\/si\/aktualno\/koalicija-o-izzivih-za-2017\/\" \/>\n<meta property=\"og:site_name\" content=\"Hudo Slovenija\" \/>\n<meta property=\"article:publisher\" content=\"https:\/\/www.facebook.com\/hudo.si\" \/>\n<meta property=\"article:published_time\" content=\"2017-02-16T15:20:00+00:00\" \/>\n<meta property=\"og:image\" content=\"https:\/\/hudo.com\/si\/wp-content\/uploads\/sites\/2\/2017\/02\/mir-300.jpg\" \/>\n\t<meta property=\"og:image:width\" content=\"450\" \/>\n\t<meta property=\"og:image:height\" content=\"323\" \/>\n\t<meta property=\"og:image:type\" content=\"image\/jpeg\" \/>\n<meta name=\"author\" content=\"hudo\" \/>\n<meta name=\"twitter:card\" content=\"summary_large_image\" \/>\n<meta name=\"twitter:creator\" content=\"@hudo_si\" \/>\n<meta name=\"twitter:site\" content=\"@hudo_si\" \/>\n<meta name=\"twitter:label1\" content=\"Written by\" \/>\n\t<meta name=\"twitter:data1\" content=\"hudo\" \/>\n\t<meta name=\"twitter:label2\" content=\"Est. reading time\" \/>\n\t<meta name=\"twitter:data2\" content=\"2 minuti\" \/>\n<script type=\"application\/ld+json\" class=\"yoast-schema-graph\">{\"@context\":\"https:\/\/schema.org\",\"@graph\":[{\"@type\":\"Article\",\"@id\":\"https:\/\/hudo.com\/si\/aktualno\/koalicija-o-izzivih-za-2017\/#article\",\"isPartOf\":{\"@id\":\"https:\/\/hudo.com\/si\/aktualno\/koalicija-o-izzivih-za-2017\/\"},\"author\":{\"name\":\"hudo\",\"@id\":\"https:\/\/hudo.com\/si\/#\/schema\/person\/601cf3379633985b20f7e50f2bb47707\"},\"headline\":\"Koalicija o izzivih za 2017\",\"datePublished\":\"2017-02-16T15:20:00+00:00\",\"dateModified\":\"2017-02-16T15:20:00+00:00\",\"mainEntityOfPage\":{\"@id\":\"https:\/\/hudo.com\/si\/aktualno\/koalicija-o-izzivih-za-2017\/\"},\"wordCount\":329,\"publisher\":{\"@id\":\"https:\/\/hudo.com\/si\/#organization\"},\"articleSection\":[\"Aktualno\"],\"inLanguage\":\"sl-SI\"},{\"@type\":\"WebPage\",\"@id\":\"https:\/\/hudo.com\/si\/aktualno\/koalicija-o-izzivih-za-2017\/\",\"url\":\"https:\/\/hudo.com\/si\/aktualno\/koalicija-o-izzivih-za-2017\/\",\"name\":\"Koalicija o izzivih za 2017 - Hudo Slovenija\",\"isPartOf\":{\"@id\":\"https:\/\/hudo.com\/si\/#website\"},\"datePublished\":\"2017-02-16T15:20:00+00:00\",\"dateModified\":\"2017-02-16T15:20:00+00:00\",\"breadcrumb\":{\"@id\":\"https:\/\/hudo.com\/si\/aktualno\/koalicija-o-izzivih-za-2017\/#breadcrumb\"},\"inLanguage\":\"sl-SI\",\"potentialAction\":[{\"@type\":\"ReadAction\",\"target\":[\"https:\/\/hudo.com\/si\/aktualno\/koalicija-o-izzivih-za-2017\/\"]}]},{\"@type\":\"BreadcrumbList\",\"@id\":\"https:\/\/hudo.com\/si\/aktualno\/koalicija-o-izzivih-za-2017\/#breadcrumb\",\"itemListElement\":[{\"@type\":\"ListItem\",\"position\":1,\"name\":\"Home\",\"item\":\"https:\/\/hudo.com\/si\/\"},{\"@type\":\"ListItem\",\"position\":2,\"name\":\"Koalicija o izzivih za 2017\"}]},{\"@type\":\"WebSite\",\"@id\":\"https:\/\/hudo.com\/si\/#website\",\"url\":\"https:\/\/hudo.com\/si\/\",\"name\":\"Hudo Slovenija\",\"description\":\"Vse novice iz Slovenije in sveta\",\"publisher\":{\"@id\":\"https:\/\/hudo.com\/si\/#organization\"},\"potentialAction\":[{\"@type\":\"SearchAction\",\"target\":{\"@type\":\"EntryPoint\",\"urlTemplate\":\"https:\/\/hudo.com\/si\/?s={search_term_string}\"},\"query-input\":\"required name=search_term_string\"}],\"inLanguage\":\"sl-SI\"},{\"@type\":\"Organization\",\"@id\":\"https:\/\/hudo.com\/si\/#organization\",\"name\":\"VSN Media\",\"url\":\"https:\/\/hudo.com\/si\/\",\"logo\":{\"@type\":\"ImageObject\",\"inLanguage\":\"sl-SI\",\"@id\":\"https:\/\/hudo.com\/si\/#\/schema\/logo\/image\/\",\"url\":\"https:\/\/hudo.com\/si\/wp-content\/uploads\/sites\/2\/2021\/03\/hudo-app-2.png\",\"contentUrl\":\"https:\/\/hudo.com\/si\/wp-content\/uploads\/sites\/2\/2021\/03\/hudo-app-2.png\",\"width\":2185,\"height\":2167,\"caption\":\"VSN Media\"},\"image\":{\"@id\":\"https:\/\/hudo.com\/si\/#\/schema\/logo\/image\/\"},\"sameAs\":[\"https:\/\/www.facebook.com\/hudo.si\",\"https:\/\/twitter.com\/hudo_si\"]},{\"@type\":\"Person\",\"@id\":\"https:\/\/hudo.com\/si\/#\/schema\/person\/601cf3379633985b20f7e50f2bb47707\",\"name\":\"hudo\",\"image\":{\"@type\":\"ImageObject\",\"inLanguage\":\"sl-SI\",\"@id\":\"https:\/\/hudo.com\/si\/#\/schema\/person\/image\/\",\"url\":\"https:\/\/secure.gravatar.com\/avatar\/c4ca25fa72cace7a696b52ff5db9e095?s=96&d=mm&r=g\",\"contentUrl\":\"https:\/\/secure.gravatar.com\/avatar\/c4ca25fa72cace7a696b52ff5db9e095?s=96&d=mm&r=g\",\"caption\":\"hudo\"},\"url\":\"https:\/\/hudo.com\/si\/author\/hudo\/\"}]}<\/script>\n<!-- \/ Yoast SEO plugin. -->","yoast_head_json":{"title":"Koalicija o izzivih za 2017 - Hudo Slovenija","robots":{"index":"index","follow":"follow","max-snippet":"max-snippet:-1","max-image-preview":"max-image-preview:large","max-video-preview":"max-video-preview:-1"},"canonical":"https:\/\/hudo.com\/si\/aktualno\/koalicija-o-izzivih-za-2017\/","og_locale":"sl_SI","og_type":"article","og_title":"Koalicija o izzivih za 2017 - Hudo Slovenija","og_description":"Danes pozno popoldne bo na Brdu pri Kranju potekal prvi koalicijski vrh ministrske posadke in poslancev koalicijskih strank. Po razre\u0161itvi notranjih zadev v najve\u010dji koalicijski stranki SMC ga je sklical predsednik vlade Miro Cerar. Koalicijski vrh se bo tokrat dotaknil aktualnih politi\u010dnih tem s poudarkom na zdravstveni reformi, demografskem skladu ter socialni in dru\u017einski politiki. Po nekaterih infomacijah pa naj bi se koalicija dotaknila tudi vpra\u0161anja drugega tira Diva\u010da Koper. Po tem, ko je bil razre\u0161en spor med predsednikom SMC Cerarej in drugim najmo\u010dnej\u0161im politikom te stranke, podpredsednikom Milanom Brglezom, ki se je vlekel dva tedna, se o\u010ditno sedaj pozornost preusmerja na manj\u0161i koalicijski partnerici, Socialne demokrate in Desus. Neuradno v SMC niso zadovoljni z razvojem dela na podro\u010dju socialne politike, zato je na koalicijskem sre\u010danju pri\u010dakovati kritike v pogovoru o tej temi. Kritik bo torej dele\u017ena ministrica za delo in socialne zadeve Anja Kopa\u010d Mrak, ki prihaja iz ministrske kvote SD. V polnem teku je tudi priprava zakona o demografskem skladu, ki naj bi bil nared letos. Ministrstvo za finance predlog zakona pripravlja na podlagi koalicijsko usklajenih izhodi\u0161\u010d. Nekatera vpra\u0161anja so \u0161e odprta in jih bodo re\u0161evali v okviru delovne skupine. Za koalicijo pa najve\u010dji izziv predstavlja zdravstvena reforma, glede katere sopri\u010dakovanja koalicijskih partnerjev precej razli\u010dne. Predlog zakona o zdravstvenem varstvu in zdravstvenem zavarovanju, ki je v javni razpravi, je bil dele\u017een \u0161tevilnih ostrih odzivov, koalicijski partnerji pa so v\u010deraj prejeli zadnji dopolnjen predlog novele zakona o zdravstveni dejavnosti. Ministrica Milojka Kolar Celarc pri\u010dakuje, da bo v petih dneh na to temo potekal \u0161e en koalicijski vrh. Ob tem pa ultimativno napoveduje, da je to njen zadnji predlog zakona in ga bo poslala v vladno obravnavo, tudi \u010de bo neusklajen. Najbolj vro\u010da tema znotraj zakona o zdravni\u0161ki dejavnosti so koncesije, ki bi jih bilo mogo\u010de podeljevati za n","og_url":"https:\/\/hudo.com\/si\/aktualno\/koalicija-o-izzivih-za-2017\/","og_site_name":"Hudo Slovenija","article_publisher":"https:\/\/www.facebook.com\/hudo.si","article_published_time":"2017-02-16T15:20:00+00:00","og_image":[{"width":450,"height":323,"url":"https:\/\/hudo.com\/si\/wp-content\/uploads\/sites\/2\/2017\/02\/mir-300.jpg","type":"image\/jpeg"}],"author":"hudo","twitter_card":"summary_large_image","twitter_creator":"@hudo_si","twitter_site":"@hudo_si","twitter_misc":{"Written by":"hudo","Est. reading time":"2 minuti"},"schema":{"@context":"https:\/\/schema.org","@graph":[{"@type":"Article","@id":"https:\/\/hudo.com\/si\/aktualno\/koalicija-o-izzivih-za-2017\/#article","isPartOf":{"@id":"https:\/\/hudo.com\/si\/aktualno\/koalicija-o-izzivih-za-2017\/"},"author":{"name":"hudo","@id":"https:\/\/hudo.com\/si\/#\/schema\/person\/601cf3379633985b20f7e50f2bb47707"},"headline":"Koalicija o izzivih za 2017","datePublished":"2017-02-16T15:20:00+00:00","dateModified":"2017-02-16T15:20:00+00:00","mainEntityOfPage":{"@id":"https:\/\/hudo.com\/si\/aktualno\/koalicija-o-izzivih-za-2017\/"},"wordCount":329,"publisher":{"@id":"https:\/\/hudo.com\/si\/#organization"},"articleSection":["Aktualno"],"inLanguage":"sl-SI"},{"@type":"WebPage","@id":"https:\/\/hudo.com\/si\/aktualno\/koalicija-o-izzivih-za-2017\/","url":"https:\/\/hudo.com\/si\/aktualno\/koalicija-o-izzivih-za-2017\/","name":"Koalicija o izzivih za 2017 - Hudo Slovenija","isPartOf":{"@id":"https:\/\/hudo.com\/si\/#website"},"datePublished":"2017-02-16T15:20:00+00:00","dateModified":"2017-02-16T15:20:00+00:00","breadcrumb":{"@id":"https:\/\/hudo.com\/si\/aktualno\/koalicija-o-izzivih-za-2017\/#breadcrumb"},"inLanguage":"sl-SI","potentialAction":[{"@type":"ReadAction","target":["https:\/\/hudo.com\/si\/aktualno\/koalicija-o-izzivih-za-2017\/"]}]},{"@type":"BreadcrumbList","@id":"https:\/\/hudo.com\/si\/aktualno\/koalicija-o-izzivih-za-2017\/#breadcrumb","itemListElement":[{"@type":"ListItem","position":1,"name":"Home","item":"https:\/\/hudo.com\/si\/"},{"@type":"ListItem","position":2,"name":"Koalicija o izzivih za 2017"}]},{"@type":"WebSite","@id":"https:\/\/hudo.com\/si\/#website","url":"https:\/\/hudo.com\/si\/","name":"Hudo Slovenija","description":"Vse novice iz Slovenije in sveta","publisher":{"@id":"https:\/\/hudo.com\/si\/#organization"},"potentialAction":[{"@type":"SearchAction","target":{"@type":"EntryPoint","urlTemplate":"https:\/\/hudo.com\/si\/?s={search_term_string}"},"query-input":"required name=search_term_string"}],"inLanguage":"sl-SI"},{"@type":"Organization","@id":"https:\/\/hudo.com\/si\/#organization","name":"VSN Media","url":"https:\/\/hudo.com\/si\/","logo":{"@type":"ImageObject","inLanguage":"sl-SI","@id":"https:\/\/hudo.com\/si\/#\/schema\/logo\/image\/","url":"https:\/\/hudo.com\/si\/wp-content\/uploads\/sites\/2\/2021\/03\/hudo-app-2.png","contentUrl":"https:\/\/hudo.com\/si\/wp-content\/uploads\/sites\/2\/2021\/03\/hudo-app-2.png","width":2185,"height":2167,"caption":"VSN Media"},"image":{"@id":"https:\/\/hudo.com\/si\/#\/schema\/logo\/image\/"},"sameAs":["https:\/\/www.facebook.com\/hudo.si","https:\/\/twitter.com\/hudo_si"]},{"@type":"Person","@id":"https:\/\/hudo.com\/si\/#\/schema\/person\/601cf3379633985b20f7e50f2bb47707","name":"hudo","image":{"@type":"ImageObject","inLanguage":"sl-SI","@id":"https:\/\/hudo.com\/si\/#\/schema\/person\/image\/","url":"https:\/\/secure.gravatar.com\/avatar\/c4ca25fa72cace7a696b52ff5db9e095?s=96&d=mm&r=g","contentUrl":"https:\/\/secure.gravatar.com\/avatar\/c4ca25fa72cace7a696b52ff5db9e095?s=96&d=mm&r=g","caption":"hudo"},"url":"https:\/\/hudo.com\/si\/author\/hudo\/"}]}},"amp_enabled":true,"_links":{"self":[{"href":"https:\/\/hudo.com\/si\/wp-json\/wp\/v2\/posts\/211272"}],"collection":[{"href":"https:\/\/hudo.com\/si\/wp-json\/wp\/v2\/posts"}],"about":[{"href":"https:\/\/hudo.com\/si\/wp-json\/wp\/v2\/types\/post"}],"author":[{"embeddable":true,"href":"https:\/\/hudo.com\/si\/wp-json\/wp\/v2\/users\/1"}],"replies":[{"embeddable":true,"href":"https:\/\/hudo.com\/si\/wp-json\/wp\/v2\/comments?post=211272"}],"version-history":[{"count":0,"href":"https:\/\/hudo.com\/si\/wp-json\/wp\/v2\/posts\/211272\/revisions"}],"wp:attachment":[{"href":"https:\/\/hudo.com\/si\/wp-json\/wp\/v2\/media?parent=211272"}],"wp:term":[{"taxonomy":"category","embeddable":true,"href":"https:\/\/hudo.com\/si\/wp-json\/wp\/v2\/categories?post=211272"},{"taxonomy":"post_tag","embeddable":true,"href":"https:\/\/hudo.com\/si\/wp-json\/wp\/v2\/tags?post=211272"},{"taxonomy":"source","embeddable":true,"href":"https:\/\/hudo.com\/si\/wp-json\/wp\/v2\/source?post=211272"},{"taxonomy":"supertag","embeddable":true,"href":"https:\/\/hudo.com\/si\/wp-json\/wp\/v2\/supertag?post=211272"}],"curies":[{"name":"wp","href":"https:\/\/api.w.org\/{rel}","templated":true}]}}