{"id":211274,"date":"2017-02-16T16:15:00","date_gmt":"2017-02-16T15:15:00","guid":{"rendered":"http:\/\/hudo.com\/si\/2017\/02\/16\/noz-v-hrbtu-najmocnejsega-srbskega-politika\/"},"modified":"2017-02-17T07:31:00","modified_gmt":"2017-02-17T06:31:00","slug":"noz-v-hrbtu-najmocnejsega-srbskega-politika","status":"publish","type":"post","link":"https:\/\/hudo.com\/si\/aktualno\/noz-v-hrbtu-najmocnejsega-srbskega-politika\/","title":{"rendered":"No\u017e v hrbtu najmo\u010dnej\u0161ega srbskega politika?"},"content":{"rendered":"<p>Kategorija: Evropa Thu, 16 Feb 2017 17:15:00 +0100  V Srbiji je\u00a0nepotrjena vest, da naj bi predsednik Tomislav Nikoli\u0107 kandidiral za nov mandat, dvignila veliko prahu. Ker so njegovi naprednjaki\u00a0za kandidata podprli\u00a0premierja Aleksandra Vu\u010di\u0107a, se javnost spra\u0161uje, ali je Nikoli\u0107 zabodel Vu\u010di\u0107u no\u017e v hrbet. Po mnenju srbskih analitikov bi\u00a0kandidatura Tomislava Nikoli\u0107a, ki je zagotavljal, da ne bo delal v \u0161kodo lastne stranke, pomenila politi\u010dni napad na Srbsko napredno stranko (SNS) in Aleksandra Vu\u010di\u0107a. Nikoli\u0107 naj bi se v tem primeru pridru\u017eil opozicijskim politi\u010dnim akterjem, ki \u017ee ve\u010d mesecev sistemati\u010dno posku\u0161ajo poru\u0161iti Vu\u010di\u0107evo kredibilnost. Njegova kandidatura bi vnesla zmedo v predsedni\u0161ko tekmo, vendar bi Vu\u010di\u0107a le oplazila in mu ne bi povzro\u010dila \u0161kode. \u00a0Politi\u010dni preobrat pred volitvami Makedonski in hrva\u0161ki mediji \u017ee napovedujejo politi\u010dni preobrat in negotove predsedni\u0161ke volitve. Po poro\u010danju\u00a0Jutarnjega lista\u00a0se je Vu\u010di\u0107u stemnilo pred o\u010dmi, tako da je ostal brez\u00a0&#8230;<\/p>\n","protected":false},"excerpt":{"rendered":"<p>Kategorija: Evropa Thu, 16 Feb 2017 17:15:00 +0100  V Srbiji je\u00a0nepotrjena vest, da naj bi predsednik Tomislav Nikoli\u0107 kandidiral za nov mandat, dvignila veliko prahu. Ker so njegovi naprednjaki\u00a0za kandidata podprli\u00a0premierja Aleksandra Vu\u010di\u0107a, se javnost spra\u0161uje, ali je Nikoli\u0107 zabodel Vu\u010di\u0107u no\u017e v hrbet. Po mnenju srbskih analitikov bi\u00a0kandidatura Tomislava Nikoli\u0107a, ki je zagotavljal, da ne bo delal v \u0161kodo lastne stranke, pomenila politi\u010dni napad na Srbsko napredno stranko (SNS) in Aleksandra Vu\u010di\u0107a. Nikoli\u0107 naj bi se v tem primeru pridru\u017eil opozicijskim politi\u010dnim akterjem, ki \u017ee ve\u010d mesecev sistemati\u010dno posku\u0161ajo poru\u0161iti Vu\u010di\u0107evo kredibilnost. Njegova kandidatura bi vnesla zmedo v predsedni\u0161ko tekmo, vendar bi Vu\u010di\u0107a le oplazila in mu ne bi povzro\u010dila \u0161kode. \u00a0Politi\u010dni preobrat pred volitvami Makedonski in hrva\u0161ki mediji \u017ee napovedujejo politi\u010dni preobrat in negotove predsedni\u0161ke volitve. Po poro\u010danju\u00a0Jutarnjega lista\u00a0se je Vu\u010di\u0107u stemnilo pred o\u010dmi, tako da je ostal brez\u00a0&#8230;<\/p>\n","protected":false},"author":1,"featured_media":0,"comment_status":"closed","ping_status":"closed","sticky":false,"template":"","format":"standard","meta":{"footnotes":""},"categories":[1179],"tags":[],"source":[1703],"supertag":[],"acf":[],"yoast_head":"<!-- This site is optimized with the Yoast SEO plugin v21.3 - https:\/\/yoast.com\/wordpress\/plugins\/seo\/ -->\n<title>No\u017e v hrbtu najmo\u010dnej\u0161ega srbskega politika? - Hudo Slovenija<\/title>\n<meta name=\"robots\" content=\"index, follow, max-snippet:-1, max-image-preview:large, max-video-preview:-1\" \/>\n<link rel=\"canonical\" href=\"https:\/\/hudo.com\/si\/aktualno\/noz-v-hrbtu-najmocnejsega-srbskega-politika\/\" \/>\n<meta property=\"og:locale\" content=\"sl_SI\" \/>\n<meta property=\"og:type\" content=\"article\" \/>\n<meta property=\"og:title\" content=\"No\u017e v hrbtu najmo\u010dnej\u0161ega srbskega politika? - Hudo Slovenija\" \/>\n<meta property=\"og:description\" content=\"Kategorija: Evropa Thu, 16 Feb 2017 17:15:00 +0100 V Srbiji je\u00a0nepotrjena vest, da naj bi predsednik Tomislav Nikoli\u0107 kandidiral za nov mandat, dvignila veliko prahu. Ker so njegovi naprednjaki\u00a0za kandidata podprli\u00a0premierja Aleksandra Vu\u010di\u0107a, se javnost spra\u0161uje, ali je Nikoli\u0107 zabodel Vu\u010di\u0107u no\u017e v hrbet. Po mnenju srbskih analitikov bi\u00a0kandidatura Tomislava Nikoli\u0107a, ki je zagotavljal, da ne bo delal v \u0161kodo lastne stranke, pomenila politi\u010dni napad na Srbsko napredno stranko (SNS) in Aleksandra Vu\u010di\u0107a. Nikoli\u0107 naj bi se v tem primeru pridru\u017eil opozicijskim politi\u010dnim akterjem, ki \u017ee ve\u010d mesecev sistemati\u010dno posku\u0161ajo poru\u0161iti Vu\u010di\u0107evo kredibilnost. Njegova kandidatura bi vnesla zmedo v predsedni\u0161ko tekmo, vendar bi Vu\u010di\u0107a le oplazila in mu ne bi povzro\u010dila \u0161kode. \u00a0Politi\u010dni preobrat pred volitvami Makedonski in hrva\u0161ki mediji \u017ee napovedujejo politi\u010dni preobrat in negotove predsedni\u0161ke volitve. Po poro\u010danju\u00a0Jutarnjega lista\u00a0se je Vu\u010di\u0107u stemnilo pred o\u010dmi, tako da je ostal brez\u00a0...\" \/>\n<meta property=\"og:url\" content=\"https:\/\/hudo.com\/si\/aktualno\/noz-v-hrbtu-najmocnejsega-srbskega-politika\/\" \/>\n<meta property=\"og:site_name\" content=\"Hudo Slovenija\" \/>\n<meta property=\"article:publisher\" content=\"https:\/\/www.facebook.com\/hudo.si\" \/>\n<meta property=\"article:published_time\" content=\"2017-02-16T15:15:00+00:00\" \/>\n<meta property=\"article:modified_time\" content=\"2017-02-17T06:31:00+00:00\" \/>\n<meta property=\"og:image\" content=\"https:\/\/hudo.com\/si\/wp-content\/uploads\/sites\/2\/2017\/02\/480x290_Zunanja__RTX2JGD2_hires0.jpeg\" \/>\n\t<meta property=\"og:image:width\" content=\"480\" \/>\n\t<meta property=\"og:image:height\" content=\"290\" \/>\n\t<meta property=\"og:image:type\" content=\"image\/jpeg\" \/>\n<meta name=\"author\" content=\"hudo\" \/>\n<meta name=\"twitter:card\" content=\"summary_large_image\" \/>\n<meta name=\"twitter:creator\" content=\"@hudo_si\" \/>\n<meta name=\"twitter:site\" content=\"@hudo_si\" \/>\n<meta name=\"twitter:label1\" content=\"Written by\" \/>\n\t<meta name=\"twitter:data1\" content=\"hudo\" \/>\n\t<meta name=\"twitter:label2\" content=\"Est. reading time\" \/>\n\t<meta name=\"twitter:data2\" content=\"1 minuta\" \/>\n<script type=\"application\/ld+json\" class=\"yoast-schema-graph\">{\"@context\":\"https:\/\/schema.org\",\"@graph\":[{\"@type\":\"Article\",\"@id\":\"https:\/\/hudo.com\/si\/aktualno\/noz-v-hrbtu-najmocnejsega-srbskega-politika\/#article\",\"isPartOf\":{\"@id\":\"https:\/\/hudo.com\/si\/aktualno\/noz-v-hrbtu-najmocnejsega-srbskega-politika\/\"},\"author\":{\"name\":\"hudo\",\"@id\":\"https:\/\/hudo.com\/si\/#\/schema\/person\/601cf3379633985b20f7e50f2bb47707\"},\"headline\":\"No\u017e v hrbtu najmo\u010dnej\u0161ega srbskega politika?\",\"datePublished\":\"2017-02-16T15:15:00+00:00\",\"dateModified\":\"2017-02-17T06:31:00+00:00\",\"mainEntityOfPage\":{\"@id\":\"https:\/\/hudo.com\/si\/aktualno\/noz-v-hrbtu-najmocnejsega-srbskega-politika\/\"},\"wordCount\":179,\"publisher\":{\"@id\":\"https:\/\/hudo.com\/si\/#organization\"},\"articleSection\":[\"Aktualno\"],\"inLanguage\":\"sl-SI\"},{\"@type\":\"WebPage\",\"@id\":\"https:\/\/hudo.com\/si\/aktualno\/noz-v-hrbtu-najmocnejsega-srbskega-politika\/\",\"url\":\"https:\/\/hudo.com\/si\/aktualno\/noz-v-hrbtu-najmocnejsega-srbskega-politika\/\",\"name\":\"No\u017e v hrbtu najmo\u010dnej\u0161ega srbskega politika? - Hudo Slovenija\",\"isPartOf\":{\"@id\":\"https:\/\/hudo.com\/si\/#website\"},\"datePublished\":\"2017-02-16T15:15:00+00:00\",\"dateModified\":\"2017-02-17T06:31:00+00:00\",\"breadcrumb\":{\"@id\":\"https:\/\/hudo.com\/si\/aktualno\/noz-v-hrbtu-najmocnejsega-srbskega-politika\/#breadcrumb\"},\"inLanguage\":\"sl-SI\",\"potentialAction\":[{\"@type\":\"ReadAction\",\"target\":[\"https:\/\/hudo.com\/si\/aktualno\/noz-v-hrbtu-najmocnejsega-srbskega-politika\/\"]}]},{\"@type\":\"BreadcrumbList\",\"@id\":\"https:\/\/hudo.com\/si\/aktualno\/noz-v-hrbtu-najmocnejsega-srbskega-politika\/#breadcrumb\",\"itemListElement\":[{\"@type\":\"ListItem\",\"position\":1,\"name\":\"Home\",\"item\":\"https:\/\/hudo.com\/si\/\"},{\"@type\":\"ListItem\",\"position\":2,\"name\":\"No\u017e v hrbtu najmo\u010dnej\u0161ega srbskega politika?\"}]},{\"@type\":\"WebSite\",\"@id\":\"https:\/\/hudo.com\/si\/#website\",\"url\":\"https:\/\/hudo.com\/si\/\",\"name\":\"Hudo Slovenija\",\"description\":\"Vse novice iz Slovenije in sveta\",\"publisher\":{\"@id\":\"https:\/\/hudo.com\/si\/#organization\"},\"potentialAction\":[{\"@type\":\"SearchAction\",\"target\":{\"@type\":\"EntryPoint\",\"urlTemplate\":\"https:\/\/hudo.com\/si\/?s={search_term_string}\"},\"query-input\":\"required name=search_term_string\"}],\"inLanguage\":\"sl-SI\"},{\"@type\":\"Organization\",\"@id\":\"https:\/\/hudo.com\/si\/#organization\",\"name\":\"VSN Media\",\"url\":\"https:\/\/hudo.com\/si\/\",\"logo\":{\"@type\":\"ImageObject\",\"inLanguage\":\"sl-SI\",\"@id\":\"https:\/\/hudo.com\/si\/#\/schema\/logo\/image\/\",\"url\":\"https:\/\/hudo.com\/si\/wp-content\/uploads\/sites\/2\/2021\/03\/hudo-app-2.png\",\"contentUrl\":\"https:\/\/hudo.com\/si\/wp-content\/uploads\/sites\/2\/2021\/03\/hudo-app-2.png\",\"width\":2185,\"height\":2167,\"caption\":\"VSN Media\"},\"image\":{\"@id\":\"https:\/\/hudo.com\/si\/#\/schema\/logo\/image\/\"},\"sameAs\":[\"https:\/\/www.facebook.com\/hudo.si\",\"https:\/\/twitter.com\/hudo_si\"]},{\"@type\":\"Person\",\"@id\":\"https:\/\/hudo.com\/si\/#\/schema\/person\/601cf3379633985b20f7e50f2bb47707\",\"name\":\"hudo\",\"image\":{\"@type\":\"ImageObject\",\"inLanguage\":\"sl-SI\",\"@id\":\"https:\/\/hudo.com\/si\/#\/schema\/person\/image\/\",\"url\":\"https:\/\/secure.gravatar.com\/avatar\/c4ca25fa72cace7a696b52ff5db9e095?s=96&d=mm&r=g\",\"contentUrl\":\"https:\/\/secure.gravatar.com\/avatar\/c4ca25fa72cace7a696b52ff5db9e095?s=96&d=mm&r=g\",\"caption\":\"hudo\"},\"url\":\"https:\/\/hudo.com\/si\/author\/hudo\/\"}]}<\/script>\n<!-- \/ Yoast SEO plugin. -->","yoast_head_json":{"title":"No\u017e v hrbtu najmo\u010dnej\u0161ega srbskega politika? - Hudo Slovenija","robots":{"index":"index","follow":"follow","max-snippet":"max-snippet:-1","max-image-preview":"max-image-preview:large","max-video-preview":"max-video-preview:-1"},"canonical":"https:\/\/hudo.com\/si\/aktualno\/noz-v-hrbtu-najmocnejsega-srbskega-politika\/","og_locale":"sl_SI","og_type":"article","og_title":"No\u017e v hrbtu najmo\u010dnej\u0161ega srbskega politika? - Hudo Slovenija","og_description":"Kategorija: Evropa Thu, 16 Feb 2017 17:15:00 +0100 V Srbiji je\u00a0nepotrjena vest, da naj bi predsednik Tomislav Nikoli\u0107 kandidiral za nov mandat, dvignila veliko prahu. Ker so njegovi naprednjaki\u00a0za kandidata podprli\u00a0premierja Aleksandra Vu\u010di\u0107a, se javnost spra\u0161uje, ali je Nikoli\u0107 zabodel Vu\u010di\u0107u no\u017e v hrbet. Po mnenju srbskih analitikov bi\u00a0kandidatura Tomislava Nikoli\u0107a, ki je zagotavljal, da ne bo delal v \u0161kodo lastne stranke, pomenila politi\u010dni napad na Srbsko napredno stranko (SNS) in Aleksandra Vu\u010di\u0107a. Nikoli\u0107 naj bi se v tem primeru pridru\u017eil opozicijskim politi\u010dnim akterjem, ki \u017ee ve\u010d mesecev sistemati\u010dno posku\u0161ajo poru\u0161iti Vu\u010di\u0107evo kredibilnost. Njegova kandidatura bi vnesla zmedo v predsedni\u0161ko tekmo, vendar bi Vu\u010di\u0107a le oplazila in mu ne bi povzro\u010dila \u0161kode. \u00a0Politi\u010dni preobrat pred volitvami Makedonski in hrva\u0161ki mediji \u017ee napovedujejo politi\u010dni preobrat in negotove predsedni\u0161ke volitve. Po poro\u010danju\u00a0Jutarnjega lista\u00a0se je Vu\u010di\u0107u stemnilo pred o\u010dmi, tako da je ostal brez\u00a0...","og_url":"https:\/\/hudo.com\/si\/aktualno\/noz-v-hrbtu-najmocnejsega-srbskega-politika\/","og_site_name":"Hudo Slovenija","article_publisher":"https:\/\/www.facebook.com\/hudo.si","article_published_time":"2017-02-16T15:15:00+00:00","article_modified_time":"2017-02-17T06:31:00+00:00","og_image":[{"width":480,"height":290,"url":"https:\/\/hudo.com\/si\/wp-content\/uploads\/sites\/2\/2017\/02\/480x290_Zunanja__RTX2JGD2_hires0.jpeg","type":"image\/jpeg"}],"author":"hudo","twitter_card":"summary_large_image","twitter_creator":"@hudo_si","twitter_site":"@hudo_si","twitter_misc":{"Written by":"hudo","Est. reading time":"1 minuta"},"schema":{"@context":"https:\/\/schema.org","@graph":[{"@type":"Article","@id":"https:\/\/hudo.com\/si\/aktualno\/noz-v-hrbtu-najmocnejsega-srbskega-politika\/#article","isPartOf":{"@id":"https:\/\/hudo.com\/si\/aktualno\/noz-v-hrbtu-najmocnejsega-srbskega-politika\/"},"author":{"name":"hudo","@id":"https:\/\/hudo.com\/si\/#\/schema\/person\/601cf3379633985b20f7e50f2bb47707"},"headline":"No\u017e v hrbtu najmo\u010dnej\u0161ega srbskega politika?","datePublished":"2017-02-16T15:15:00+00:00","dateModified":"2017-02-17T06:31:00+00:00","mainEntityOfPage":{"@id":"https:\/\/hudo.com\/si\/aktualno\/noz-v-hrbtu-najmocnejsega-srbskega-politika\/"},"wordCount":179,"publisher":{"@id":"https:\/\/hudo.com\/si\/#organization"},"articleSection":["Aktualno"],"inLanguage":"sl-SI"},{"@type":"WebPage","@id":"https:\/\/hudo.com\/si\/aktualno\/noz-v-hrbtu-najmocnejsega-srbskega-politika\/","url":"https:\/\/hudo.com\/si\/aktualno\/noz-v-hrbtu-najmocnejsega-srbskega-politika\/","name":"No\u017e v hrbtu najmo\u010dnej\u0161ega srbskega politika? - Hudo Slovenija","isPartOf":{"@id":"https:\/\/hudo.com\/si\/#website"},"datePublished":"2017-02-16T15:15:00+00:00","dateModified":"2017-02-17T06:31:00+00:00","breadcrumb":{"@id":"https:\/\/hudo.com\/si\/aktualno\/noz-v-hrbtu-najmocnejsega-srbskega-politika\/#breadcrumb"},"inLanguage":"sl-SI","potentialAction":[{"@type":"ReadAction","target":["https:\/\/hudo.com\/si\/aktualno\/noz-v-hrbtu-najmocnejsega-srbskega-politika\/"]}]},{"@type":"BreadcrumbList","@id":"https:\/\/hudo.com\/si\/aktualno\/noz-v-hrbtu-najmocnejsega-srbskega-politika\/#breadcrumb","itemListElement":[{"@type":"ListItem","position":1,"name":"Home","item":"https:\/\/hudo.com\/si\/"},{"@type":"ListItem","position":2,"name":"No\u017e v hrbtu najmo\u010dnej\u0161ega srbskega politika?"}]},{"@type":"WebSite","@id":"https:\/\/hudo.com\/si\/#website","url":"https:\/\/hudo.com\/si\/","name":"Hudo Slovenija","description":"Vse novice iz Slovenije in sveta","publisher":{"@id":"https:\/\/hudo.com\/si\/#organization"},"potentialAction":[{"@type":"SearchAction","target":{"@type":"EntryPoint","urlTemplate":"https:\/\/hudo.com\/si\/?s={search_term_string}"},"query-input":"required name=search_term_string"}],"inLanguage":"sl-SI"},{"@type":"Organization","@id":"https:\/\/hudo.com\/si\/#organization","name":"VSN Media","url":"https:\/\/hudo.com\/si\/","logo":{"@type":"ImageObject","inLanguage":"sl-SI","@id":"https:\/\/hudo.com\/si\/#\/schema\/logo\/image\/","url":"https:\/\/hudo.com\/si\/wp-content\/uploads\/sites\/2\/2021\/03\/hudo-app-2.png","contentUrl":"https:\/\/hudo.com\/si\/wp-content\/uploads\/sites\/2\/2021\/03\/hudo-app-2.png","width":2185,"height":2167,"caption":"VSN Media"},"image":{"@id":"https:\/\/hudo.com\/si\/#\/schema\/logo\/image\/"},"sameAs":["https:\/\/www.facebook.com\/hudo.si","https:\/\/twitter.com\/hudo_si"]},{"@type":"Person","@id":"https:\/\/hudo.com\/si\/#\/schema\/person\/601cf3379633985b20f7e50f2bb47707","name":"hudo","image":{"@type":"ImageObject","inLanguage":"sl-SI","@id":"https:\/\/hudo.com\/si\/#\/schema\/person\/image\/","url":"https:\/\/secure.gravatar.com\/avatar\/c4ca25fa72cace7a696b52ff5db9e095?s=96&d=mm&r=g","contentUrl":"https:\/\/secure.gravatar.com\/avatar\/c4ca25fa72cace7a696b52ff5db9e095?s=96&d=mm&r=g","caption":"hudo"},"url":"https:\/\/hudo.com\/si\/author\/hudo\/"}]}},"amp_enabled":true,"_links":{"self":[{"href":"https:\/\/hudo.com\/si\/wp-json\/wp\/v2\/posts\/211274"}],"collection":[{"href":"https:\/\/hudo.com\/si\/wp-json\/wp\/v2\/posts"}],"about":[{"href":"https:\/\/hudo.com\/si\/wp-json\/wp\/v2\/types\/post"}],"author":[{"embeddable":true,"href":"https:\/\/hudo.com\/si\/wp-json\/wp\/v2\/users\/1"}],"replies":[{"embeddable":true,"href":"https:\/\/hudo.com\/si\/wp-json\/wp\/v2\/comments?post=211274"}],"version-history":[{"count":1,"href":"https:\/\/hudo.com\/si\/wp-json\/wp\/v2\/posts\/211274\/revisions"}],"predecessor-version":[{"id":211340,"href":"https:\/\/hudo.com\/si\/wp-json\/wp\/v2\/posts\/211274\/revisions\/211340"}],"wp:attachment":[{"href":"https:\/\/hudo.com\/si\/wp-json\/wp\/v2\/media?parent=211274"}],"wp:term":[{"taxonomy":"category","embeddable":true,"href":"https:\/\/hudo.com\/si\/wp-json\/wp\/v2\/categories?post=211274"},{"taxonomy":"post_tag","embeddable":true,"href":"https:\/\/hudo.com\/si\/wp-json\/wp\/v2\/tags?post=211274"},{"taxonomy":"source","embeddable":true,"href":"https:\/\/hudo.com\/si\/wp-json\/wp\/v2\/source?post=211274"},{"taxonomy":"supertag","embeddable":true,"href":"https:\/\/hudo.com\/si\/wp-json\/wp\/v2\/supertag?post=211274"}],"curies":[{"name":"wp","href":"https:\/\/api.w.org\/{rel}","templated":true}]}}