{"id":211278,"date":"2017-02-16T15:47:00","date_gmt":"2017-02-16T14:47:00","guid":{"rendered":"http:\/\/hudo.com\/si\/2017\/02\/16\/pahor-z-veleposlanico-avstrije-o-osnutku-nove-koroske-dezelne-ustave\/"},"modified":"2017-02-17T07:31:03","modified_gmt":"2017-02-17T06:31:03","slug":"pahor-z-veleposlanico-avstrije-o-osnutku-nove-koroske-dezelne-ustave","status":"publish","type":"post","link":"https:\/\/hudo.com\/si\/aktualno\/pahor-z-veleposlanico-avstrije-o-osnutku-nove-koroske-dezelne-ustave\/","title":{"rendered":"Pahor z veleposlanico Avstrije o osnutku nove koro\u0161ke de\u017eelne ustave"},"content":{"rendered":"<p>Predsednik republike Borut Pahor se je danes sestal z veleposlanico Avstrije v Sloveniji Sigrid Berko in se z njo pogovoril o razmerah, ki so nastale zaradi predloga o spremembi de\u017eelne ustave avstrijske Koro\u0161ke. Strinjala sta se, da je treba v dialogu poiskati re\u0161itev, ki bo v prvi vrsti sprejemljiva za slovensko manj\u0161ino na avstrijskem Koro\u0161kem. Kot so \u0161e sporo\u010dili iz urada predsednika republike, je veleposlanica v pogovoru predstavila zakonsko in politi\u010dno ozadje omenjenega predloga spremembe de\u017eelne ustave in izpostavila, da je bil predlog mi\u0161ljen v dobri veri. Sogovornika sta na koncu poudarila, da so odli\u010dni odnosi med Slovenijo in Avstrijo velikega pomena in da si je zanje potrebno prizadevati. Osnutek nove de\u017eelne ustave avstrijske Koro\u0161ke predvideva, da bi kot de\u017eelni jezik vpeljali zgolj nem\u0161\u010dino. To je naletelo na ogor\u010den odziv tamkaj\u0161nje slovenske narodne skupnosti, kot tudi na kritike v Sloveniji. O osnutku nove koro\u0161ke de\u017eelne ustave naj bi po napovedih med drugim govorili na dana\u0161njem sestanku koalicijskih partnerjev, prihodnji teden pa bosta o tem vpra\u0161anju na skupni seji razpravljala tudi parlamentarna komisija za odnose s Slovenci v zamejstvu in po svetu ter odbor za zunanjo politiko.Slovenija<\/p>\n","protected":false},"excerpt":{"rendered":"<p>Predsednik republike Borut Pahor se je danes sestal z veleposlanico Avstrije v Sloveniji Sigrid Berko in se z njo pogovoril o razmerah, ki so nastale zaradi predloga o spremembi de\u017eelne ustave avstrijske Koro\u0161ke. Strinjala sta se, da je treba v dialogu poiskati re\u0161itev, ki bo v prvi vrsti sprejemljiva za slovensko manj\u0161ino na avstrijskem Koro\u0161kem. Kot so \u0161e sporo\u010dili iz urada predsednika republike, je veleposlanica v pogovoru predstavila zakonsko in politi\u010dno ozadje omenjenega predloga spremembe de\u017eelne ustave in izpostavila, da je bil predlog mi\u0161ljen v dobri veri. Sogovornika sta na koncu poudarila, da so odli\u010dni odnosi med Slovenijo in Avstrijo velikega pomena in da si je zanje potrebno prizadevati. Osnutek nove de\u017eelne ustave avstrijske Koro\u0161ke predvideva, da bi kot de\u017eelni jezik vpeljali zgolj nem\u0161\u010dino. To je naletelo na ogor\u010den odziv tamkaj\u0161nje slovenske narodne skupnosti, kot tudi na kritike v Sloveniji. O osnutku nove koro\u0161ke de\u017eelne ustave naj bi po napovedih med drugim govorili na dana\u0161njem sestanku koalicijskih partnerjev, prihodnji teden pa bosta o tem vpra\u0161anju na skupni seji razpravljala tudi parlamentarna komisija za odnose s Slovenci v zamejstvu in po svetu ter odbor za zunanjo politiko.Slovenija<\/p>\n","protected":false},"author":1,"featured_media":0,"comment_status":"closed","ping_status":"closed","sticky":false,"template":"","format":"standard","meta":{"footnotes":""},"categories":[1179],"tags":[],"source":[1711],"supertag":[],"acf":[],"yoast_head":"<!-- This site is optimized with the Yoast SEO plugin v21.3 - https:\/\/yoast.com\/wordpress\/plugins\/seo\/ -->\n<title>Pahor z veleposlanico Avstrije o osnutku nove koro\u0161ke de\u017eelne ustave - Hudo Slovenija<\/title>\n<meta name=\"robots\" content=\"index, follow, max-snippet:-1, max-image-preview:large, max-video-preview:-1\" \/>\n<link rel=\"canonical\" href=\"https:\/\/hudo.com\/si\/aktualno\/pahor-z-veleposlanico-avstrije-o-osnutku-nove-koroske-dezelne-ustave\/\" \/>\n<meta property=\"og:locale\" content=\"sl_SI\" \/>\n<meta property=\"og:type\" content=\"article\" \/>\n<meta property=\"og:title\" content=\"Pahor z veleposlanico Avstrije o osnutku nove koro\u0161ke de\u017eelne ustave - Hudo Slovenija\" \/>\n<meta property=\"og:description\" content=\"Predsednik republike Borut Pahor se je danes sestal z veleposlanico Avstrije v Sloveniji Sigrid Berko in se z njo pogovoril o razmerah, ki so nastale zaradi predloga o spremembi de\u017eelne ustave avstrijske Koro\u0161ke. Strinjala sta se, da je treba v dialogu poiskati re\u0161itev, ki bo v prvi vrsti sprejemljiva za slovensko manj\u0161ino na avstrijskem Koro\u0161kem. Kot so \u0161e sporo\u010dili iz urada predsednika republike, je veleposlanica v pogovoru predstavila zakonsko in politi\u010dno ozadje omenjenega predloga spremembe de\u017eelne ustave in izpostavila, da je bil predlog mi\u0161ljen v dobri veri. Sogovornika sta na koncu poudarila, da so odli\u010dni odnosi med Slovenijo in Avstrijo velikega pomena in da si je zanje potrebno prizadevati. Osnutek nove de\u017eelne ustave avstrijske Koro\u0161ke predvideva, da bi kot de\u017eelni jezik vpeljali zgolj nem\u0161\u010dino. To je naletelo na ogor\u010den odziv tamkaj\u0161nje slovenske narodne skupnosti, kot tudi na kritike v Sloveniji. O osnutku nove koro\u0161ke de\u017eelne ustave naj bi po napovedih med drugim govorili na dana\u0161njem sestanku koalicijskih partnerjev, prihodnji teden pa bosta o tem vpra\u0161anju na skupni seji razpravljala tudi parlamentarna komisija za odnose s Slovenci v zamejstvu in po svetu ter odbor za zunanjo politiko.Slovenija\" \/>\n<meta property=\"og:url\" content=\"https:\/\/hudo.com\/si\/aktualno\/pahor-z-veleposlanico-avstrije-o-osnutku-nove-koroske-dezelne-ustave\/\" \/>\n<meta property=\"og:site_name\" content=\"Hudo Slovenija\" \/>\n<meta property=\"article:publisher\" content=\"https:\/\/www.facebook.com\/hudo.si\" \/>\n<meta property=\"article:published_time\" content=\"2017-02-16T14:47:00+00:00\" \/>\n<meta property=\"article:modified_time\" content=\"2017-02-17T06:31:03+00:00\" \/>\n<meta property=\"og:image\" content=\"https:\/\/hudo.com\/si\/wp-content\/uploads\/sites\/2\/2017\/02\/00315094F-300.jpg\" \/>\n\t<meta property=\"og:image:width\" content=\"450\" \/>\n\t<meta property=\"og:image:height\" content=\"300\" \/>\n\t<meta property=\"og:image:type\" content=\"image\/jpeg\" \/>\n<meta name=\"author\" content=\"hudo\" \/>\n<meta name=\"twitter:card\" content=\"summary_large_image\" \/>\n<meta name=\"twitter:creator\" content=\"@hudo_si\" \/>\n<meta name=\"twitter:site\" content=\"@hudo_si\" \/>\n<meta name=\"twitter:label1\" content=\"Written by\" \/>\n\t<meta name=\"twitter:data1\" content=\"hudo\" \/>\n\t<meta name=\"twitter:label2\" content=\"Est. reading time\" \/>\n\t<meta name=\"twitter:data2\" content=\"1 minuta\" \/>\n<script type=\"application\/ld+json\" class=\"yoast-schema-graph\">{\"@context\":\"https:\/\/schema.org\",\"@graph\":[{\"@type\":\"Article\",\"@id\":\"https:\/\/hudo.com\/si\/aktualno\/pahor-z-veleposlanico-avstrije-o-osnutku-nove-koroske-dezelne-ustave\/#article\",\"isPartOf\":{\"@id\":\"https:\/\/hudo.com\/si\/aktualno\/pahor-z-veleposlanico-avstrije-o-osnutku-nove-koroske-dezelne-ustave\/\"},\"author\":{\"name\":\"hudo\",\"@id\":\"https:\/\/hudo.com\/si\/#\/schema\/person\/601cf3379633985b20f7e50f2bb47707\"},\"headline\":\"Pahor z veleposlanico Avstrije o osnutku nove koro\u0161ke de\u017eelne ustave\",\"datePublished\":\"2017-02-16T14:47:00+00:00\",\"dateModified\":\"2017-02-17T06:31:03+00:00\",\"mainEntityOfPage\":{\"@id\":\"https:\/\/hudo.com\/si\/aktualno\/pahor-z-veleposlanico-avstrije-o-osnutku-nove-koroske-dezelne-ustave\/\"},\"wordCount\":219,\"publisher\":{\"@id\":\"https:\/\/hudo.com\/si\/#organization\"},\"articleSection\":[\"Aktualno\"],\"inLanguage\":\"sl-SI\"},{\"@type\":\"WebPage\",\"@id\":\"https:\/\/hudo.com\/si\/aktualno\/pahor-z-veleposlanico-avstrije-o-osnutku-nove-koroske-dezelne-ustave\/\",\"url\":\"https:\/\/hudo.com\/si\/aktualno\/pahor-z-veleposlanico-avstrije-o-osnutku-nove-koroske-dezelne-ustave\/\",\"name\":\"Pahor z veleposlanico Avstrije o osnutku nove koro\u0161ke de\u017eelne ustave - Hudo Slovenija\",\"isPartOf\":{\"@id\":\"https:\/\/hudo.com\/si\/#website\"},\"datePublished\":\"2017-02-16T14:47:00+00:00\",\"dateModified\":\"2017-02-17T06:31:03+00:00\",\"breadcrumb\":{\"@id\":\"https:\/\/hudo.com\/si\/aktualno\/pahor-z-veleposlanico-avstrije-o-osnutku-nove-koroske-dezelne-ustave\/#breadcrumb\"},\"inLanguage\":\"sl-SI\",\"potentialAction\":[{\"@type\":\"ReadAction\",\"target\":[\"https:\/\/hudo.com\/si\/aktualno\/pahor-z-veleposlanico-avstrije-o-osnutku-nove-koroske-dezelne-ustave\/\"]}]},{\"@type\":\"BreadcrumbList\",\"@id\":\"https:\/\/hudo.com\/si\/aktualno\/pahor-z-veleposlanico-avstrije-o-osnutku-nove-koroske-dezelne-ustave\/#breadcrumb\",\"itemListElement\":[{\"@type\":\"ListItem\",\"position\":1,\"name\":\"Home\",\"item\":\"https:\/\/hudo.com\/si\/\"},{\"@type\":\"ListItem\",\"position\":2,\"name\":\"Pahor z veleposlanico Avstrije o osnutku nove koro\u0161ke de\u017eelne ustave\"}]},{\"@type\":\"WebSite\",\"@id\":\"https:\/\/hudo.com\/si\/#website\",\"url\":\"https:\/\/hudo.com\/si\/\",\"name\":\"Hudo Slovenija\",\"description\":\"Vse novice iz Slovenije in sveta\",\"publisher\":{\"@id\":\"https:\/\/hudo.com\/si\/#organization\"},\"potentialAction\":[{\"@type\":\"SearchAction\",\"target\":{\"@type\":\"EntryPoint\",\"urlTemplate\":\"https:\/\/hudo.com\/si\/?s={search_term_string}\"},\"query-input\":\"required name=search_term_string\"}],\"inLanguage\":\"sl-SI\"},{\"@type\":\"Organization\",\"@id\":\"https:\/\/hudo.com\/si\/#organization\",\"name\":\"VSN Media\",\"url\":\"https:\/\/hudo.com\/si\/\",\"logo\":{\"@type\":\"ImageObject\",\"inLanguage\":\"sl-SI\",\"@id\":\"https:\/\/hudo.com\/si\/#\/schema\/logo\/image\/\",\"url\":\"https:\/\/hudo.com\/si\/wp-content\/uploads\/sites\/2\/2021\/03\/hudo-app-2.png\",\"contentUrl\":\"https:\/\/hudo.com\/si\/wp-content\/uploads\/sites\/2\/2021\/03\/hudo-app-2.png\",\"width\":2185,\"height\":2167,\"caption\":\"VSN Media\"},\"image\":{\"@id\":\"https:\/\/hudo.com\/si\/#\/schema\/logo\/image\/\"},\"sameAs\":[\"https:\/\/www.facebook.com\/hudo.si\",\"https:\/\/twitter.com\/hudo_si\"]},{\"@type\":\"Person\",\"@id\":\"https:\/\/hudo.com\/si\/#\/schema\/person\/601cf3379633985b20f7e50f2bb47707\",\"name\":\"hudo\",\"image\":{\"@type\":\"ImageObject\",\"inLanguage\":\"sl-SI\",\"@id\":\"https:\/\/hudo.com\/si\/#\/schema\/person\/image\/\",\"url\":\"https:\/\/secure.gravatar.com\/avatar\/c4ca25fa72cace7a696b52ff5db9e095?s=96&d=mm&r=g\",\"contentUrl\":\"https:\/\/secure.gravatar.com\/avatar\/c4ca25fa72cace7a696b52ff5db9e095?s=96&d=mm&r=g\",\"caption\":\"hudo\"},\"url\":\"https:\/\/hudo.com\/si\/author\/hudo\/\"}]}<\/script>\n<!-- \/ Yoast SEO plugin. -->","yoast_head_json":{"title":"Pahor z veleposlanico Avstrije o osnutku nove koro\u0161ke de\u017eelne ustave - Hudo Slovenija","robots":{"index":"index","follow":"follow","max-snippet":"max-snippet:-1","max-image-preview":"max-image-preview:large","max-video-preview":"max-video-preview:-1"},"canonical":"https:\/\/hudo.com\/si\/aktualno\/pahor-z-veleposlanico-avstrije-o-osnutku-nove-koroske-dezelne-ustave\/","og_locale":"sl_SI","og_type":"article","og_title":"Pahor z veleposlanico Avstrije o osnutku nove koro\u0161ke de\u017eelne ustave - Hudo Slovenija","og_description":"Predsednik republike Borut Pahor se je danes sestal z veleposlanico Avstrije v Sloveniji Sigrid Berko in se z njo pogovoril o razmerah, ki so nastale zaradi predloga o spremembi de\u017eelne ustave avstrijske Koro\u0161ke. Strinjala sta se, da je treba v dialogu poiskati re\u0161itev, ki bo v prvi vrsti sprejemljiva za slovensko manj\u0161ino na avstrijskem Koro\u0161kem. Kot so \u0161e sporo\u010dili iz urada predsednika republike, je veleposlanica v pogovoru predstavila zakonsko in politi\u010dno ozadje omenjenega predloga spremembe de\u017eelne ustave in izpostavila, da je bil predlog mi\u0161ljen v dobri veri. Sogovornika sta na koncu poudarila, da so odli\u010dni odnosi med Slovenijo in Avstrijo velikega pomena in da si je zanje potrebno prizadevati. Osnutek nove de\u017eelne ustave avstrijske Koro\u0161ke predvideva, da bi kot de\u017eelni jezik vpeljali zgolj nem\u0161\u010dino. To je naletelo na ogor\u010den odziv tamkaj\u0161nje slovenske narodne skupnosti, kot tudi na kritike v Sloveniji. O osnutku nove koro\u0161ke de\u017eelne ustave naj bi po napovedih med drugim govorili na dana\u0161njem sestanku koalicijskih partnerjev, prihodnji teden pa bosta o tem vpra\u0161anju na skupni seji razpravljala tudi parlamentarna komisija za odnose s Slovenci v zamejstvu in po svetu ter odbor za zunanjo politiko.Slovenija","og_url":"https:\/\/hudo.com\/si\/aktualno\/pahor-z-veleposlanico-avstrije-o-osnutku-nove-koroske-dezelne-ustave\/","og_site_name":"Hudo Slovenija","article_publisher":"https:\/\/www.facebook.com\/hudo.si","article_published_time":"2017-02-16T14:47:00+00:00","article_modified_time":"2017-02-17T06:31:03+00:00","og_image":[{"width":450,"height":300,"url":"https:\/\/hudo.com\/si\/wp-content\/uploads\/sites\/2\/2017\/02\/00315094F-300.jpg","type":"image\/jpeg"}],"author":"hudo","twitter_card":"summary_large_image","twitter_creator":"@hudo_si","twitter_site":"@hudo_si","twitter_misc":{"Written by":"hudo","Est. reading time":"1 minuta"},"schema":{"@context":"https:\/\/schema.org","@graph":[{"@type":"Article","@id":"https:\/\/hudo.com\/si\/aktualno\/pahor-z-veleposlanico-avstrije-o-osnutku-nove-koroske-dezelne-ustave\/#article","isPartOf":{"@id":"https:\/\/hudo.com\/si\/aktualno\/pahor-z-veleposlanico-avstrije-o-osnutku-nove-koroske-dezelne-ustave\/"},"author":{"name":"hudo","@id":"https:\/\/hudo.com\/si\/#\/schema\/person\/601cf3379633985b20f7e50f2bb47707"},"headline":"Pahor z veleposlanico Avstrije o osnutku nove koro\u0161ke de\u017eelne ustave","datePublished":"2017-02-16T14:47:00+00:00","dateModified":"2017-02-17T06:31:03+00:00","mainEntityOfPage":{"@id":"https:\/\/hudo.com\/si\/aktualno\/pahor-z-veleposlanico-avstrije-o-osnutku-nove-koroske-dezelne-ustave\/"},"wordCount":219,"publisher":{"@id":"https:\/\/hudo.com\/si\/#organization"},"articleSection":["Aktualno"],"inLanguage":"sl-SI"},{"@type":"WebPage","@id":"https:\/\/hudo.com\/si\/aktualno\/pahor-z-veleposlanico-avstrije-o-osnutku-nove-koroske-dezelne-ustave\/","url":"https:\/\/hudo.com\/si\/aktualno\/pahor-z-veleposlanico-avstrije-o-osnutku-nove-koroske-dezelne-ustave\/","name":"Pahor z veleposlanico Avstrije o osnutku nove koro\u0161ke de\u017eelne ustave - Hudo Slovenija","isPartOf":{"@id":"https:\/\/hudo.com\/si\/#website"},"datePublished":"2017-02-16T14:47:00+00:00","dateModified":"2017-02-17T06:31:03+00:00","breadcrumb":{"@id":"https:\/\/hudo.com\/si\/aktualno\/pahor-z-veleposlanico-avstrije-o-osnutku-nove-koroske-dezelne-ustave\/#breadcrumb"},"inLanguage":"sl-SI","potentialAction":[{"@type":"ReadAction","target":["https:\/\/hudo.com\/si\/aktualno\/pahor-z-veleposlanico-avstrije-o-osnutku-nove-koroske-dezelne-ustave\/"]}]},{"@type":"BreadcrumbList","@id":"https:\/\/hudo.com\/si\/aktualno\/pahor-z-veleposlanico-avstrije-o-osnutku-nove-koroske-dezelne-ustave\/#breadcrumb","itemListElement":[{"@type":"ListItem","position":1,"name":"Home","item":"https:\/\/hudo.com\/si\/"},{"@type":"ListItem","position":2,"name":"Pahor z veleposlanico Avstrije o osnutku nove koro\u0161ke de\u017eelne ustave"}]},{"@type":"WebSite","@id":"https:\/\/hudo.com\/si\/#website","url":"https:\/\/hudo.com\/si\/","name":"Hudo Slovenija","description":"Vse novice iz Slovenije in sveta","publisher":{"@id":"https:\/\/hudo.com\/si\/#organization"},"potentialAction":[{"@type":"SearchAction","target":{"@type":"EntryPoint","urlTemplate":"https:\/\/hudo.com\/si\/?s={search_term_string}"},"query-input":"required name=search_term_string"}],"inLanguage":"sl-SI"},{"@type":"Organization","@id":"https:\/\/hudo.com\/si\/#organization","name":"VSN Media","url":"https:\/\/hudo.com\/si\/","logo":{"@type":"ImageObject","inLanguage":"sl-SI","@id":"https:\/\/hudo.com\/si\/#\/schema\/logo\/image\/","url":"https:\/\/hudo.com\/si\/wp-content\/uploads\/sites\/2\/2021\/03\/hudo-app-2.png","contentUrl":"https:\/\/hudo.com\/si\/wp-content\/uploads\/sites\/2\/2021\/03\/hudo-app-2.png","width":2185,"height":2167,"caption":"VSN Media"},"image":{"@id":"https:\/\/hudo.com\/si\/#\/schema\/logo\/image\/"},"sameAs":["https:\/\/www.facebook.com\/hudo.si","https:\/\/twitter.com\/hudo_si"]},{"@type":"Person","@id":"https:\/\/hudo.com\/si\/#\/schema\/person\/601cf3379633985b20f7e50f2bb47707","name":"hudo","image":{"@type":"ImageObject","inLanguage":"sl-SI","@id":"https:\/\/hudo.com\/si\/#\/schema\/person\/image\/","url":"https:\/\/secure.gravatar.com\/avatar\/c4ca25fa72cace7a696b52ff5db9e095?s=96&d=mm&r=g","contentUrl":"https:\/\/secure.gravatar.com\/avatar\/c4ca25fa72cace7a696b52ff5db9e095?s=96&d=mm&r=g","caption":"hudo"},"url":"https:\/\/hudo.com\/si\/author\/hudo\/"}]}},"amp_enabled":true,"_links":{"self":[{"href":"https:\/\/hudo.com\/si\/wp-json\/wp\/v2\/posts\/211278"}],"collection":[{"href":"https:\/\/hudo.com\/si\/wp-json\/wp\/v2\/posts"}],"about":[{"href":"https:\/\/hudo.com\/si\/wp-json\/wp\/v2\/types\/post"}],"author":[{"embeddable":true,"href":"https:\/\/hudo.com\/si\/wp-json\/wp\/v2\/users\/1"}],"replies":[{"embeddable":true,"href":"https:\/\/hudo.com\/si\/wp-json\/wp\/v2\/comments?post=211278"}],"version-history":[{"count":1,"href":"https:\/\/hudo.com\/si\/wp-json\/wp\/v2\/posts\/211278\/revisions"}],"predecessor-version":[{"id":211342,"href":"https:\/\/hudo.com\/si\/wp-json\/wp\/v2\/posts\/211278\/revisions\/211342"}],"wp:attachment":[{"href":"https:\/\/hudo.com\/si\/wp-json\/wp\/v2\/media?parent=211278"}],"wp:term":[{"taxonomy":"category","embeddable":true,"href":"https:\/\/hudo.com\/si\/wp-json\/wp\/v2\/categories?post=211278"},{"taxonomy":"post_tag","embeddable":true,"href":"https:\/\/hudo.com\/si\/wp-json\/wp\/v2\/tags?post=211278"},{"taxonomy":"source","embeddable":true,"href":"https:\/\/hudo.com\/si\/wp-json\/wp\/v2\/source?post=211278"},{"taxonomy":"supertag","embeddable":true,"href":"https:\/\/hudo.com\/si\/wp-json\/wp\/v2\/supertag?post=211278"}],"curies":[{"name":"wp","href":"https:\/\/api.w.org\/{rel}","templated":true}]}}