{"id":211842,"date":"2017-02-17T20:20:00","date_gmt":"2017-02-17T19:20:00","guid":{"rendered":"http:\/\/hudo.com\/si\/2017\/02\/17\/vucic-tudi-uradno-predsedniski-kandidat\/"},"modified":"2017-02-18T06:12:20","modified_gmt":"2017-02-18T05:12:20","slug":"vucic-tudi-uradno-predsedniski-kandidat","status":"publish","type":"post","link":"https:\/\/hudo.com\/si\/aktualno\/vucic-tudi-uradno-predsedniski-kandidat\/","title":{"rendered":"Vu\u010di\u0107 tudi uradno predsedni\u0161ki kandidat"},"content":{"rendered":"<p>Kategorija: Sose\u0161\u010dina Fri, 17 Feb 2017 21:20:00 +0100  Beograd &#8211; Glavni odbor Srbske napredne stranke (SNS) je danes uradno potrdil kandidaturo srbskega premierja Aleksandra Vu\u010di\u0107a na predsedni\u0161kih volitvah, ki bodo predvidoma aprila. Pred tem je kandidaturo potrdilo \u017ee predsedstvo stranke, kot kandidatu vladne koalicije pa so mu izrazile podporo \u017ee druge koalicijske stranke. Predsednik SNS Vu\u010di\u0107 je ob potrditvi kandidature ponovil, da jo je sprejel, ker trdno verjame, da \u00bbdr\u017eava potrebuje delo, stabilnost, investicije, nove bolni\u0161nice, prihodnost\u00ab ter ker \u00bbnekdo mora stati za vrati, ko nanje trka preteklost\u00ab, poro\u010da srbska tiskovna agencija Tanjug. Glede sedanjega predsednika dr\u017eave Tomislava Nikoli\u0107a, ki naj bi se po nepotrjenih informacijah kljub Vu\u010di\u0107evi kandidaturi odlo\u010dil za kandidaturo na volitvah, je dejal, da je pripravljen na sodelovanje z njim, da pa ima Nikoli\u0107 pravico, da dela, kar \u017eeli. Nikoli\u0107, ki \u0161e ni potrdil kandidature, je danes za\u00a0&#8230;<\/p>\n","protected":false},"excerpt":{"rendered":"<p>Kategorija: Sose\u0161\u010dina Fri, 17 Feb 2017 21:20:00 +0100  Beograd &#8211; Glavni odbor Srbske napredne stranke (SNS) je danes uradno potrdil kandidaturo srbskega premierja Aleksandra Vu\u010di\u0107a na predsedni\u0161kih volitvah, ki bodo predvidoma aprila. Pred tem je kandidaturo potrdilo \u017ee predsedstvo stranke, kot kandidatu vladne koalicije pa so mu izrazile podporo \u017ee druge koalicijske stranke. Predsednik SNS Vu\u010di\u0107 je ob potrditvi kandidature ponovil, da jo je sprejel, ker trdno verjame, da \u00bbdr\u017eava potrebuje delo, stabilnost, investicije, nove bolni\u0161nice, prihodnost\u00ab ter ker \u00bbnekdo mora stati za vrati, ko nanje trka preteklost\u00ab, poro\u010da srbska tiskovna agencija Tanjug. Glede sedanjega predsednika dr\u017eave Tomislava Nikoli\u0107a, ki naj bi se po nepotrjenih informacijah kljub Vu\u010di\u0107evi kandidaturi odlo\u010dil za kandidaturo na volitvah, je dejal, da je pripravljen na sodelovanje z njim, da pa ima Nikoli\u0107 pravico, da dela, kar \u017eeli. Nikoli\u0107, ki \u0161e ni potrdil kandidature, je danes za\u00a0&#8230;<\/p>\n","protected":false},"author":1,"featured_media":0,"comment_status":"closed","ping_status":"closed","sticky":false,"template":"","format":"standard","meta":{"footnotes":""},"categories":[1179],"tags":[],"source":[1703],"supertag":[],"acf":[],"yoast_head":"<!-- This site is optimized with the Yoast SEO plugin v21.3 - https:\/\/yoast.com\/wordpress\/plugins\/seo\/ -->\n<title>Vu\u010di\u0107 tudi uradno predsedni\u0161ki kandidat - Hudo Slovenija<\/title>\n<meta name=\"robots\" content=\"index, follow, max-snippet:-1, max-image-preview:large, max-video-preview:-1\" \/>\n<link rel=\"canonical\" href=\"https:\/\/hudo.com\/si\/aktualno\/vucic-tudi-uradno-predsedniski-kandidat\/\" \/>\n<meta property=\"og:locale\" content=\"sl_SI\" \/>\n<meta property=\"og:type\" content=\"article\" \/>\n<meta property=\"og:title\" content=\"Vu\u010di\u0107 tudi uradno predsedni\u0161ki kandidat - Hudo Slovenija\" \/>\n<meta property=\"og:description\" content=\"Kategorija: Sose\u0161\u010dina Fri, 17 Feb 2017 21:20:00 +0100 Beograd - Glavni odbor Srbske napredne stranke (SNS) je danes uradno potrdil kandidaturo srbskega premierja Aleksandra Vu\u010di\u0107a na predsedni\u0161kih volitvah, ki bodo predvidoma aprila. Pred tem je kandidaturo potrdilo \u017ee predsedstvo stranke, kot kandidatu vladne koalicije pa so mu izrazile podporo \u017ee druge koalicijske stranke. Predsednik SNS Vu\u010di\u0107 je ob potrditvi kandidature ponovil, da jo je sprejel, ker trdno verjame, da \u00bbdr\u017eava potrebuje delo, stabilnost, investicije, nove bolni\u0161nice, prihodnost\u00ab ter ker \u00bbnekdo mora stati za vrati, ko nanje trka preteklost\u00ab, poro\u010da srbska tiskovna agencija Tanjug. Glede sedanjega predsednika dr\u017eave Tomislava Nikoli\u0107a, ki naj bi se po nepotrjenih informacijah kljub Vu\u010di\u0107evi kandidaturi odlo\u010dil za kandidaturo na volitvah, je dejal, da je pripravljen na sodelovanje z njim, da pa ima Nikoli\u0107 pravico, da dela, kar \u017eeli. Nikoli\u0107, ki \u0161e ni potrdil kandidature, je danes za\u00a0...\" \/>\n<meta property=\"og:url\" content=\"https:\/\/hudo.com\/si\/aktualno\/vucic-tudi-uradno-predsedniski-kandidat\/\" \/>\n<meta property=\"og:site_name\" content=\"Hudo Slovenija\" \/>\n<meta property=\"article:publisher\" content=\"https:\/\/www.facebook.com\/hudo.si\" \/>\n<meta property=\"article:published_time\" content=\"2017-02-17T19:20:00+00:00\" \/>\n<meta property=\"article:modified_time\" content=\"2017-02-18T05:12:20+00:00\" \/>\n<meta property=\"og:image\" content=\"https:\/\/hudo.com\/si\/wp-content\/uploads\/sites\/2\/2017\/02\/480x290_AP_Pictures-20170214185813-94432200.jpeg\" \/>\n\t<meta property=\"og:image:width\" content=\"480\" \/>\n\t<meta property=\"og:image:height\" content=\"290\" \/>\n\t<meta property=\"og:image:type\" content=\"image\/jpeg\" \/>\n<meta name=\"author\" content=\"hudo\" \/>\n<meta name=\"twitter:card\" content=\"summary_large_image\" \/>\n<meta name=\"twitter:creator\" content=\"@hudo_si\" \/>\n<meta name=\"twitter:site\" content=\"@hudo_si\" \/>\n<meta name=\"twitter:label1\" content=\"Written by\" \/>\n\t<meta name=\"twitter:data1\" content=\"hudo\" \/>\n\t<meta name=\"twitter:label2\" content=\"Est. reading time\" \/>\n\t<meta name=\"twitter:data2\" content=\"1 minuta\" \/>\n<script type=\"application\/ld+json\" class=\"yoast-schema-graph\">{\"@context\":\"https:\/\/schema.org\",\"@graph\":[{\"@type\":\"Article\",\"@id\":\"https:\/\/hudo.com\/si\/aktualno\/vucic-tudi-uradno-predsedniski-kandidat\/#article\",\"isPartOf\":{\"@id\":\"https:\/\/hudo.com\/si\/aktualno\/vucic-tudi-uradno-predsedniski-kandidat\/\"},\"author\":{\"name\":\"hudo\",\"@id\":\"https:\/\/hudo.com\/si\/#\/schema\/person\/601cf3379633985b20f7e50f2bb47707\"},\"headline\":\"Vu\u010di\u0107 tudi uradno predsedni\u0161ki kandidat\",\"datePublished\":\"2017-02-17T19:20:00+00:00\",\"dateModified\":\"2017-02-18T05:12:20+00:00\",\"mainEntityOfPage\":{\"@id\":\"https:\/\/hudo.com\/si\/aktualno\/vucic-tudi-uradno-predsedniski-kandidat\/\"},\"wordCount\":157,\"publisher\":{\"@id\":\"https:\/\/hudo.com\/si\/#organization\"},\"articleSection\":[\"Aktualno\"],\"inLanguage\":\"sl-SI\"},{\"@type\":\"WebPage\",\"@id\":\"https:\/\/hudo.com\/si\/aktualno\/vucic-tudi-uradno-predsedniski-kandidat\/\",\"url\":\"https:\/\/hudo.com\/si\/aktualno\/vucic-tudi-uradno-predsedniski-kandidat\/\",\"name\":\"Vu\u010di\u0107 tudi uradno predsedni\u0161ki kandidat - Hudo Slovenija\",\"isPartOf\":{\"@id\":\"https:\/\/hudo.com\/si\/#website\"},\"datePublished\":\"2017-02-17T19:20:00+00:00\",\"dateModified\":\"2017-02-18T05:12:20+00:00\",\"breadcrumb\":{\"@id\":\"https:\/\/hudo.com\/si\/aktualno\/vucic-tudi-uradno-predsedniski-kandidat\/#breadcrumb\"},\"inLanguage\":\"sl-SI\",\"potentialAction\":[{\"@type\":\"ReadAction\",\"target\":[\"https:\/\/hudo.com\/si\/aktualno\/vucic-tudi-uradno-predsedniski-kandidat\/\"]}]},{\"@type\":\"BreadcrumbList\",\"@id\":\"https:\/\/hudo.com\/si\/aktualno\/vucic-tudi-uradno-predsedniski-kandidat\/#breadcrumb\",\"itemListElement\":[{\"@type\":\"ListItem\",\"position\":1,\"name\":\"Home\",\"item\":\"https:\/\/hudo.com\/si\/\"},{\"@type\":\"ListItem\",\"position\":2,\"name\":\"Vu\u010di\u0107 tudi uradno predsedni\u0161ki kandidat\"}]},{\"@type\":\"WebSite\",\"@id\":\"https:\/\/hudo.com\/si\/#website\",\"url\":\"https:\/\/hudo.com\/si\/\",\"name\":\"Hudo Slovenija\",\"description\":\"Vse novice iz Slovenije in sveta\",\"publisher\":{\"@id\":\"https:\/\/hudo.com\/si\/#organization\"},\"potentialAction\":[{\"@type\":\"SearchAction\",\"target\":{\"@type\":\"EntryPoint\",\"urlTemplate\":\"https:\/\/hudo.com\/si\/?s={search_term_string}\"},\"query-input\":\"required name=search_term_string\"}],\"inLanguage\":\"sl-SI\"},{\"@type\":\"Organization\",\"@id\":\"https:\/\/hudo.com\/si\/#organization\",\"name\":\"VSN Media\",\"url\":\"https:\/\/hudo.com\/si\/\",\"logo\":{\"@type\":\"ImageObject\",\"inLanguage\":\"sl-SI\",\"@id\":\"https:\/\/hudo.com\/si\/#\/schema\/logo\/image\/\",\"url\":\"https:\/\/hudo.com\/si\/wp-content\/uploads\/sites\/2\/2021\/03\/hudo-app-2.png\",\"contentUrl\":\"https:\/\/hudo.com\/si\/wp-content\/uploads\/sites\/2\/2021\/03\/hudo-app-2.png\",\"width\":2185,\"height\":2167,\"caption\":\"VSN Media\"},\"image\":{\"@id\":\"https:\/\/hudo.com\/si\/#\/schema\/logo\/image\/\"},\"sameAs\":[\"https:\/\/www.facebook.com\/hudo.si\",\"https:\/\/twitter.com\/hudo_si\"]},{\"@type\":\"Person\",\"@id\":\"https:\/\/hudo.com\/si\/#\/schema\/person\/601cf3379633985b20f7e50f2bb47707\",\"name\":\"hudo\",\"image\":{\"@type\":\"ImageObject\",\"inLanguage\":\"sl-SI\",\"@id\":\"https:\/\/hudo.com\/si\/#\/schema\/person\/image\/\",\"url\":\"https:\/\/secure.gravatar.com\/avatar\/c4ca25fa72cace7a696b52ff5db9e095?s=96&d=mm&r=g\",\"contentUrl\":\"https:\/\/secure.gravatar.com\/avatar\/c4ca25fa72cace7a696b52ff5db9e095?s=96&d=mm&r=g\",\"caption\":\"hudo\"},\"url\":\"https:\/\/hudo.com\/si\/author\/hudo\/\"}]}<\/script>\n<!-- \/ Yoast SEO plugin. -->","yoast_head_json":{"title":"Vu\u010di\u0107 tudi uradno predsedni\u0161ki kandidat - Hudo Slovenija","robots":{"index":"index","follow":"follow","max-snippet":"max-snippet:-1","max-image-preview":"max-image-preview:large","max-video-preview":"max-video-preview:-1"},"canonical":"https:\/\/hudo.com\/si\/aktualno\/vucic-tudi-uradno-predsedniski-kandidat\/","og_locale":"sl_SI","og_type":"article","og_title":"Vu\u010di\u0107 tudi uradno predsedni\u0161ki kandidat - Hudo Slovenija","og_description":"Kategorija: Sose\u0161\u010dina Fri, 17 Feb 2017 21:20:00 +0100 Beograd - Glavni odbor Srbske napredne stranke (SNS) je danes uradno potrdil kandidaturo srbskega premierja Aleksandra Vu\u010di\u0107a na predsedni\u0161kih volitvah, ki bodo predvidoma aprila. Pred tem je kandidaturo potrdilo \u017ee predsedstvo stranke, kot kandidatu vladne koalicije pa so mu izrazile podporo \u017ee druge koalicijske stranke. Predsednik SNS Vu\u010di\u0107 je ob potrditvi kandidature ponovil, da jo je sprejel, ker trdno verjame, da \u00bbdr\u017eava potrebuje delo, stabilnost, investicije, nove bolni\u0161nice, prihodnost\u00ab ter ker \u00bbnekdo mora stati za vrati, ko nanje trka preteklost\u00ab, poro\u010da srbska tiskovna agencija Tanjug. Glede sedanjega predsednika dr\u017eave Tomislava Nikoli\u0107a, ki naj bi se po nepotrjenih informacijah kljub Vu\u010di\u0107evi kandidaturi odlo\u010dil za kandidaturo na volitvah, je dejal, da je pripravljen na sodelovanje z njim, da pa ima Nikoli\u0107 pravico, da dela, kar \u017eeli. Nikoli\u0107, ki \u0161e ni potrdil kandidature, je danes za\u00a0...","og_url":"https:\/\/hudo.com\/si\/aktualno\/vucic-tudi-uradno-predsedniski-kandidat\/","og_site_name":"Hudo Slovenija","article_publisher":"https:\/\/www.facebook.com\/hudo.si","article_published_time":"2017-02-17T19:20:00+00:00","article_modified_time":"2017-02-18T05:12:20+00:00","og_image":[{"width":480,"height":290,"url":"https:\/\/hudo.com\/si\/wp-content\/uploads\/sites\/2\/2017\/02\/480x290_AP_Pictures-20170214185813-94432200.jpeg","type":"image\/jpeg"}],"author":"hudo","twitter_card":"summary_large_image","twitter_creator":"@hudo_si","twitter_site":"@hudo_si","twitter_misc":{"Written by":"hudo","Est. reading time":"1 minuta"},"schema":{"@context":"https:\/\/schema.org","@graph":[{"@type":"Article","@id":"https:\/\/hudo.com\/si\/aktualno\/vucic-tudi-uradno-predsedniski-kandidat\/#article","isPartOf":{"@id":"https:\/\/hudo.com\/si\/aktualno\/vucic-tudi-uradno-predsedniski-kandidat\/"},"author":{"name":"hudo","@id":"https:\/\/hudo.com\/si\/#\/schema\/person\/601cf3379633985b20f7e50f2bb47707"},"headline":"Vu\u010di\u0107 tudi uradno predsedni\u0161ki kandidat","datePublished":"2017-02-17T19:20:00+00:00","dateModified":"2017-02-18T05:12:20+00:00","mainEntityOfPage":{"@id":"https:\/\/hudo.com\/si\/aktualno\/vucic-tudi-uradno-predsedniski-kandidat\/"},"wordCount":157,"publisher":{"@id":"https:\/\/hudo.com\/si\/#organization"},"articleSection":["Aktualno"],"inLanguage":"sl-SI"},{"@type":"WebPage","@id":"https:\/\/hudo.com\/si\/aktualno\/vucic-tudi-uradno-predsedniski-kandidat\/","url":"https:\/\/hudo.com\/si\/aktualno\/vucic-tudi-uradno-predsedniski-kandidat\/","name":"Vu\u010di\u0107 tudi uradno predsedni\u0161ki kandidat - Hudo Slovenija","isPartOf":{"@id":"https:\/\/hudo.com\/si\/#website"},"datePublished":"2017-02-17T19:20:00+00:00","dateModified":"2017-02-18T05:12:20+00:00","breadcrumb":{"@id":"https:\/\/hudo.com\/si\/aktualno\/vucic-tudi-uradno-predsedniski-kandidat\/#breadcrumb"},"inLanguage":"sl-SI","potentialAction":[{"@type":"ReadAction","target":["https:\/\/hudo.com\/si\/aktualno\/vucic-tudi-uradno-predsedniski-kandidat\/"]}]},{"@type":"BreadcrumbList","@id":"https:\/\/hudo.com\/si\/aktualno\/vucic-tudi-uradno-predsedniski-kandidat\/#breadcrumb","itemListElement":[{"@type":"ListItem","position":1,"name":"Home","item":"https:\/\/hudo.com\/si\/"},{"@type":"ListItem","position":2,"name":"Vu\u010di\u0107 tudi uradno predsedni\u0161ki kandidat"}]},{"@type":"WebSite","@id":"https:\/\/hudo.com\/si\/#website","url":"https:\/\/hudo.com\/si\/","name":"Hudo Slovenija","description":"Vse novice iz Slovenije in sveta","publisher":{"@id":"https:\/\/hudo.com\/si\/#organization"},"potentialAction":[{"@type":"SearchAction","target":{"@type":"EntryPoint","urlTemplate":"https:\/\/hudo.com\/si\/?s={search_term_string}"},"query-input":"required name=search_term_string"}],"inLanguage":"sl-SI"},{"@type":"Organization","@id":"https:\/\/hudo.com\/si\/#organization","name":"VSN Media","url":"https:\/\/hudo.com\/si\/","logo":{"@type":"ImageObject","inLanguage":"sl-SI","@id":"https:\/\/hudo.com\/si\/#\/schema\/logo\/image\/","url":"https:\/\/hudo.com\/si\/wp-content\/uploads\/sites\/2\/2021\/03\/hudo-app-2.png","contentUrl":"https:\/\/hudo.com\/si\/wp-content\/uploads\/sites\/2\/2021\/03\/hudo-app-2.png","width":2185,"height":2167,"caption":"VSN Media"},"image":{"@id":"https:\/\/hudo.com\/si\/#\/schema\/logo\/image\/"},"sameAs":["https:\/\/www.facebook.com\/hudo.si","https:\/\/twitter.com\/hudo_si"]},{"@type":"Person","@id":"https:\/\/hudo.com\/si\/#\/schema\/person\/601cf3379633985b20f7e50f2bb47707","name":"hudo","image":{"@type":"ImageObject","inLanguage":"sl-SI","@id":"https:\/\/hudo.com\/si\/#\/schema\/person\/image\/","url":"https:\/\/secure.gravatar.com\/avatar\/c4ca25fa72cace7a696b52ff5db9e095?s=96&d=mm&r=g","contentUrl":"https:\/\/secure.gravatar.com\/avatar\/c4ca25fa72cace7a696b52ff5db9e095?s=96&d=mm&r=g","caption":"hudo"},"url":"https:\/\/hudo.com\/si\/author\/hudo\/"}]}},"amp_enabled":true,"_links":{"self":[{"href":"https:\/\/hudo.com\/si\/wp-json\/wp\/v2\/posts\/211842"}],"collection":[{"href":"https:\/\/hudo.com\/si\/wp-json\/wp\/v2\/posts"}],"about":[{"href":"https:\/\/hudo.com\/si\/wp-json\/wp\/v2\/types\/post"}],"author":[{"embeddable":true,"href":"https:\/\/hudo.com\/si\/wp-json\/wp\/v2\/users\/1"}],"replies":[{"embeddable":true,"href":"https:\/\/hudo.com\/si\/wp-json\/wp\/v2\/comments?post=211842"}],"version-history":[{"count":1,"href":"https:\/\/hudo.com\/si\/wp-json\/wp\/v2\/posts\/211842\/revisions"}],"predecessor-version":[{"id":211926,"href":"https:\/\/hudo.com\/si\/wp-json\/wp\/v2\/posts\/211842\/revisions\/211926"}],"wp:attachment":[{"href":"https:\/\/hudo.com\/si\/wp-json\/wp\/v2\/media?parent=211842"}],"wp:term":[{"taxonomy":"category","embeddable":true,"href":"https:\/\/hudo.com\/si\/wp-json\/wp\/v2\/categories?post=211842"},{"taxonomy":"post_tag","embeddable":true,"href":"https:\/\/hudo.com\/si\/wp-json\/wp\/v2\/tags?post=211842"},{"taxonomy":"source","embeddable":true,"href":"https:\/\/hudo.com\/si\/wp-json\/wp\/v2\/source?post=211842"},{"taxonomy":"supertag","embeddable":true,"href":"https:\/\/hudo.com\/si\/wp-json\/wp\/v2\/supertag?post=211842"}],"curies":[{"name":"wp","href":"https:\/\/api.w.org\/{rel}","templated":true}]}}