{"id":212056,"date":"2017-02-18T06:20:00","date_gmt":"2017-02-18T05:20:00","guid":{"rendered":"http:\/\/hudo.com\/si\/2017\/02\/18\/foto-fotr-se-je-vrnil-v-maribor\/"},"modified":"2017-02-18T15:41:51","modified_gmt":"2017-02-18T14:41:51","slug":"foto-fotr-se-je-vrnil-v-maribor","status":"publish","type":"post","link":"https:\/\/hudo.com\/si\/aktualno\/foto-fotr-se-je-vrnil-v-maribor\/","title":{"rendered":"FOTO: Fotr se je vrnil v Maribor"},"content":{"rendered":"<p>Kot v\u010deraj se mu zdi, ko je kot smrkavec hodil po ulicah v sose\u0161\u010dini in sanjal o velikih re\u010deh. O publiki. In \u0161e sam ne ve, kdaj je minilo ve\u010d kot dvajset let. A pravi, da do tega kar po\u010dne in tistih, ki mu sledijo \u0161e vedno \u010duti enako brezpogojno ljubezen kot takrat, ko je bil \u0161e samo na\u0161. DJ Umek. Uro\u0161 Umek. Na podro\u010dju elektronske glasbe svetovna superzvezda, za Slovence pa \u0161e vedno Fotr, kakor mu pravijo tisti, ki od devetdesetih naprej v njem vidijo pionirja in brez dvoma najve\u010djega ambasadorja slovenskega tehna v svetu. Ve\u010d fotografij iz prireditve si poglejte zgoraj v fotogaleriji. Sino\u010di je Fotr Maribor spet vrnil na zemljevid elektronske glasbe. Po \u0161tirih letih je vrtel v Univerzitetnem \u0161portnem centru Leona \u0160tuklja. Z njim vred je medtem odrasel tudi tisti del publike, ki mu sledi \u017ee od za\u010detka, a energija je ostala ista in zdaj zajema tudi novo generacijo. \u201eToliko \u010dasa me \u017ee ni bilo tu, poklicali so me in sem si rekel, \u2018Madona, saj je res \u017ee \u010das, da pridem.\u2018 Zelo rad vrtim glasbo v Sloveniji. Sicer precej manj, kot bi si \u017eelel, a glede na to, da je Slovenija majhna, veliko ve\u010d nastopov, kot jih imam obi\u010dajno, na\u0161 trg ne prenese,\u201c je le nekaj dni pred nastopom povedal za Ve\u010der. Pa tudi: \u201eLjudje pribli\u017eno vedo, kaj pri\u010dakovati od mene, vedo, da radijskih hitov ne bom vrtel. Predvsem se pridejo zgubit v muziko oziroma raziskovat in temu primeren je tudi moj izbor glasbe.&#8221; Dvaindvajset let ustvarjanja je za \u0161tiridesetletnikom, \u0161tirje albumi, 530 izdaj, 95 remiksov, 300 radijskih \u0161ovov, 160 gostovanj na radijskih postajah, 1500 koncertov, 3100 ur predvajanja njegove glasbe na spletu, kar skupaj znese pribli\u017eno 129 dni ali skoraj pol peti mesec in 2.500.000 prepotovanih kilometrov, kar pomeni, da je Umek Zemljo ob\u0161el ve\u010d kot 62-krat oziroma se \u0161est in polkrat vrnil z Lune. V zraku je, kljub prvotnemu strahu pred letenjem, pre\u017eivel 4100 ur. Maribor se tako niti ni zdel tako dale\u010d. Uro\u0161 Umek se je rodil v Ljubljani, igral ko\u0161arko, se na \u017eeljo mame vpisal na srednj<\/p>\n","protected":false},"excerpt":{"rendered":"<p>Kot v\u010deraj se mu zdi, ko je kot smrkavec hodil po ulicah v sose\u0161\u010dini in sanjal o velikih re\u010deh. O publiki. In \u0161e sam ne ve, kdaj je minilo ve\u010d kot dvajset let. A pravi, da do tega kar po\u010dne in tistih, ki mu sledijo \u0161e vedno \u010duti enako brezpogojno ljubezen kot takrat, ko je bil \u0161e samo na\u0161. DJ Umek. Uro\u0161 Umek. Na podro\u010dju elektronske glasbe svetovna superzvezda, za Slovence pa \u0161e vedno Fotr, kakor mu pravijo tisti, ki od devetdesetih naprej v njem vidijo pionirja in brez dvoma najve\u010djega ambasadorja slovenskega tehna v svetu. Ve\u010d fotografij iz prireditve si poglejte zgoraj v fotogaleriji. Sino\u010di je Fotr Maribor spet vrnil na zemljevid elektronske glasbe. Po \u0161tirih letih je vrtel v Univerzitetnem \u0161portnem centru Leona \u0160tuklja. Z njim vred je medtem odrasel tudi tisti del publike, ki mu sledi \u017ee od za\u010detka, a energija je ostala ista in zdaj zajema tudi novo generacijo. \u201eToliko \u010dasa me \u017ee ni bilo tu, poklicali so me in sem si rekel, \u2018Madona, saj je res \u017ee \u010das, da pridem.\u2018 Zelo rad vrtim glasbo v Sloveniji. Sicer precej manj, kot bi si \u017eelel, a glede na to, da je Slovenija majhna, veliko ve\u010d nastopov, kot jih imam obi\u010dajno, na\u0161 trg ne prenese,\u201c je le nekaj dni pred nastopom povedal za Ve\u010der. Pa tudi: \u201eLjudje pribli\u017eno vedo, kaj pri\u010dakovati od mene, vedo, da radijskih hitov ne bom vrtel. Predvsem se pridejo zgubit v muziko oziroma raziskovat in temu primeren je tudi moj izbor glasbe.&#8221; Dvaindvajset let ustvarjanja je za \u0161tiridesetletnikom, \u0161tirje albumi, 530 izdaj, 95 remiksov, 300 radijskih \u0161ovov, 160 gostovanj na radijskih postajah, 1500 koncertov, 3100 ur predvajanja njegove glasbe na spletu, kar skupaj znese pribli\u017eno 129 dni ali skoraj pol peti mesec in 2.500.000 prepotovanih kilometrov, kar pomeni, da je Umek Zemljo ob\u0161el ve\u010d kot 62-krat oziroma se \u0161est in polkrat vrnil z Lune. V zraku je, kljub prvotnemu strahu pred letenjem, pre\u017eivel 4100 ur. Maribor se tako niti ni zdel tako dale\u010d. Uro\u0161 Umek se je rodil v Ljubljani, igral ko\u0161arko, se na \u017eeljo mame vpisal na srednj<\/p>\n","protected":false},"author":1,"featured_media":0,"comment_status":"closed","ping_status":"closed","sticky":false,"template":"","format":"standard","meta":{"footnotes":""},"categories":[1179],"tags":[],"source":[1711],"supertag":[],"acf":[],"yoast_head":"<!-- This site is optimized with the Yoast SEO plugin v21.3 - https:\/\/yoast.com\/wordpress\/plugins\/seo\/ -->\n<title>FOTO: Fotr se je vrnil v Maribor - Hudo Slovenija<\/title>\n<meta name=\"robots\" content=\"index, follow, max-snippet:-1, max-image-preview:large, max-video-preview:-1\" \/>\n<link rel=\"canonical\" href=\"https:\/\/hudo.com\/si\/aktualno\/foto-fotr-se-je-vrnil-v-maribor\/\" \/>\n<meta property=\"og:locale\" content=\"sl_SI\" \/>\n<meta property=\"og:type\" content=\"article\" \/>\n<meta property=\"og:title\" content=\"FOTO: Fotr se je vrnil v Maribor - Hudo Slovenija\" \/>\n<meta property=\"og:description\" content=\"Kot v\u010deraj se mu zdi, ko je kot smrkavec hodil po ulicah v sose\u0161\u010dini in sanjal o velikih re\u010deh. O publiki. In \u0161e sam ne ve, kdaj je minilo ve\u010d kot dvajset let. A pravi, da do tega kar po\u010dne in tistih, ki mu sledijo \u0161e vedno \u010duti enako brezpogojno ljubezen kot takrat, ko je bil \u0161e samo na\u0161. DJ Umek. Uro\u0161 Umek. Na podro\u010dju elektronske glasbe svetovna superzvezda, za Slovence pa \u0161e vedno Fotr, kakor mu pravijo tisti, ki od devetdesetih naprej v njem vidijo pionirja in brez dvoma najve\u010djega ambasadorja slovenskega tehna v svetu. Ve\u010d fotografij iz prireditve si poglejte zgoraj v fotogaleriji. Sino\u010di je Fotr Maribor spet vrnil na zemljevid elektronske glasbe. Po \u0161tirih letih je vrtel v Univerzitetnem \u0161portnem centru Leona \u0160tuklja. Z njim vred je medtem odrasel tudi tisti del publike, ki mu sledi \u017ee od za\u010detka, a energija je ostala ista in zdaj zajema tudi novo generacijo. \u201eToliko \u010dasa me \u017ee ni bilo tu, poklicali so me in sem si rekel, \u2018Madona, saj je res \u017ee \u010das, da pridem.\u2018 Zelo rad vrtim glasbo v Sloveniji. Sicer precej manj, kot bi si \u017eelel, a glede na to, da je Slovenija majhna, veliko ve\u010d nastopov, kot jih imam obi\u010dajno, na\u0161 trg ne prenese,\u201c je le nekaj dni pred nastopom povedal za Ve\u010der. Pa tudi: \u201eLjudje pribli\u017eno vedo, kaj pri\u010dakovati od mene, vedo, da radijskih hitov ne bom vrtel. Predvsem se pridejo zgubit v muziko oziroma raziskovat in temu primeren je tudi moj izbor glasbe.&quot; Dvaindvajset let ustvarjanja je za \u0161tiridesetletnikom, \u0161tirje albumi, 530 izdaj, 95 remiksov, 300 radijskih \u0161ovov, 160 gostovanj na radijskih postajah, 1500 koncertov, 3100 ur predvajanja njegove glasbe na spletu, kar skupaj znese pribli\u017eno 129 dni ali skoraj pol peti mesec in 2.500.000 prepotovanih kilometrov, kar pomeni, da je Umek Zemljo ob\u0161el ve\u010d kot 62-krat oziroma se \u0161est in polkrat vrnil z Lune. V zraku je, kljub prvotnemu strahu pred letenjem, pre\u017eivel 4100 ur. Maribor se tako niti ni zdel tako dale\u010d. Uro\u0161 Umek se je rodil v Ljubljani, igral ko\u0161arko, se na \u017eeljo mame vpisal na srednj\" \/>\n<meta property=\"og:url\" content=\"https:\/\/hudo.com\/si\/aktualno\/foto-fotr-se-je-vrnil-v-maribor\/\" \/>\n<meta property=\"og:site_name\" content=\"Hudo Slovenija\" \/>\n<meta property=\"article:publisher\" content=\"https:\/\/www.facebook.com\/hudo.si\" \/>\n<meta property=\"article:published_time\" content=\"2017-02-18T05:20:00+00:00\" \/>\n<meta property=\"article:modified_time\" content=\"2017-02-18T14:41:51+00:00\" \/>\n<meta property=\"og:image\" content=\"https:\/\/hudo.com\/si\/wp-content\/uploads\/sites\/2\/2017\/02\/0218M12-300.jpg\" \/>\n\t<meta property=\"og:image:width\" content=\"450\" \/>\n\t<meta property=\"og:image:height\" content=\"277\" \/>\n\t<meta property=\"og:image:type\" content=\"image\/jpeg\" \/>\n<meta name=\"author\" content=\"hudo\" \/>\n<meta name=\"twitter:card\" content=\"summary_large_image\" \/>\n<meta name=\"twitter:creator\" content=\"@hudo_si\" \/>\n<meta name=\"twitter:site\" content=\"@hudo_si\" \/>\n<meta name=\"twitter:label1\" content=\"Written by\" \/>\n\t<meta name=\"twitter:data1\" content=\"hudo\" \/>\n\t<meta name=\"twitter:label2\" content=\"Est. reading time\" \/>\n\t<meta name=\"twitter:data2\" content=\"2 minuti\" \/>\n<script type=\"application\/ld+json\" class=\"yoast-schema-graph\">{\"@context\":\"https:\/\/schema.org\",\"@graph\":[{\"@type\":\"Article\",\"@id\":\"https:\/\/hudo.com\/si\/aktualno\/foto-fotr-se-je-vrnil-v-maribor\/#article\",\"isPartOf\":{\"@id\":\"https:\/\/hudo.com\/si\/aktualno\/foto-fotr-se-je-vrnil-v-maribor\/\"},\"author\":{\"name\":\"hudo\",\"@id\":\"https:\/\/hudo.com\/si\/#\/schema\/person\/601cf3379633985b20f7e50f2bb47707\"},\"headline\":\"FOTO: Fotr se je vrnil v Maribor\",\"datePublished\":\"2017-02-18T05:20:00+00:00\",\"dateModified\":\"2017-02-18T14:41:51+00:00\",\"mainEntityOfPage\":{\"@id\":\"https:\/\/hudo.com\/si\/aktualno\/foto-fotr-se-je-vrnil-v-maribor\/\"},\"wordCount\":359,\"publisher\":{\"@id\":\"https:\/\/hudo.com\/si\/#organization\"},\"articleSection\":[\"Aktualno\"],\"inLanguage\":\"sl-SI\"},{\"@type\":\"WebPage\",\"@id\":\"https:\/\/hudo.com\/si\/aktualno\/foto-fotr-se-je-vrnil-v-maribor\/\",\"url\":\"https:\/\/hudo.com\/si\/aktualno\/foto-fotr-se-je-vrnil-v-maribor\/\",\"name\":\"FOTO: Fotr se je vrnil v Maribor - Hudo Slovenija\",\"isPartOf\":{\"@id\":\"https:\/\/hudo.com\/si\/#website\"},\"datePublished\":\"2017-02-18T05:20:00+00:00\",\"dateModified\":\"2017-02-18T14:41:51+00:00\",\"breadcrumb\":{\"@id\":\"https:\/\/hudo.com\/si\/aktualno\/foto-fotr-se-je-vrnil-v-maribor\/#breadcrumb\"},\"inLanguage\":\"sl-SI\",\"potentialAction\":[{\"@type\":\"ReadAction\",\"target\":[\"https:\/\/hudo.com\/si\/aktualno\/foto-fotr-se-je-vrnil-v-maribor\/\"]}]},{\"@type\":\"BreadcrumbList\",\"@id\":\"https:\/\/hudo.com\/si\/aktualno\/foto-fotr-se-je-vrnil-v-maribor\/#breadcrumb\",\"itemListElement\":[{\"@type\":\"ListItem\",\"position\":1,\"name\":\"Home\",\"item\":\"https:\/\/hudo.com\/si\/\"},{\"@type\":\"ListItem\",\"position\":2,\"name\":\"FOTO: Fotr se je vrnil v Maribor\"}]},{\"@type\":\"WebSite\",\"@id\":\"https:\/\/hudo.com\/si\/#website\",\"url\":\"https:\/\/hudo.com\/si\/\",\"name\":\"Hudo Slovenija\",\"description\":\"Vse novice iz Slovenije in sveta\",\"publisher\":{\"@id\":\"https:\/\/hudo.com\/si\/#organization\"},\"potentialAction\":[{\"@type\":\"SearchAction\",\"target\":{\"@type\":\"EntryPoint\",\"urlTemplate\":\"https:\/\/hudo.com\/si\/?s={search_term_string}\"},\"query-input\":\"required name=search_term_string\"}],\"inLanguage\":\"sl-SI\"},{\"@type\":\"Organization\",\"@id\":\"https:\/\/hudo.com\/si\/#organization\",\"name\":\"VSN Media\",\"url\":\"https:\/\/hudo.com\/si\/\",\"logo\":{\"@type\":\"ImageObject\",\"inLanguage\":\"sl-SI\",\"@id\":\"https:\/\/hudo.com\/si\/#\/schema\/logo\/image\/\",\"url\":\"https:\/\/hudo.com\/si\/wp-content\/uploads\/sites\/2\/2021\/03\/hudo-app-2.png\",\"contentUrl\":\"https:\/\/hudo.com\/si\/wp-content\/uploads\/sites\/2\/2021\/03\/hudo-app-2.png\",\"width\":2185,\"height\":2167,\"caption\":\"VSN Media\"},\"image\":{\"@id\":\"https:\/\/hudo.com\/si\/#\/schema\/logo\/image\/\"},\"sameAs\":[\"https:\/\/www.facebook.com\/hudo.si\",\"https:\/\/twitter.com\/hudo_si\"]},{\"@type\":\"Person\",\"@id\":\"https:\/\/hudo.com\/si\/#\/schema\/person\/601cf3379633985b20f7e50f2bb47707\",\"name\":\"hudo\",\"image\":{\"@type\":\"ImageObject\",\"inLanguage\":\"sl-SI\",\"@id\":\"https:\/\/hudo.com\/si\/#\/schema\/person\/image\/\",\"url\":\"https:\/\/secure.gravatar.com\/avatar\/c4ca25fa72cace7a696b52ff5db9e095?s=96&d=mm&r=g\",\"contentUrl\":\"https:\/\/secure.gravatar.com\/avatar\/c4ca25fa72cace7a696b52ff5db9e095?s=96&d=mm&r=g\",\"caption\":\"hudo\"},\"url\":\"https:\/\/hudo.com\/si\/author\/hudo\/\"}]}<\/script>\n<!-- \/ Yoast SEO plugin. -->","yoast_head_json":{"title":"FOTO: Fotr se je vrnil v Maribor - Hudo Slovenija","robots":{"index":"index","follow":"follow","max-snippet":"max-snippet:-1","max-image-preview":"max-image-preview:large","max-video-preview":"max-video-preview:-1"},"canonical":"https:\/\/hudo.com\/si\/aktualno\/foto-fotr-se-je-vrnil-v-maribor\/","og_locale":"sl_SI","og_type":"article","og_title":"FOTO: Fotr se je vrnil v Maribor - Hudo Slovenija","og_description":"Kot v\u010deraj se mu zdi, ko je kot smrkavec hodil po ulicah v sose\u0161\u010dini in sanjal o velikih re\u010deh. O publiki. In \u0161e sam ne ve, kdaj je minilo ve\u010d kot dvajset let. A pravi, da do tega kar po\u010dne in tistih, ki mu sledijo \u0161e vedno \u010duti enako brezpogojno ljubezen kot takrat, ko je bil \u0161e samo na\u0161. DJ Umek. Uro\u0161 Umek. Na podro\u010dju elektronske glasbe svetovna superzvezda, za Slovence pa \u0161e vedno Fotr, kakor mu pravijo tisti, ki od devetdesetih naprej v njem vidijo pionirja in brez dvoma najve\u010djega ambasadorja slovenskega tehna v svetu. Ve\u010d fotografij iz prireditve si poglejte zgoraj v fotogaleriji. Sino\u010di je Fotr Maribor spet vrnil na zemljevid elektronske glasbe. Po \u0161tirih letih je vrtel v Univerzitetnem \u0161portnem centru Leona \u0160tuklja. Z njim vred je medtem odrasel tudi tisti del publike, ki mu sledi \u017ee od za\u010detka, a energija je ostala ista in zdaj zajema tudi novo generacijo. \u201eToliko \u010dasa me \u017ee ni bilo tu, poklicali so me in sem si rekel, \u2018Madona, saj je res \u017ee \u010das, da pridem.\u2018 Zelo rad vrtim glasbo v Sloveniji. Sicer precej manj, kot bi si \u017eelel, a glede na to, da je Slovenija majhna, veliko ve\u010d nastopov, kot jih imam obi\u010dajno, na\u0161 trg ne prenese,\u201c je le nekaj dni pred nastopom povedal za Ve\u010der. Pa tudi: \u201eLjudje pribli\u017eno vedo, kaj pri\u010dakovati od mene, vedo, da radijskih hitov ne bom vrtel. Predvsem se pridejo zgubit v muziko oziroma raziskovat in temu primeren je tudi moj izbor glasbe.\" Dvaindvajset let ustvarjanja je za \u0161tiridesetletnikom, \u0161tirje albumi, 530 izdaj, 95 remiksov, 300 radijskih \u0161ovov, 160 gostovanj na radijskih postajah, 1500 koncertov, 3100 ur predvajanja njegove glasbe na spletu, kar skupaj znese pribli\u017eno 129 dni ali skoraj pol peti mesec in 2.500.000 prepotovanih kilometrov, kar pomeni, da je Umek Zemljo ob\u0161el ve\u010d kot 62-krat oziroma se \u0161est in polkrat vrnil z Lune. V zraku je, kljub prvotnemu strahu pred letenjem, pre\u017eivel 4100 ur. Maribor se tako niti ni zdel tako dale\u010d. Uro\u0161 Umek se je rodil v Ljubljani, igral ko\u0161arko, se na \u017eeljo mame vpisal na srednj","og_url":"https:\/\/hudo.com\/si\/aktualno\/foto-fotr-se-je-vrnil-v-maribor\/","og_site_name":"Hudo Slovenija","article_publisher":"https:\/\/www.facebook.com\/hudo.si","article_published_time":"2017-02-18T05:20:00+00:00","article_modified_time":"2017-02-18T14:41:51+00:00","og_image":[{"width":450,"height":277,"url":"https:\/\/hudo.com\/si\/wp-content\/uploads\/sites\/2\/2017\/02\/0218M12-300.jpg","type":"image\/jpeg"}],"author":"hudo","twitter_card":"summary_large_image","twitter_creator":"@hudo_si","twitter_site":"@hudo_si","twitter_misc":{"Written by":"hudo","Est. reading time":"2 minuti"},"schema":{"@context":"https:\/\/schema.org","@graph":[{"@type":"Article","@id":"https:\/\/hudo.com\/si\/aktualno\/foto-fotr-se-je-vrnil-v-maribor\/#article","isPartOf":{"@id":"https:\/\/hudo.com\/si\/aktualno\/foto-fotr-se-je-vrnil-v-maribor\/"},"author":{"name":"hudo","@id":"https:\/\/hudo.com\/si\/#\/schema\/person\/601cf3379633985b20f7e50f2bb47707"},"headline":"FOTO: Fotr se je vrnil v Maribor","datePublished":"2017-02-18T05:20:00+00:00","dateModified":"2017-02-18T14:41:51+00:00","mainEntityOfPage":{"@id":"https:\/\/hudo.com\/si\/aktualno\/foto-fotr-se-je-vrnil-v-maribor\/"},"wordCount":359,"publisher":{"@id":"https:\/\/hudo.com\/si\/#organization"},"articleSection":["Aktualno"],"inLanguage":"sl-SI"},{"@type":"WebPage","@id":"https:\/\/hudo.com\/si\/aktualno\/foto-fotr-se-je-vrnil-v-maribor\/","url":"https:\/\/hudo.com\/si\/aktualno\/foto-fotr-se-je-vrnil-v-maribor\/","name":"FOTO: Fotr se je vrnil v Maribor - Hudo Slovenija","isPartOf":{"@id":"https:\/\/hudo.com\/si\/#website"},"datePublished":"2017-02-18T05:20:00+00:00","dateModified":"2017-02-18T14:41:51+00:00","breadcrumb":{"@id":"https:\/\/hudo.com\/si\/aktualno\/foto-fotr-se-je-vrnil-v-maribor\/#breadcrumb"},"inLanguage":"sl-SI","potentialAction":[{"@type":"ReadAction","target":["https:\/\/hudo.com\/si\/aktualno\/foto-fotr-se-je-vrnil-v-maribor\/"]}]},{"@type":"BreadcrumbList","@id":"https:\/\/hudo.com\/si\/aktualno\/foto-fotr-se-je-vrnil-v-maribor\/#breadcrumb","itemListElement":[{"@type":"ListItem","position":1,"name":"Home","item":"https:\/\/hudo.com\/si\/"},{"@type":"ListItem","position":2,"name":"FOTO: Fotr se je vrnil v Maribor"}]},{"@type":"WebSite","@id":"https:\/\/hudo.com\/si\/#website","url":"https:\/\/hudo.com\/si\/","name":"Hudo Slovenija","description":"Vse novice iz Slovenije in sveta","publisher":{"@id":"https:\/\/hudo.com\/si\/#organization"},"potentialAction":[{"@type":"SearchAction","target":{"@type":"EntryPoint","urlTemplate":"https:\/\/hudo.com\/si\/?s={search_term_string}"},"query-input":"required name=search_term_string"}],"inLanguage":"sl-SI"},{"@type":"Organization","@id":"https:\/\/hudo.com\/si\/#organization","name":"VSN Media","url":"https:\/\/hudo.com\/si\/","logo":{"@type":"ImageObject","inLanguage":"sl-SI","@id":"https:\/\/hudo.com\/si\/#\/schema\/logo\/image\/","url":"https:\/\/hudo.com\/si\/wp-content\/uploads\/sites\/2\/2021\/03\/hudo-app-2.png","contentUrl":"https:\/\/hudo.com\/si\/wp-content\/uploads\/sites\/2\/2021\/03\/hudo-app-2.png","width":2185,"height":2167,"caption":"VSN Media"},"image":{"@id":"https:\/\/hudo.com\/si\/#\/schema\/logo\/image\/"},"sameAs":["https:\/\/www.facebook.com\/hudo.si","https:\/\/twitter.com\/hudo_si"]},{"@type":"Person","@id":"https:\/\/hudo.com\/si\/#\/schema\/person\/601cf3379633985b20f7e50f2bb47707","name":"hudo","image":{"@type":"ImageObject","inLanguage":"sl-SI","@id":"https:\/\/hudo.com\/si\/#\/schema\/person\/image\/","url":"https:\/\/secure.gravatar.com\/avatar\/c4ca25fa72cace7a696b52ff5db9e095?s=96&d=mm&r=g","contentUrl":"https:\/\/secure.gravatar.com\/avatar\/c4ca25fa72cace7a696b52ff5db9e095?s=96&d=mm&r=g","caption":"hudo"},"url":"https:\/\/hudo.com\/si\/author\/hudo\/"}]}},"amp_enabled":true,"_links":{"self":[{"href":"https:\/\/hudo.com\/si\/wp-json\/wp\/v2\/posts\/212056"}],"collection":[{"href":"https:\/\/hudo.com\/si\/wp-json\/wp\/v2\/posts"}],"about":[{"href":"https:\/\/hudo.com\/si\/wp-json\/wp\/v2\/types\/post"}],"author":[{"embeddable":true,"href":"https:\/\/hudo.com\/si\/wp-json\/wp\/v2\/users\/1"}],"replies":[{"embeddable":true,"href":"https:\/\/hudo.com\/si\/wp-json\/wp\/v2\/comments?post=212056"}],"version-history":[{"count":1,"href":"https:\/\/hudo.com\/si\/wp-json\/wp\/v2\/posts\/212056\/revisions"}],"predecessor-version":[{"id":212125,"href":"https:\/\/hudo.com\/si\/wp-json\/wp\/v2\/posts\/212056\/revisions\/212125"}],"wp:attachment":[{"href":"https:\/\/hudo.com\/si\/wp-json\/wp\/v2\/media?parent=212056"}],"wp:term":[{"taxonomy":"category","embeddable":true,"href":"https:\/\/hudo.com\/si\/wp-json\/wp\/v2\/categories?post=212056"},{"taxonomy":"post_tag","embeddable":true,"href":"https:\/\/hudo.com\/si\/wp-json\/wp\/v2\/tags?post=212056"},{"taxonomy":"source","embeddable":true,"href":"https:\/\/hudo.com\/si\/wp-json\/wp\/v2\/source?post=212056"},{"taxonomy":"supertag","embeddable":true,"href":"https:\/\/hudo.com\/si\/wp-json\/wp\/v2\/supertag?post=212056"}],"curies":[{"name":"wp","href":"https:\/\/api.w.org\/{rel}","templated":true}]}}